{"id":105667,"date":"2017-06-18T15:55:24","date_gmt":"2017-06-18T14:55:24","guid":{"rendered":"http:\/\/www.visit-ulcinj.com\/blog\/?p=105667"},"modified":"2017-06-21T14:20:56","modified_gmt":"2017-06-21T13:20:56","slug":"patrolluesi-hajrudin-shata-renie-drastike-e-aktiviteteve-te-paligjshme-ne-det","status":"publish","type":"post","link":"https:\/\/www.visit-ulcinj.com\/blog\/2017\/06\/18\/patrolluesi-hajrudin-shata-renie-drastike-e-aktiviteteve-te-paligjshme-ne-det\/","title":{"rendered":"Patrolluesi Hajrudin Shata: R\u00ebnie drastike e aktiviteteve t\u00eb paligjshme n\u00eb det!"},"content":{"rendered":"<p><a href=\"http:\/\/www.visit-ulcinj.com\/blog\/wp-content\/uploads\/2017\/06\/Patrolluesi-Hajrudin-Shata-Bregdeti-i-Ulqinit.jpg\"><img loading=\"lazy\" class=\"alignleft wp-image-105668\" src=\"http:\/\/www.visit-ulcinj.com\/blog\/wp-content\/uploads\/2017\/06\/Patrolluesi-Hajrudin-Shata-Bregdeti-i-Ulqinit.jpg\" alt=\"\" width=\"508\" height=\"381\" srcset=\"https:\/\/www.visit-ulcinj.com\/blog\/wp-content\/uploads\/2017\/06\/Patrolluesi-Hajrudin-Shata-Bregdeti-i-Ulqinit.jpg 960w, https:\/\/www.visit-ulcinj.com\/blog\/wp-content\/uploads\/2017\/06\/Patrolluesi-Hajrudin-Shata-Bregdeti-i-Ulqinit-300x225.jpg 300w, https:\/\/www.visit-ulcinj.com\/blog\/wp-content\/uploads\/2017\/06\/Patrolluesi-Hajrudin-Shata-Bregdeti-i-Ulqinit-768x576.jpg 768w\" sizes=\"(max-width: 508px) 100vw, 508px\" \/><\/a>Gjat\u00eb patrullimit rutin\u00eb t\u00eb rripit bregdetar, q\u00eb po zhvillohet n\u00eb kuad\u00ebr t\u00eb projektit \u201cZHVILLIMI I Q\u00cbNDRUESH\u00cbM I EKOSISTEMIT BREGDETAR P\u00cbRMES MBROJTJES DHE KULTIVIMIT E FAUN\u00cbS DETARE\u201c, patrulluesi i angazhuar n\u00eb kuad\u00ebr t\u00eb projektit t\u00eb lart\u00ebp\u00ebrmendur me q\u00ebllim monitorimin dhe evidencimin e fenomeneve t\u00eb paligjshme dhe paregull\u00ebsive q\u00eb ndodhin p\u00ebrgjat\u00eb bregut t\u00eb detit, si dhe dukurive lidhur me pesh<span class=\"text_exposed_show\">kimin e paligjsh\u00ebm &#8211; Hajrudin Dino Shata, thekson se \u00ebsht\u00eb m\u00eb se e dukshme r\u00ebnia e aktiviteteve t\u00eb paligjshme n\u00eb det, sidomos vrasja e peshkut me l\u00ebnd\u00eb plas\u00ebse.<\/span><\/p>\n<div class=\"text_exposed_show\">\n<p>\u201cP\u00ebrgjat\u00eb monitorimit, i duksh\u00ebm \u00ebsht\u00eb mobilizimi dhe angazhimi i autoriteteve kompetente, sidomos duke nd\u00ebrmarr\u00eb aksione parandaluese kundrejt k\u00ebtyre fenomeneve t\u00eb sh\u00ebmtuara q\u00eb ndodhin n\u00eb bregdetin ton\u00eb\u201d \u2013 thekson Hajrudini.<\/p>\n<p>Performanset publike, por edhe mediatike dhe rritja e nd\u00ebrgjegjes n\u00eb k\u00ebt\u00eb drejtim, sidomos nga ana e veprimit t\u00eb sektorit civil, sadopak, ka arritur q\u00eb t\u00eb ndikoj\u00eb edhe tek form\u00ebsimi i opinionit publik q\u00eb k\u00ebto fenomene ti p\u00ebrjetojn\u00eb ashtu si\u00e7 jan\u00eb \u2013 shkat\u00ebrruese p\u00ebr r\u00eb gjith\u00eb! Si pasoj\u00eb, u arrit q\u00eb t\u00eb ndikohet edhe n\u00eb nxitjen e reagimit tek autoritetet kompetente.<\/p>\n<p>Pas mbajtjes s\u00eb mbledhjes s\u00eb 26-t\u00eb t\u00eb Qeveris\u00eb s\u00eb Malit t\u00eb Zi \u2013 ku n\u00eb mes tjerash n\u00eb rend t\u00eb dit\u00ebs u Shqyrtuan edhe &#8211; Informacionet mbi p\u00ebrdorimin e l\u00ebnd\u00ebve plas\u00ebse dhe mjeteve t\u00eb tjera t\u00eb paligjshme me q\u00ebllim peshkimin dhe propozimin e masave p\u00ebr luftimin e peshkimit t\u00eb paligjsh\u00ebm -, ku edhe u shqyrtua edhe portali me evidenc\u00ebn e dukurive t\u00eb paligjshme n\u00eb kuad\u00ebr t\u00eb projektit \u201cZHVILLIMI I Q\u00cbNDRUESH\u00cbM I EKOSISTEMIT BREGDETAR P\u00cbRMES MBROJTJES DHE KULTIVIMIT E FAUN\u00cbS DETARE\u201c, u vendos q\u00eb t\u00eb nd\u00ebrmerren masa kundrejt fenomeneve t\u00eb paligjshme q\u00eb ndodhin n\u00eb det, ku si rezulltat n\u00eb mes tjerash dhe u formua Grupi i pun\u00ebs i cili do luftoj\u00eb p\u00ebrdorimin e l\u00ebnd\u00ebve plas\u00ebse si dhe pajisjeve tjera t\u00eb paligjshme p\u00ebr peshkim.<\/p>\n<p>T\u00eb gjitha k\u00ebto masa t\u00eb nd\u00ebrmarra tregojn\u00eb se m\u00eb n\u00eb fund kjo dukuri po luftohet n\u00eb m\u00ebnyr\u00eb adekuate, gj\u00eb q\u00eb d\u00ebshon edhe qet\u00ebsia e cila s\u00eb fundmi po dallohet n\u00eb brigjet tona.<br \/>\nShpresojm\u00eb se kjo qet\u00ebsi t\u00eb zgjas\u00eb, dhe se shp\u00ebrthimet nga l\u00ebnd\u00ebt plas\u00ebse n\u00eb det t\u00eb jen\u00eb di\u00e7ka q\u00eb i p\u00ebrket an\u00ebs s\u00eb sh\u00ebmtuar t\u00eb historis\u00eb ton\u00eb!<\/p>\n<p id=\"js_dyj\" class=\"_5pbw _5vra\" data-ft=\"{&quot;tn&quot;:&quot;C&quot;}\"><strong><span class=\"fwn fcg\"><span class=\"fwb fcg\" data-ft=\"{&quot;tn&quot;:&quot;k&quot;}\"><a id=\"js_ezn\" href=\"https:\/\/www.facebook.com\/Ulcinj-Marine-Fauna-Protection-and-Cultivation-1573152122962758\/?hc_ref=NEWSFEED&amp;fref=nf\" data-hovercard=\"\/ajax\/hovercard\/page.php?id=1573152122962758&amp;extragetparams=%7B%22hc_ref%22%3A%22NEWSFEED%22%2C%22fref%22%3A%22nf%22%7D\" data-hovercard-prefer-more-content-show=\"1\" data-hovercard-referer=\"NEWSFEED\">Ulcinj Marine Fauna Protection and Cultivation Facebook<\/a><\/span><\/span><\/strong><\/p>\n<\/div>\n","protected":false},"excerpt":{"rendered":"<p>Gjat\u00eb patrullimit rutin\u00eb t\u00eb rripit bregdetar, q\u00eb po zhvillohet n\u00eb kuad\u00ebr t\u00eb projektit \u201cZHVILLIMI I Q\u00cbNDRUESH\u00cbM I EKOSISTEMIT BREGDETAR P\u00cbRMES MBROJTJES DHE KULTIVIMIT E FAUN\u00cbS DETARE\u201c, patrulluesi i angazhuar n\u00eb kuad\u00ebr t\u00eb projektit t\u00eb lart\u00ebp\u00ebrmendur me q\u00ebllim monitorimin dhe evidencimin e fenomeneve t\u00eb paligjshme dhe paregull\u00ebsive q\u00eb ndodhin p\u00ebrgjat\u00eb bregut t\u00eb detit, si dhe dukurive [&hellip;]<\/p>\n","protected":false},"author":1,"featured_media":0,"comment_status":"closed","ping_status":"closed","sticky":false,"template":"","format":"standard","meta":{"spay_email":"","jetpack_publicize_message":"","jetpack_is_tweetstorm":false,"jetpack_publicize_feature_enabled":true},"categories":[13,11],"tags":[],"jetpack_publicize_connections":[],"yoast_head":"<!-- This site is optimized with the Yoast SEO plugin v19.1 - https:\/\/yoast.com\/wordpress\/plugins\/seo\/ -->\n<title>Patrolluesi Hajrudin Shata: R\u00ebnie drastike e aktiviteteve t\u00eb paligjshme n\u00eb det! - Lajme nga Ulqini<\/title>\n<meta name=\"description\" content=\"Gjat\u00eb patrullimit rutin\u00eb t\u00eb rripit bregdetar, q\u00eb po zhvillohet n\u00eb kuad\u00ebr t\u00eb projektit \u201cZHVILLIMI I Q\u00cbNDRUESH\u00cbM I EKOSISTEMIT BREGDETAR P\u00cbRMES MBROJTJES\" \/>\n<meta name=\"robots\" content=\"index, follow, max-snippet:-1, max-image-preview:large, max-video-preview:-1\" \/>\n<link rel=\"canonical\" href=\"https:\/\/www.visit-ulcinj.com\/blog\/2017\/06\/18\/patrolluesi-hajrudin-shata-renie-drastike-e-aktiviteteve-te-paligjshme-ne-det\/\" \/>\n<meta property=\"og:locale\" content=\"en_US\" \/>\n<meta property=\"og:type\" content=\"article\" \/>\n<meta property=\"og:title\" content=\"Patrolluesi Hajrudin Shata: R\u00ebnie drastike e aktiviteteve t\u00eb paligjshme n\u00eb det! - Lajme nga Ulqini\" \/>\n<meta property=\"og:description\" content=\"Gjat\u00eb patrullimit rutin\u00eb t\u00eb rripit bregdetar, q\u00eb po zhvillohet n\u00eb kuad\u00ebr t\u00eb projektit \u201cZHVILLIMI I Q\u00cbNDRUESH\u00cbM I EKOSISTEMIT BREGDETAR P\u00cbRMES MBROJTJES\" \/>\n<meta property=\"og:url\" content=\"https:\/\/www.visit-ulcinj.com\/blog\/2017\/06\/18\/patrolluesi-hajrudin-shata-renie-drastike-e-aktiviteteve-te-paligjshme-ne-det\/\" \/>\n<meta property=\"og:site_name\" content=\"Lajme nga Ulqini\" \/>\n<meta property=\"article:published_time\" content=\"2017-06-18T14:55:24+00:00\" \/>\n<meta property=\"article:modified_time\" content=\"2017-06-21T13:20:56+00:00\" \/>\n<meta property=\"og:image\" content=\"http:\/\/www.visit-ulcinj.com\/blog\/wp-content\/uploads\/2017\/06\/Patrolluesi-Hajrudin-Shata-Bregdeti-i-Ulqinit.jpg\" \/>\n<meta name=\"twitter:label1\" content=\"Written by\" \/>\n\t<meta name=\"twitter:data1\" content=\"ulqini\" \/>\n\t<meta name=\"twitter:label2\" content=\"Est. reading time\" \/>\n\t<meta name=\"twitter:data2\" content=\"2 minutes\" \/>\n<script type=\"application\/ld+json\" class=\"yoast-schema-graph\">{\"@context\":\"https:\/\/schema.org\",\"@graph\":[{\"@type\":\"WebSite\",\"@id\":\"https:\/\/www.visit-ulcinj.com\/blog\/#website\",\"url\":\"https:\/\/www.visit-ulcinj.com\/blog\/\",\"name\":\"Lajme nga Ulqini\",\"description\":\"Lajme,Vijesti,Ulqini,Ulqin,Crna Gora,Mali i Zi\",\"potentialAction\":[{\"@type\":\"SearchAction\",\"target\":{\"@type\":\"EntryPoint\",\"urlTemplate\":\"https:\/\/www.visit-ulcinj.com\/blog\/?s={search_term_string}\"},\"query-input\":\"required name=search_term_string\"}],\"inLanguage\":\"en-US\"},{\"@type\":\"ImageObject\",\"inLanguage\":\"en-US\",\"@id\":\"https:\/\/www.visit-ulcinj.com\/blog\/2017\/06\/18\/patrolluesi-hajrudin-shata-renie-drastike-e-aktiviteteve-te-paligjshme-ne-det\/#primaryimage\",\"url\":\"https:\/\/www.visit-ulcinj.com\/blog\/wp-content\/uploads\/2017\/06\/Patrolluesi-Hajrudin-Shata-Bregdeti-i-Ulqinit.jpg\",\"contentUrl\":\"https:\/\/www.visit-ulcinj.com\/blog\/wp-content\/uploads\/2017\/06\/Patrolluesi-Hajrudin-Shata-Bregdeti-i-Ulqinit.jpg\",\"width\":960,\"height\":720},{\"@type\":\"WebPage\",\"@id\":\"https:\/\/www.visit-ulcinj.com\/blog\/2017\/06\/18\/patrolluesi-hajrudin-shata-renie-drastike-e-aktiviteteve-te-paligjshme-ne-det\/#webpage\",\"url\":\"https:\/\/www.visit-ulcinj.com\/blog\/2017\/06\/18\/patrolluesi-hajrudin-shata-renie-drastike-e-aktiviteteve-te-paligjshme-ne-det\/\",\"name\":\"Patrolluesi Hajrudin Shata: R\u00ebnie drastike e aktiviteteve t\u00eb paligjshme n\u00eb det! - Lajme nga Ulqini\",\"isPartOf\":{\"@id\":\"https:\/\/www.visit-ulcinj.com\/blog\/#website\"},\"primaryImageOfPage\":{\"@id\":\"https:\/\/www.visit-ulcinj.com\/blog\/2017\/06\/18\/patrolluesi-hajrudin-shata-renie-drastike-e-aktiviteteve-te-paligjshme-ne-det\/#primaryimage\"},\"datePublished\":\"2017-06-18T14:55:24+00:00\",\"dateModified\":\"2017-06-21T13:20:56+00:00\",\"author\":{\"@id\":\"https:\/\/www.visit-ulcinj.com\/blog\/#\/schema\/person\/dcab619c614d3038751c63bc2aadc06d\"},\"description\":\"Gjat\u00eb patrullimit rutin\u00eb t\u00eb rripit bregdetar, q\u00eb po zhvillohet n\u00eb kuad\u00ebr t\u00eb projektit \u201cZHVILLIMI I Q\u00cbNDRUESH\u00cbM I EKOSISTEMIT BREGDETAR P\u00cbRMES MBROJTJES\",\"breadcrumb\":{\"@id\":\"https:\/\/www.visit-ulcinj.com\/blog\/2017\/06\/18\/patrolluesi-hajrudin-shata-renie-drastike-e-aktiviteteve-te-paligjshme-ne-det\/#breadcrumb\"},\"inLanguage\":\"en-US\",\"potentialAction\":[{\"@type\":\"ReadAction\",\"target\":[\"https:\/\/www.visit-ulcinj.com\/blog\/2017\/06\/18\/patrolluesi-hajrudin-shata-renie-drastike-e-aktiviteteve-te-paligjshme-ne-det\/\"]}]},{\"@type\":\"BreadcrumbList\",\"@id\":\"https:\/\/www.visit-ulcinj.com\/blog\/2017\/06\/18\/patrolluesi-hajrudin-shata-renie-drastike-e-aktiviteteve-te-paligjshme-ne-det\/#breadcrumb\",\"itemListElement\":[{\"@type\":\"ListItem\",\"position\":1,\"name\":\"Patrolluesi Hajrudin Shata: R\u00ebnie drastike e aktiviteteve t\u00eb paligjshme n\u00eb det!\"}]},{\"@type\":\"Person\",\"@id\":\"https:\/\/www.visit-ulcinj.com\/blog\/#\/schema\/person\/dcab619c614d3038751c63bc2aadc06d\",\"name\":\"ulqini\",\"sameAs\":[\"http:\/\/www.visit-ulcinj.com\"],\"url\":\"https:\/\/www.visit-ulcinj.com\/blog\/author\/admin\/\"}]}<\/script>\n<!-- \/ Yoast SEO plugin. -->","yoast_head_json":{"title":"Patrolluesi Hajrudin Shata: R\u00ebnie drastike e aktiviteteve t\u00eb paligjshme n\u00eb det! - Lajme nga Ulqini","description":"Gjat\u00eb patrullimit rutin\u00eb t\u00eb rripit bregdetar, q\u00eb po zhvillohet n\u00eb kuad\u00ebr t\u00eb projektit \u201cZHVILLIMI I Q\u00cbNDRUESH\u00cbM I EKOSISTEMIT BREGDETAR P\u00cbRMES MBROJTJES","robots":{"index":"index","follow":"follow","max-snippet":"max-snippet:-1","max-image-preview":"max-image-preview:large","max-video-preview":"max-video-preview:-1"},"canonical":"https:\/\/www.visit-ulcinj.com\/blog\/2017\/06\/18\/patrolluesi-hajrudin-shata-renie-drastike-e-aktiviteteve-te-paligjshme-ne-det\/","og_locale":"en_US","og_type":"article","og_title":"Patrolluesi Hajrudin Shata: R\u00ebnie drastike e aktiviteteve t\u00eb paligjshme n\u00eb det! - Lajme nga Ulqini","og_description":"Gjat\u00eb patrullimit rutin\u00eb t\u00eb rripit bregdetar, q\u00eb po zhvillohet n\u00eb kuad\u00ebr t\u00eb projektit \u201cZHVILLIMI I Q\u00cbNDRUESH\u00cbM I EKOSISTEMIT BREGDETAR P\u00cbRMES MBROJTJES","og_url":"https:\/\/www.visit-ulcinj.com\/blog\/2017\/06\/18\/patrolluesi-hajrudin-shata-renie-drastike-e-aktiviteteve-te-paligjshme-ne-det\/","og_site_name":"Lajme nga Ulqini","article_published_time":"2017-06-18T14:55:24+00:00","article_modified_time":"2017-06-21T13:20:56+00:00","og_image":[{"url":"http:\/\/www.visit-ulcinj.com\/blog\/wp-content\/uploads\/2017\/06\/Patrolluesi-Hajrudin-Shata-Bregdeti-i-Ulqinit.jpg"}],"twitter_misc":{"Written by":"ulqini","Est. reading time":"2 minutes"},"schema":{"@context":"https:\/\/schema.org","@graph":[{"@type":"WebSite","@id":"https:\/\/www.visit-ulcinj.com\/blog\/#website","url":"https:\/\/www.visit-ulcinj.com\/blog\/","name":"Lajme nga Ulqini","description":"Lajme,Vijesti,Ulqini,Ulqin,Crna Gora,Mali i Zi","potentialAction":[{"@type":"SearchAction","target":{"@type":"EntryPoint","urlTemplate":"https:\/\/www.visit-ulcinj.com\/blog\/?s={search_term_string}"},"query-input":"required name=search_term_string"}],"inLanguage":"en-US"},{"@type":"ImageObject","inLanguage":"en-US","@id":"https:\/\/www.visit-ulcinj.com\/blog\/2017\/06\/18\/patrolluesi-hajrudin-shata-renie-drastike-e-aktiviteteve-te-paligjshme-ne-det\/#primaryimage","url":"https:\/\/www.visit-ulcinj.com\/blog\/wp-content\/uploads\/2017\/06\/Patrolluesi-Hajrudin-Shata-Bregdeti-i-Ulqinit.jpg","contentUrl":"https:\/\/www.visit-ulcinj.com\/blog\/wp-content\/uploads\/2017\/06\/Patrolluesi-Hajrudin-Shata-Bregdeti-i-Ulqinit.jpg","width":960,"height":720},{"@type":"WebPage","@id":"https:\/\/www.visit-ulcinj.com\/blog\/2017\/06\/18\/patrolluesi-hajrudin-shata-renie-drastike-e-aktiviteteve-te-paligjshme-ne-det\/#webpage","url":"https:\/\/www.visit-ulcinj.com\/blog\/2017\/06\/18\/patrolluesi-hajrudin-shata-renie-drastike-e-aktiviteteve-te-paligjshme-ne-det\/","name":"Patrolluesi Hajrudin Shata: R\u00ebnie drastike e aktiviteteve t\u00eb paligjshme n\u00eb det! - Lajme nga Ulqini","isPartOf":{"@id":"https:\/\/www.visit-ulcinj.com\/blog\/#website"},"primaryImageOfPage":{"@id":"https:\/\/www.visit-ulcinj.com\/blog\/2017\/06\/18\/patrolluesi-hajrudin-shata-renie-drastike-e-aktiviteteve-te-paligjshme-ne-det\/#primaryimage"},"datePublished":"2017-06-18T14:55:24+00:00","dateModified":"2017-06-21T13:20:56+00:00","author":{"@id":"https:\/\/www.visit-ulcinj.com\/blog\/#\/schema\/person\/dcab619c614d3038751c63bc2aadc06d"},"description":"Gjat\u00eb patrullimit rutin\u00eb t\u00eb rripit bregdetar, q\u00eb po zhvillohet n\u00eb kuad\u00ebr t\u00eb projektit \u201cZHVILLIMI I Q\u00cbNDRUESH\u00cbM I EKOSISTEMIT BREGDETAR P\u00cbRMES MBROJTJES","breadcrumb":{"@id":"https:\/\/www.visit-ulcinj.com\/blog\/2017\/06\/18\/patrolluesi-hajrudin-shata-renie-drastike-e-aktiviteteve-te-paligjshme-ne-det\/#breadcrumb"},"inLanguage":"en-US","potentialAction":[{"@type":"ReadAction","target":["https:\/\/www.visit-ulcinj.com\/blog\/2017\/06\/18\/patrolluesi-hajrudin-shata-renie-drastike-e-aktiviteteve-te-paligjshme-ne-det\/"]}]},{"@type":"BreadcrumbList","@id":"https:\/\/www.visit-ulcinj.com\/blog\/2017\/06\/18\/patrolluesi-hajrudin-shata-renie-drastike-e-aktiviteteve-te-paligjshme-ne-det\/#breadcrumb","itemListElement":[{"@type":"ListItem","position":1,"name":"Patrolluesi Hajrudin Shata: R\u00ebnie drastike e aktiviteteve t\u00eb paligjshme n\u00eb det!"}]},{"@type":"Person","@id":"https:\/\/www.visit-ulcinj.com\/blog\/#\/schema\/person\/dcab619c614d3038751c63bc2aadc06d","name":"ulqini","sameAs":["http:\/\/www.visit-ulcinj.com"],"url":"https:\/\/www.visit-ulcinj.com\/blog\/author\/admin\/"}]}},"jetpack_featured_media_url":"","jetpack_sharing_enabled":true,"jetpack_shortlink":"https:\/\/wp.me\/pe6lTn-ruj","_links":{"self":[{"href":"https:\/\/www.visit-ulcinj.com\/blog\/wp-json\/wp\/v2\/posts\/105667"}],"collection":[{"href":"https:\/\/www.visit-ulcinj.com\/blog\/wp-json\/wp\/v2\/posts"}],"about":[{"href":"https:\/\/www.visit-ulcinj.com\/blog\/wp-json\/wp\/v2\/types\/post"}],"author":[{"embeddable":true,"href":"https:\/\/www.visit-ulcinj.com\/blog\/wp-json\/wp\/v2\/users\/1"}],"replies":[{"embeddable":true,"href":"https:\/\/www.visit-ulcinj.com\/blog\/wp-json\/wp\/v2\/comments?post=105667"}],"version-history":[{"count":1,"href":"https:\/\/www.visit-ulcinj.com\/blog\/wp-json\/wp\/v2\/posts\/105667\/revisions"}],"predecessor-version":[{"id":105669,"href":"https:\/\/www.visit-ulcinj.com\/blog\/wp-json\/wp\/v2\/posts\/105667\/revisions\/105669"}],"wp:attachment":[{"href":"https:\/\/www.visit-ulcinj.com\/blog\/wp-json\/wp\/v2\/media?parent=105667"}],"wp:term":[{"taxonomy":"category","embeddable":true,"href":"https:\/\/www.visit-ulcinj.com\/blog\/wp-json\/wp\/v2\/categories?post=105667"},{"taxonomy":"post_tag","embeddable":true,"href":"https:\/\/www.visit-ulcinj.com\/blog\/wp-json\/wp\/v2\/tags?post=105667"}],"curies":[{"name":"wp","href":"https:\/\/api.w.org\/{rel}","templated":true}]}}