{"id":105672,"date":"2017-06-19T12:32:58","date_gmt":"2017-06-19T11:32:58","guid":{"rendered":"http:\/\/www.visit-ulcinj.com\/blog\/?p=105672"},"modified":"2017-06-20T13:02:07","modified_gmt":"2017-06-20T12:02:07","slug":"nimanbegu-doreheqje-e-shkarkime-per-rastit-e-njesive-speciale-ne-ulqin-video","status":"publish","type":"post","link":"https:\/\/www.visit-ulcinj.com\/blog\/2017\/06\/19\/nimanbegu-doreheqje-e-shkarkime-per-rastit-e-njesive-speciale-ne-ulqin-video\/","title":{"rendered":"Nimanbegu: Dor\u00ebheqje e shkarkime p\u00ebr rastit e &#8220;Nj\u00ebsive Speciale&#8221; n\u00eb Ulqin &#8211; Video"},"content":{"rendered":"<div class=\"featured\"><strong><a href=\"http:\/\/www.visit-ulcinj.com\/blog\/wp-content\/uploads\/2017\/06\/Nimanbegu-Dor\u00ebheqje-e-shkarkime-p\u00ebr-rastit-e-Nj\u00ebsive-Speciale-n\u00eb-Ulqin.jpg\"><img loading=\"lazy\" class=\"alignleft wp-image-105673\" src=\"http:\/\/www.visit-ulcinj.com\/blog\/wp-content\/uploads\/2017\/06\/Nimanbegu-Dor\u00ebheqje-e-shkarkime-p\u00ebr-rastit-e-Nj\u00ebsive-Speciale-n\u00eb-Ulqin.jpg\" alt=\"\" width=\"508\" height=\"243\" srcset=\"https:\/\/www.visit-ulcinj.com\/blog\/wp-content\/uploads\/2017\/06\/Nimanbegu-Dor\u00ebheqje-e-shkarkime-p\u00ebr-rastit-e-Nj\u00ebsive-Speciale-n\u00eb-Ulqin.jpg 702w, https:\/\/www.visit-ulcinj.com\/blog\/wp-content\/uploads\/2017\/06\/Nimanbegu-Dor\u00ebheqje-e-shkarkime-p\u00ebr-rastit-e-Nj\u00ebsive-Speciale-n\u00eb-Ulqin-300x144.jpg 300w\" sizes=\"(max-width: 508px) 100vw, 508px\" \/><\/a>TV TEUTA:<\/strong> <strong>Nimanbegu: Mund te kete shkarkime te personave<\/strong><\/div>\n<div class=\"featured\"><\/div>\n<div class=\"featured\">Nenkryetari I Kuvendit te Malit te Zi Genci Nimanbegu, tha per TV Teuta se pas ketij veprimi mund te shkoje deri te shkarkimi I disa personave. \u201cKtu jane rastet e qarta , duhen te merren deshmite nga qytetaret te cilet kane qen aty, dhe \u00a0me kete rast I ftoj te gjithe qytetaret te cilet ishin te pranishem ne vendngjarje qe te shkojne dhe te japing deshmite e tyre sepse edhe ato jane te nevojshme qe strukturat brenda policise dhe ministrise te reagojne sa me pare\u201d theksoi Nimanbegu.<\/div>\n<div class=\"featured\"><\/div>\n<div class=\"featured\"><strong>TV TEUTA<\/strong><\/div>\n<div class=\"featured\"><!--YouTube Error: bad URL entered--><\/div>\n<div class=\"featured\"><\/div>\n<div class=\"featured\">\n<p class=\"post-title\" style=\"text-align: center;\"><strong>Rrefime: Perjetuam torture dhe fyerje<\/strong><\/p>\n<p>Pas perfshire ne kete ngjarje por edhe nje numer I madh I qytetareve dhe disa nga perfaqesuesit politik.<\/p>\n<p>Sipas te rinjeve te cilet u ballafaquan me kete dukuri,ata tregojne se pervec dhunes fizike, shtyrjes dhe perplasjes per autoveture, disa nga ata edhe I kane shtrire per toke dhe gjunjezuar, e poashtu \u00a0tregojne se ndaj tyre eshte ushtruar edhe dhune psiqike dhe fyerje ne baza nacionale dhe familjare .<\/p>\n<p>Kryetari I Komunes se Ulqinit Nazif Cungu e ka denuar ashper kete veprim duke \u00a0theksuar \u00a0se ka reaguar menjehere sapo eshte \u00a0informuar dhe ka biseduar me Ministrin e Puneve te Brendshme lidhur me kete ngjarje.<\/p>\n<p>Nenkryetari I Kuvendit te Malit te Zi Genci Nimanbegu, tha per TV Teuta se pas ketij veprimi mund te shkoje deri te shkarkimi I disa individeve. Ministri \u00a0Mehmet Zenka poashtu e ka denuar kete veprim duke e quajtur brutal dhe te padrejte.<\/p>\n<p>Edhe qytetaret kete mbremje u solidarizuan me bashkqytetaret e tyre te cilet ishin pjese e \u00a0ketij akti \u00a0brutal te ushtruar nga njesiti policor, duke u grumbulluar para nderteses se policise ne Ulqin. Ata e vlersojne kete ngjarje shume te keqe sidomos tani qe jemi ne sezonin turistik dhe te gjithe tregojne nje befasi per kete ngjarje me te cilen me pare ne Ulqin nuk kane pasur rastin te ballafaqohen, sidomos moshat\u00a0 e reja. Aq me e rende behet situata kur ne disa pjese kishte edhe femije te cilen kane pare prinderit duke I tortutuar policia.<\/p>\n<p>Nenkryetari\u00a0 I Kuvendit Genci Nimanbegu I ftoi te gjithe ata qe ishin ne vendngjarje qe te shkojne ne polici dhe te japing deshmite me qellim qe te ndihmojne procesin metutje.<\/p>\n<p><strong>TV TEUTA<\/strong><\/p>\n<p><a href=\"http:\/\/www.visit-ulcinj.com\/blog\/wp-content\/uploads\/2017\/06\/Bastisja-Deklarat\u00eb-skandaloze-dhe-p\u00ebrplot-me-t\u00eb-pav\u00ebrteta-e-policis\u00eb-te-Ulqinit.jpg\"><img loading=\"lazy\" class=\"alignleft wp-image-105674\" src=\"http:\/\/www.visit-ulcinj.com\/blog\/wp-content\/uploads\/2017\/06\/Bastisja-Deklarat\u00eb-skandaloze-dhe-p\u00ebrplot-me-t\u00eb-pav\u00ebrteta-e-policis\u00eb-te-Ulqinit.jpg\" alt=\"\" width=\"508\" height=\"253\" srcset=\"https:\/\/www.visit-ulcinj.com\/blog\/wp-content\/uploads\/2017\/06\/Bastisja-Deklarat\u00eb-skandaloze-dhe-p\u00ebrplot-me-t\u00eb-pav\u00ebrteta-e-policis\u00eb-te-Ulqinit.jpg 999w, https:\/\/www.visit-ulcinj.com\/blog\/wp-content\/uploads\/2017\/06\/Bastisja-Deklarat\u00eb-skandaloze-dhe-p\u00ebrplot-me-t\u00eb-pav\u00ebrteta-e-policis\u00eb-te-Ulqinit-300x149.jpg 300w, https:\/\/www.visit-ulcinj.com\/blog\/wp-content\/uploads\/2017\/06\/Bastisja-Deklarat\u00eb-skandaloze-dhe-p\u00ebrplot-me-t\u00eb-pav\u00ebrteta-e-policis\u00eb-te-Ulqinit-768x382.jpg 768w\" sizes=\"(max-width: 508px) 100vw, 508px\" \/><\/a><\/p>\n<p class=\"entry-title\" style=\"text-align: center;\"><strong>LAJM.ME: Bastisja:Deklarat\u00eb skandaloze dhe p\u00ebrplot me t\u00eb pav\u00ebrteta e policis\u00eb<\/strong><\/p>\n<\/div>\n<p>N\u00eb lidhje me bastisjen e policis\u00eb n\u00ebp\u00ebr lokalet e Ulqinit t\u00eb shtun\u00ebn mbr\u00ebma, gjat\u00eb s\u00eb cil\u00ebs u dhunuan nj\u00eb num\u00ebr qytetar\u00ebsh, Drejtoria e policis\u00eb ka dal\u00eb me nj\u00eb deklarat\u00eb n\u00eb mbrojtje t\u00eb aksionit.<\/p>\n<p>Ajo cka bie n\u00eb sy \u00ebsht\u00eb se deklarata \u00ebsht\u00eb p\u00ebrplot me t\u00eb pav\u00ebrteta dhe p\u00ebr nga p\u00ebrmbajtja ofendon arsyen e sh\u00ebndosh\u00eb.<\/p>\n<p>Sipas policis\u00eb, arsyeja e par\u00eb e k\u00ebtij aksioni \u00ebsht\u00eb gjetja e personave q\u00eb kan\u00eb dhunuar nj\u00eb punonj\u00ebs policie n\u00eb Ulqin.<\/p>\n<p>Dhunimi i k\u00ebtij polici ka ndodhur disa net\u00eb m\u00eb her\u00ebt nga persona q\u00eb t\u00eb gjith\u00eb, p\u00ebrfshir\u00eb edhe policin\u00eb, e dinin se kush jan\u00eb dhe se ku mund t\u00eb gjendeshin.<\/p>\n<p>Pse policia nuk i ka arrestuar k\u00ebta persona nat\u00ebn e ngjarjes, por i k\u00ebrkon n\u00ebp\u00ebr lokalet e Ulqinit disa net\u00eb m\u00eb von\u00eb?<\/p>\n<p>Pse nuk i ka arrestuar n\u00eb sht\u00ebpit\u00eb dhe lokalet e tyre, pasi t\u00eb gjith\u00eb e dinin se kush jan\u00eb?<\/p>\n<p>Po sipas policis\u00eb, disa persona n\u00eb k\u00ebrkim q\u00eb akuzohen p\u00ebr tentativ\u00eb zhvatje parash nga nj\u00eb person nga Ulqini, dyshohet se fshihen n\u00eb Ulqin.<\/p>\n<p>Ku fshihen? N\u00ebp\u00ebr lokalet e mbushur p\u00ebrplot?<\/p>\n<p>N\u00ebse policia e din se kush jan\u00eb k\u00ebta persona, deklarata len t\u00eb kuptohet se e din\u00eb, at\u00ebher\u00eb pse n\u00eb furgonin e tyre kan\u00eb marr\u00eb persona q\u00eb nuk kan\u00eb lidhje fare me ngjarjen? T\u00eb nj\u00ebjtit i kan\u00eb l\u00ebn\u00eb t\u00eb lir\u00eb vet\u00ebm pas pak minutave pasi i kan\u00eb marr\u00eb me vete, edhe pse identifikimi ishte b\u00ebr\u00eb n\u00eb vendngjarje.<\/p>\n<p>Deklarata e policis\u00eb, e thurur n\u00eb k\u00ebt\u00eb m\u00ebnyr\u00eb skandaloze dhe t\u00eb cil\u00ebn nuk do ta besonte as edhe nj\u00eb f\u00ebmij\u00eb shtat\u00ebvjecar, tregon qart\u00eb se aksioni nuk ishte kurrgj\u00eb tjet\u00ebr vecse nj\u00eb demonstrim dhune, i kryer n\u00eb m\u00ebnyr\u00eb joprofesionale dhe diletante.<\/p>\n<p>Fakti q\u00eb Drejtoria e policis\u00eb po mundohet q\u00eb topin ta hedh n\u00eb terren politik tregon edhe m\u00eb qart\u00eb munges\u00ebn e argumentave, pasi edhe ato e kan\u00eb t\u00eb qart\u00eb se besueshm\u00ebria e deklaratave t\u00eb tyre \u00ebsht\u00eb tejet diskutabile.<\/p>\n<p>N\u00eb k\u00ebt\u00eb mes nuk dihet se cka duhet ta shqet\u00ebsoj\u00eb m\u00eb shum\u00eb qytetarin; tejkalimi kronik i kompetencave nga ana e policis\u00eb n\u00eb raste t\u00eb tilla, apo tentativat nga ana e Drejtoris\u00eb q\u00eb ato t\u00eb mbulohen, qoft\u00eb edhe me deklarata skandaloze si ajo e djeshmja.<\/p>\n<p><strong>LAJM.ME<\/strong><\/p>\n","protected":false},"excerpt":{"rendered":"<p>TV TEUTA: Nimanbegu: Mund te kete shkarkime te personave Nenkryetari I Kuvendit te Malit te Zi Genci Nimanbegu, tha per TV Teuta se pas ketij veprimi mund te shkoje deri te shkarkimi I disa personave. \u201cKtu jane rastet e qarta , duhen te merren deshmite nga qytetaret te cilet kane qen aty, dhe \u00a0me kete [&hellip;]<\/p>\n","protected":false},"author":1,"featured_media":0,"comment_status":"closed","ping_status":"closed","sticky":false,"template":"","format":"standard","meta":{"spay_email":"","jetpack_publicize_message":"","jetpack_is_tweetstorm":false,"jetpack_publicize_feature_enabled":true},"categories":[1,14249],"tags":[],"jetpack_publicize_connections":[],"yoast_head":"<!-- This site is optimized with the Yoast SEO plugin v19.1 - https:\/\/yoast.com\/wordpress\/plugins\/seo\/ -->\n<title>Nimanbegu: Dor\u00ebheqje e shkarkime p\u00ebr rastit e &quot;Nj\u00ebsive Speciale&quot; n\u00eb Ulqin - Video - Lajme nga Ulqini<\/title>\n<meta name=\"description\" content=\"TV TEUTA: Nimanbegu: Mund te kete shkarkime te personave Nenkryetari I Kuvendit te Malit te Zi Genci Nimanbegu, tha per TV Teuta se pas ketij veprimi mund\" \/>\n<meta name=\"robots\" content=\"index, follow, max-snippet:-1, max-image-preview:large, max-video-preview:-1\" \/>\n<link rel=\"canonical\" href=\"https:\/\/www.visit-ulcinj.com\/blog\/2017\/06\/19\/nimanbegu-doreheqje-e-shkarkime-per-rastit-e-njesive-speciale-ne-ulqin-video\/\" \/>\n<meta property=\"og:locale\" content=\"en_US\" \/>\n<meta property=\"og:type\" content=\"article\" \/>\n<meta property=\"og:title\" content=\"Nimanbegu: Dor\u00ebheqje e shkarkime p\u00ebr rastit e &quot;Nj\u00ebsive Speciale&quot; n\u00eb Ulqin - Video - Lajme nga Ulqini\" \/>\n<meta property=\"og:description\" content=\"TV TEUTA: Nimanbegu: Mund te kete shkarkime te personave Nenkryetari I Kuvendit te Malit te Zi Genci Nimanbegu, tha per TV Teuta se pas ketij veprimi mund\" \/>\n<meta property=\"og:url\" content=\"https:\/\/www.visit-ulcinj.com\/blog\/2017\/06\/19\/nimanbegu-doreheqje-e-shkarkime-per-rastit-e-njesive-speciale-ne-ulqin-video\/\" \/>\n<meta property=\"og:site_name\" content=\"Lajme nga Ulqini\" \/>\n<meta property=\"article:published_time\" content=\"2017-06-19T11:32:58+00:00\" \/>\n<meta property=\"article:modified_time\" content=\"2017-06-20T12:02:07+00:00\" \/>\n<meta name=\"twitter:label1\" content=\"Written by\" \/>\n\t<meta name=\"twitter:data1\" content=\"ulqini\" \/>\n\t<meta name=\"twitter:label2\" content=\"Est. reading time\" \/>\n\t<meta name=\"twitter:data2\" content=\"4 minutes\" \/>\n<script type=\"application\/ld+json\" class=\"yoast-schema-graph\">{\"@context\":\"https:\/\/schema.org\",\"@graph\":[{\"@type\":\"WebSite\",\"@id\":\"https:\/\/www.visit-ulcinj.com\/blog\/#website\",\"url\":\"https:\/\/www.visit-ulcinj.com\/blog\/\",\"name\":\"Lajme nga Ulqini\",\"description\":\"Lajme,Vijesti,Ulqini,Ulqin,Crna Gora,Mali i Zi\",\"potentialAction\":[{\"@type\":\"SearchAction\",\"target\":{\"@type\":\"EntryPoint\",\"urlTemplate\":\"https:\/\/www.visit-ulcinj.com\/blog\/?s={search_term_string}\"},\"query-input\":\"required name=search_term_string\"}],\"inLanguage\":\"en-US\"},{\"@type\":\"WebPage\",\"@id\":\"https:\/\/www.visit-ulcinj.com\/blog\/2017\/06\/19\/nimanbegu-doreheqje-e-shkarkime-per-rastit-e-njesive-speciale-ne-ulqin-video\/#webpage\",\"url\":\"https:\/\/www.visit-ulcinj.com\/blog\/2017\/06\/19\/nimanbegu-doreheqje-e-shkarkime-per-rastit-e-njesive-speciale-ne-ulqin-video\/\",\"name\":\"Nimanbegu: Dor\u00ebheqje e shkarkime p\u00ebr rastit e \\\"Nj\u00ebsive Speciale\\\" n\u00eb Ulqin - Video - Lajme nga Ulqini\",\"isPartOf\":{\"@id\":\"https:\/\/www.visit-ulcinj.com\/blog\/#website\"},\"datePublished\":\"2017-06-19T11:32:58+00:00\",\"dateModified\":\"2017-06-20T12:02:07+00:00\",\"author\":{\"@id\":\"https:\/\/www.visit-ulcinj.com\/blog\/#\/schema\/person\/dcab619c614d3038751c63bc2aadc06d\"},\"description\":\"TV TEUTA: Nimanbegu: Mund te kete shkarkime te personave Nenkryetari I Kuvendit te Malit te Zi Genci Nimanbegu, tha per TV Teuta se pas ketij veprimi mund\",\"breadcrumb\":{\"@id\":\"https:\/\/www.visit-ulcinj.com\/blog\/2017\/06\/19\/nimanbegu-doreheqje-e-shkarkime-per-rastit-e-njesive-speciale-ne-ulqin-video\/#breadcrumb\"},\"inLanguage\":\"en-US\",\"potentialAction\":[{\"@type\":\"ReadAction\",\"target\":[\"https:\/\/www.visit-ulcinj.com\/blog\/2017\/06\/19\/nimanbegu-doreheqje-e-shkarkime-per-rastit-e-njesive-speciale-ne-ulqin-video\/\"]}]},{\"@type\":\"BreadcrumbList\",\"@id\":\"https:\/\/www.visit-ulcinj.com\/blog\/2017\/06\/19\/nimanbegu-doreheqje-e-shkarkime-per-rastit-e-njesive-speciale-ne-ulqin-video\/#breadcrumb\",\"itemListElement\":[{\"@type\":\"ListItem\",\"position\":1,\"name\":\"Nimanbegu: Dor\u00ebheqje e shkarkime p\u00ebr rastit e &#8220;Nj\u00ebsive Speciale&#8221; n\u00eb Ulqin &#8211; Video\"}]},{\"@type\":\"Person\",\"@id\":\"https:\/\/www.visit-ulcinj.com\/blog\/#\/schema\/person\/dcab619c614d3038751c63bc2aadc06d\",\"name\":\"ulqini\",\"sameAs\":[\"http:\/\/www.visit-ulcinj.com\"],\"url\":\"https:\/\/www.visit-ulcinj.com\/blog\/author\/admin\/\"}]}<\/script>\n<!-- \/ Yoast SEO plugin. -->","yoast_head_json":{"title":"Nimanbegu: Dor\u00ebheqje e shkarkime p\u00ebr rastit e \"Nj\u00ebsive Speciale\" n\u00eb Ulqin - Video - Lajme nga Ulqini","description":"TV TEUTA: Nimanbegu: Mund te kete shkarkime te personave Nenkryetari I Kuvendit te Malit te Zi Genci Nimanbegu, tha per TV Teuta se pas ketij veprimi mund","robots":{"index":"index","follow":"follow","max-snippet":"max-snippet:-1","max-image-preview":"max-image-preview:large","max-video-preview":"max-video-preview:-1"},"canonical":"https:\/\/www.visit-ulcinj.com\/blog\/2017\/06\/19\/nimanbegu-doreheqje-e-shkarkime-per-rastit-e-njesive-speciale-ne-ulqin-video\/","og_locale":"en_US","og_type":"article","og_title":"Nimanbegu: Dor\u00ebheqje e shkarkime p\u00ebr rastit e \"Nj\u00ebsive Speciale\" n\u00eb Ulqin - Video - Lajme nga Ulqini","og_description":"TV TEUTA: Nimanbegu: Mund te kete shkarkime te personave Nenkryetari I Kuvendit te Malit te Zi Genci Nimanbegu, tha per TV Teuta se pas ketij veprimi mund","og_url":"https:\/\/www.visit-ulcinj.com\/blog\/2017\/06\/19\/nimanbegu-doreheqje-e-shkarkime-per-rastit-e-njesive-speciale-ne-ulqin-video\/","og_site_name":"Lajme nga Ulqini","article_published_time":"2017-06-19T11:32:58+00:00","article_modified_time":"2017-06-20T12:02:07+00:00","twitter_misc":{"Written by":"ulqini","Est. reading time":"4 minutes"},"schema":{"@context":"https:\/\/schema.org","@graph":[{"@type":"WebSite","@id":"https:\/\/www.visit-ulcinj.com\/blog\/#website","url":"https:\/\/www.visit-ulcinj.com\/blog\/","name":"Lajme nga Ulqini","description":"Lajme,Vijesti,Ulqini,Ulqin,Crna Gora,Mali i Zi","potentialAction":[{"@type":"SearchAction","target":{"@type":"EntryPoint","urlTemplate":"https:\/\/www.visit-ulcinj.com\/blog\/?s={search_term_string}"},"query-input":"required name=search_term_string"}],"inLanguage":"en-US"},{"@type":"WebPage","@id":"https:\/\/www.visit-ulcinj.com\/blog\/2017\/06\/19\/nimanbegu-doreheqje-e-shkarkime-per-rastit-e-njesive-speciale-ne-ulqin-video\/#webpage","url":"https:\/\/www.visit-ulcinj.com\/blog\/2017\/06\/19\/nimanbegu-doreheqje-e-shkarkime-per-rastit-e-njesive-speciale-ne-ulqin-video\/","name":"Nimanbegu: Dor\u00ebheqje e shkarkime p\u00ebr rastit e \"Nj\u00ebsive Speciale\" n\u00eb Ulqin - Video - Lajme nga Ulqini","isPartOf":{"@id":"https:\/\/www.visit-ulcinj.com\/blog\/#website"},"datePublished":"2017-06-19T11:32:58+00:00","dateModified":"2017-06-20T12:02:07+00:00","author":{"@id":"https:\/\/www.visit-ulcinj.com\/blog\/#\/schema\/person\/dcab619c614d3038751c63bc2aadc06d"},"description":"TV TEUTA: Nimanbegu: Mund te kete shkarkime te personave Nenkryetari I Kuvendit te Malit te Zi Genci Nimanbegu, tha per TV Teuta se pas ketij veprimi mund","breadcrumb":{"@id":"https:\/\/www.visit-ulcinj.com\/blog\/2017\/06\/19\/nimanbegu-doreheqje-e-shkarkime-per-rastit-e-njesive-speciale-ne-ulqin-video\/#breadcrumb"},"inLanguage":"en-US","potentialAction":[{"@type":"ReadAction","target":["https:\/\/www.visit-ulcinj.com\/blog\/2017\/06\/19\/nimanbegu-doreheqje-e-shkarkime-per-rastit-e-njesive-speciale-ne-ulqin-video\/"]}]},{"@type":"BreadcrumbList","@id":"https:\/\/www.visit-ulcinj.com\/blog\/2017\/06\/19\/nimanbegu-doreheqje-e-shkarkime-per-rastit-e-njesive-speciale-ne-ulqin-video\/#breadcrumb","itemListElement":[{"@type":"ListItem","position":1,"name":"Nimanbegu: Dor\u00ebheqje e shkarkime p\u00ebr rastit e &#8220;Nj\u00ebsive Speciale&#8221; n\u00eb Ulqin &#8211; Video"}]},{"@type":"Person","@id":"https:\/\/www.visit-ulcinj.com\/blog\/#\/schema\/person\/dcab619c614d3038751c63bc2aadc06d","name":"ulqini","sameAs":["http:\/\/www.visit-ulcinj.com"],"url":"https:\/\/www.visit-ulcinj.com\/blog\/author\/admin\/"}]}},"jetpack_featured_media_url":"","jetpack_sharing_enabled":true,"jetpack_shortlink":"https:\/\/wp.me\/pe6lTn-ruo","_links":{"self":[{"href":"https:\/\/www.visit-ulcinj.com\/blog\/wp-json\/wp\/v2\/posts\/105672"}],"collection":[{"href":"https:\/\/www.visit-ulcinj.com\/blog\/wp-json\/wp\/v2\/posts"}],"about":[{"href":"https:\/\/www.visit-ulcinj.com\/blog\/wp-json\/wp\/v2\/types\/post"}],"author":[{"embeddable":true,"href":"https:\/\/www.visit-ulcinj.com\/blog\/wp-json\/wp\/v2\/users\/1"}],"replies":[{"embeddable":true,"href":"https:\/\/www.visit-ulcinj.com\/blog\/wp-json\/wp\/v2\/comments?post=105672"}],"version-history":[{"count":2,"href":"https:\/\/www.visit-ulcinj.com\/blog\/wp-json\/wp\/v2\/posts\/105672\/revisions"}],"predecessor-version":[{"id":105676,"href":"https:\/\/www.visit-ulcinj.com\/blog\/wp-json\/wp\/v2\/posts\/105672\/revisions\/105676"}],"wp:attachment":[{"href":"https:\/\/www.visit-ulcinj.com\/blog\/wp-json\/wp\/v2\/media?parent=105672"}],"wp:term":[{"taxonomy":"category","embeddable":true,"href":"https:\/\/www.visit-ulcinj.com\/blog\/wp-json\/wp\/v2\/categories?post=105672"},{"taxonomy":"post_tag","embeddable":true,"href":"https:\/\/www.visit-ulcinj.com\/blog\/wp-json\/wp\/v2\/tags?post=105672"}],"curies":[{"name":"wp","href":"https:\/\/api.w.org\/{rel}","templated":true}]}}