{"id":105688,"date":"2017-06-19T17:59:11","date_gmt":"2017-06-19T16:59:11","guid":{"rendered":"http:\/\/www.visit-ulcinj.com\/blog\/?p=105688"},"modified":"2017-06-21T20:04:59","modified_gmt":"2017-06-21T19:04:59","slug":"drejtoria-e-policise-per-vijesti-politikanet-nuk-te-mesojne-policine","status":"publish","type":"post","link":"https:\/\/www.visit-ulcinj.com\/blog\/2017\/06\/19\/drejtoria-e-policise-per-vijesti-politikanet-nuk-te-mesojne-policine\/","title":{"rendered":"Drejtoria e Policis\u00eb p\u00ebr &#8220;Vijesti&#8221;: Politikan\u00ebt nuk do t\u00eb m\u00ebsojn\u00eb m\u00eb policin\u00eb"},"content":{"rendered":"<p><strong><a href=\"http:\/\/www.visit-ulcinj.com\/blog\/wp-content\/uploads\/2017\/06\/Vijesti.me_.jpg\"><img loading=\"lazy\" class=\"alignleft wp-image-105689\" src=\"http:\/\/www.visit-ulcinj.com\/blog\/wp-content\/uploads\/2017\/06\/Vijesti.me_.jpg\" alt=\"\" width=\"508\" height=\"304\" srcset=\"https:\/\/www.visit-ulcinj.com\/blog\/wp-content\/uploads\/2017\/06\/Vijesti.me_.jpg 611w, https:\/\/www.visit-ulcinj.com\/blog\/wp-content\/uploads\/2017\/06\/Vijesti.me_-300x180.jpg 300w\" sizes=\"(max-width: 508px) 100vw, 508px\" \/><\/a>Disa bashk\u00ebbisedues nga Drejtoria e policis\u00eb jozyrtarisht p\u00ebr \u201cVijesti\u201d se nuk \u00ebsht\u00eb hera e par\u00eb q\u00eb politikan\u00ebt lokal n\u00eb Ulqin \u201cm\u00ebsojn\u00eb policin\u00eb \u00e7ka dhe si t\u00eb punojn\u00eb\u201d, transmeton portali Ul.info.<\/strong><\/p>\n<p>Ato than\u00eb se pik\u00ebrisht politikan\u00ebt kan\u00eb organizuar qytetar\u00ebt sepse, gjoja, \u201cpas nj\u00eb kohe t\u00eb gjat\u00eb ato nuk mund t\u00eb udh\u00ebheqin policin\u00eb dhe t\u00eb ndikojn\u00eb q\u00eb kush\u00ebrinjt\u00eb dhe miqt\u00eb e tyre t\u00eb cil\u00ebt kan\u00eb shkel ligjin t\u00eb lirohen, e disa ishin edhe persona me interes p\u00ebr sigurin\u00eb\u201d.<\/p>\n<p>\u201cKan\u00eb zakon q\u00eb, madje kur dikuj prej tyre i merret patenta, t\u00eb gjith\u00eb t\u00eb vijn\u00eb para nd\u00ebrtes\u00ebs s\u00eb policis\u00eb. Jan\u00eb m\u00ebsuar q\u00eb t\u00eb mund t\u00eb marrin shefin e policis\u00eb n\u00eb Ad\u00eb n\u00eb mesdit\u00eb dhe ato t\u00eb udh\u00ebheqin. K\u00ebshtu m\u00eb nuk mundet\u201d, tha nj\u00ebri nga bashk\u00ebbiseduesit e k\u00ebsaj gazete.<\/p>\n<p>Polic\u00ebt than\u00eb se nuk do t\u00eb lejojn\u00eb q\u00eb t\u00eb sulmohen koleg\u00ebt e tyre dhe se policia duhet t\u00eb punoj\u00eb pun\u00ebn e vet \u00e7do dit\u00eb n\u00eb vit, e jo t\u00eb ulet n\u00eb sht\u00ebpi sa zgjat sezoni turistik.<\/p>\n<p>[flv]http:\/\/www.rtcg.me\/upload\/boxFileData\/2017\/06\/18\/233990\/Otasevic.mp4[\/flv]<\/p>\n","protected":false},"excerpt":{"rendered":"<p>Disa bashk\u00ebbisedues nga Drejtoria e policis\u00eb jozyrtarisht p\u00ebr \u201cVijesti\u201d se nuk \u00ebsht\u00eb hera e par\u00eb q\u00eb politikan\u00ebt lokal n\u00eb Ulqin \u201cm\u00ebsojn\u00eb policin\u00eb \u00e7ka dhe si t\u00eb punojn\u00eb\u201d, transmeton portali Ul.info. Ato than\u00eb se pik\u00ebrisht politikan\u00ebt kan\u00eb organizuar qytetar\u00ebt sepse, gjoja, \u201cpas nj\u00eb kohe t\u00eb gjat\u00eb ato nuk mund t\u00eb udh\u00ebheqin policin\u00eb dhe t\u00eb ndikojn\u00eb q\u00eb [&hellip;]<\/p>\n","protected":false},"author":1,"featured_media":0,"comment_status":"closed","ping_status":"closed","sticky":false,"template":"","format":"standard","meta":{"spay_email":"","jetpack_publicize_message":"","jetpack_is_tweetstorm":false,"jetpack_publicize_feature_enabled":true},"categories":[12],"tags":[],"jetpack_publicize_connections":[],"yoast_head":"<!-- This site is optimized with the Yoast SEO plugin v19.1 - https:\/\/yoast.com\/wordpress\/plugins\/seo\/ -->\n<title>Drejtoria e Policis\u00eb p\u00ebr &quot;Vijesti&quot;: Politikan\u00ebt nuk do t\u00eb m\u00ebsojn\u00eb m\u00eb policin\u00eb - Lajme nga Ulqini<\/title>\n<meta name=\"description\" content=\"Disa bashk\u00ebbisedues nga Drejtoria e policis\u00eb jozyrtarisht p\u00ebr \u201cVijesti\u201d se nuk \u00ebsht\u00eb hera e par\u00eb q\u00eb politikan\u00ebt lokal n\u00eb Ulqin \u201cm\u00ebsojn\u00eb policin\u00eb \u00e7ka dhe\" \/>\n<meta name=\"robots\" content=\"index, follow, max-snippet:-1, max-image-preview:large, max-video-preview:-1\" \/>\n<link rel=\"canonical\" href=\"https:\/\/www.visit-ulcinj.com\/blog\/2017\/06\/19\/drejtoria-e-policise-per-vijesti-politikanet-nuk-te-mesojne-policine\/\" \/>\n<meta property=\"og:locale\" content=\"en_US\" \/>\n<meta property=\"og:type\" content=\"article\" \/>\n<meta property=\"og:title\" content=\"Drejtoria e Policis\u00eb p\u00ebr &quot;Vijesti&quot;: Politikan\u00ebt nuk do t\u00eb m\u00ebsojn\u00eb m\u00eb policin\u00eb - Lajme nga Ulqini\" \/>\n<meta property=\"og:description\" content=\"Disa bashk\u00ebbisedues nga Drejtoria e policis\u00eb jozyrtarisht p\u00ebr \u201cVijesti\u201d se nuk \u00ebsht\u00eb hera e par\u00eb q\u00eb politikan\u00ebt lokal n\u00eb Ulqin \u201cm\u00ebsojn\u00eb policin\u00eb \u00e7ka dhe\" \/>\n<meta property=\"og:url\" content=\"https:\/\/www.visit-ulcinj.com\/blog\/2017\/06\/19\/drejtoria-e-policise-per-vijesti-politikanet-nuk-te-mesojne-policine\/\" \/>\n<meta property=\"og:site_name\" content=\"Lajme nga Ulqini\" \/>\n<meta property=\"article:published_time\" content=\"2017-06-19T16:59:11+00:00\" \/>\n<meta property=\"article:modified_time\" content=\"2017-06-21T19:04:59+00:00\" \/>\n<meta property=\"og:image\" content=\"http:\/\/www.visit-ulcinj.com\/blog\/wp-content\/uploads\/2017\/06\/Vijesti.me_.jpg\" \/>\n<meta name=\"twitter:label1\" content=\"Written by\" \/>\n\t<meta name=\"twitter:data1\" content=\"ulqini\" \/>\n\t<meta name=\"twitter:label2\" content=\"Est. reading time\" \/>\n\t<meta name=\"twitter:data2\" content=\"1 minute\" \/>\n<script type=\"application\/ld+json\" class=\"yoast-schema-graph\">{\"@context\":\"https:\/\/schema.org\",\"@graph\":[{\"@type\":\"WebSite\",\"@id\":\"https:\/\/www.visit-ulcinj.com\/blog\/#website\",\"url\":\"https:\/\/www.visit-ulcinj.com\/blog\/\",\"name\":\"Lajme nga Ulqini\",\"description\":\"Lajme,Vijesti,Ulqini,Ulqin,Crna Gora,Mali i Zi\",\"potentialAction\":[{\"@type\":\"SearchAction\",\"target\":{\"@type\":\"EntryPoint\",\"urlTemplate\":\"https:\/\/www.visit-ulcinj.com\/blog\/?s={search_term_string}\"},\"query-input\":\"required name=search_term_string\"}],\"inLanguage\":\"en-US\"},{\"@type\":\"ImageObject\",\"inLanguage\":\"en-US\",\"@id\":\"https:\/\/www.visit-ulcinj.com\/blog\/2017\/06\/19\/drejtoria-e-policise-per-vijesti-politikanet-nuk-te-mesojne-policine\/#primaryimage\",\"url\":\"https:\/\/www.visit-ulcinj.com\/blog\/wp-content\/uploads\/2017\/06\/Vijesti.me_.jpg\",\"contentUrl\":\"https:\/\/www.visit-ulcinj.com\/blog\/wp-content\/uploads\/2017\/06\/Vijesti.me_.jpg\",\"width\":611,\"height\":366},{\"@type\":\"WebPage\",\"@id\":\"https:\/\/www.visit-ulcinj.com\/blog\/2017\/06\/19\/drejtoria-e-policise-per-vijesti-politikanet-nuk-te-mesojne-policine\/#webpage\",\"url\":\"https:\/\/www.visit-ulcinj.com\/blog\/2017\/06\/19\/drejtoria-e-policise-per-vijesti-politikanet-nuk-te-mesojne-policine\/\",\"name\":\"Drejtoria e Policis\u00eb p\u00ebr \\\"Vijesti\\\": Politikan\u00ebt nuk do t\u00eb m\u00ebsojn\u00eb m\u00eb policin\u00eb - Lajme nga Ulqini\",\"isPartOf\":{\"@id\":\"https:\/\/www.visit-ulcinj.com\/blog\/#website\"},\"primaryImageOfPage\":{\"@id\":\"https:\/\/www.visit-ulcinj.com\/blog\/2017\/06\/19\/drejtoria-e-policise-per-vijesti-politikanet-nuk-te-mesojne-policine\/#primaryimage\"},\"datePublished\":\"2017-06-19T16:59:11+00:00\",\"dateModified\":\"2017-06-21T19:04:59+00:00\",\"author\":{\"@id\":\"https:\/\/www.visit-ulcinj.com\/blog\/#\/schema\/person\/dcab619c614d3038751c63bc2aadc06d\"},\"description\":\"Disa bashk\u00ebbisedues nga Drejtoria e policis\u00eb jozyrtarisht p\u00ebr \u201cVijesti\u201d se nuk \u00ebsht\u00eb hera e par\u00eb q\u00eb politikan\u00ebt lokal n\u00eb Ulqin \u201cm\u00ebsojn\u00eb policin\u00eb \u00e7ka dhe\",\"breadcrumb\":{\"@id\":\"https:\/\/www.visit-ulcinj.com\/blog\/2017\/06\/19\/drejtoria-e-policise-per-vijesti-politikanet-nuk-te-mesojne-policine\/#breadcrumb\"},\"inLanguage\":\"en-US\",\"potentialAction\":[{\"@type\":\"ReadAction\",\"target\":[\"https:\/\/www.visit-ulcinj.com\/blog\/2017\/06\/19\/drejtoria-e-policise-per-vijesti-politikanet-nuk-te-mesojne-policine\/\"]}]},{\"@type\":\"BreadcrumbList\",\"@id\":\"https:\/\/www.visit-ulcinj.com\/blog\/2017\/06\/19\/drejtoria-e-policise-per-vijesti-politikanet-nuk-te-mesojne-policine\/#breadcrumb\",\"itemListElement\":[{\"@type\":\"ListItem\",\"position\":1,\"name\":\"Drejtoria e Policis\u00eb p\u00ebr &#8220;Vijesti&#8221;: Politikan\u00ebt nuk do t\u00eb m\u00ebsojn\u00eb m\u00eb policin\u00eb\"}]},{\"@type\":\"Person\",\"@id\":\"https:\/\/www.visit-ulcinj.com\/blog\/#\/schema\/person\/dcab619c614d3038751c63bc2aadc06d\",\"name\":\"ulqini\",\"sameAs\":[\"http:\/\/www.visit-ulcinj.com\"],\"url\":\"https:\/\/www.visit-ulcinj.com\/blog\/author\/admin\/\"}]}<\/script>\n<!-- \/ Yoast SEO plugin. -->","yoast_head_json":{"title":"Drejtoria e Policis\u00eb p\u00ebr \"Vijesti\": Politikan\u00ebt nuk do t\u00eb m\u00ebsojn\u00eb m\u00eb policin\u00eb - Lajme nga Ulqini","description":"Disa bashk\u00ebbisedues nga Drejtoria e policis\u00eb jozyrtarisht p\u00ebr \u201cVijesti\u201d se nuk \u00ebsht\u00eb hera e par\u00eb q\u00eb politikan\u00ebt lokal n\u00eb Ulqin \u201cm\u00ebsojn\u00eb policin\u00eb \u00e7ka dhe","robots":{"index":"index","follow":"follow","max-snippet":"max-snippet:-1","max-image-preview":"max-image-preview:large","max-video-preview":"max-video-preview:-1"},"canonical":"https:\/\/www.visit-ulcinj.com\/blog\/2017\/06\/19\/drejtoria-e-policise-per-vijesti-politikanet-nuk-te-mesojne-policine\/","og_locale":"en_US","og_type":"article","og_title":"Drejtoria e Policis\u00eb p\u00ebr \"Vijesti\": Politikan\u00ebt nuk do t\u00eb m\u00ebsojn\u00eb m\u00eb policin\u00eb - Lajme nga Ulqini","og_description":"Disa bashk\u00ebbisedues nga Drejtoria e policis\u00eb jozyrtarisht p\u00ebr \u201cVijesti\u201d se nuk \u00ebsht\u00eb hera e par\u00eb q\u00eb politikan\u00ebt lokal n\u00eb Ulqin \u201cm\u00ebsojn\u00eb policin\u00eb \u00e7ka dhe","og_url":"https:\/\/www.visit-ulcinj.com\/blog\/2017\/06\/19\/drejtoria-e-policise-per-vijesti-politikanet-nuk-te-mesojne-policine\/","og_site_name":"Lajme nga Ulqini","article_published_time":"2017-06-19T16:59:11+00:00","article_modified_time":"2017-06-21T19:04:59+00:00","og_image":[{"url":"http:\/\/www.visit-ulcinj.com\/blog\/wp-content\/uploads\/2017\/06\/Vijesti.me_.jpg"}],"twitter_misc":{"Written by":"ulqini","Est. reading time":"1 minute"},"schema":{"@context":"https:\/\/schema.org","@graph":[{"@type":"WebSite","@id":"https:\/\/www.visit-ulcinj.com\/blog\/#website","url":"https:\/\/www.visit-ulcinj.com\/blog\/","name":"Lajme nga Ulqini","description":"Lajme,Vijesti,Ulqini,Ulqin,Crna Gora,Mali i Zi","potentialAction":[{"@type":"SearchAction","target":{"@type":"EntryPoint","urlTemplate":"https:\/\/www.visit-ulcinj.com\/blog\/?s={search_term_string}"},"query-input":"required name=search_term_string"}],"inLanguage":"en-US"},{"@type":"ImageObject","inLanguage":"en-US","@id":"https:\/\/www.visit-ulcinj.com\/blog\/2017\/06\/19\/drejtoria-e-policise-per-vijesti-politikanet-nuk-te-mesojne-policine\/#primaryimage","url":"https:\/\/www.visit-ulcinj.com\/blog\/wp-content\/uploads\/2017\/06\/Vijesti.me_.jpg","contentUrl":"https:\/\/www.visit-ulcinj.com\/blog\/wp-content\/uploads\/2017\/06\/Vijesti.me_.jpg","width":611,"height":366},{"@type":"WebPage","@id":"https:\/\/www.visit-ulcinj.com\/blog\/2017\/06\/19\/drejtoria-e-policise-per-vijesti-politikanet-nuk-te-mesojne-policine\/#webpage","url":"https:\/\/www.visit-ulcinj.com\/blog\/2017\/06\/19\/drejtoria-e-policise-per-vijesti-politikanet-nuk-te-mesojne-policine\/","name":"Drejtoria e Policis\u00eb p\u00ebr \"Vijesti\": Politikan\u00ebt nuk do t\u00eb m\u00ebsojn\u00eb m\u00eb policin\u00eb - Lajme nga Ulqini","isPartOf":{"@id":"https:\/\/www.visit-ulcinj.com\/blog\/#website"},"primaryImageOfPage":{"@id":"https:\/\/www.visit-ulcinj.com\/blog\/2017\/06\/19\/drejtoria-e-policise-per-vijesti-politikanet-nuk-te-mesojne-policine\/#primaryimage"},"datePublished":"2017-06-19T16:59:11+00:00","dateModified":"2017-06-21T19:04:59+00:00","author":{"@id":"https:\/\/www.visit-ulcinj.com\/blog\/#\/schema\/person\/dcab619c614d3038751c63bc2aadc06d"},"description":"Disa bashk\u00ebbisedues nga Drejtoria e policis\u00eb jozyrtarisht p\u00ebr \u201cVijesti\u201d se nuk \u00ebsht\u00eb hera e par\u00eb q\u00eb politikan\u00ebt lokal n\u00eb Ulqin \u201cm\u00ebsojn\u00eb policin\u00eb \u00e7ka dhe","breadcrumb":{"@id":"https:\/\/www.visit-ulcinj.com\/blog\/2017\/06\/19\/drejtoria-e-policise-per-vijesti-politikanet-nuk-te-mesojne-policine\/#breadcrumb"},"inLanguage":"en-US","potentialAction":[{"@type":"ReadAction","target":["https:\/\/www.visit-ulcinj.com\/blog\/2017\/06\/19\/drejtoria-e-policise-per-vijesti-politikanet-nuk-te-mesojne-policine\/"]}]},{"@type":"BreadcrumbList","@id":"https:\/\/www.visit-ulcinj.com\/blog\/2017\/06\/19\/drejtoria-e-policise-per-vijesti-politikanet-nuk-te-mesojne-policine\/#breadcrumb","itemListElement":[{"@type":"ListItem","position":1,"name":"Drejtoria e Policis\u00eb p\u00ebr &#8220;Vijesti&#8221;: Politikan\u00ebt nuk do t\u00eb m\u00ebsojn\u00eb m\u00eb policin\u00eb"}]},{"@type":"Person","@id":"https:\/\/www.visit-ulcinj.com\/blog\/#\/schema\/person\/dcab619c614d3038751c63bc2aadc06d","name":"ulqini","sameAs":["http:\/\/www.visit-ulcinj.com"],"url":"https:\/\/www.visit-ulcinj.com\/blog\/author\/admin\/"}]}},"jetpack_featured_media_url":"","jetpack_sharing_enabled":true,"jetpack_shortlink":"https:\/\/wp.me\/pe6lTn-ruE","_links":{"self":[{"href":"https:\/\/www.visit-ulcinj.com\/blog\/wp-json\/wp\/v2\/posts\/105688"}],"collection":[{"href":"https:\/\/www.visit-ulcinj.com\/blog\/wp-json\/wp\/v2\/posts"}],"about":[{"href":"https:\/\/www.visit-ulcinj.com\/blog\/wp-json\/wp\/v2\/types\/post"}],"author":[{"embeddable":true,"href":"https:\/\/www.visit-ulcinj.com\/blog\/wp-json\/wp\/v2\/users\/1"}],"replies":[{"embeddable":true,"href":"https:\/\/www.visit-ulcinj.com\/blog\/wp-json\/wp\/v2\/comments?post=105688"}],"version-history":[{"count":2,"href":"https:\/\/www.visit-ulcinj.com\/blog\/wp-json\/wp\/v2\/posts\/105688\/revisions"}],"predecessor-version":[{"id":105740,"href":"https:\/\/www.visit-ulcinj.com\/blog\/wp-json\/wp\/v2\/posts\/105688\/revisions\/105740"}],"wp:attachment":[{"href":"https:\/\/www.visit-ulcinj.com\/blog\/wp-json\/wp\/v2\/media?parent=105688"}],"wp:term":[{"taxonomy":"category","embeddable":true,"href":"https:\/\/www.visit-ulcinj.com\/blog\/wp-json\/wp\/v2\/categories?post=105688"},{"taxonomy":"post_tag","embeddable":true,"href":"https:\/\/www.visit-ulcinj.com\/blog\/wp-json\/wp\/v2\/tags?post=105688"}],"curies":[{"name":"wp","href":"https:\/\/api.w.org\/{rel}","templated":true}]}}