{"id":105692,"date":"2017-06-20T12:56:00","date_gmt":"2017-06-20T11:56:00","guid":{"rendered":"http:\/\/www.visit-ulcinj.com\/blog\/?p=105692"},"modified":"2023-04-01T11:42:28","modified_gmt":"2023-04-01T10:42:28","slug":"jeta-e-nates-ne-ulqin-ja-cfare-mendojne-te-huajt-pa-big-ben","status":"publish","type":"post","link":"https:\/\/www.visit-ulcinj.com\/blog\/2017\/06\/20\/jeta-e-nates-ne-ulqin-ja-cfare-mendojne-te-huajt-pa-big-ben\/","title":{"rendered":"Jeta e nat\u00ebs n\u00eb Ulqin, ja \u00e7far\u00eb mendojn\u00eb t\u00eb huajt pa Big Ben"},"content":{"rendered":"<p><strong><a href=\"http:\/\/www.visit-ulcinj.com\/blog\/wp-content\/uploads\/2017\/06\/Big-Ben-Ulcinj.jpg\"><img loading=\"lazy\" class=\"alignleft wp-image-105685\" src=\"http:\/\/www.visit-ulcinj.com\/blog\/wp-content\/uploads\/2017\/06\/Big-Ben-Ulcinj.jpg\" alt=\"\" width=\"508\" height=\"338\" srcset=\"https:\/\/www.visit-ulcinj.com\/blog\/wp-content\/uploads\/2017\/06\/Big-Ben-Ulcinj.jpg 757w, https:\/\/www.visit-ulcinj.com\/blog\/wp-content\/uploads\/2017\/06\/Big-Ben-Ulcinj-300x200.jpg 300w\" sizes=\"(max-width: 508px) 100vw, 508px\" \/><\/a><\/strong><strong>Mobil: Viber + Whatsapp: +38 2 69 335 512<\/p>\n<p>Jeta e nat\u00ebs n\u00eb Ulqin \u00ebsht\u00eb nj\u00eb nga arsyet kryesore q\u00eb shtyn nje num\u00ebr t\u00eb madh turist\u00ebsh t\u00eb vizitojn\u00eb k\u00ebt\u00eb vend. Klabet dhe baret me t\u00eb famshme ndodhen po k\u00ebtu. P\u00ebrve\u00e7 arg\u00ebtimit q\u00eb \u00ebsht\u00eb shum\u00eb i zhvilluar, edhe kulinaria \u00ebsht\u00eb nj\u00eb nd\u00ebr arsyet se p\u00ebrse ky vend mbetet aq i preferuar.<\/strong><\/p>\n<p>Ulqini \u00ebsht\u00eb nj\u00eb qytet plot ngjyra, me sharm dhe arg\u00ebtim gjat muaj\u00ebve t\u00eb ver\u00ebs. Nj\u00eb dit\u00eb n\u00eb Ulqin ndoshta nuk mjafton, por mund t\u00eb mjaftojn\u00eb p\u00ebr t\u00eb shijuar kuzhin\u00ebn, jet\u00ebn e nat\u00ebs, plazhet dhe Klabet dhe baret me t\u00eb famshme ndodhen k\u00ebtu.<\/p>\n<p>Qyteti i Ulqinit dikur i izoluar ka p\u00ebsuar shum\u00eb ndryshime n\u00eb dekad\u00ebn e fundit.<\/p>\n<p>Duke biseduar me diasor\u00ebn shqip\u00ebtare n\u00eb Zvic\u00ebr, disa prej tyre thuan q\u00eb vizita e par\u00eb duhet t\u00eb jet\u00eb n\u00eb sheshin e Klabit &#8220;Big Ben&#8221; n\u00eb plazhin e vog\u00ebl t\u00eb Ulqinit si dhe Klabit \u201cProvocateur\u201d, i cili \u00ebsht\u00eb aktualisht duke u <span class=\"st\"> rrenuar nga pushteti aktual<\/span>.<\/p>\n<p><a href=\"http:\/\/www.visit-ulcinj.com\/blog\/wp-content\/uploads\/2017\/06\/Jeta-e-nates-ne-pubet-e-Ulqinit-Big-Ben-4-768x512.jpg\"><img loading=\"lazy\" class=\"alignleft wp-image-105693\" src=\"http:\/\/www.visit-ulcinj.com\/blog\/wp-content\/uploads\/2017\/06\/Jeta-e-nates-ne-pubet-e-Ulqinit-Big-Ben-4-768x512.jpg\" alt=\"\" width=\"508\" height=\"339\" srcset=\"https:\/\/www.visit-ulcinj.com\/blog\/wp-content\/uploads\/2017\/06\/Jeta-e-nates-ne-pubet-e-Ulqinit-Big-Ben-4-768x512.jpg 768w, https:\/\/www.visit-ulcinj.com\/blog\/wp-content\/uploads\/2017\/06\/Jeta-e-nates-ne-pubet-e-Ulqinit-Big-Ben-4-768x512-300x200.jpg 300w\" sizes=\"(max-width: 508px) 100vw, 508px\" \/><\/a><\/p>\n<p>Jeta e nat\u00ebs \u00ebsht\u00eb shum\u00eb e gjall\u00eb n\u00eb zon\u00ebn e e Klabit &#8220;Big Ben&#8221; n\u00eb plazhin e vog\u00ebl t\u00eb Ulqinit si dhe Klabit \u201cProvocateur\u201d, vendi aktual do ndryshoj\u00eb, ndoshta aty do t\u00eb gjeni dyqane, bare n\u00eb mod\u00eb, por edhe kafene e restorante tjera.<\/p>\n<p>Arsyet p\u00ebr pak\u00ebnaq\u00ebsi t\u00eb rinjt\u00eb nuk e shohin t\u00eb mir\u00eb se ardhur sepse sezoni ve\u00e7 ja ka filluar, prandaj duhet lejuar edhe k\u00ebt\u00eb sezon veror\u00eb t\u00eb punohet, p\u00ebr ndryshe rinia shqiptare nga diaspora do filloj\u00eb ta braktis\u00eb Ulqinin. <span class=\"arial14 linkszi \">Duke theksuar se, \u201ct\u00eb rinjt\u00eb shqiptar\u00eb nuk e meritojn\u00eb k\u00ebt\u00eb model q\u00eb ofron Ulqini\u201d, prandaj dispora shqiptare ka n\u00ebnvizuar se, \u201crinia duhet t\u00eb bashkohet, t\u00eb ngrihet dhe t\u00eb marr\u00eb fatet e vendit n\u00eb dor\u00eb\u201d. <\/span><br \/>\nM\u00eb shum\u00ebs e gjysma e t\u00eb rinjve n\u00eb Ulqin mendon se e ardhmja do t\u00eb jet\u00eb pak m\u00eb e keqe ose dhe m\u00eb e keqe sesa e tashmja.<\/p>\n<p><iframe loading=\"lazy\" src=\"\/\/www.dailymotion.com\/embed\/video\/x4leu4x?autoPlay=1\" width=\"508\" height=\"330\" frameborder=\"0\" allowfullscreen=\"allowfullscreen\"><\/iframe><br \/>\n<a href=\"http:\/\/www.dailymotion.com\/video\/x4leu4x_big-ben-party-ne-ulqin_tv\" target=\"_blank\" rel=\"noopener\">Big Ben party ne Ulqin<\/a> <i>par <a href=\"http:\/\/www.dailymotion.com\/tvteuta\" target=\"_blank\" rel=\"noopener\">tvteuta<\/a><\/i><\/p>\n","protected":false},"excerpt":{"rendered":"<p>Mobil: Viber + Whatsapp: +38 2 69 335 512 Jeta e nat\u00ebs n\u00eb Ulqin \u00ebsht\u00eb nj\u00eb nga arsyet kryesore q\u00eb shtyn nje num\u00ebr t\u00eb madh turist\u00ebsh t\u00eb vizitojn\u00eb k\u00ebt\u00eb vend. Klabet dhe baret me t\u00eb famshme ndodhen po k\u00ebtu. P\u00ebrve\u00e7 arg\u00ebtimit q\u00eb \u00ebsht\u00eb shum\u00eb i zhvilluar, edhe kulinaria \u00ebsht\u00eb nj\u00eb nd\u00ebr arsyet se p\u00ebrse ky [&hellip;]<\/p>\n","protected":false},"author":1,"featured_media":0,"comment_status":"closed","ping_status":"closed","sticky":false,"template":"","format":"standard","meta":{"spay_email":"","jetpack_publicize_message":"","jetpack_is_tweetstorm":false,"jetpack_publicize_feature_enabled":true},"categories":[1,15],"tags":[],"jetpack_publicize_connections":[],"yoast_head":"<!-- This site is optimized with the Yoast SEO plugin v19.1 - https:\/\/yoast.com\/wordpress\/plugins\/seo\/ -->\n<title>Jeta e nat\u00ebs n\u00eb Ulqin, ja \u00e7far\u00eb mendojn\u00eb t\u00eb huajt pa Big Ben - Lajme nga Ulqini<\/title>\n<meta name=\"description\" content=\"Mobil: Viber + Whatsapp: +38 2 69 335 512 Jeta e nat\u00ebs n\u00eb Ulqin \u00ebsht\u00eb nj\u00eb nga arsyet kryesore q\u00eb shtyn nje num\u00ebr t\u00eb madh turist\u00ebsh t\u00eb vizitojn\u00eb k\u00ebt\u00eb vend.\" \/>\n<meta name=\"robots\" content=\"index, follow, max-snippet:-1, max-image-preview:large, max-video-preview:-1\" \/>\n<link rel=\"canonical\" href=\"https:\/\/www.visit-ulcinj.com\/blog\/2017\/06\/20\/jeta-e-nates-ne-ulqin-ja-cfare-mendojne-te-huajt-pa-big-ben\/\" \/>\n<meta property=\"og:locale\" content=\"en_US\" \/>\n<meta property=\"og:type\" content=\"article\" \/>\n<meta property=\"og:title\" content=\"Jeta e nat\u00ebs n\u00eb Ulqin, ja \u00e7far\u00eb mendojn\u00eb t\u00eb huajt pa Big Ben - Lajme nga Ulqini\" \/>\n<meta property=\"og:description\" content=\"Mobil: Viber + Whatsapp: +38 2 69 335 512 Jeta e nat\u00ebs n\u00eb Ulqin \u00ebsht\u00eb nj\u00eb nga arsyet kryesore q\u00eb shtyn nje num\u00ebr t\u00eb madh turist\u00ebsh t\u00eb vizitojn\u00eb k\u00ebt\u00eb vend.\" \/>\n<meta property=\"og:url\" content=\"https:\/\/www.visit-ulcinj.com\/blog\/2017\/06\/20\/jeta-e-nates-ne-ulqin-ja-cfare-mendojne-te-huajt-pa-big-ben\/\" \/>\n<meta property=\"og:site_name\" content=\"Lajme nga Ulqini\" \/>\n<meta property=\"article:published_time\" content=\"2017-06-20T11:56:00+00:00\" \/>\n<meta property=\"article:modified_time\" content=\"2023-04-01T10:42:28+00:00\" \/>\n<meta property=\"og:image\" content=\"http:\/\/www.visit-ulcinj.com\/blog\/wp-content\/uploads\/2017\/06\/Big-Ben-Ulcinj.jpg\" \/>\n<meta name=\"twitter:label1\" content=\"Written by\" \/>\n\t<meta name=\"twitter:data1\" content=\"ulqini\" \/>\n\t<meta name=\"twitter:label2\" content=\"Est. reading time\" \/>\n\t<meta name=\"twitter:data2\" content=\"2 minutes\" \/>\n<script type=\"application\/ld+json\" class=\"yoast-schema-graph\">{\"@context\":\"https:\/\/schema.org\",\"@graph\":[{\"@type\":\"WebSite\",\"@id\":\"https:\/\/www.visit-ulcinj.com\/blog\/#website\",\"url\":\"https:\/\/www.visit-ulcinj.com\/blog\/\",\"name\":\"Lajme nga Ulqini\",\"description\":\"Lajme,Vijesti,Ulqini,Ulqin,Crna Gora,Mali i Zi\",\"potentialAction\":[{\"@type\":\"SearchAction\",\"target\":{\"@type\":\"EntryPoint\",\"urlTemplate\":\"https:\/\/www.visit-ulcinj.com\/blog\/?s={search_term_string}\"},\"query-input\":\"required name=search_term_string\"}],\"inLanguage\":\"en-US\"},{\"@type\":\"ImageObject\",\"inLanguage\":\"en-US\",\"@id\":\"https:\/\/www.visit-ulcinj.com\/blog\/2017\/06\/20\/jeta-e-nates-ne-ulqin-ja-cfare-mendojne-te-huajt-pa-big-ben\/#primaryimage\",\"url\":\"https:\/\/www.visit-ulcinj.com\/blog\/wp-content\/uploads\/2017\/06\/Big-Ben-Ulcinj.jpg\",\"contentUrl\":\"https:\/\/www.visit-ulcinj.com\/blog\/wp-content\/uploads\/2017\/06\/Big-Ben-Ulcinj.jpg\",\"width\":757,\"height\":504},{\"@type\":\"WebPage\",\"@id\":\"https:\/\/www.visit-ulcinj.com\/blog\/2017\/06\/20\/jeta-e-nates-ne-ulqin-ja-cfare-mendojne-te-huajt-pa-big-ben\/#webpage\",\"url\":\"https:\/\/www.visit-ulcinj.com\/blog\/2017\/06\/20\/jeta-e-nates-ne-ulqin-ja-cfare-mendojne-te-huajt-pa-big-ben\/\",\"name\":\"Jeta e nat\u00ebs n\u00eb Ulqin, ja \u00e7far\u00eb mendojn\u00eb t\u00eb huajt pa Big Ben - Lajme nga Ulqini\",\"isPartOf\":{\"@id\":\"https:\/\/www.visit-ulcinj.com\/blog\/#website\"},\"primaryImageOfPage\":{\"@id\":\"https:\/\/www.visit-ulcinj.com\/blog\/2017\/06\/20\/jeta-e-nates-ne-ulqin-ja-cfare-mendojne-te-huajt-pa-big-ben\/#primaryimage\"},\"datePublished\":\"2017-06-20T11:56:00+00:00\",\"dateModified\":\"2023-04-01T10:42:28+00:00\",\"author\":{\"@id\":\"https:\/\/www.visit-ulcinj.com\/blog\/#\/schema\/person\/dcab619c614d3038751c63bc2aadc06d\"},\"description\":\"Mobil: Viber + Whatsapp: +38 2 69 335 512 Jeta e nat\u00ebs n\u00eb Ulqin \u00ebsht\u00eb nj\u00eb nga arsyet kryesore q\u00eb shtyn nje num\u00ebr t\u00eb madh turist\u00ebsh t\u00eb vizitojn\u00eb k\u00ebt\u00eb vend.\",\"breadcrumb\":{\"@id\":\"https:\/\/www.visit-ulcinj.com\/blog\/2017\/06\/20\/jeta-e-nates-ne-ulqin-ja-cfare-mendojne-te-huajt-pa-big-ben\/#breadcrumb\"},\"inLanguage\":\"en-US\",\"potentialAction\":[{\"@type\":\"ReadAction\",\"target\":[\"https:\/\/www.visit-ulcinj.com\/blog\/2017\/06\/20\/jeta-e-nates-ne-ulqin-ja-cfare-mendojne-te-huajt-pa-big-ben\/\"]}]},{\"@type\":\"BreadcrumbList\",\"@id\":\"https:\/\/www.visit-ulcinj.com\/blog\/2017\/06\/20\/jeta-e-nates-ne-ulqin-ja-cfare-mendojne-te-huajt-pa-big-ben\/#breadcrumb\",\"itemListElement\":[{\"@type\":\"ListItem\",\"position\":1,\"name\":\"Jeta e nat\u00ebs n\u00eb Ulqin, ja \u00e7far\u00eb mendojn\u00eb t\u00eb huajt pa Big Ben\"}]},{\"@type\":\"Person\",\"@id\":\"https:\/\/www.visit-ulcinj.com\/blog\/#\/schema\/person\/dcab619c614d3038751c63bc2aadc06d\",\"name\":\"ulqini\",\"sameAs\":[\"http:\/\/www.visit-ulcinj.com\"],\"url\":\"https:\/\/www.visit-ulcinj.com\/blog\/author\/admin\/\"}]}<\/script>\n<!-- \/ Yoast SEO plugin. -->","yoast_head_json":{"title":"Jeta e nat\u00ebs n\u00eb Ulqin, ja \u00e7far\u00eb mendojn\u00eb t\u00eb huajt pa Big Ben - Lajme nga Ulqini","description":"Mobil: Viber + Whatsapp: +38 2 69 335 512 Jeta e nat\u00ebs n\u00eb Ulqin \u00ebsht\u00eb nj\u00eb nga arsyet kryesore q\u00eb shtyn nje num\u00ebr t\u00eb madh turist\u00ebsh t\u00eb vizitojn\u00eb k\u00ebt\u00eb vend.","robots":{"index":"index","follow":"follow","max-snippet":"max-snippet:-1","max-image-preview":"max-image-preview:large","max-video-preview":"max-video-preview:-1"},"canonical":"https:\/\/www.visit-ulcinj.com\/blog\/2017\/06\/20\/jeta-e-nates-ne-ulqin-ja-cfare-mendojne-te-huajt-pa-big-ben\/","og_locale":"en_US","og_type":"article","og_title":"Jeta e nat\u00ebs n\u00eb Ulqin, ja \u00e7far\u00eb mendojn\u00eb t\u00eb huajt pa Big Ben - Lajme nga Ulqini","og_description":"Mobil: Viber + Whatsapp: +38 2 69 335 512 Jeta e nat\u00ebs n\u00eb Ulqin \u00ebsht\u00eb nj\u00eb nga arsyet kryesore q\u00eb shtyn nje num\u00ebr t\u00eb madh turist\u00ebsh t\u00eb vizitojn\u00eb k\u00ebt\u00eb vend.","og_url":"https:\/\/www.visit-ulcinj.com\/blog\/2017\/06\/20\/jeta-e-nates-ne-ulqin-ja-cfare-mendojne-te-huajt-pa-big-ben\/","og_site_name":"Lajme nga Ulqini","article_published_time":"2017-06-20T11:56:00+00:00","article_modified_time":"2023-04-01T10:42:28+00:00","og_image":[{"url":"http:\/\/www.visit-ulcinj.com\/blog\/wp-content\/uploads\/2017\/06\/Big-Ben-Ulcinj.jpg"}],"twitter_misc":{"Written by":"ulqini","Est. reading time":"2 minutes"},"schema":{"@context":"https:\/\/schema.org","@graph":[{"@type":"WebSite","@id":"https:\/\/www.visit-ulcinj.com\/blog\/#website","url":"https:\/\/www.visit-ulcinj.com\/blog\/","name":"Lajme nga Ulqini","description":"Lajme,Vijesti,Ulqini,Ulqin,Crna Gora,Mali i Zi","potentialAction":[{"@type":"SearchAction","target":{"@type":"EntryPoint","urlTemplate":"https:\/\/www.visit-ulcinj.com\/blog\/?s={search_term_string}"},"query-input":"required name=search_term_string"}],"inLanguage":"en-US"},{"@type":"ImageObject","inLanguage":"en-US","@id":"https:\/\/www.visit-ulcinj.com\/blog\/2017\/06\/20\/jeta-e-nates-ne-ulqin-ja-cfare-mendojne-te-huajt-pa-big-ben\/#primaryimage","url":"https:\/\/www.visit-ulcinj.com\/blog\/wp-content\/uploads\/2017\/06\/Big-Ben-Ulcinj.jpg","contentUrl":"https:\/\/www.visit-ulcinj.com\/blog\/wp-content\/uploads\/2017\/06\/Big-Ben-Ulcinj.jpg","width":757,"height":504},{"@type":"WebPage","@id":"https:\/\/www.visit-ulcinj.com\/blog\/2017\/06\/20\/jeta-e-nates-ne-ulqin-ja-cfare-mendojne-te-huajt-pa-big-ben\/#webpage","url":"https:\/\/www.visit-ulcinj.com\/blog\/2017\/06\/20\/jeta-e-nates-ne-ulqin-ja-cfare-mendojne-te-huajt-pa-big-ben\/","name":"Jeta e nat\u00ebs n\u00eb Ulqin, ja \u00e7far\u00eb mendojn\u00eb t\u00eb huajt pa Big Ben - Lajme nga Ulqini","isPartOf":{"@id":"https:\/\/www.visit-ulcinj.com\/blog\/#website"},"primaryImageOfPage":{"@id":"https:\/\/www.visit-ulcinj.com\/blog\/2017\/06\/20\/jeta-e-nates-ne-ulqin-ja-cfare-mendojne-te-huajt-pa-big-ben\/#primaryimage"},"datePublished":"2017-06-20T11:56:00+00:00","dateModified":"2023-04-01T10:42:28+00:00","author":{"@id":"https:\/\/www.visit-ulcinj.com\/blog\/#\/schema\/person\/dcab619c614d3038751c63bc2aadc06d"},"description":"Mobil: Viber + Whatsapp: +38 2 69 335 512 Jeta e nat\u00ebs n\u00eb Ulqin \u00ebsht\u00eb nj\u00eb nga arsyet kryesore q\u00eb shtyn nje num\u00ebr t\u00eb madh turist\u00ebsh t\u00eb vizitojn\u00eb k\u00ebt\u00eb vend.","breadcrumb":{"@id":"https:\/\/www.visit-ulcinj.com\/blog\/2017\/06\/20\/jeta-e-nates-ne-ulqin-ja-cfare-mendojne-te-huajt-pa-big-ben\/#breadcrumb"},"inLanguage":"en-US","potentialAction":[{"@type":"ReadAction","target":["https:\/\/www.visit-ulcinj.com\/blog\/2017\/06\/20\/jeta-e-nates-ne-ulqin-ja-cfare-mendojne-te-huajt-pa-big-ben\/"]}]},{"@type":"BreadcrumbList","@id":"https:\/\/www.visit-ulcinj.com\/blog\/2017\/06\/20\/jeta-e-nates-ne-ulqin-ja-cfare-mendojne-te-huajt-pa-big-ben\/#breadcrumb","itemListElement":[{"@type":"ListItem","position":1,"name":"Jeta e nat\u00ebs n\u00eb Ulqin, ja \u00e7far\u00eb mendojn\u00eb t\u00eb huajt pa Big Ben"}]},{"@type":"Person","@id":"https:\/\/www.visit-ulcinj.com\/blog\/#\/schema\/person\/dcab619c614d3038751c63bc2aadc06d","name":"ulqini","sameAs":["http:\/\/www.visit-ulcinj.com"],"url":"https:\/\/www.visit-ulcinj.com\/blog\/author\/admin\/"}]}},"jetpack_featured_media_url":"","jetpack_sharing_enabled":true,"jetpack_shortlink":"https:\/\/wp.me\/pe6lTn-ruI","_links":{"self":[{"href":"https:\/\/www.visit-ulcinj.com\/blog\/wp-json\/wp\/v2\/posts\/105692"}],"collection":[{"href":"https:\/\/www.visit-ulcinj.com\/blog\/wp-json\/wp\/v2\/posts"}],"about":[{"href":"https:\/\/www.visit-ulcinj.com\/blog\/wp-json\/wp\/v2\/types\/post"}],"author":[{"embeddable":true,"href":"https:\/\/www.visit-ulcinj.com\/blog\/wp-json\/wp\/v2\/users\/1"}],"replies":[{"embeddable":true,"href":"https:\/\/www.visit-ulcinj.com\/blog\/wp-json\/wp\/v2\/comments?post=105692"}],"version-history":[{"count":3,"href":"https:\/\/www.visit-ulcinj.com\/blog\/wp-json\/wp\/v2\/posts\/105692\/revisions"}],"predecessor-version":[{"id":106852,"href":"https:\/\/www.visit-ulcinj.com\/blog\/wp-json\/wp\/v2\/posts\/105692\/revisions\/106852"}],"wp:attachment":[{"href":"https:\/\/www.visit-ulcinj.com\/blog\/wp-json\/wp\/v2\/media?parent=105692"}],"wp:term":[{"taxonomy":"category","embeddable":true,"href":"https:\/\/www.visit-ulcinj.com\/blog\/wp-json\/wp\/v2\/categories?post=105692"},{"taxonomy":"post_tag","embeddable":true,"href":"https:\/\/www.visit-ulcinj.com\/blog\/wp-json\/wp\/v2\/tags?post=105692"}],"curies":[{"name":"wp","href":"https:\/\/api.w.org\/{rel}","templated":true}]}}