{"id":1057,"date":"2008-03-27T15:03:29","date_gmt":"2008-03-27T20:03:29","guid":{"rendered":"http:\/\/www.visit-ulcinj.com\/blog\/2008\/03\/27\/lack-of-plans-in-ulcinj-increases-corruption\/"},"modified":"2008-03-27T15:05:22","modified_gmt":"2008-03-27T20:05:22","slug":"lack-of-plans-in-ulcinj-increases-corruption","status":"publish","type":"post","link":"https:\/\/www.visit-ulcinj.com\/blog\/2008\/03\/27\/lack-of-plans-in-ulcinj-increases-corruption\/","title":{"rendered":"Lack of plans in Ulcinj increases corruption"},"content":{"rendered":"<p><a href=\"http:\/\/www.visit-ulcinj.com\/blog\/wp-content\/uploads\/2008\/03\/uba-2.jpg\" title=\"UBA_ULCINJ\"><img loading=\"lazy\" src=\"http:\/\/www.visit-ulcinj.com\/blog\/wp-content\/uploads\/2008\/03\/uba-2.thumbnail.jpg\" alt=\"UBA_ULCINJ\" align=\"left\" height=\"200\" width=\"129\" \/><\/a>Great difference in local communal taxes, which were in force in Ulcinj, as well as the draft decision on compensation for arranging the city construction land were a reason for a round table with the subject of local communal taxes, which are barriers for business.<br \/>\nPresident of Ulcinj Business Association (UBA) Nazif Cungu thinks that public administration should not create charges and taxes according to orientation projections, but according to realistic possibilities of tax payers. UBA states that without agreements on urban plans, the entrepreneurs will face obstacles in obtaining construction permits, which obstructs investments and increases corruption.<br \/>\n(Republika)<\/p>\n<p><a href=\"http:\/\/www.limun.hr\/en\/main.aspx?ID=264349&amp;pojam=ulcinj\" title=\"ulqin,ulqini,ulcinj,montenegro\" target=\"_blank\">www.limun.hr<\/a><\/p>\n<p><strong>Odr\u017ean okrugli sto na temu \u201cLokalne komunalne takse i naknade &#8211; barijere za biznis<br \/>\nNedostatak planova pospje\u0161uje korupciju<\/strong><a href=\"http:\/\/www.visit-ulcinj.com\/blog\/wp-content\/uploads\/2008\/02\/nazif-cungu1.jpg\" title=\"Nazif Cungu01\"><img loading=\"lazy\" src=\"http:\/\/www.visit-ulcinj.com\/blog\/wp-content\/uploads\/2008\/02\/nazif-cungu1.thumbnail.jpg\" alt=\"Nazif Cungu01\" align=\"right\" height=\"128\" width=\"103\" \/><\/a><br \/>\n<a href=\"http:\/\/www.visit-ulcinj.com\/gallery\/main.php\" title=\"ulqin,ulqini,ulcinj,montenegro\" target=\"_blank\">ULCINJ<\/a> &#8211; Velika razlika u lokalnim komunalnim taksama koje su na snazi u <a href=\"http:\/\/www.visit-ulcinj.com\/\" title=\"ulqin,ulqini,ulcinj,montenegro\" target=\"_blank\">Ulcinju<\/a> u pore?enju s drugim op\u0161tinama, kao i Nacrt odluke o naknadi za ure?enje gradskog gra?evinskog zemlji\u0161ta bile su povod za organizovanje okruglog stola na temu &#8221;Lokalne komunalne takse i naknade &#8211; barijere za biznis&#8221;.<br \/>\nOrganizator &#8211; Ulcinj biznis asocijacija (UBA) smatra da visoke lokalne komunalne takse i nepostajanje urbanisti?kih planova ko?e razvoj biznisa u Ulcinju.<br \/>\nPredsjednik UBE Nazif Cungu ocijenio je da javna uprava ne bi trebalo da kreira naknade i takse prema orijentacionim projekcijama, ve? prema realnim mogu?nostima privrednih poreskih obveznika.<br \/>\nU?esnici sastanka su se slo\u017eili da prilikom dono\u0161enja odluka o lokalnim taksama i naknadama obra?iva?i bi trebalo da uklju?uju lokalne ili strukovne organizacije privrede radi boljeg sagledavanja stanja i mogu?nosti.<br \/>\n&#8211; Bez brze konsolidacije u oblasti dono\u0161enja urbanisti?kih planova preduzetnici ?e jo\u0161 dugo nailaziti na prepreke kod dobijanja dozvola za gradnju novih objekata i pogona, \u0161to ometa investicije i pospje\u0161uje korupciju &#8211; navode iz Ulcinj biznis asocijacije.<br \/>\nU?esnici rasprave su predlo\u017eili da se ubudu?e intenzivira dijalog izme?u Udru\u017eenja privrednika Crne Gore, kao i da treba podr\u017eati inicijative krovnih organizacija na nivou Crne Gore.<br \/>\n&#8211; Predlo\u017eeno je odre?ivanje maksimalnih nivoa lokalnih taksi i naknada, kao i da njihovo pove?anje prati odre?ene kriterijume koji moraju biti jasni i mjerljivi. Prilikom dono\u0161enja ovakvih odluka mora se voditi ra?una o njihovoj ustavnosti i moraju se po\u0161tovati odluke Ustavnog suda. Treba poja?ati rad lokalnih ekonomsko- socijalnih savjeta u skladu sa zakonom kao institucionalnim okvirom za uspostavljanje tripartitnog dijaloga izme?u politike, radnika i poslodavaca &#8211; navode iz UBE.<br \/>\nOdlu?eno je da Ulcinj biznis asocijacija podnese inicijativu za izmjenu odluke o lokalnim komunalnim taksama u op\u0161tini Ulcinj, kao i da se predlaga?u Nacrta odluke o nadoknadi za ure?enje gra?evinskog zemlji\u0161ta predlo\u017ei da se taj nacrt povu?e zbog neodr\u017eavanja ni jedne javne tribine u toku javne rasprave, te zbog pravno-formalnih nedostataka.<br \/>\nUBA kao pravno formalne nedostatke nalazi u Zakonu o gra?evinskom zemlji\u0161tu, ?lan 17- gdje je predvi?eno da se ova nadoknada utvr?uje u zavisnosti od stepena ure?enosti gra?evinskog zemlji\u0161ta i programa ure?ivanja, a op\u0161tina Ulcinj nema programe ure?enja gra?evinskog zemlji\u0161ta &#8211; ni jednogodi\u0161nje, niti petogodi\u0161nje.<br \/>\nOkruglom stolu prisustvovali su predstavnici Predsjedni\u0161tva Zanatsko preduzetni?ke komore Crne Gore, predstavnici Montenegro biznis alijanse, Unije poslodavaca Crne Gore, predstavnik Op\u0161tine Ulcinj, kao i privrednici iz Ulcinja.<br \/>\nS.G<br \/>\nwww.republika.cg.yu<\/p>\n<!-- vimeo error: not a vimeo video -->\n","protected":false},"excerpt":{"rendered":"<p><img loading=\"lazy\" src=\"http:\/\/www.visit-ulcinj.com\/blog\/wp-content\/uploads\/2008\/03\/uba-2.thumbnail.jpg\" alt=\"UBA_ULCINJ\" align=\"left\" height=\"140\" width=\"140\" \/><\/p>\n","protected":false},"author":1,"featured_media":0,"comment_status":"open","ping_status":"closed","sticky":false,"template":"","format":"standard","meta":{"spay_email":"","jetpack_publicize_message":"","jetpack_is_tweetstorm":false,"jetpack_publicize_feature_enabled":true},"categories":[10],"tags":[],"jetpack_publicize_connections":[],"yoast_head":"<!-- This site is optimized with the Yoast SEO plugin v19.1 - https:\/\/yoast.com\/wordpress\/plugins\/seo\/ -->\n<title>Lack of plans in Ulcinj increases corruption - Lajme nga Ulqini<\/title>\n<meta name=\"robots\" content=\"index, follow, max-snippet:-1, max-image-preview:large, max-video-preview:-1\" \/>\n<link rel=\"canonical\" href=\"https:\/\/www.visit-ulcinj.com\/blog\/2008\/03\/27\/lack-of-plans-in-ulcinj-increases-corruption\/\" \/>\n<meta property=\"og:locale\" content=\"en_US\" \/>\n<meta property=\"og:type\" content=\"article\" \/>\n<meta property=\"og:title\" content=\"Lack of plans in Ulcinj increases corruption - Lajme nga Ulqini\" \/>\n<meta property=\"og:url\" content=\"https:\/\/www.visit-ulcinj.com\/blog\/2008\/03\/27\/lack-of-plans-in-ulcinj-increases-corruption\/\" \/>\n<meta property=\"og:site_name\" content=\"Lajme nga Ulqini\" \/>\n<meta property=\"article:published_time\" content=\"2008-03-27T20:03:29+00:00\" \/>\n<meta property=\"article:modified_time\" content=\"2008-03-27T20:05:22+00:00\" \/>\n<meta property=\"og:image\" content=\"http:\/\/www.visit-ulcinj.com\/blog\/wp-content\/uploads\/2008\/03\/uba-2.thumbnail.jpg\" \/>\n<meta name=\"twitter:label1\" content=\"Written by\" \/>\n\t<meta name=\"twitter:data1\" content=\"ulqini\" \/>\n\t<meta name=\"twitter:label2\" content=\"Est. reading time\" \/>\n\t<meta name=\"twitter:data2\" content=\"3 minutes\" \/>\n<script type=\"application\/ld+json\" class=\"yoast-schema-graph\">{\"@context\":\"https:\/\/schema.org\",\"@graph\":[{\"@type\":\"WebSite\",\"@id\":\"https:\/\/www.visit-ulcinj.com\/blog\/#website\",\"url\":\"https:\/\/www.visit-ulcinj.com\/blog\/\",\"name\":\"Lajme nga Ulqini\",\"description\":\"Lajme,Vijesti,Ulqini,Ulqin,Crna Gora,Mali i Zi\",\"potentialAction\":[{\"@type\":\"SearchAction\",\"target\":{\"@type\":\"EntryPoint\",\"urlTemplate\":\"https:\/\/www.visit-ulcinj.com\/blog\/?s={search_term_string}\"},\"query-input\":\"required name=search_term_string\"}],\"inLanguage\":\"en-US\"},{\"@type\":\"ImageObject\",\"inLanguage\":\"en-US\",\"@id\":\"https:\/\/www.visit-ulcinj.com\/blog\/2008\/03\/27\/lack-of-plans-in-ulcinj-increases-corruption\/#primaryimage\",\"url\":\"http:\/\/www.visit-ulcinj.com\/blog\/wp-content\/uploads\/2008\/03\/uba-2.thumbnail.jpg\",\"contentUrl\":\"http:\/\/www.visit-ulcinj.com\/blog\/wp-content\/uploads\/2008\/03\/uba-2.thumbnail.jpg\"},{\"@type\":\"WebPage\",\"@id\":\"https:\/\/www.visit-ulcinj.com\/blog\/2008\/03\/27\/lack-of-plans-in-ulcinj-increases-corruption\/#webpage\",\"url\":\"https:\/\/www.visit-ulcinj.com\/blog\/2008\/03\/27\/lack-of-plans-in-ulcinj-increases-corruption\/\",\"name\":\"Lack of plans in Ulcinj increases corruption - Lajme nga Ulqini\",\"isPartOf\":{\"@id\":\"https:\/\/www.visit-ulcinj.com\/blog\/#website\"},\"primaryImageOfPage\":{\"@id\":\"https:\/\/www.visit-ulcinj.com\/blog\/2008\/03\/27\/lack-of-plans-in-ulcinj-increases-corruption\/#primaryimage\"},\"datePublished\":\"2008-03-27T20:03:29+00:00\",\"dateModified\":\"2008-03-27T20:05:22+00:00\",\"author\":{\"@id\":\"https:\/\/www.visit-ulcinj.com\/blog\/#\/schema\/person\/dcab619c614d3038751c63bc2aadc06d\"},\"breadcrumb\":{\"@id\":\"https:\/\/www.visit-ulcinj.com\/blog\/2008\/03\/27\/lack-of-plans-in-ulcinj-increases-corruption\/#breadcrumb\"},\"inLanguage\":\"en-US\",\"potentialAction\":[{\"@type\":\"ReadAction\",\"target\":[\"https:\/\/www.visit-ulcinj.com\/blog\/2008\/03\/27\/lack-of-plans-in-ulcinj-increases-corruption\/\"]}]},{\"@type\":\"BreadcrumbList\",\"@id\":\"https:\/\/www.visit-ulcinj.com\/blog\/2008\/03\/27\/lack-of-plans-in-ulcinj-increases-corruption\/#breadcrumb\",\"itemListElement\":[{\"@type\":\"ListItem\",\"position\":1,\"name\":\"Lack of plans in Ulcinj increases corruption\"}]},{\"@type\":\"Person\",\"@id\":\"https:\/\/www.visit-ulcinj.com\/blog\/#\/schema\/person\/dcab619c614d3038751c63bc2aadc06d\",\"name\":\"ulqini\",\"sameAs\":[\"http:\/\/www.visit-ulcinj.com\"],\"url\":\"https:\/\/www.visit-ulcinj.com\/blog\/author\/admin\/\"}]}<\/script>\n<!-- \/ Yoast SEO plugin. -->","yoast_head_json":{"title":"Lack of plans in Ulcinj increases corruption - Lajme nga Ulqini","robots":{"index":"index","follow":"follow","max-snippet":"max-snippet:-1","max-image-preview":"max-image-preview:large","max-video-preview":"max-video-preview:-1"},"canonical":"https:\/\/www.visit-ulcinj.com\/blog\/2008\/03\/27\/lack-of-plans-in-ulcinj-increases-corruption\/","og_locale":"en_US","og_type":"article","og_title":"Lack of plans in Ulcinj increases corruption - Lajme nga Ulqini","og_url":"https:\/\/www.visit-ulcinj.com\/blog\/2008\/03\/27\/lack-of-plans-in-ulcinj-increases-corruption\/","og_site_name":"Lajme nga Ulqini","article_published_time":"2008-03-27T20:03:29+00:00","article_modified_time":"2008-03-27T20:05:22+00:00","og_image":[{"url":"http:\/\/www.visit-ulcinj.com\/blog\/wp-content\/uploads\/2008\/03\/uba-2.thumbnail.jpg"}],"twitter_misc":{"Written by":"ulqini","Est. reading time":"3 minutes"},"schema":{"@context":"https:\/\/schema.org","@graph":[{"@type":"WebSite","@id":"https:\/\/www.visit-ulcinj.com\/blog\/#website","url":"https:\/\/www.visit-ulcinj.com\/blog\/","name":"Lajme nga Ulqini","description":"Lajme,Vijesti,Ulqini,Ulqin,Crna Gora,Mali i Zi","potentialAction":[{"@type":"SearchAction","target":{"@type":"EntryPoint","urlTemplate":"https:\/\/www.visit-ulcinj.com\/blog\/?s={search_term_string}"},"query-input":"required name=search_term_string"}],"inLanguage":"en-US"},{"@type":"ImageObject","inLanguage":"en-US","@id":"https:\/\/www.visit-ulcinj.com\/blog\/2008\/03\/27\/lack-of-plans-in-ulcinj-increases-corruption\/#primaryimage","url":"http:\/\/www.visit-ulcinj.com\/blog\/wp-content\/uploads\/2008\/03\/uba-2.thumbnail.jpg","contentUrl":"http:\/\/www.visit-ulcinj.com\/blog\/wp-content\/uploads\/2008\/03\/uba-2.thumbnail.jpg"},{"@type":"WebPage","@id":"https:\/\/www.visit-ulcinj.com\/blog\/2008\/03\/27\/lack-of-plans-in-ulcinj-increases-corruption\/#webpage","url":"https:\/\/www.visit-ulcinj.com\/blog\/2008\/03\/27\/lack-of-plans-in-ulcinj-increases-corruption\/","name":"Lack of plans in Ulcinj increases corruption - Lajme nga Ulqini","isPartOf":{"@id":"https:\/\/www.visit-ulcinj.com\/blog\/#website"},"primaryImageOfPage":{"@id":"https:\/\/www.visit-ulcinj.com\/blog\/2008\/03\/27\/lack-of-plans-in-ulcinj-increases-corruption\/#primaryimage"},"datePublished":"2008-03-27T20:03:29+00:00","dateModified":"2008-03-27T20:05:22+00:00","author":{"@id":"https:\/\/www.visit-ulcinj.com\/blog\/#\/schema\/person\/dcab619c614d3038751c63bc2aadc06d"},"breadcrumb":{"@id":"https:\/\/www.visit-ulcinj.com\/blog\/2008\/03\/27\/lack-of-plans-in-ulcinj-increases-corruption\/#breadcrumb"},"inLanguage":"en-US","potentialAction":[{"@type":"ReadAction","target":["https:\/\/www.visit-ulcinj.com\/blog\/2008\/03\/27\/lack-of-plans-in-ulcinj-increases-corruption\/"]}]},{"@type":"BreadcrumbList","@id":"https:\/\/www.visit-ulcinj.com\/blog\/2008\/03\/27\/lack-of-plans-in-ulcinj-increases-corruption\/#breadcrumb","itemListElement":[{"@type":"ListItem","position":1,"name":"Lack of plans in Ulcinj increases corruption"}]},{"@type":"Person","@id":"https:\/\/www.visit-ulcinj.com\/blog\/#\/schema\/person\/dcab619c614d3038751c63bc2aadc06d","name":"ulqini","sameAs":["http:\/\/www.visit-ulcinj.com"],"url":"https:\/\/www.visit-ulcinj.com\/blog\/author\/admin\/"}]}},"jetpack_featured_media_url":"","jetpack_sharing_enabled":true,"jetpack_shortlink":"https:\/\/wp.me\/pe6lTn-h3","_links":{"self":[{"href":"https:\/\/www.visit-ulcinj.com\/blog\/wp-json\/wp\/v2\/posts\/1057"}],"collection":[{"href":"https:\/\/www.visit-ulcinj.com\/blog\/wp-json\/wp\/v2\/posts"}],"about":[{"href":"https:\/\/www.visit-ulcinj.com\/blog\/wp-json\/wp\/v2\/types\/post"}],"author":[{"embeddable":true,"href":"https:\/\/www.visit-ulcinj.com\/blog\/wp-json\/wp\/v2\/users\/1"}],"replies":[{"embeddable":true,"href":"https:\/\/www.visit-ulcinj.com\/blog\/wp-json\/wp\/v2\/comments?post=1057"}],"version-history":[{"count":0,"href":"https:\/\/www.visit-ulcinj.com\/blog\/wp-json\/wp\/v2\/posts\/1057\/revisions"}],"wp:attachment":[{"href":"https:\/\/www.visit-ulcinj.com\/blog\/wp-json\/wp\/v2\/media?parent=1057"}],"wp:term":[{"taxonomy":"category","embeddable":true,"href":"https:\/\/www.visit-ulcinj.com\/blog\/wp-json\/wp\/v2\/categories?post=1057"},{"taxonomy":"post_tag","embeddable":true,"href":"https:\/\/www.visit-ulcinj.com\/blog\/wp-json\/wp\/v2\/tags?post=1057"}],"curies":[{"name":"wp","href":"https:\/\/api.w.org\/{rel}","templated":true}]}}