{"id":105702,"date":"2017-06-21T08:44:56","date_gmt":"2017-06-21T07:44:56","guid":{"rendered":"http:\/\/www.visit-ulcinj.com\/blog\/?p=105702"},"modified":"2017-06-21T08:44:56","modified_gmt":"2017-06-21T07:44:56","slug":"vijest-podsjecanje-tako-radi-morsko-dobro-u-budvi-u-ulcinju","status":"publish","type":"post","link":"https:\/\/www.visit-ulcinj.com\/blog\/2017\/06\/21\/vijest-podsjecanje-tako-radi-morsko-dobro-u-budvi-u-ulcinju\/","title":{"rendered":"Vijest i podsjecanje: Tako to radi Morsko dobro u Budvi i u Ulcinju"},"content":{"rendered":"<p><strong>Ju\u010de smo iz Javnog preduze\u0107a za upravljanje morskim dobrom dobili sljede\u0107u vijest i sliku:<\/strong><\/p>\n<p>\u201cU sklopu redovnih aktivnosti na odr\u017eavanju i ure\u0111enju zone morskog dobra, a shodno Planu kori\u0161\u0107enja sredstava za 2017. godinu, Javno preduze\u0107e je u periodu od od 18.05. do 16.06. 2017. godine izvr\u0161ilo radove na izradi kapije na stazi prema pla\u017ei \u201cMogren I\u201d, u op\u0161tini Budva, <strong>prenosi portal Ul.info.<\/strong><\/p>\n<p>Ugovorom je bilo predvi\u0111eno da se izvedu radovi na izradi dva arm-betonska stuba oblo\u017eena kamenim plo\u010dama , a nakon toga postavi gotova \u2013 fabri\u010dki proizvedena metalna dvokrilna kapija od inox-a, \u0161irine 3,40 m i visine 2,00 m sa fiksnim dijelom iznad, visine 40cm na kome je urezan natpis \u201cpla\u017ea Mogren\u201d. Na desnom krilu kapije postavljena je info tabla (dimenzija 60cm x 100cm) na kojoj su napisani podaci vezani za bezbjednost prolaza prema pla\u017ei.<\/p>\n<p>Ukupna vrijednost radova iznosi 4.771,90 \u20ac.<\/p>\n<p>U toku su radovi na sanaciji o\u0161te\u0107enih polja metalne ograde uz pje\u0161a\u010dku stazu, a bi\u0107e zavr\u0161eni u narednih nekoliko dana\u201d.<\/p>\n<p><a href=\"http:\/\/www.visit-ulcinj.com\/blog\/wp-content\/uploads\/2017\/06\/Mogren-Budva-Tako-to-radi-Morsko-dobro.jpg\"><img loading=\"lazy\" class=\"alignleft wp-image-105703\" src=\"http:\/\/www.visit-ulcinj.com\/blog\/wp-content\/uploads\/2017\/06\/Mogren-Budva-Tako-to-radi-Morsko-dobro.jpg\" alt=\"\" width=\"508\" height=\"286\" srcset=\"https:\/\/www.visit-ulcinj.com\/blog\/wp-content\/uploads\/2017\/06\/Mogren-Budva-Tako-to-radi-Morsko-dobro.jpg 620w, https:\/\/www.visit-ulcinj.com\/blog\/wp-content\/uploads\/2017\/06\/Mogren-Budva-Tako-to-radi-Morsko-dobro-300x169.jpg 300w\" sizes=\"(max-width: 508px) 100vw, 508px\" \/><\/a><\/p>\n<p>Dakle, ne radi se o nekim velikoj svoti. Istina je tako\u0111e da je ova investicija bila potrebna i da je lijepo izvedena.<\/p>\n<p>Ali, onda samo pomislite: a \u0161to je sa investicijama u ulcinjskoj op\u0161tini? Da li se tu realizovalo ono \u0161to je prije gotovo godinu dana zvani\u010dno najavljeno. Da ne idemo dalje.<\/p>\n<p>A re\u010deno je: \u0161etali\u0161te od hotela \u201cAlbatros\u201d do rta \u0110erane, produbljavanje korita rijeke Bojane, instalacija dizalice za plovila do 5 tona koja \u0107e biti u slu\u017ebi gra\u0111ana i njihovih potreba, poplo\u010davanje Velike skele\u2026<\/p>\n<p>Da se ne pominju velika obe\u0107anja, poput sportskog centra na Velikoj Pla\u017ei, povezivanja Port Milene sa rijekom Bojanom, hotela \u201cJadran\u201d\u2026<\/p>\n<p>Ne znamo da je bilo \u0161to drugo ura\u0111eno u ovoj godini osim produbljivanja Kaceme. I isplate Op\u0161tini 50 odsto prikupljenih sredstava.<\/p>\n<p>Kamo sre\u0107e da se bar, ali sa stilom, kao \u0161to vidimo iz ove informacije iz Budve, realizuju male investicije. Za to treba malo sredstava i malo vi\u0161e dobre volje.<strong> (M.C.)<\/strong><\/p>\n","protected":false},"excerpt":{"rendered":"<p>Ju\u010de smo iz Javnog preduze\u0107a za upravljanje morskim dobrom dobili sljede\u0107u vijest i sliku: \u201cU sklopu redovnih aktivnosti na odr\u017eavanju i ure\u0111enju zone morskog dobra, a shodno Planu kori\u0161\u0107enja sredstava za 2017. godinu, Javno preduze\u0107e je u periodu od od 18.05. do 16.06. 2017. godine izvr\u0161ilo radove na izradi kapije na stazi prema pla\u017ei \u201cMogren [&hellip;]<\/p>\n","protected":false},"author":1,"featured_media":0,"comment_status":"closed","ping_status":"closed","sticky":false,"template":"","format":"standard","meta":{"spay_email":"","jetpack_publicize_message":"","jetpack_is_tweetstorm":false,"jetpack_publicize_feature_enabled":true},"categories":[8337],"tags":[],"jetpack_publicize_connections":[],"yoast_head":"<!-- This site is optimized with the Yoast SEO plugin v19.1 - https:\/\/yoast.com\/wordpress\/plugins\/seo\/ -->\n<title>Vijest i podsjecanje: Tako to radi Morsko dobro u Budvi i u Ulcinju - Lajme nga Ulqini<\/title>\n<meta name=\"description\" content=\"Ju\u010de smo iz Javnog preduze\u0107a za upravljanje morskim dobrom dobili sljede\u0107u vijest i sliku: \u201cU sklopu redovnih aktivnosti na odr\u017eavanju i ure\u0111enju zone\" \/>\n<meta name=\"robots\" content=\"index, follow, max-snippet:-1, max-image-preview:large, max-video-preview:-1\" \/>\n<link rel=\"canonical\" href=\"https:\/\/www.visit-ulcinj.com\/blog\/2017\/06\/21\/vijest-podsjecanje-tako-radi-morsko-dobro-u-budvi-u-ulcinju\/\" \/>\n<meta property=\"og:locale\" content=\"en_US\" \/>\n<meta property=\"og:type\" content=\"article\" \/>\n<meta property=\"og:title\" content=\"Vijest i podsjecanje: Tako to radi Morsko dobro u Budvi i u Ulcinju - Lajme nga Ulqini\" \/>\n<meta property=\"og:description\" content=\"Ju\u010de smo iz Javnog preduze\u0107a za upravljanje morskim dobrom dobili sljede\u0107u vijest i sliku: \u201cU sklopu redovnih aktivnosti na odr\u017eavanju i ure\u0111enju zone\" \/>\n<meta property=\"og:url\" content=\"https:\/\/www.visit-ulcinj.com\/blog\/2017\/06\/21\/vijest-podsjecanje-tako-radi-morsko-dobro-u-budvi-u-ulcinju\/\" \/>\n<meta property=\"og:site_name\" content=\"Lajme nga Ulqini\" \/>\n<meta property=\"article:published_time\" content=\"2017-06-21T07:44:56+00:00\" \/>\n<meta property=\"og:image\" content=\"http:\/\/www.visit-ulcinj.com\/blog\/wp-content\/uploads\/2017\/06\/Mogren-Budva-Tako-to-radi-Morsko-dobro.jpg\" \/>\n<meta name=\"twitter:label1\" content=\"Written by\" \/>\n\t<meta name=\"twitter:data1\" content=\"ulqini\" \/>\n\t<meta name=\"twitter:label2\" content=\"Est. reading time\" \/>\n\t<meta name=\"twitter:data2\" content=\"2 minutes\" \/>\n<script type=\"application\/ld+json\" class=\"yoast-schema-graph\">{\"@context\":\"https:\/\/schema.org\",\"@graph\":[{\"@type\":\"WebSite\",\"@id\":\"https:\/\/www.visit-ulcinj.com\/blog\/#website\",\"url\":\"https:\/\/www.visit-ulcinj.com\/blog\/\",\"name\":\"Lajme nga Ulqini\",\"description\":\"Lajme,Vijesti,Ulqini,Ulqin,Crna Gora,Mali i Zi\",\"potentialAction\":[{\"@type\":\"SearchAction\",\"target\":{\"@type\":\"EntryPoint\",\"urlTemplate\":\"https:\/\/www.visit-ulcinj.com\/blog\/?s={search_term_string}\"},\"query-input\":\"required name=search_term_string\"}],\"inLanguage\":\"en-US\"},{\"@type\":\"ImageObject\",\"inLanguage\":\"en-US\",\"@id\":\"https:\/\/www.visit-ulcinj.com\/blog\/2017\/06\/21\/vijest-podsjecanje-tako-radi-morsko-dobro-u-budvi-u-ulcinju\/#primaryimage\",\"url\":\"https:\/\/www.visit-ulcinj.com\/blog\/wp-content\/uploads\/2017\/06\/Mogren-Budva-Tako-to-radi-Morsko-dobro.jpg\",\"contentUrl\":\"https:\/\/www.visit-ulcinj.com\/blog\/wp-content\/uploads\/2017\/06\/Mogren-Budva-Tako-to-radi-Morsko-dobro.jpg\",\"width\":620,\"height\":349},{\"@type\":\"WebPage\",\"@id\":\"https:\/\/www.visit-ulcinj.com\/blog\/2017\/06\/21\/vijest-podsjecanje-tako-radi-morsko-dobro-u-budvi-u-ulcinju\/#webpage\",\"url\":\"https:\/\/www.visit-ulcinj.com\/blog\/2017\/06\/21\/vijest-podsjecanje-tako-radi-morsko-dobro-u-budvi-u-ulcinju\/\",\"name\":\"Vijest i podsjecanje: Tako to radi Morsko dobro u Budvi i u Ulcinju - Lajme nga Ulqini\",\"isPartOf\":{\"@id\":\"https:\/\/www.visit-ulcinj.com\/blog\/#website\"},\"primaryImageOfPage\":{\"@id\":\"https:\/\/www.visit-ulcinj.com\/blog\/2017\/06\/21\/vijest-podsjecanje-tako-radi-morsko-dobro-u-budvi-u-ulcinju\/#primaryimage\"},\"datePublished\":\"2017-06-21T07:44:56+00:00\",\"dateModified\":\"2017-06-21T07:44:56+00:00\",\"author\":{\"@id\":\"https:\/\/www.visit-ulcinj.com\/blog\/#\/schema\/person\/dcab619c614d3038751c63bc2aadc06d\"},\"description\":\"Ju\u010de smo iz Javnog preduze\u0107a za upravljanje morskim dobrom dobili sljede\u0107u vijest i sliku: \u201cU sklopu redovnih aktivnosti na odr\u017eavanju i ure\u0111enju zone\",\"breadcrumb\":{\"@id\":\"https:\/\/www.visit-ulcinj.com\/blog\/2017\/06\/21\/vijest-podsjecanje-tako-radi-morsko-dobro-u-budvi-u-ulcinju\/#breadcrumb\"},\"inLanguage\":\"en-US\",\"potentialAction\":[{\"@type\":\"ReadAction\",\"target\":[\"https:\/\/www.visit-ulcinj.com\/blog\/2017\/06\/21\/vijest-podsjecanje-tako-radi-morsko-dobro-u-budvi-u-ulcinju\/\"]}]},{\"@type\":\"BreadcrumbList\",\"@id\":\"https:\/\/www.visit-ulcinj.com\/blog\/2017\/06\/21\/vijest-podsjecanje-tako-radi-morsko-dobro-u-budvi-u-ulcinju\/#breadcrumb\",\"itemListElement\":[{\"@type\":\"ListItem\",\"position\":1,\"name\":\"Vijest i podsjecanje: Tako to radi Morsko dobro u Budvi i u Ulcinju\"}]},{\"@type\":\"Person\",\"@id\":\"https:\/\/www.visit-ulcinj.com\/blog\/#\/schema\/person\/dcab619c614d3038751c63bc2aadc06d\",\"name\":\"ulqini\",\"sameAs\":[\"http:\/\/www.visit-ulcinj.com\"],\"url\":\"https:\/\/www.visit-ulcinj.com\/blog\/author\/admin\/\"}]}<\/script>\n<!-- \/ Yoast SEO plugin. -->","yoast_head_json":{"title":"Vijest i podsjecanje: Tako to radi Morsko dobro u Budvi i u Ulcinju - Lajme nga Ulqini","description":"Ju\u010de smo iz Javnog preduze\u0107a za upravljanje morskim dobrom dobili sljede\u0107u vijest i sliku: \u201cU sklopu redovnih aktivnosti na odr\u017eavanju i ure\u0111enju zone","robots":{"index":"index","follow":"follow","max-snippet":"max-snippet:-1","max-image-preview":"max-image-preview:large","max-video-preview":"max-video-preview:-1"},"canonical":"https:\/\/www.visit-ulcinj.com\/blog\/2017\/06\/21\/vijest-podsjecanje-tako-radi-morsko-dobro-u-budvi-u-ulcinju\/","og_locale":"en_US","og_type":"article","og_title":"Vijest i podsjecanje: Tako to radi Morsko dobro u Budvi i u Ulcinju - Lajme nga Ulqini","og_description":"Ju\u010de smo iz Javnog preduze\u0107a za upravljanje morskim dobrom dobili sljede\u0107u vijest i sliku: \u201cU sklopu redovnih aktivnosti na odr\u017eavanju i ure\u0111enju zone","og_url":"https:\/\/www.visit-ulcinj.com\/blog\/2017\/06\/21\/vijest-podsjecanje-tako-radi-morsko-dobro-u-budvi-u-ulcinju\/","og_site_name":"Lajme nga Ulqini","article_published_time":"2017-06-21T07:44:56+00:00","og_image":[{"url":"http:\/\/www.visit-ulcinj.com\/blog\/wp-content\/uploads\/2017\/06\/Mogren-Budva-Tako-to-radi-Morsko-dobro.jpg"}],"twitter_misc":{"Written by":"ulqini","Est. reading time":"2 minutes"},"schema":{"@context":"https:\/\/schema.org","@graph":[{"@type":"WebSite","@id":"https:\/\/www.visit-ulcinj.com\/blog\/#website","url":"https:\/\/www.visit-ulcinj.com\/blog\/","name":"Lajme nga Ulqini","description":"Lajme,Vijesti,Ulqini,Ulqin,Crna Gora,Mali i Zi","potentialAction":[{"@type":"SearchAction","target":{"@type":"EntryPoint","urlTemplate":"https:\/\/www.visit-ulcinj.com\/blog\/?s={search_term_string}"},"query-input":"required name=search_term_string"}],"inLanguage":"en-US"},{"@type":"ImageObject","inLanguage":"en-US","@id":"https:\/\/www.visit-ulcinj.com\/blog\/2017\/06\/21\/vijest-podsjecanje-tako-radi-morsko-dobro-u-budvi-u-ulcinju\/#primaryimage","url":"https:\/\/www.visit-ulcinj.com\/blog\/wp-content\/uploads\/2017\/06\/Mogren-Budva-Tako-to-radi-Morsko-dobro.jpg","contentUrl":"https:\/\/www.visit-ulcinj.com\/blog\/wp-content\/uploads\/2017\/06\/Mogren-Budva-Tako-to-radi-Morsko-dobro.jpg","width":620,"height":349},{"@type":"WebPage","@id":"https:\/\/www.visit-ulcinj.com\/blog\/2017\/06\/21\/vijest-podsjecanje-tako-radi-morsko-dobro-u-budvi-u-ulcinju\/#webpage","url":"https:\/\/www.visit-ulcinj.com\/blog\/2017\/06\/21\/vijest-podsjecanje-tako-radi-morsko-dobro-u-budvi-u-ulcinju\/","name":"Vijest i podsjecanje: Tako to radi Morsko dobro u Budvi i u Ulcinju - Lajme nga Ulqini","isPartOf":{"@id":"https:\/\/www.visit-ulcinj.com\/blog\/#website"},"primaryImageOfPage":{"@id":"https:\/\/www.visit-ulcinj.com\/blog\/2017\/06\/21\/vijest-podsjecanje-tako-radi-morsko-dobro-u-budvi-u-ulcinju\/#primaryimage"},"datePublished":"2017-06-21T07:44:56+00:00","dateModified":"2017-06-21T07:44:56+00:00","author":{"@id":"https:\/\/www.visit-ulcinj.com\/blog\/#\/schema\/person\/dcab619c614d3038751c63bc2aadc06d"},"description":"Ju\u010de smo iz Javnog preduze\u0107a za upravljanje morskim dobrom dobili sljede\u0107u vijest i sliku: \u201cU sklopu redovnih aktivnosti na odr\u017eavanju i ure\u0111enju zone","breadcrumb":{"@id":"https:\/\/www.visit-ulcinj.com\/blog\/2017\/06\/21\/vijest-podsjecanje-tako-radi-morsko-dobro-u-budvi-u-ulcinju\/#breadcrumb"},"inLanguage":"en-US","potentialAction":[{"@type":"ReadAction","target":["https:\/\/www.visit-ulcinj.com\/blog\/2017\/06\/21\/vijest-podsjecanje-tako-radi-morsko-dobro-u-budvi-u-ulcinju\/"]}]},{"@type":"BreadcrumbList","@id":"https:\/\/www.visit-ulcinj.com\/blog\/2017\/06\/21\/vijest-podsjecanje-tako-radi-morsko-dobro-u-budvi-u-ulcinju\/#breadcrumb","itemListElement":[{"@type":"ListItem","position":1,"name":"Vijest i podsjecanje: Tako to radi Morsko dobro u Budvi i u Ulcinju"}]},{"@type":"Person","@id":"https:\/\/www.visit-ulcinj.com\/blog\/#\/schema\/person\/dcab619c614d3038751c63bc2aadc06d","name":"ulqini","sameAs":["http:\/\/www.visit-ulcinj.com"],"url":"https:\/\/www.visit-ulcinj.com\/blog\/author\/admin\/"}]}},"jetpack_featured_media_url":"","jetpack_sharing_enabled":true,"jetpack_shortlink":"https:\/\/wp.me\/pe6lTn-ruS","_links":{"self":[{"href":"https:\/\/www.visit-ulcinj.com\/blog\/wp-json\/wp\/v2\/posts\/105702"}],"collection":[{"href":"https:\/\/www.visit-ulcinj.com\/blog\/wp-json\/wp\/v2\/posts"}],"about":[{"href":"https:\/\/www.visit-ulcinj.com\/blog\/wp-json\/wp\/v2\/types\/post"}],"author":[{"embeddable":true,"href":"https:\/\/www.visit-ulcinj.com\/blog\/wp-json\/wp\/v2\/users\/1"}],"replies":[{"embeddable":true,"href":"https:\/\/www.visit-ulcinj.com\/blog\/wp-json\/wp\/v2\/comments?post=105702"}],"version-history":[{"count":1,"href":"https:\/\/www.visit-ulcinj.com\/blog\/wp-json\/wp\/v2\/posts\/105702\/revisions"}],"predecessor-version":[{"id":105704,"href":"https:\/\/www.visit-ulcinj.com\/blog\/wp-json\/wp\/v2\/posts\/105702\/revisions\/105704"}],"wp:attachment":[{"href":"https:\/\/www.visit-ulcinj.com\/blog\/wp-json\/wp\/v2\/media?parent=105702"}],"wp:term":[{"taxonomy":"category","embeddable":true,"href":"https:\/\/www.visit-ulcinj.com\/blog\/wp-json\/wp\/v2\/categories?post=105702"},{"taxonomy":"post_tag","embeddable":true,"href":"https:\/\/www.visit-ulcinj.com\/blog\/wp-json\/wp\/v2\/tags?post=105702"}],"curies":[{"name":"wp","href":"https:\/\/api.w.org\/{rel}","templated":true}]}}