{"id":105705,"date":"2017-06-21T12:57:48","date_gmt":"2017-06-21T11:57:48","guid":{"rendered":"http:\/\/www.visit-ulcinj.com\/blog\/?p=105705"},"modified":"2017-06-22T13:32:38","modified_gmt":"2017-06-22T12:32:38","slug":"te-akuzuarit-e-rastit-rudoviq-coboviq-dhe-llukiq-mohojne-nuk-kemi-sulmuar-policin","status":"publish","type":"post","link":"https:\/\/www.visit-ulcinj.com\/blog\/2017\/06\/21\/te-akuzuarit-e-rastit-rudoviq-coboviq-dhe-llukiq-mohojne-nuk-kemi-sulmuar-policin\/","title":{"rendered":"T\u00eb akuzuarit e rastit \u201cRudoviq, \u00c7oboviq dhe Llukiq\u201d, mohojn\u00eb, nuk kemi sulmuar policin"},"content":{"rendered":"<p><strong><a href=\"http:\/\/www.visit-ulcinj.com\/blog\/wp-content\/uploads\/2017\/06\/Nj\u00ebsia-Speciale-e-Tivarit-zbarkon-n\u00eb-Ulqin-shtetas-amerikan-i-maltretuar.jpg\"><img loading=\"lazy\" class=\"alignleft wp-image-105641\" src=\"http:\/\/www.visit-ulcinj.com\/blog\/wp-content\/uploads\/2017\/06\/Nj\u00ebsia-Speciale-e-Tivarit-zbarkon-n\u00eb-Ulqin-shtetas-amerikan-i-maltretuar.jpg\" alt=\"\" width=\"508\" height=\"342\" srcset=\"https:\/\/www.visit-ulcinj.com\/blog\/wp-content\/uploads\/2017\/06\/Nj\u00ebsia-Speciale-e-Tivarit-zbarkon-n\u00eb-Ulqin-shtetas-amerikan-i-maltretuar.jpg 1245w, https:\/\/www.visit-ulcinj.com\/blog\/wp-content\/uploads\/2017\/06\/Nj\u00ebsia-Speciale-e-Tivarit-zbarkon-n\u00eb-Ulqin-shtetas-amerikan-i-maltretuar-300x202.jpg 300w, https:\/\/www.visit-ulcinj.com\/blog\/wp-content\/uploads\/2017\/06\/Nj\u00ebsia-Speciale-e-Tivarit-zbarkon-n\u00eb-Ulqin-shtetas-amerikan-i-maltretuar-768x518.jpg 768w, https:\/\/www.visit-ulcinj.com\/blog\/wp-content\/uploads\/2017\/06\/Nj\u00ebsia-Speciale-e-Tivarit-zbarkon-n\u00eb-Ulqin-shtetas-amerikan-i-maltretuar-1024x690.jpg 1024w\" sizes=\"(max-width: 508px) 100vw, 508px\" \/><\/a>Ulqinak\u00ebt Adrijan Rudoviq, Mirsad \u00c7oboviq dhe Viktor Llukiq kan\u00eb th\u00ebn\u00eb se nuk jan\u00eb t\u00eb lidhur me sulmin e nj\u00eb punonj\u00ebsi t\u00eb policis\u00eb n\u00eb Ulqin, raporton portali Ul.info.<\/strong><\/p>\n<p>Rudoviq dhe Llukiq t\u00eb shtun\u00ebn mbr\u00ebma u arrestuan gjat\u00eb bastisjes policore t\u00eb Nj\u00ebsis\u00eb speciale nga Tivari, \u00c7oboviq me ftes\u00eb vet erdhi n\u00eb nd\u00ebrtes\u00ebn e policis\u00eb, nd\u00ebrsa mbas dh\u00ebnies s\u00eb deklaratave jan\u00eb l\u00ebshuar t\u00eb shkojn\u00eb n\u00eb sht\u00ebpi.<\/p>\n<p>Ata n\u00eb reagim, p\u00ebrve\u00e7 t\u00eb tjerash than\u00eb se nuk kan\u00eb kryer asnj\u00eb vep\u00ebr penale, si dhe q\u00eb do t\u2019i p\u00ebrgjigjeshin n\u00eb m\u00ebnyr\u00eb t\u00eb rregullt ftes\u00ebs s\u00eb cilit do organi kompetent.<\/p>\n<p>\u201cNe jemi qytetar\u00eb shembullor\u00eb: \u00c7oboviq dhe Llukiq jan\u00eb hotelier, gjersa Rudoviq \u00ebsht\u00eb futbollist i \u201cOtrant Olimpikut\u201d. Asnj\u00ebher\u00eb nuk kishim asnj\u00ebfar\u00eb problemesh me ligjin dhe nuk jemi t\u00eb lidhur me asnj\u00ebfar\u00eb \u201cpersonash me interes p\u00ebr sigurin\u00eb\u201d, deklaruan ato.<\/p>\n<p>Shtuan q\u00eb b\u00ebhet fjal\u00eb p\u00ebr d\u00ebmtim t\u00eb r\u00ebnd\u00eb t\u00eb nderit dhe reputacionit t\u00eb tyre dhe t\u00eb familjeve t\u00eb tyre. \u201cPrandaj n\u00eb procedur\u00eb t\u00eb rregullt do t\u00eb k\u00ebrkojm\u00eb kompensim t\u00eb d\u00ebmit jomaterial\u201d, p\u00ebrfundojn\u00eb Rudoviq, \u00c7oboviq dhe Llukiq.<\/p>\n<p><strong>Ul.info<\/strong><\/p>\n<p><iframe loading=\"lazy\" src=\"\/\/www.dailymotion.com\/embed\/video\/x5rfmio?autoPlay=1\" width=\"508\" height=\"330\" frameborder=\"0\" allowfullscreen=\"allowfullscreen\"><\/iframe><\/p>\n","protected":false},"excerpt":{"rendered":"<p>Ulqinak\u00ebt Adrijan Rudoviq, Mirsad \u00c7oboviq dhe Viktor Llukiq kan\u00eb th\u00ebn\u00eb se nuk jan\u00eb t\u00eb lidhur me sulmin e nj\u00eb punonj\u00ebsi t\u00eb policis\u00eb n\u00eb Ulqin, raporton portali Ul.info. Rudoviq dhe Llukiq t\u00eb shtun\u00ebn mbr\u00ebma u arrestuan gjat\u00eb bastisjes policore t\u00eb Nj\u00ebsis\u00eb speciale nga Tivari, \u00c7oboviq me ftes\u00eb vet erdhi n\u00eb nd\u00ebrtes\u00ebn e policis\u00eb, nd\u00ebrsa mbas dh\u00ebnies [&hellip;]<\/p>\n","protected":false},"author":1,"featured_media":0,"comment_status":"closed","ping_status":"closed","sticky":false,"template":"","format":"standard","meta":{"spay_email":"","jetpack_publicize_message":"","jetpack_is_tweetstorm":false,"jetpack_publicize_feature_enabled":true},"categories":[1,14249],"tags":[],"jetpack_publicize_connections":[],"yoast_head":"<!-- This site is optimized with the Yoast SEO plugin v19.1 - https:\/\/yoast.com\/wordpress\/plugins\/seo\/ -->\n<title>T\u00eb akuzuarit e rastit \u201cRudoviq, \u00c7oboviq dhe Llukiq\u201d, mohojn\u00eb, nuk kemi sulmuar policin - Lajme nga Ulqini<\/title>\n<meta name=\"description\" content=\"Ulqinak\u00ebt Adrijan Rudoviq, Mirsad \u00c7oboviq dhe Viktor Llukiq kan\u00eb th\u00ebn\u00eb se nuk jan\u00eb t\u00eb lidhur me sulmin e nj\u00eb punonj\u00ebsi t\u00eb policis\u00eb n\u00eb Ulqin, raporton\" \/>\n<meta name=\"robots\" content=\"index, follow, max-snippet:-1, max-image-preview:large, max-video-preview:-1\" \/>\n<link rel=\"canonical\" href=\"https:\/\/www.visit-ulcinj.com\/blog\/2017\/06\/21\/te-akuzuarit-e-rastit-rudoviq-coboviq-dhe-llukiq-mohojne-nuk-kemi-sulmuar-policin\/\" \/>\n<meta property=\"og:locale\" content=\"en_US\" \/>\n<meta property=\"og:type\" content=\"article\" \/>\n<meta property=\"og:title\" content=\"T\u00eb akuzuarit e rastit \u201cRudoviq, \u00c7oboviq dhe Llukiq\u201d, mohojn\u00eb, nuk kemi sulmuar policin - Lajme nga Ulqini\" \/>\n<meta property=\"og:description\" content=\"Ulqinak\u00ebt Adrijan Rudoviq, Mirsad \u00c7oboviq dhe Viktor Llukiq kan\u00eb th\u00ebn\u00eb se nuk jan\u00eb t\u00eb lidhur me sulmin e nj\u00eb punonj\u00ebsi t\u00eb policis\u00eb n\u00eb Ulqin, raporton\" \/>\n<meta property=\"og:url\" content=\"https:\/\/www.visit-ulcinj.com\/blog\/2017\/06\/21\/te-akuzuarit-e-rastit-rudoviq-coboviq-dhe-llukiq-mohojne-nuk-kemi-sulmuar-policin\/\" \/>\n<meta property=\"og:site_name\" content=\"Lajme nga Ulqini\" \/>\n<meta property=\"article:published_time\" content=\"2017-06-21T11:57:48+00:00\" \/>\n<meta property=\"article:modified_time\" content=\"2017-06-22T12:32:38+00:00\" \/>\n<meta name=\"twitter:label1\" content=\"Written by\" \/>\n\t<meta name=\"twitter:data1\" content=\"ulqini\" \/>\n\t<meta name=\"twitter:label2\" content=\"Est. reading time\" \/>\n\t<meta name=\"twitter:data2\" content=\"1 minute\" \/>\n<script type=\"application\/ld+json\" class=\"yoast-schema-graph\">{\"@context\":\"https:\/\/schema.org\",\"@graph\":[{\"@type\":\"WebSite\",\"@id\":\"https:\/\/www.visit-ulcinj.com\/blog\/#website\",\"url\":\"https:\/\/www.visit-ulcinj.com\/blog\/\",\"name\":\"Lajme nga Ulqini\",\"description\":\"Lajme,Vijesti,Ulqini,Ulqin,Crna Gora,Mali i Zi\",\"potentialAction\":[{\"@type\":\"SearchAction\",\"target\":{\"@type\":\"EntryPoint\",\"urlTemplate\":\"https:\/\/www.visit-ulcinj.com\/blog\/?s={search_term_string}\"},\"query-input\":\"required name=search_term_string\"}],\"inLanguage\":\"en-US\"},{\"@type\":\"WebPage\",\"@id\":\"https:\/\/www.visit-ulcinj.com\/blog\/2017\/06\/21\/te-akuzuarit-e-rastit-rudoviq-coboviq-dhe-llukiq-mohojne-nuk-kemi-sulmuar-policin\/#webpage\",\"url\":\"https:\/\/www.visit-ulcinj.com\/blog\/2017\/06\/21\/te-akuzuarit-e-rastit-rudoviq-coboviq-dhe-llukiq-mohojne-nuk-kemi-sulmuar-policin\/\",\"name\":\"T\u00eb akuzuarit e rastit \u201cRudoviq, \u00c7oboviq dhe Llukiq\u201d, mohojn\u00eb, nuk kemi sulmuar policin - Lajme nga Ulqini\",\"isPartOf\":{\"@id\":\"https:\/\/www.visit-ulcinj.com\/blog\/#website\"},\"datePublished\":\"2017-06-21T11:57:48+00:00\",\"dateModified\":\"2017-06-22T12:32:38+00:00\",\"author\":{\"@id\":\"https:\/\/www.visit-ulcinj.com\/blog\/#\/schema\/person\/dcab619c614d3038751c63bc2aadc06d\"},\"description\":\"Ulqinak\u00ebt Adrijan Rudoviq, Mirsad \u00c7oboviq dhe Viktor Llukiq kan\u00eb th\u00ebn\u00eb se nuk jan\u00eb t\u00eb lidhur me sulmin e nj\u00eb punonj\u00ebsi t\u00eb policis\u00eb n\u00eb Ulqin, raporton\",\"breadcrumb\":{\"@id\":\"https:\/\/www.visit-ulcinj.com\/blog\/2017\/06\/21\/te-akuzuarit-e-rastit-rudoviq-coboviq-dhe-llukiq-mohojne-nuk-kemi-sulmuar-policin\/#breadcrumb\"},\"inLanguage\":\"en-US\",\"potentialAction\":[{\"@type\":\"ReadAction\",\"target\":[\"https:\/\/www.visit-ulcinj.com\/blog\/2017\/06\/21\/te-akuzuarit-e-rastit-rudoviq-coboviq-dhe-llukiq-mohojne-nuk-kemi-sulmuar-policin\/\"]}]},{\"@type\":\"BreadcrumbList\",\"@id\":\"https:\/\/www.visit-ulcinj.com\/blog\/2017\/06\/21\/te-akuzuarit-e-rastit-rudoviq-coboviq-dhe-llukiq-mohojne-nuk-kemi-sulmuar-policin\/#breadcrumb\",\"itemListElement\":[{\"@type\":\"ListItem\",\"position\":1,\"name\":\"T\u00eb akuzuarit e rastit \u201cRudoviq, \u00c7oboviq dhe Llukiq\u201d, mohojn\u00eb, nuk kemi sulmuar policin\"}]},{\"@type\":\"Person\",\"@id\":\"https:\/\/www.visit-ulcinj.com\/blog\/#\/schema\/person\/dcab619c614d3038751c63bc2aadc06d\",\"name\":\"ulqini\",\"sameAs\":[\"http:\/\/www.visit-ulcinj.com\"],\"url\":\"https:\/\/www.visit-ulcinj.com\/blog\/author\/admin\/\"}]}<\/script>\n<!-- \/ Yoast SEO plugin. -->","yoast_head_json":{"title":"T\u00eb akuzuarit e rastit \u201cRudoviq, \u00c7oboviq dhe Llukiq\u201d, mohojn\u00eb, nuk kemi sulmuar policin - Lajme nga Ulqini","description":"Ulqinak\u00ebt Adrijan Rudoviq, Mirsad \u00c7oboviq dhe Viktor Llukiq kan\u00eb th\u00ebn\u00eb se nuk jan\u00eb t\u00eb lidhur me sulmin e nj\u00eb punonj\u00ebsi t\u00eb policis\u00eb n\u00eb Ulqin, raporton","robots":{"index":"index","follow":"follow","max-snippet":"max-snippet:-1","max-image-preview":"max-image-preview:large","max-video-preview":"max-video-preview:-1"},"canonical":"https:\/\/www.visit-ulcinj.com\/blog\/2017\/06\/21\/te-akuzuarit-e-rastit-rudoviq-coboviq-dhe-llukiq-mohojne-nuk-kemi-sulmuar-policin\/","og_locale":"en_US","og_type":"article","og_title":"T\u00eb akuzuarit e rastit \u201cRudoviq, \u00c7oboviq dhe Llukiq\u201d, mohojn\u00eb, nuk kemi sulmuar policin - Lajme nga Ulqini","og_description":"Ulqinak\u00ebt Adrijan Rudoviq, Mirsad \u00c7oboviq dhe Viktor Llukiq kan\u00eb th\u00ebn\u00eb se nuk jan\u00eb t\u00eb lidhur me sulmin e nj\u00eb punonj\u00ebsi t\u00eb policis\u00eb n\u00eb Ulqin, raporton","og_url":"https:\/\/www.visit-ulcinj.com\/blog\/2017\/06\/21\/te-akuzuarit-e-rastit-rudoviq-coboviq-dhe-llukiq-mohojne-nuk-kemi-sulmuar-policin\/","og_site_name":"Lajme nga Ulqini","article_published_time":"2017-06-21T11:57:48+00:00","article_modified_time":"2017-06-22T12:32:38+00:00","twitter_misc":{"Written by":"ulqini","Est. reading time":"1 minute"},"schema":{"@context":"https:\/\/schema.org","@graph":[{"@type":"WebSite","@id":"https:\/\/www.visit-ulcinj.com\/blog\/#website","url":"https:\/\/www.visit-ulcinj.com\/blog\/","name":"Lajme nga Ulqini","description":"Lajme,Vijesti,Ulqini,Ulqin,Crna Gora,Mali i Zi","potentialAction":[{"@type":"SearchAction","target":{"@type":"EntryPoint","urlTemplate":"https:\/\/www.visit-ulcinj.com\/blog\/?s={search_term_string}"},"query-input":"required name=search_term_string"}],"inLanguage":"en-US"},{"@type":"WebPage","@id":"https:\/\/www.visit-ulcinj.com\/blog\/2017\/06\/21\/te-akuzuarit-e-rastit-rudoviq-coboviq-dhe-llukiq-mohojne-nuk-kemi-sulmuar-policin\/#webpage","url":"https:\/\/www.visit-ulcinj.com\/blog\/2017\/06\/21\/te-akuzuarit-e-rastit-rudoviq-coboviq-dhe-llukiq-mohojne-nuk-kemi-sulmuar-policin\/","name":"T\u00eb akuzuarit e rastit \u201cRudoviq, \u00c7oboviq dhe Llukiq\u201d, mohojn\u00eb, nuk kemi sulmuar policin - Lajme nga Ulqini","isPartOf":{"@id":"https:\/\/www.visit-ulcinj.com\/blog\/#website"},"datePublished":"2017-06-21T11:57:48+00:00","dateModified":"2017-06-22T12:32:38+00:00","author":{"@id":"https:\/\/www.visit-ulcinj.com\/blog\/#\/schema\/person\/dcab619c614d3038751c63bc2aadc06d"},"description":"Ulqinak\u00ebt Adrijan Rudoviq, Mirsad \u00c7oboviq dhe Viktor Llukiq kan\u00eb th\u00ebn\u00eb se nuk jan\u00eb t\u00eb lidhur me sulmin e nj\u00eb punonj\u00ebsi t\u00eb policis\u00eb n\u00eb Ulqin, raporton","breadcrumb":{"@id":"https:\/\/www.visit-ulcinj.com\/blog\/2017\/06\/21\/te-akuzuarit-e-rastit-rudoviq-coboviq-dhe-llukiq-mohojne-nuk-kemi-sulmuar-policin\/#breadcrumb"},"inLanguage":"en-US","potentialAction":[{"@type":"ReadAction","target":["https:\/\/www.visit-ulcinj.com\/blog\/2017\/06\/21\/te-akuzuarit-e-rastit-rudoviq-coboviq-dhe-llukiq-mohojne-nuk-kemi-sulmuar-policin\/"]}]},{"@type":"BreadcrumbList","@id":"https:\/\/www.visit-ulcinj.com\/blog\/2017\/06\/21\/te-akuzuarit-e-rastit-rudoviq-coboviq-dhe-llukiq-mohojne-nuk-kemi-sulmuar-policin\/#breadcrumb","itemListElement":[{"@type":"ListItem","position":1,"name":"T\u00eb akuzuarit e rastit \u201cRudoviq, \u00c7oboviq dhe Llukiq\u201d, mohojn\u00eb, nuk kemi sulmuar policin"}]},{"@type":"Person","@id":"https:\/\/www.visit-ulcinj.com\/blog\/#\/schema\/person\/dcab619c614d3038751c63bc2aadc06d","name":"ulqini","sameAs":["http:\/\/www.visit-ulcinj.com"],"url":"https:\/\/www.visit-ulcinj.com\/blog\/author\/admin\/"}]}},"jetpack_featured_media_url":"","jetpack_sharing_enabled":true,"jetpack_shortlink":"https:\/\/wp.me\/pe6lTn-ruV","_links":{"self":[{"href":"https:\/\/www.visit-ulcinj.com\/blog\/wp-json\/wp\/v2\/posts\/105705"}],"collection":[{"href":"https:\/\/www.visit-ulcinj.com\/blog\/wp-json\/wp\/v2\/posts"}],"about":[{"href":"https:\/\/www.visit-ulcinj.com\/blog\/wp-json\/wp\/v2\/types\/post"}],"author":[{"embeddable":true,"href":"https:\/\/www.visit-ulcinj.com\/blog\/wp-json\/wp\/v2\/users\/1"}],"replies":[{"embeddable":true,"href":"https:\/\/www.visit-ulcinj.com\/blog\/wp-json\/wp\/v2\/comments?post=105705"}],"version-history":[{"count":3,"href":"https:\/\/www.visit-ulcinj.com\/blog\/wp-json\/wp\/v2\/posts\/105705\/revisions"}],"predecessor-version":[{"id":105765,"href":"https:\/\/www.visit-ulcinj.com\/blog\/wp-json\/wp\/v2\/posts\/105705\/revisions\/105765"}],"wp:attachment":[{"href":"https:\/\/www.visit-ulcinj.com\/blog\/wp-json\/wp\/v2\/media?parent=105705"}],"wp:term":[{"taxonomy":"category","embeddable":true,"href":"https:\/\/www.visit-ulcinj.com\/blog\/wp-json\/wp\/v2\/categories?post=105705"},{"taxonomy":"post_tag","embeddable":true,"href":"https:\/\/www.visit-ulcinj.com\/blog\/wp-json\/wp\/v2\/tags?post=105705"}],"curies":[{"name":"wp","href":"https:\/\/api.w.org\/{rel}","templated":true}]}}