{"id":105708,"date":"2017-06-21T13:27:43","date_gmt":"2017-06-21T12:27:43","guid":{"rendered":"http:\/\/www.visit-ulcinj.com\/blog\/?p=105708"},"modified":"2017-06-21T13:27:43","modified_gmt":"2017-06-21T12:27:43","slug":"nika-ulqinaket-kerkojne-shkarkimin-e-zadhenes-komandantit-te-policise","status":"publish","type":"post","link":"https:\/\/www.visit-ulcinj.com\/blog\/2017\/06\/21\/nika-ulqinaket-kerkojne-shkarkimin-e-zadhenes-komandantit-te-policise\/","title":{"rendered":"Nika: Ulqinak\u00ebt k\u00ebrkojn\u00eb shkarkimin e zadhenes komandantit t\u00eb policis\u00eb"},"content":{"rendered":"<p><strong>\u00a0Shkruan Muhamet Nika<\/strong><\/p>\n<p>Sot\u00a0 n\u00ebp\u00ebr\u00a0 lokalet e qytetit , objekte afariste\u00a0 dhe\u00a0 institucione t\u00eb ndryshme filloi mbledhja e n\u00ebnshkrimeve\u00a0 \u00a0p\u00ebr\u00a0 zhgarkimin e\u00a0 z\u00ebv\u00ebnd\u00ebs komandantit \u00a0t\u00eb policis\u00eb s\u00eb qytetit p\u00ebr\u00a0 shkak\u00a0 t\u00eb p\u00ebrgjegj\u00ebsis\u00eb s\u00eb tij\u00a0\u00a0 n\u00eb lidhje\u00a0 me \u00a0nd\u00ebrhyrjet \u00a0e \u00a0dhunshme policore \u00a0\u00a0q\u00eb u kryen n\u00eb klube t\u00eb nat\u00ebs\u00a0 ku gravitojn\u00eb\u00a0 t\u00eb rinjt\u00eb.<\/p>\n<p>Opinioni\u00a0 tash m\u00eb \u00ebsht\u00eb i njohur p\u00ebr rastin\u00a0 e maltretimeve\u00a0 t\u00eb minoren\u00ebve t\u00eb qytetit pa arsye \u00a0nga ana e policis\u00eb.<\/p>\n<p>Dhe \u00a0k\u00ebshtu, krijohet p\u00ebrshtypja\u00a0 q\u00eb deri sa \u00a0\u00a0filloi\u00a0 t\u00eb rritej\u00a0 brezi m\u00eb i ri i f\u00ebmij\u00ebve tan\u00eb i pa frik\u00ebsuar\u00a0 nga torturat e shpeshta\u00a0 t\u00eb k\u00ebsaj natyre \u00a0t\u00eb shekullit q\u00eb shkoi\u00a0 mbi ne&#8230; , ngjau\u00a0 \u00a0s\u00ebrish dhuna mbi ta ?!! Sa p\u00ebr t\u00eb treguar \u00a0k\u00ebshtu q\u00eb e kaluara\u00a0 mund t\u00eb p\u00ebrs\u00ebritet\u00a0 nga uniformat policore n\u00eb formacion nj\u00eb nacional(joshqiptar) mbi shqiptar\u00eb&#8230;?!!<\/p>\n<p>Habit\u00a0 fakti\u00a0 se si \u00a0\u00a0policia u shpreh se nuk do t\u00eb marr\u00eb m\u00ebsime p\u00ebr sjelljet e veta\u00a0 nga politika . Andaj edhe peticioni\u00a0 del t\u00eb jet\u00eb\u00a0 nj\u00eb reagim \u00a0i kuptuesh\u00ebm nga populli\u00a0\u00a0 p\u00ebr t\u00eb dh\u00ebn\u00eb \u00a0m\u00ebsim .<\/p>\n<p>Insiativa qytetare nis \u00a0\u00a0me motivacionin se \u00a0\u00a0jan\u00eb\u00a0 kund\u00ebr z\u00ebvend\u00ebskomandantit\u00a0 t\u00eb policis\u00eb n\u00eb Ulqin nga se \u201c jemi kund\u00ebr\u00a0 tortur\u00ebs, kund\u00ebr shkeljes s\u00eb t\u00eb drejtave\u00a0 dhe lirive elementare , maltretimeve \u00a0dhe shfryerjes s\u00eb epsheve\u201d.<\/p>\n<p>Me k\u00ebt\u00eb nisiativ\u00eb qytetare\u00a0 &#8211; mbase e para e k\u00ebtij lloji n\u00eb qytet , \u00a0sipas neve , shprehet\u00a0 tendenca\u00a0 \u00a0e institucionalizimit\u00a0 t\u00eb k\u00ebsaj ngjarje nga populli\u00a0 e cila\u00a0 ka mbetur \u00a0e pa zbardhur \u00a0n\u00eb\u00a0 vakumin misterioz\u00a0 t\u00eb shtyllave t\u00eb pushtetit \u00a0\u00a0duke\u00a0\u00a0 krijuar premisa pasigurie dhe konfliktualiteti t\u00eb koh\u00ebve t\u00eb shkuara q\u00eb\u00a0 jeton akoma.<\/p>\n<p><a href=\"http:\/\/www.visit-ulcinj.com\/blog\/wp-content\/uploads\/2017\/06\/Ulqinak\u00ebt-k\u00ebrkojn\u00eb-shkarkimin-e-zadhenes-komandantit-t\u00eb-policis\u00eb.jpg\"><img loading=\"lazy\" class=\"alignleft wp-image-105709\" src=\"http:\/\/www.visit-ulcinj.com\/blog\/wp-content\/uploads\/2017\/06\/Ulqinak\u00ebt-k\u00ebrkojn\u00eb-shkarkimin-e-zadhenes-komandantit-t\u00eb-policis\u00eb.jpg\" alt=\"\" width=\"508\" height=\"510\" srcset=\"https:\/\/www.visit-ulcinj.com\/blog\/wp-content\/uploads\/2017\/06\/Ulqinak\u00ebt-k\u00ebrkojn\u00eb-shkarkimin-e-zadhenes-komandantit-t\u00eb-policis\u00eb.jpg 596w, https:\/\/www.visit-ulcinj.com\/blog\/wp-content\/uploads\/2017\/06\/Ulqinak\u00ebt-k\u00ebrkojn\u00eb-shkarkimin-e-zadhenes-komandantit-t\u00eb-policis\u00eb-150x150.jpg 150w, https:\/\/www.visit-ulcinj.com\/blog\/wp-content\/uploads\/2017\/06\/Ulqinak\u00ebt-k\u00ebrkojn\u00eb-shkarkimin-e-zadhenes-komandantit-t\u00eb-policis\u00eb-300x300.jpg 300w\" sizes=\"(max-width: 508px) 100vw, 508px\" \/><\/a><\/p>\n","protected":false},"excerpt":{"rendered":"<p>\u00a0Shkruan Muhamet Nika Sot\u00a0 n\u00ebp\u00ebr\u00a0 lokalet e qytetit , objekte afariste\u00a0 dhe\u00a0 institucione t\u00eb ndryshme filloi mbledhja e n\u00ebnshkrimeve\u00a0 \u00a0p\u00ebr\u00a0 zhgarkimin e\u00a0 z\u00ebv\u00ebnd\u00ebs komandantit \u00a0t\u00eb policis\u00eb s\u00eb qytetit p\u00ebr\u00a0 shkak\u00a0 t\u00eb p\u00ebrgjegj\u00ebsis\u00eb s\u00eb tij\u00a0\u00a0 n\u00eb lidhje\u00a0 me \u00a0nd\u00ebrhyrjet \u00a0e \u00a0dhunshme policore \u00a0\u00a0q\u00eb u kryen n\u00eb klube t\u00eb nat\u00ebs\u00a0 ku gravitojn\u00eb\u00a0 t\u00eb rinjt\u00eb. Opinioni\u00a0 tash m\u00eb [&hellip;]<\/p>\n","protected":false},"author":1,"featured_media":0,"comment_status":"closed","ping_status":"closed","sticky":false,"template":"","format":"standard","meta":{"spay_email":"","jetpack_publicize_message":"","jetpack_is_tweetstorm":false,"jetpack_publicize_feature_enabled":true},"categories":[8],"tags":[],"jetpack_publicize_connections":[],"yoast_head":"<!-- This site is optimized with the Yoast SEO plugin v19.1 - https:\/\/yoast.com\/wordpress\/plugins\/seo\/ -->\n<title>Nika: Ulqinak\u00ebt k\u00ebrkojn\u00eb shkarkimin e zadhenes komandantit t\u00eb policis\u00eb - Lajme nga Ulqini<\/title>\n<meta name=\"description\" content=\"\u00a0Shkruan Muhamet Nika Sot\u00a0 n\u00ebp\u00ebr\u00a0 lokalet e qytetit , objekte afariste\u00a0 dhe\u00a0 institucione t\u00eb ndryshme filloi mbledhja e n\u00ebnshkrimeve\u00a0 \u00a0p\u00ebr\u00a0 zhgarkimin e\u00a0\" \/>\n<meta name=\"robots\" content=\"index, follow, max-snippet:-1, max-image-preview:large, max-video-preview:-1\" \/>\n<link rel=\"canonical\" href=\"https:\/\/www.visit-ulcinj.com\/blog\/2017\/06\/21\/nika-ulqinaket-kerkojne-shkarkimin-e-zadhenes-komandantit-te-policise\/\" \/>\n<meta property=\"og:locale\" content=\"en_US\" \/>\n<meta property=\"og:type\" content=\"article\" \/>\n<meta property=\"og:title\" content=\"Nika: Ulqinak\u00ebt k\u00ebrkojn\u00eb shkarkimin e zadhenes komandantit t\u00eb policis\u00eb - Lajme nga Ulqini\" \/>\n<meta property=\"og:description\" content=\"\u00a0Shkruan Muhamet Nika Sot\u00a0 n\u00ebp\u00ebr\u00a0 lokalet e qytetit , objekte afariste\u00a0 dhe\u00a0 institucione t\u00eb ndryshme filloi mbledhja e n\u00ebnshkrimeve\u00a0 \u00a0p\u00ebr\u00a0 zhgarkimin e\u00a0\" \/>\n<meta property=\"og:url\" content=\"https:\/\/www.visit-ulcinj.com\/blog\/2017\/06\/21\/nika-ulqinaket-kerkojne-shkarkimin-e-zadhenes-komandantit-te-policise\/\" \/>\n<meta property=\"og:site_name\" content=\"Lajme nga Ulqini\" \/>\n<meta property=\"article:published_time\" content=\"2017-06-21T12:27:43+00:00\" \/>\n<meta name=\"twitter:label1\" content=\"Written by\" \/>\n\t<meta name=\"twitter:data1\" content=\"ulqini\" \/>\n\t<meta name=\"twitter:label2\" content=\"Est. reading time\" \/>\n\t<meta name=\"twitter:data2\" content=\"1 minute\" \/>\n<script type=\"application\/ld+json\" class=\"yoast-schema-graph\">{\"@context\":\"https:\/\/schema.org\",\"@graph\":[{\"@type\":\"WebSite\",\"@id\":\"https:\/\/www.visit-ulcinj.com\/blog\/#website\",\"url\":\"https:\/\/www.visit-ulcinj.com\/blog\/\",\"name\":\"Lajme nga Ulqini\",\"description\":\"Lajme,Vijesti,Ulqini,Ulqin,Crna Gora,Mali i Zi\",\"potentialAction\":[{\"@type\":\"SearchAction\",\"target\":{\"@type\":\"EntryPoint\",\"urlTemplate\":\"https:\/\/www.visit-ulcinj.com\/blog\/?s={search_term_string}\"},\"query-input\":\"required name=search_term_string\"}],\"inLanguage\":\"en-US\"},{\"@type\":\"WebPage\",\"@id\":\"https:\/\/www.visit-ulcinj.com\/blog\/2017\/06\/21\/nika-ulqinaket-kerkojne-shkarkimin-e-zadhenes-komandantit-te-policise\/#webpage\",\"url\":\"https:\/\/www.visit-ulcinj.com\/blog\/2017\/06\/21\/nika-ulqinaket-kerkojne-shkarkimin-e-zadhenes-komandantit-te-policise\/\",\"name\":\"Nika: Ulqinak\u00ebt k\u00ebrkojn\u00eb shkarkimin e zadhenes komandantit t\u00eb policis\u00eb - Lajme nga Ulqini\",\"isPartOf\":{\"@id\":\"https:\/\/www.visit-ulcinj.com\/blog\/#website\"},\"datePublished\":\"2017-06-21T12:27:43+00:00\",\"dateModified\":\"2017-06-21T12:27:43+00:00\",\"author\":{\"@id\":\"https:\/\/www.visit-ulcinj.com\/blog\/#\/schema\/person\/dcab619c614d3038751c63bc2aadc06d\"},\"description\":\"\u00a0Shkruan Muhamet Nika Sot\u00a0 n\u00ebp\u00ebr\u00a0 lokalet e qytetit , objekte afariste\u00a0 dhe\u00a0 institucione t\u00eb ndryshme filloi mbledhja e n\u00ebnshkrimeve\u00a0 \u00a0p\u00ebr\u00a0 zhgarkimin e\u00a0\",\"breadcrumb\":{\"@id\":\"https:\/\/www.visit-ulcinj.com\/blog\/2017\/06\/21\/nika-ulqinaket-kerkojne-shkarkimin-e-zadhenes-komandantit-te-policise\/#breadcrumb\"},\"inLanguage\":\"en-US\",\"potentialAction\":[{\"@type\":\"ReadAction\",\"target\":[\"https:\/\/www.visit-ulcinj.com\/blog\/2017\/06\/21\/nika-ulqinaket-kerkojne-shkarkimin-e-zadhenes-komandantit-te-policise\/\"]}]},{\"@type\":\"BreadcrumbList\",\"@id\":\"https:\/\/www.visit-ulcinj.com\/blog\/2017\/06\/21\/nika-ulqinaket-kerkojne-shkarkimin-e-zadhenes-komandantit-te-policise\/#breadcrumb\",\"itemListElement\":[{\"@type\":\"ListItem\",\"position\":1,\"name\":\"Nika: Ulqinak\u00ebt k\u00ebrkojn\u00eb shkarkimin e zadhenes komandantit t\u00eb policis\u00eb\"}]},{\"@type\":\"Person\",\"@id\":\"https:\/\/www.visit-ulcinj.com\/blog\/#\/schema\/person\/dcab619c614d3038751c63bc2aadc06d\",\"name\":\"ulqini\",\"sameAs\":[\"http:\/\/www.visit-ulcinj.com\"],\"url\":\"https:\/\/www.visit-ulcinj.com\/blog\/author\/admin\/\"}]}<\/script>\n<!-- \/ Yoast SEO plugin. -->","yoast_head_json":{"title":"Nika: Ulqinak\u00ebt k\u00ebrkojn\u00eb shkarkimin e zadhenes komandantit t\u00eb policis\u00eb - Lajme nga Ulqini","description":"\u00a0Shkruan Muhamet Nika Sot\u00a0 n\u00ebp\u00ebr\u00a0 lokalet e qytetit , objekte afariste\u00a0 dhe\u00a0 institucione t\u00eb ndryshme filloi mbledhja e n\u00ebnshkrimeve\u00a0 \u00a0p\u00ebr\u00a0 zhgarkimin e\u00a0","robots":{"index":"index","follow":"follow","max-snippet":"max-snippet:-1","max-image-preview":"max-image-preview:large","max-video-preview":"max-video-preview:-1"},"canonical":"https:\/\/www.visit-ulcinj.com\/blog\/2017\/06\/21\/nika-ulqinaket-kerkojne-shkarkimin-e-zadhenes-komandantit-te-policise\/","og_locale":"en_US","og_type":"article","og_title":"Nika: Ulqinak\u00ebt k\u00ebrkojn\u00eb shkarkimin e zadhenes komandantit t\u00eb policis\u00eb - Lajme nga Ulqini","og_description":"\u00a0Shkruan Muhamet Nika Sot\u00a0 n\u00ebp\u00ebr\u00a0 lokalet e qytetit , objekte afariste\u00a0 dhe\u00a0 institucione t\u00eb ndryshme filloi mbledhja e n\u00ebnshkrimeve\u00a0 \u00a0p\u00ebr\u00a0 zhgarkimin e\u00a0","og_url":"https:\/\/www.visit-ulcinj.com\/blog\/2017\/06\/21\/nika-ulqinaket-kerkojne-shkarkimin-e-zadhenes-komandantit-te-policise\/","og_site_name":"Lajme nga Ulqini","article_published_time":"2017-06-21T12:27:43+00:00","twitter_misc":{"Written by":"ulqini","Est. reading time":"1 minute"},"schema":{"@context":"https:\/\/schema.org","@graph":[{"@type":"WebSite","@id":"https:\/\/www.visit-ulcinj.com\/blog\/#website","url":"https:\/\/www.visit-ulcinj.com\/blog\/","name":"Lajme nga Ulqini","description":"Lajme,Vijesti,Ulqini,Ulqin,Crna Gora,Mali i Zi","potentialAction":[{"@type":"SearchAction","target":{"@type":"EntryPoint","urlTemplate":"https:\/\/www.visit-ulcinj.com\/blog\/?s={search_term_string}"},"query-input":"required name=search_term_string"}],"inLanguage":"en-US"},{"@type":"WebPage","@id":"https:\/\/www.visit-ulcinj.com\/blog\/2017\/06\/21\/nika-ulqinaket-kerkojne-shkarkimin-e-zadhenes-komandantit-te-policise\/#webpage","url":"https:\/\/www.visit-ulcinj.com\/blog\/2017\/06\/21\/nika-ulqinaket-kerkojne-shkarkimin-e-zadhenes-komandantit-te-policise\/","name":"Nika: Ulqinak\u00ebt k\u00ebrkojn\u00eb shkarkimin e zadhenes komandantit t\u00eb policis\u00eb - Lajme nga Ulqini","isPartOf":{"@id":"https:\/\/www.visit-ulcinj.com\/blog\/#website"},"datePublished":"2017-06-21T12:27:43+00:00","dateModified":"2017-06-21T12:27:43+00:00","author":{"@id":"https:\/\/www.visit-ulcinj.com\/blog\/#\/schema\/person\/dcab619c614d3038751c63bc2aadc06d"},"description":"\u00a0Shkruan Muhamet Nika Sot\u00a0 n\u00ebp\u00ebr\u00a0 lokalet e qytetit , objekte afariste\u00a0 dhe\u00a0 institucione t\u00eb ndryshme filloi mbledhja e n\u00ebnshkrimeve\u00a0 \u00a0p\u00ebr\u00a0 zhgarkimin e\u00a0","breadcrumb":{"@id":"https:\/\/www.visit-ulcinj.com\/blog\/2017\/06\/21\/nika-ulqinaket-kerkojne-shkarkimin-e-zadhenes-komandantit-te-policise\/#breadcrumb"},"inLanguage":"en-US","potentialAction":[{"@type":"ReadAction","target":["https:\/\/www.visit-ulcinj.com\/blog\/2017\/06\/21\/nika-ulqinaket-kerkojne-shkarkimin-e-zadhenes-komandantit-te-policise\/"]}]},{"@type":"BreadcrumbList","@id":"https:\/\/www.visit-ulcinj.com\/blog\/2017\/06\/21\/nika-ulqinaket-kerkojne-shkarkimin-e-zadhenes-komandantit-te-policise\/#breadcrumb","itemListElement":[{"@type":"ListItem","position":1,"name":"Nika: Ulqinak\u00ebt k\u00ebrkojn\u00eb shkarkimin e zadhenes komandantit t\u00eb policis\u00eb"}]},{"@type":"Person","@id":"https:\/\/www.visit-ulcinj.com\/blog\/#\/schema\/person\/dcab619c614d3038751c63bc2aadc06d","name":"ulqini","sameAs":["http:\/\/www.visit-ulcinj.com"],"url":"https:\/\/www.visit-ulcinj.com\/blog\/author\/admin\/"}]}},"jetpack_featured_media_url":"","jetpack_sharing_enabled":true,"jetpack_shortlink":"https:\/\/wp.me\/pe6lTn-ruY","_links":{"self":[{"href":"https:\/\/www.visit-ulcinj.com\/blog\/wp-json\/wp\/v2\/posts\/105708"}],"collection":[{"href":"https:\/\/www.visit-ulcinj.com\/blog\/wp-json\/wp\/v2\/posts"}],"about":[{"href":"https:\/\/www.visit-ulcinj.com\/blog\/wp-json\/wp\/v2\/types\/post"}],"author":[{"embeddable":true,"href":"https:\/\/www.visit-ulcinj.com\/blog\/wp-json\/wp\/v2\/users\/1"}],"replies":[{"embeddable":true,"href":"https:\/\/www.visit-ulcinj.com\/blog\/wp-json\/wp\/v2\/comments?post=105708"}],"version-history":[{"count":1,"href":"https:\/\/www.visit-ulcinj.com\/blog\/wp-json\/wp\/v2\/posts\/105708\/revisions"}],"predecessor-version":[{"id":105710,"href":"https:\/\/www.visit-ulcinj.com\/blog\/wp-json\/wp\/v2\/posts\/105708\/revisions\/105710"}],"wp:attachment":[{"href":"https:\/\/www.visit-ulcinj.com\/blog\/wp-json\/wp\/v2\/media?parent=105708"}],"wp:term":[{"taxonomy":"category","embeddable":true,"href":"https:\/\/www.visit-ulcinj.com\/blog\/wp-json\/wp\/v2\/categories?post=105708"},{"taxonomy":"post_tag","embeddable":true,"href":"https:\/\/www.visit-ulcinj.com\/blog\/wp-json\/wp\/v2\/tags?post=105708"}],"curies":[{"name":"wp","href":"https:\/\/api.w.org\/{rel}","templated":true}]}}