{"id":105717,"date":"2017-06-21T14:18:23","date_gmt":"2017-06-21T13:18:23","guid":{"rendered":"http:\/\/www.visit-ulcinj.com\/blog\/?p=105717"},"modified":"2017-06-21T14:18:23","modified_gmt":"2017-06-21T13:18:23","slug":"bereqeti-mexhlisit-te-bashkesise-islame-ne-ulqin-shperndan-serish-ndihma","status":"publish","type":"post","link":"https:\/\/www.visit-ulcinj.com\/blog\/2017\/06\/21\/bereqeti-mexhlisit-te-bashkesise-islame-ne-ulqin-shperndan-serish-ndihma\/","title":{"rendered":"Bereqeti i Mexhlisit te Bashkesise islame ne Ulqin, shp\u00ebrndan s\u00ebrish ndihma"},"content":{"rendered":"<p><strong><a href=\"http:\/\/www.visit-ulcinj.com\/blog\/wp-content\/uploads\/2017\/06\/Bereqeti-i-Mexhlisit-te-Bashkesise-islame-ne-Ulqin-shp\u00ebrndan-s\u00ebrish-ndihma.jpg\"><img loading=\"lazy\" class=\"alignleft wp-image-105718\" src=\"http:\/\/www.visit-ulcinj.com\/blog\/wp-content\/uploads\/2017\/06\/Bereqeti-i-Mexhlisit-te-Bashkesise-islame-ne-Ulqin-shp\u00ebrndan-s\u00ebrish-ndihma.jpg\" alt=\"\" width=\"508\" height=\"328\" srcset=\"https:\/\/www.visit-ulcinj.com\/blog\/wp-content\/uploads\/2017\/06\/Bereqeti-i-Mexhlisit-te-Bashkesise-islame-ne-Ulqin-shp\u00ebrndan-s\u00ebrish-ndihma.jpg 923w, https:\/\/www.visit-ulcinj.com\/blog\/wp-content\/uploads\/2017\/06\/Bereqeti-i-Mexhlisit-te-Bashkesise-islame-ne-Ulqin-shp\u00ebrndan-s\u00ebrish-ndihma-300x194.jpg 300w, https:\/\/www.visit-ulcinj.com\/blog\/wp-content\/uploads\/2017\/06\/Bereqeti-i-Mexhlisit-te-Bashkesise-islame-ne-Ulqin-shp\u00ebrndan-s\u00ebrish-ndihma-768x496.jpg 768w\" sizes=\"(max-width: 508px) 100vw, 508px\" \/><\/a>Bereqeti s\u00ebrish shp\u00ebrndan ndihma. Sot dhe nes\u00ebr do t\u00eb realizohet shp\u00ebrndarja e 101 pakove ushqimore p\u00ebr familjet n\u00eb nevoj\u00eb n\u00eb vler\u00eb prej 25 eur, raporton portali i Bashkesise islame ne Ulqin, Islam-ul.com.<\/strong><\/p>\n<p>Donatori i cili \u00ebsht\u00eb v\u00ebndas i yni dhe d\u00ebshiron t\u00eb mbet\u00ebt anonim, ka ofruar shum\u00ebn e duhur t\u00eb t\u00eb hollave n\u00eb m\u00ebnyr\u00eb q\u00eb t\u00eb sigurohen artikuj t\u00eb nevojsh\u00ebm ushqimor p\u00ebr familjet nevojtare.<\/p>\n<p>Fundi i muajit t\u00eb madh\u00ebruar t\u00eb Ramaanit ka b\u00ebr\u00eb q\u00eb t\u00eb intensifikohen aktivitetet humanitare. Kryetari i Bereqetit h.Mirsad ef. Mu\u00e7aj shprehet i k\u00ebnaqur me k\u00ebto donacione t\u00eb cilat shkojn\u00eb p\u00ebr nevojtar\u00ebt ndersa realizohen me ndermjet\u00ebsimin e Bereqetit dhe i\u2019u falenderohet t\u00eb gjith\u00eb donator\u00ebve t\u00eb cil\u00ebt kan\u00eb treguar besim tek Bereqeti q\u00eb t\u00eb menaxhoj\u00eb dhe realizoj\u00eb zekatin apo sadakan\u00eb e tyre.<\/p>\n","protected":false},"excerpt":{"rendered":"<p>Bereqeti s\u00ebrish shp\u00ebrndan ndihma. Sot dhe nes\u00ebr do t\u00eb realizohet shp\u00ebrndarja e 101 pakove ushqimore p\u00ebr familjet n\u00eb nevoj\u00eb n\u00eb vler\u00eb prej 25 eur, raporton portali i Bashkesise islame ne Ulqin, Islam-ul.com. Donatori i cili \u00ebsht\u00eb v\u00ebndas i yni dhe d\u00ebshiron t\u00eb mbet\u00ebt anonim, ka ofruar shum\u00ebn e duhur t\u00eb t\u00eb hollave n\u00eb m\u00ebnyr\u00eb q\u00eb [&hellip;]<\/p>\n","protected":false},"author":1,"featured_media":0,"comment_status":"closed","ping_status":"closed","sticky":false,"template":"","format":"standard","meta":{"spay_email":"","jetpack_publicize_message":"","jetpack_is_tweetstorm":false,"jetpack_publicize_feature_enabled":true},"categories":[11],"tags":[],"jetpack_publicize_connections":[],"yoast_head":"<!-- This site is optimized with the Yoast SEO plugin v19.1 - https:\/\/yoast.com\/wordpress\/plugins\/seo\/ -->\n<title>Bereqeti i Mexhlisit te Bashkesise islame ne Ulqin, shp\u00ebrndan s\u00ebrish ndihma - Lajme nga Ulqini<\/title>\n<meta name=\"description\" content=\"Bereqeti s\u00ebrish shp\u00ebrndan ndihma. Sot dhe nes\u00ebr do t\u00eb realizohet shp\u00ebrndarja e 101 pakove ushqimore p\u00ebr familjet n\u00eb nevoj\u00eb n\u00eb vler\u00eb prej 25 eur, raporton\" \/>\n<meta name=\"robots\" content=\"index, follow, max-snippet:-1, max-image-preview:large, max-video-preview:-1\" \/>\n<link rel=\"canonical\" href=\"https:\/\/www.visit-ulcinj.com\/blog\/2017\/06\/21\/bereqeti-mexhlisit-te-bashkesise-islame-ne-ulqin-shperndan-serish-ndihma\/\" \/>\n<meta property=\"og:locale\" content=\"en_US\" \/>\n<meta property=\"og:type\" content=\"article\" \/>\n<meta property=\"og:title\" content=\"Bereqeti i Mexhlisit te Bashkesise islame ne Ulqin, shp\u00ebrndan s\u00ebrish ndihma - Lajme nga Ulqini\" \/>\n<meta property=\"og:description\" content=\"Bereqeti s\u00ebrish shp\u00ebrndan ndihma. Sot dhe nes\u00ebr do t\u00eb realizohet shp\u00ebrndarja e 101 pakove ushqimore p\u00ebr familjet n\u00eb nevoj\u00eb n\u00eb vler\u00eb prej 25 eur, raporton\" \/>\n<meta property=\"og:url\" content=\"https:\/\/www.visit-ulcinj.com\/blog\/2017\/06\/21\/bereqeti-mexhlisit-te-bashkesise-islame-ne-ulqin-shperndan-serish-ndihma\/\" \/>\n<meta property=\"og:site_name\" content=\"Lajme nga Ulqini\" \/>\n<meta property=\"article:published_time\" content=\"2017-06-21T13:18:23+00:00\" \/>\n<meta name=\"twitter:label1\" content=\"Written by\" \/>\n\t<meta name=\"twitter:data1\" content=\"ulqini\" \/>\n\t<meta name=\"twitter:label2\" content=\"Est. reading time\" \/>\n\t<meta name=\"twitter:data2\" content=\"1 minute\" \/>\n<script type=\"application\/ld+json\" class=\"yoast-schema-graph\">{\"@context\":\"https:\/\/schema.org\",\"@graph\":[{\"@type\":\"WebSite\",\"@id\":\"https:\/\/www.visit-ulcinj.com\/blog\/#website\",\"url\":\"https:\/\/www.visit-ulcinj.com\/blog\/\",\"name\":\"Lajme nga Ulqini\",\"description\":\"Lajme,Vijesti,Ulqini,Ulqin,Crna Gora,Mali i Zi\",\"potentialAction\":[{\"@type\":\"SearchAction\",\"target\":{\"@type\":\"EntryPoint\",\"urlTemplate\":\"https:\/\/www.visit-ulcinj.com\/blog\/?s={search_term_string}\"},\"query-input\":\"required name=search_term_string\"}],\"inLanguage\":\"en-US\"},{\"@type\":\"WebPage\",\"@id\":\"https:\/\/www.visit-ulcinj.com\/blog\/2017\/06\/21\/bereqeti-mexhlisit-te-bashkesise-islame-ne-ulqin-shperndan-serish-ndihma\/#webpage\",\"url\":\"https:\/\/www.visit-ulcinj.com\/blog\/2017\/06\/21\/bereqeti-mexhlisit-te-bashkesise-islame-ne-ulqin-shperndan-serish-ndihma\/\",\"name\":\"Bereqeti i Mexhlisit te Bashkesise islame ne Ulqin, shp\u00ebrndan s\u00ebrish ndihma - Lajme nga Ulqini\",\"isPartOf\":{\"@id\":\"https:\/\/www.visit-ulcinj.com\/blog\/#website\"},\"datePublished\":\"2017-06-21T13:18:23+00:00\",\"dateModified\":\"2017-06-21T13:18:23+00:00\",\"author\":{\"@id\":\"https:\/\/www.visit-ulcinj.com\/blog\/#\/schema\/person\/dcab619c614d3038751c63bc2aadc06d\"},\"description\":\"Bereqeti s\u00ebrish shp\u00ebrndan ndihma. Sot dhe nes\u00ebr do t\u00eb realizohet shp\u00ebrndarja e 101 pakove ushqimore p\u00ebr familjet n\u00eb nevoj\u00eb n\u00eb vler\u00eb prej 25 eur, raporton\",\"breadcrumb\":{\"@id\":\"https:\/\/www.visit-ulcinj.com\/blog\/2017\/06\/21\/bereqeti-mexhlisit-te-bashkesise-islame-ne-ulqin-shperndan-serish-ndihma\/#breadcrumb\"},\"inLanguage\":\"en-US\",\"potentialAction\":[{\"@type\":\"ReadAction\",\"target\":[\"https:\/\/www.visit-ulcinj.com\/blog\/2017\/06\/21\/bereqeti-mexhlisit-te-bashkesise-islame-ne-ulqin-shperndan-serish-ndihma\/\"]}]},{\"@type\":\"BreadcrumbList\",\"@id\":\"https:\/\/www.visit-ulcinj.com\/blog\/2017\/06\/21\/bereqeti-mexhlisit-te-bashkesise-islame-ne-ulqin-shperndan-serish-ndihma\/#breadcrumb\",\"itemListElement\":[{\"@type\":\"ListItem\",\"position\":1,\"name\":\"Bereqeti i Mexhlisit te Bashkesise islame ne Ulqin, shp\u00ebrndan s\u00ebrish ndihma\"}]},{\"@type\":\"Person\",\"@id\":\"https:\/\/www.visit-ulcinj.com\/blog\/#\/schema\/person\/dcab619c614d3038751c63bc2aadc06d\",\"name\":\"ulqini\",\"sameAs\":[\"http:\/\/www.visit-ulcinj.com\"],\"url\":\"https:\/\/www.visit-ulcinj.com\/blog\/author\/admin\/\"}]}<\/script>\n<!-- \/ Yoast SEO plugin. -->","yoast_head_json":{"title":"Bereqeti i Mexhlisit te Bashkesise islame ne Ulqin, shp\u00ebrndan s\u00ebrish ndihma - Lajme nga Ulqini","description":"Bereqeti s\u00ebrish shp\u00ebrndan ndihma. Sot dhe nes\u00ebr do t\u00eb realizohet shp\u00ebrndarja e 101 pakove ushqimore p\u00ebr familjet n\u00eb nevoj\u00eb n\u00eb vler\u00eb prej 25 eur, raporton","robots":{"index":"index","follow":"follow","max-snippet":"max-snippet:-1","max-image-preview":"max-image-preview:large","max-video-preview":"max-video-preview:-1"},"canonical":"https:\/\/www.visit-ulcinj.com\/blog\/2017\/06\/21\/bereqeti-mexhlisit-te-bashkesise-islame-ne-ulqin-shperndan-serish-ndihma\/","og_locale":"en_US","og_type":"article","og_title":"Bereqeti i Mexhlisit te Bashkesise islame ne Ulqin, shp\u00ebrndan s\u00ebrish ndihma - Lajme nga Ulqini","og_description":"Bereqeti s\u00ebrish shp\u00ebrndan ndihma. Sot dhe nes\u00ebr do t\u00eb realizohet shp\u00ebrndarja e 101 pakove ushqimore p\u00ebr familjet n\u00eb nevoj\u00eb n\u00eb vler\u00eb prej 25 eur, raporton","og_url":"https:\/\/www.visit-ulcinj.com\/blog\/2017\/06\/21\/bereqeti-mexhlisit-te-bashkesise-islame-ne-ulqin-shperndan-serish-ndihma\/","og_site_name":"Lajme nga Ulqini","article_published_time":"2017-06-21T13:18:23+00:00","twitter_misc":{"Written by":"ulqini","Est. reading time":"1 minute"},"schema":{"@context":"https:\/\/schema.org","@graph":[{"@type":"WebSite","@id":"https:\/\/www.visit-ulcinj.com\/blog\/#website","url":"https:\/\/www.visit-ulcinj.com\/blog\/","name":"Lajme nga Ulqini","description":"Lajme,Vijesti,Ulqini,Ulqin,Crna Gora,Mali i Zi","potentialAction":[{"@type":"SearchAction","target":{"@type":"EntryPoint","urlTemplate":"https:\/\/www.visit-ulcinj.com\/blog\/?s={search_term_string}"},"query-input":"required name=search_term_string"}],"inLanguage":"en-US"},{"@type":"WebPage","@id":"https:\/\/www.visit-ulcinj.com\/blog\/2017\/06\/21\/bereqeti-mexhlisit-te-bashkesise-islame-ne-ulqin-shperndan-serish-ndihma\/#webpage","url":"https:\/\/www.visit-ulcinj.com\/blog\/2017\/06\/21\/bereqeti-mexhlisit-te-bashkesise-islame-ne-ulqin-shperndan-serish-ndihma\/","name":"Bereqeti i Mexhlisit te Bashkesise islame ne Ulqin, shp\u00ebrndan s\u00ebrish ndihma - Lajme nga Ulqini","isPartOf":{"@id":"https:\/\/www.visit-ulcinj.com\/blog\/#website"},"datePublished":"2017-06-21T13:18:23+00:00","dateModified":"2017-06-21T13:18:23+00:00","author":{"@id":"https:\/\/www.visit-ulcinj.com\/blog\/#\/schema\/person\/dcab619c614d3038751c63bc2aadc06d"},"description":"Bereqeti s\u00ebrish shp\u00ebrndan ndihma. Sot dhe nes\u00ebr do t\u00eb realizohet shp\u00ebrndarja e 101 pakove ushqimore p\u00ebr familjet n\u00eb nevoj\u00eb n\u00eb vler\u00eb prej 25 eur, raporton","breadcrumb":{"@id":"https:\/\/www.visit-ulcinj.com\/blog\/2017\/06\/21\/bereqeti-mexhlisit-te-bashkesise-islame-ne-ulqin-shperndan-serish-ndihma\/#breadcrumb"},"inLanguage":"en-US","potentialAction":[{"@type":"ReadAction","target":["https:\/\/www.visit-ulcinj.com\/blog\/2017\/06\/21\/bereqeti-mexhlisit-te-bashkesise-islame-ne-ulqin-shperndan-serish-ndihma\/"]}]},{"@type":"BreadcrumbList","@id":"https:\/\/www.visit-ulcinj.com\/blog\/2017\/06\/21\/bereqeti-mexhlisit-te-bashkesise-islame-ne-ulqin-shperndan-serish-ndihma\/#breadcrumb","itemListElement":[{"@type":"ListItem","position":1,"name":"Bereqeti i Mexhlisit te Bashkesise islame ne Ulqin, shp\u00ebrndan s\u00ebrish ndihma"}]},{"@type":"Person","@id":"https:\/\/www.visit-ulcinj.com\/blog\/#\/schema\/person\/dcab619c614d3038751c63bc2aadc06d","name":"ulqini","sameAs":["http:\/\/www.visit-ulcinj.com"],"url":"https:\/\/www.visit-ulcinj.com\/blog\/author\/admin\/"}]}},"jetpack_featured_media_url":"","jetpack_sharing_enabled":true,"jetpack_shortlink":"https:\/\/wp.me\/pe6lTn-rv7","_links":{"self":[{"href":"https:\/\/www.visit-ulcinj.com\/blog\/wp-json\/wp\/v2\/posts\/105717"}],"collection":[{"href":"https:\/\/www.visit-ulcinj.com\/blog\/wp-json\/wp\/v2\/posts"}],"about":[{"href":"https:\/\/www.visit-ulcinj.com\/blog\/wp-json\/wp\/v2\/types\/post"}],"author":[{"embeddable":true,"href":"https:\/\/www.visit-ulcinj.com\/blog\/wp-json\/wp\/v2\/users\/1"}],"replies":[{"embeddable":true,"href":"https:\/\/www.visit-ulcinj.com\/blog\/wp-json\/wp\/v2\/comments?post=105717"}],"version-history":[{"count":1,"href":"https:\/\/www.visit-ulcinj.com\/blog\/wp-json\/wp\/v2\/posts\/105717\/revisions"}],"predecessor-version":[{"id":105719,"href":"https:\/\/www.visit-ulcinj.com\/blog\/wp-json\/wp\/v2\/posts\/105717\/revisions\/105719"}],"wp:attachment":[{"href":"https:\/\/www.visit-ulcinj.com\/blog\/wp-json\/wp\/v2\/media?parent=105717"}],"wp:term":[{"taxonomy":"category","embeddable":true,"href":"https:\/\/www.visit-ulcinj.com\/blog\/wp-json\/wp\/v2\/categories?post=105717"},{"taxonomy":"post_tag","embeddable":true,"href":"https:\/\/www.visit-ulcinj.com\/blog\/wp-json\/wp\/v2\/tags?post=105717"}],"curies":[{"name":"wp","href":"https:\/\/api.w.org\/{rel}","templated":true}]}}