{"id":105721,"date":"2017-06-21T18:18:37","date_gmt":"2017-06-21T17:18:37","guid":{"rendered":"http:\/\/www.visit-ulcinj.com\/blog\/?p=105721"},"modified":"2017-06-21T18:19:53","modified_gmt":"2017-06-21T17:19:53","slug":"fos-donosi-ulcinjanka-medu-najboljim-novinarima-svijeta","status":"publish","type":"post","link":"https:\/\/www.visit-ulcinj.com\/blog\/2017\/06\/21\/fos-donosi-ulcinjanka-medu-najboljim-novinarima-svijeta\/","title":{"rendered":"FOS donosi: Ulcinjanka me\u0111u najboljim novinarima svijeta"},"content":{"rendered":"<p><a href=\"http:\/\/www.visit-ulcinj.com\/blog\/wp-content\/uploads\/2017\/06\/Andjela-Djuraskovic.jpg\"><img loading=\"lazy\" class=\"alignleft wp-image-105722\" src=\"http:\/\/www.visit-ulcinj.com\/blog\/wp-content\/uploads\/2017\/06\/Andjela-Djuraskovic.jpg\" alt=\"\" width=\"508\" height=\"508\" \/><\/a>Dvadeset\u010detvorogodi\u0161nja freelance novinarka i ekolo\u0161ka aktivistkinja An\u0111ela \u0110ura\u0161kovi\u0107 iz Ulcinja dobitnica je stipendije koja \u0107e joj omogu\u0107iti u\u010de\u0161\u0107e na na <a class=\"0\" href=\"http:\/\/wcsj2017.org\/\" target=\"_blank\" rel=\"noopener\">Svjetskoj konferenciji nau\u010dnih novinara <\/a>. Na konkurs za ovu stipendiju, namijenjenu svim novinarima koji se bave nau\u010dnim temama, prijavilo se vi\u0161e od 700 ljudi, a An\u0111ela je jedna od dvoje ljudi sa Balkana koji su njeni nosioci.<\/p>\n<p>&#8220;Mislimo da smo ekolo\u0161ka dr\u017eava samo zbog prirodnih bogatstava kojima na\u0161a zemlja obiluje, a zaboravljamo da u obzir uzmemo na\u0161 udio i odgovornost u cijeloj toj pri\u010di. Zbog neizmjerne ljubavi prema pisanoj rije\u010di i \u017eelji da se drugima pribli\u017ee ove teme, novinarstvo se nekako samo od sebe nametnulo kao na\u010din na koji \u0107u poku\u0161ati da pomognem prelasku dru\u0161tva na odr\u017eivije na\u010dine pona\u0161anja i djelanja&#8221;, po\u010dinje An\u0111ela pri\u010du za FOS.<\/p>\n<p>Ulcinjanka ve\u0107 pola godine pi\u0161e za onlajn magazin\u00a0<a class=\"0\" href=\"https:\/\/issuu.com\/plezir\" target=\"_blank\" rel=\"noopener\">\u201ePlezir\u201c <\/a>, za rubriku \u201eEkologija\u201c. Tako\u0111e volontira\u00a0za <a class=\"0\" href=\"http:\/\/greenculture.world\/green_culture_events\/green-culture-forum-2017\/\" target=\"_blank\" rel=\"noopener\">NVO \u201eKrug\u201c <\/a>, \u00a0koja je nedavno organizovala &#8220;Green Colture forum&#8221;, petodnevnu ekolo\u0161ku manifestaciju koja se odr\u017eala na teritoriji osam crnogorskih op\u0161tina, prvu takvog tipa na Balkanu.<\/p>\n<p>&#8220;Ekologija je tema od globalnog zna\u010daja i zahtijeva od svih koji se njome bave izu\u010davanje kako tehnolo\u0161kih i dru\u0161tveno-politi\u010dkih inovacija koje doprinose napretku \u010dovje\u010danstva, tako i mjera koje treba preduzeti kako bi se sanirala postoje\u0107a \u0161teta i iskorjenili negativni obrasci pona\u0161anja. Iz tog razloga od jeseni planiram da nastavim svoje formalno obrazovanje u oblasti ekolo\u0161ke politike&#8221;, dodaje An\u0111ela.<\/p>\n<p>Mlada Ulcinjanka bila je i jedini predstavnik Crne Gore na \u201eWorld Youth Sustainability Summit\u201c-u odr\u017eanom u Berlinu 2013. godine, gdje su se okupili mladi iz cijelog svijeta kako bi diskutovali o ekolo\u0161koj odr\u017eivosti.<\/p>\n<p>&#8220;Svjedoci smo da danas, u eri \u201eclickbait\u201c-ova, ekolo\u0161ke teme naj\u010de\u0161\u0107e bivaju obra\u0111ivane ili uz primjese panike i senzacionalizma, ili kao teorija zavjere koja ne nalazi temelje u stvarnom svijetu. To \u010dini motivisanje ljudi na preuzimanje odgovornosti te\u017eim, jer je lak\u0161e re\u0107i: \u201eTo nije istina\u201c, ili \u201eNema svrhe, svakako je prekasno\u201c, nego se pozabaviti sopstvenim navikama i dovesti u pitanje paradigme kojima smo izlo\u017eeni&#8221;, ka\u017ee\u00a0ova mlada ekolo\u0161ka aktivistkinja i dodaje:<\/p>\n<p>&#8220;Stoga mi je, dok pi\u0161em, najbitnije da nijedna pri\u010da ne ostane nedore\u010dena, nijedna informacija polovi\u010dna, i da \u010ditalac ima ne\u0161to \u0161to ostaje nakon \u010ditanja, ne\u0161to \u0161to mu je obja\u0161njeno razumljivim jezikom i \u0161to mu poma\u017ee da razumije ekolo\u0161ke procese koji se odvijaju u dru\u0161tvu, i svoje mjesto u svemu tome&#8221;.<\/p>\n<p><strong>Pro\u010ditajte i:\u00a0<a href=\"https:\/\/fosmedia.me\/tehnologija\/nauka\/gomilanje-svemirskog-otpada-ugrozava-satelite\">Gomilanje svemirskog otpada ugro\u017eava satelite (FOS VIDEO)<\/a><\/strong><\/p>\n<p>Programom Svjetske\u00a0konferencija nau\u010dnih novinara u San Francisku, obuhva\u0107eno je\u00a0niz radionica, predvanja, izleta i prilika je za ostvarene novinare da pro\u0161ire svoje znanje i upoznaju kolege sa svih krajeva svijeta, ali i za mlade novinare na po\u010detku svoje karijere da uplove u oblast izvje\u0161tavanja o nau\u010dnim temama na pravi na\u010din.<\/p>\n<p>&#8220;Svima nam je data mogu\u0107nost da odaberemo kojim \u0107emo radionicama prisustvovati, a ja sam se opredijelila za one iz oblasti za\u0161tite \u017eivotne sredine i borbe protiv globalnog zagrijavanja. Veoma sam zahvalna na svemu \u0161to slijedi, i namjeravam da upijam svo znanje i savjete koje dobijem poput sun\u0111era, da bih ih potom mogla podijeliti sa drugima&#8221;, pri\u010da za FOS Ulicnjanka.<\/p>\n<p>An\u0111ela trenutno radi na pokretanju svog bloga o zdravim na\u010dinima \u017eivljenja, koji planira da lansira tokom ljeta, a od jeseni upisuje magistarske studije u oblasti ekologije i politike.<\/p>\n<p>&#8220;Moje najve\u0107e bogatstvo su bili i ostali ljudi kojima sam okru\u017eena. Kroz \u0161kolovanje i novinarski rad upoznala sam mnogo osoba koje se upravljaju nekim plemenitijim, nematerijalnim principima, koje stvaraju svoje male oaze ideja, i ne boje se da ni od \u010dega stvore plemenite projekte, za koje \u0107e ve\u0107ina re\u0107i da \u010dim ne postoje kod nas, ne treba ni da se trudimo da ih donesemo. O njima uvijek rado pi\u0161em&#8221;, ka\u017ee ona.<\/p>\n<p>Kao neko ko je odrstao u porodici koja vrednuje zdravlje i \u017eivot u skladu s prirodom, i mjestu koje \u017eivi od turizma, a jo\u0161 uvijek nije u stanju da se izbori sa otpadom, ilegalnom gradnjom i iracionalnom potrebom da se svaka slobodna povr\u0161ina zalije betonom, An\u0111ela ka\u017ee da je neizmjerno sre\u0107na jer radi ono \u0161to voli, i da joj je to samo po sebi uspjeh.<\/p>\n<p>&#8220;Trudim se da mi pogled bude usmjeren ka naprijed i da uvijek smi\u0161ljam nove teme za tekstove, pronalazim jo\u0161 predivnih sagovornika i, prije svega, da uvijek u\u010dim&#8221;, zaklju\u010duje na\u0161a sagovornica.<\/p>\n<p>&nbsp;<\/p>\n<p><a href=\"https:\/\/fosmedia.me\/infos\/drustvo\/ulcinjanka-medu-najboljim-novinarima-svijeta\"><strong>Copyright \u00a9 fosmedia.me<\/strong><\/a><\/p>\n","protected":false},"excerpt":{"rendered":"<p>Dvadeset\u010detvorogodi\u0161nja freelance novinarka i ekolo\u0161ka aktivistkinja An\u0111ela \u0110ura\u0161kovi\u0107 iz Ulcinja dobitnica je stipendije koja \u0107e joj omogu\u0107iti u\u010de\u0161\u0107e na na Svjetskoj konferenciji nau\u010dnih novinara . Na konkurs za ovu stipendiju, namijenjenu svim novinarima koji se bave nau\u010dnim temama, prijavilo se vi\u0161e od 700 ljudi, a An\u0111ela je jedna od dvoje ljudi sa Balkana koji su [&hellip;]<\/p>\n","protected":false},"author":1,"featured_media":0,"comment_status":"closed","ping_status":"closed","sticky":false,"template":"","format":"standard","meta":{"spay_email":"","jetpack_publicize_message":"","jetpack_is_tweetstorm":false,"jetpack_publicize_feature_enabled":true},"categories":[8337],"tags":[],"jetpack_publicize_connections":[],"yoast_head":"<!-- This site is optimized with the Yoast SEO plugin v19.1 - https:\/\/yoast.com\/wordpress\/plugins\/seo\/ -->\n<title>FOS donosi: Ulcinjanka me\u0111u najboljim novinarima svijeta - Lajme nga Ulqini<\/title>\n<meta name=\"description\" content=\"Dvadeset\u010detvorogodi\u0161nja freelance novinarka i ekolo\u0161ka aktivistkinja An\u0111ela \u0110ura\u0161kovi\u0107 iz Ulcinja dobitnica je stipendije koja \u0107e joj omogu\u0107iti u\u010de\u0161\u0107e na\" \/>\n<meta name=\"robots\" content=\"index, follow, max-snippet:-1, max-image-preview:large, max-video-preview:-1\" \/>\n<link rel=\"canonical\" href=\"https:\/\/www.visit-ulcinj.com\/blog\/2017\/06\/21\/fos-donosi-ulcinjanka-medu-najboljim-novinarima-svijeta\/\" \/>\n<meta property=\"og:locale\" content=\"en_US\" \/>\n<meta property=\"og:type\" content=\"article\" \/>\n<meta property=\"og:title\" content=\"FOS donosi: Ulcinjanka me\u0111u najboljim novinarima svijeta - Lajme nga Ulqini\" \/>\n<meta property=\"og:description\" content=\"Dvadeset\u010detvorogodi\u0161nja freelance novinarka i ekolo\u0161ka aktivistkinja An\u0111ela \u0110ura\u0161kovi\u0107 iz Ulcinja dobitnica je stipendije koja \u0107e joj omogu\u0107iti u\u010de\u0161\u0107e na\" \/>\n<meta property=\"og:url\" content=\"https:\/\/www.visit-ulcinj.com\/blog\/2017\/06\/21\/fos-donosi-ulcinjanka-medu-najboljim-novinarima-svijeta\/\" \/>\n<meta property=\"og:site_name\" content=\"Lajme nga Ulqini\" \/>\n<meta property=\"article:published_time\" content=\"2017-06-21T17:18:37+00:00\" \/>\n<meta property=\"article:modified_time\" content=\"2017-06-21T17:19:53+00:00\" \/>\n<meta property=\"og:image\" content=\"http:\/\/www.visit-ulcinj.com\/blog\/wp-content\/uploads\/2017\/06\/Andjela-Djuraskovic.jpg\" \/>\n<meta name=\"twitter:label1\" content=\"Written by\" \/>\n\t<meta name=\"twitter:data1\" content=\"ulqini\" \/>\n\t<meta name=\"twitter:label2\" content=\"Est. reading time\" \/>\n\t<meta name=\"twitter:data2\" content=\"4 minutes\" \/>\n<script type=\"application\/ld+json\" class=\"yoast-schema-graph\">{\"@context\":\"https:\/\/schema.org\",\"@graph\":[{\"@type\":\"WebSite\",\"@id\":\"https:\/\/www.visit-ulcinj.com\/blog\/#website\",\"url\":\"https:\/\/www.visit-ulcinj.com\/blog\/\",\"name\":\"Lajme nga Ulqini\",\"description\":\"Lajme,Vijesti,Ulqini,Ulqin,Crna Gora,Mali i Zi\",\"potentialAction\":[{\"@type\":\"SearchAction\",\"target\":{\"@type\":\"EntryPoint\",\"urlTemplate\":\"https:\/\/www.visit-ulcinj.com\/blog\/?s={search_term_string}\"},\"query-input\":\"required name=search_term_string\"}],\"inLanguage\":\"en-US\"},{\"@type\":\"ImageObject\",\"inLanguage\":\"en-US\",\"@id\":\"https:\/\/www.visit-ulcinj.com\/blog\/2017\/06\/21\/fos-donosi-ulcinjanka-medu-najboljim-novinarima-svijeta\/#primaryimage\",\"url\":\"http:\/\/www.visit-ulcinj.com\/blog\/wp-content\/uploads\/2017\/06\/Andjela-Djuraskovic.jpg\",\"contentUrl\":\"http:\/\/www.visit-ulcinj.com\/blog\/wp-content\/uploads\/2017\/06\/Andjela-Djuraskovic.jpg\"},{\"@type\":\"WebPage\",\"@id\":\"https:\/\/www.visit-ulcinj.com\/blog\/2017\/06\/21\/fos-donosi-ulcinjanka-medu-najboljim-novinarima-svijeta\/#webpage\",\"url\":\"https:\/\/www.visit-ulcinj.com\/blog\/2017\/06\/21\/fos-donosi-ulcinjanka-medu-najboljim-novinarima-svijeta\/\",\"name\":\"FOS donosi: Ulcinjanka me\u0111u najboljim novinarima svijeta - Lajme nga Ulqini\",\"isPartOf\":{\"@id\":\"https:\/\/www.visit-ulcinj.com\/blog\/#website\"},\"primaryImageOfPage\":{\"@id\":\"https:\/\/www.visit-ulcinj.com\/blog\/2017\/06\/21\/fos-donosi-ulcinjanka-medu-najboljim-novinarima-svijeta\/#primaryimage\"},\"datePublished\":\"2017-06-21T17:18:37+00:00\",\"dateModified\":\"2017-06-21T17:19:53+00:00\",\"author\":{\"@id\":\"https:\/\/www.visit-ulcinj.com\/blog\/#\/schema\/person\/dcab619c614d3038751c63bc2aadc06d\"},\"description\":\"Dvadeset\u010detvorogodi\u0161nja freelance novinarka i ekolo\u0161ka aktivistkinja An\u0111ela \u0110ura\u0161kovi\u0107 iz Ulcinja dobitnica je stipendije koja \u0107e joj omogu\u0107iti u\u010de\u0161\u0107e na\",\"breadcrumb\":{\"@id\":\"https:\/\/www.visit-ulcinj.com\/blog\/2017\/06\/21\/fos-donosi-ulcinjanka-medu-najboljim-novinarima-svijeta\/#breadcrumb\"},\"inLanguage\":\"en-US\",\"potentialAction\":[{\"@type\":\"ReadAction\",\"target\":[\"https:\/\/www.visit-ulcinj.com\/blog\/2017\/06\/21\/fos-donosi-ulcinjanka-medu-najboljim-novinarima-svijeta\/\"]}]},{\"@type\":\"BreadcrumbList\",\"@id\":\"https:\/\/www.visit-ulcinj.com\/blog\/2017\/06\/21\/fos-donosi-ulcinjanka-medu-najboljim-novinarima-svijeta\/#breadcrumb\",\"itemListElement\":[{\"@type\":\"ListItem\",\"position\":1,\"name\":\"FOS donosi: Ulcinjanka me\u0111u najboljim novinarima svijeta\"}]},{\"@type\":\"Person\",\"@id\":\"https:\/\/www.visit-ulcinj.com\/blog\/#\/schema\/person\/dcab619c614d3038751c63bc2aadc06d\",\"name\":\"ulqini\",\"sameAs\":[\"http:\/\/www.visit-ulcinj.com\"],\"url\":\"https:\/\/www.visit-ulcinj.com\/blog\/author\/admin\/\"}]}<\/script>\n<!-- \/ Yoast SEO plugin. -->","yoast_head_json":{"title":"FOS donosi: Ulcinjanka me\u0111u najboljim novinarima svijeta - Lajme nga Ulqini","description":"Dvadeset\u010detvorogodi\u0161nja freelance novinarka i ekolo\u0161ka aktivistkinja An\u0111ela \u0110ura\u0161kovi\u0107 iz Ulcinja dobitnica je stipendije koja \u0107e joj omogu\u0107iti u\u010de\u0161\u0107e na","robots":{"index":"index","follow":"follow","max-snippet":"max-snippet:-1","max-image-preview":"max-image-preview:large","max-video-preview":"max-video-preview:-1"},"canonical":"https:\/\/www.visit-ulcinj.com\/blog\/2017\/06\/21\/fos-donosi-ulcinjanka-medu-najboljim-novinarima-svijeta\/","og_locale":"en_US","og_type":"article","og_title":"FOS donosi: Ulcinjanka me\u0111u najboljim novinarima svijeta - Lajme nga Ulqini","og_description":"Dvadeset\u010detvorogodi\u0161nja freelance novinarka i ekolo\u0161ka aktivistkinja An\u0111ela \u0110ura\u0161kovi\u0107 iz Ulcinja dobitnica je stipendije koja \u0107e joj omogu\u0107iti u\u010de\u0161\u0107e na","og_url":"https:\/\/www.visit-ulcinj.com\/blog\/2017\/06\/21\/fos-donosi-ulcinjanka-medu-najboljim-novinarima-svijeta\/","og_site_name":"Lajme nga Ulqini","article_published_time":"2017-06-21T17:18:37+00:00","article_modified_time":"2017-06-21T17:19:53+00:00","og_image":[{"url":"http:\/\/www.visit-ulcinj.com\/blog\/wp-content\/uploads\/2017\/06\/Andjela-Djuraskovic.jpg"}],"twitter_misc":{"Written by":"ulqini","Est. reading time":"4 minutes"},"schema":{"@context":"https:\/\/schema.org","@graph":[{"@type":"WebSite","@id":"https:\/\/www.visit-ulcinj.com\/blog\/#website","url":"https:\/\/www.visit-ulcinj.com\/blog\/","name":"Lajme nga Ulqini","description":"Lajme,Vijesti,Ulqini,Ulqin,Crna Gora,Mali i Zi","potentialAction":[{"@type":"SearchAction","target":{"@type":"EntryPoint","urlTemplate":"https:\/\/www.visit-ulcinj.com\/blog\/?s={search_term_string}"},"query-input":"required name=search_term_string"}],"inLanguage":"en-US"},{"@type":"ImageObject","inLanguage":"en-US","@id":"https:\/\/www.visit-ulcinj.com\/blog\/2017\/06\/21\/fos-donosi-ulcinjanka-medu-najboljim-novinarima-svijeta\/#primaryimage","url":"http:\/\/www.visit-ulcinj.com\/blog\/wp-content\/uploads\/2017\/06\/Andjela-Djuraskovic.jpg","contentUrl":"http:\/\/www.visit-ulcinj.com\/blog\/wp-content\/uploads\/2017\/06\/Andjela-Djuraskovic.jpg"},{"@type":"WebPage","@id":"https:\/\/www.visit-ulcinj.com\/blog\/2017\/06\/21\/fos-donosi-ulcinjanka-medu-najboljim-novinarima-svijeta\/#webpage","url":"https:\/\/www.visit-ulcinj.com\/blog\/2017\/06\/21\/fos-donosi-ulcinjanka-medu-najboljim-novinarima-svijeta\/","name":"FOS donosi: Ulcinjanka me\u0111u najboljim novinarima svijeta - Lajme nga Ulqini","isPartOf":{"@id":"https:\/\/www.visit-ulcinj.com\/blog\/#website"},"primaryImageOfPage":{"@id":"https:\/\/www.visit-ulcinj.com\/blog\/2017\/06\/21\/fos-donosi-ulcinjanka-medu-najboljim-novinarima-svijeta\/#primaryimage"},"datePublished":"2017-06-21T17:18:37+00:00","dateModified":"2017-06-21T17:19:53+00:00","author":{"@id":"https:\/\/www.visit-ulcinj.com\/blog\/#\/schema\/person\/dcab619c614d3038751c63bc2aadc06d"},"description":"Dvadeset\u010detvorogodi\u0161nja freelance novinarka i ekolo\u0161ka aktivistkinja An\u0111ela \u0110ura\u0161kovi\u0107 iz Ulcinja dobitnica je stipendije koja \u0107e joj omogu\u0107iti u\u010de\u0161\u0107e na","breadcrumb":{"@id":"https:\/\/www.visit-ulcinj.com\/blog\/2017\/06\/21\/fos-donosi-ulcinjanka-medu-najboljim-novinarima-svijeta\/#breadcrumb"},"inLanguage":"en-US","potentialAction":[{"@type":"ReadAction","target":["https:\/\/www.visit-ulcinj.com\/blog\/2017\/06\/21\/fos-donosi-ulcinjanka-medu-najboljim-novinarima-svijeta\/"]}]},{"@type":"BreadcrumbList","@id":"https:\/\/www.visit-ulcinj.com\/blog\/2017\/06\/21\/fos-donosi-ulcinjanka-medu-najboljim-novinarima-svijeta\/#breadcrumb","itemListElement":[{"@type":"ListItem","position":1,"name":"FOS donosi: Ulcinjanka me\u0111u najboljim novinarima svijeta"}]},{"@type":"Person","@id":"https:\/\/www.visit-ulcinj.com\/blog\/#\/schema\/person\/dcab619c614d3038751c63bc2aadc06d","name":"ulqini","sameAs":["http:\/\/www.visit-ulcinj.com"],"url":"https:\/\/www.visit-ulcinj.com\/blog\/author\/admin\/"}]}},"jetpack_featured_media_url":"","jetpack_sharing_enabled":true,"jetpack_shortlink":"https:\/\/wp.me\/pe6lTn-rvb","_links":{"self":[{"href":"https:\/\/www.visit-ulcinj.com\/blog\/wp-json\/wp\/v2\/posts\/105721"}],"collection":[{"href":"https:\/\/www.visit-ulcinj.com\/blog\/wp-json\/wp\/v2\/posts"}],"about":[{"href":"https:\/\/www.visit-ulcinj.com\/blog\/wp-json\/wp\/v2\/types\/post"}],"author":[{"embeddable":true,"href":"https:\/\/www.visit-ulcinj.com\/blog\/wp-json\/wp\/v2\/users\/1"}],"replies":[{"embeddable":true,"href":"https:\/\/www.visit-ulcinj.com\/blog\/wp-json\/wp\/v2\/comments?post=105721"}],"version-history":[{"count":3,"href":"https:\/\/www.visit-ulcinj.com\/blog\/wp-json\/wp\/v2\/posts\/105721\/revisions"}],"predecessor-version":[{"id":105725,"href":"https:\/\/www.visit-ulcinj.com\/blog\/wp-json\/wp\/v2\/posts\/105721\/revisions\/105725"}],"wp:attachment":[{"href":"https:\/\/www.visit-ulcinj.com\/blog\/wp-json\/wp\/v2\/media?parent=105721"}],"wp:term":[{"taxonomy":"category","embeddable":true,"href":"https:\/\/www.visit-ulcinj.com\/blog\/wp-json\/wp\/v2\/categories?post=105721"},{"taxonomy":"post_tag","embeddable":true,"href":"https:\/\/www.visit-ulcinj.com\/blog\/wp-json\/wp\/v2\/tags?post=105721"}],"curies":[{"name":"wp","href":"https:\/\/api.w.org\/{rel}","templated":true}]}}