{"id":105726,"date":"2017-06-21T19:25:18","date_gmt":"2017-06-21T18:25:18","guid":{"rendered":"http:\/\/www.visit-ulcinj.com\/blog\/?p=105726"},"modified":"2017-06-22T07:39:45","modified_gmt":"2017-06-22T06:39:45","slug":"ne-ulqin-organizohet-manifestimi-rastin-e-festes-se-fiter-bajramit","status":"publish","type":"post","link":"https:\/\/www.visit-ulcinj.com\/blog\/2017\/06\/21\/ne-ulqin-organizohet-manifestimi-rastin-e-festes-se-fiter-bajramit\/","title":{"rendered":"N\u00eb Ulqin organizohet manifestimi me rastin e fest\u00ebs s\u00eb Fit\u00ebr Bajramit"},"content":{"rendered":"<p><a href=\"http:\/\/www.visit-ulcinj.com\/blog\/wp-content\/uploads\/2017\/06\/N\u00eb-Ulqin-organizohet-manifestimi-me-rastin-e-fest\u00ebs-s\u00eb-Fit\u00ebr-Bajramit.jpg\"><img loading=\"lazy\" class=\"alignleft wp-image-105727\" src=\"http:\/\/www.visit-ulcinj.com\/blog\/wp-content\/uploads\/2017\/06\/N\u00eb-Ulqin-organizohet-manifestimi-me-rastin-e-fest\u00ebs-s\u00eb-Fit\u00ebr-Bajramit.jpg\" alt=\"\" width=\"508\" height=\"273\" srcset=\"https:\/\/www.visit-ulcinj.com\/blog\/wp-content\/uploads\/2017\/06\/N\u00eb-Ulqin-organizohet-manifestimi-me-rastin-e-fest\u00ebs-s\u00eb-Fit\u00ebr-Bajramit.jpg 614w, https:\/\/www.visit-ulcinj.com\/blog\/wp-content\/uploads\/2017\/06\/N\u00eb-Ulqin-organizohet-manifestimi-me-rastin-e-fest\u00ebs-s\u00eb-Fit\u00ebr-Bajramit-300x161.jpg 300w\" sizes=\"(max-width: 508px) 100vw, 508px\" \/><\/a>Me rastin e fest\u00ebs s\u00eb Fit\u00ebr Bajramit, p\u00ebr her\u00eb t\u00eb par\u00eb dhe me nj\u00eb organizim t\u00eb p\u00ebrbashk\u00ebt &#8220;Q<span class=\"_3oh- _58nk\">endra Muzikore Lyrr<\/span> &#8221; do ngris\u00eb sken\u00ebn n\u00eb sheshin e plazhit t\u00eb vog\u00ebl t\u00eb dielen me 25 qershor n\u00eb ora 20:00 me nj\u00eb program t\u00eb begatsh\u00ebm kulturo dhe artistik, duke shtuar se ky aktivitet po hyn\u00eb n\u00eb festat tradicionale kulturore t\u00eb Ulqinit. N\u00eb ket\u00eb manifestim qytetar\u00ebt do t\u00eb ken\u00eb mund\u00ebsi ti ndjekin artist\u00ebt e qytetit t\u00eb Ulqinit.<\/p>\n<p>Koncerti do vijoi p\u00ebr rreth tre or\u00eb me radh\u00eb, kurse ne programin e tyre jan dhe atmosfera e fishekzjarreve qe\u00a0 do krijohen t\u00eb dielen n\u00eb plazhin e vog\u00ebl t\u00eb Ulqinit.<\/p>\n<!--YouTube Error: bad URL entered-->\n<p>&nbsp;<\/p>\n<p>&nbsp;<\/p>\n","protected":false},"excerpt":{"rendered":"<p>Me rastin e fest\u00ebs s\u00eb Fit\u00ebr Bajramit, p\u00ebr her\u00eb t\u00eb par\u00eb dhe me nj\u00eb organizim t\u00eb p\u00ebrbashk\u00ebt &#8220;Qendra Muzikore Lyrr &#8221; do ngris\u00eb sken\u00ebn n\u00eb sheshin e plazhit t\u00eb vog\u00ebl t\u00eb dielen me 25 qershor n\u00eb ora 20:00 me nj\u00eb program t\u00eb begatsh\u00ebm kulturo dhe artistik, duke shtuar se ky aktivitet po hyn\u00eb n\u00eb festat [&hellip;]<\/p>\n","protected":false},"author":1,"featured_media":0,"comment_status":"closed","ping_status":"closed","sticky":false,"template":"","format":"standard","meta":{"spay_email":"","jetpack_publicize_message":"","jetpack_is_tweetstorm":false,"jetpack_publicize_feature_enabled":true},"categories":[6950],"tags":[],"jetpack_publicize_connections":[],"yoast_head":"<!-- This site is optimized with the Yoast SEO plugin v19.1 - https:\/\/yoast.com\/wordpress\/plugins\/seo\/ -->\n<title>N\u00eb Ulqin organizohet manifestimi me rastin e fest\u00ebs s\u00eb Fit\u00ebr Bajramit - Lajme nga Ulqini<\/title>\n<meta name=\"description\" content=\"Me rastin e fest\u00ebs s\u00eb Fit\u00ebr Bajramit, p\u00ebr her\u00eb t\u00eb par\u00eb dhe me nj\u00eb organizim t\u00eb p\u00ebrbashk\u00ebt &quot;Qendra Muzikore Lyrr &quot; do ngris\u00eb sken\u00ebn n\u00eb sheshin e plazhit t\u00eb\" \/>\n<meta name=\"robots\" content=\"index, follow, max-snippet:-1, max-image-preview:large, max-video-preview:-1\" \/>\n<link rel=\"canonical\" href=\"https:\/\/www.visit-ulcinj.com\/blog\/2017\/06\/21\/ne-ulqin-organizohet-manifestimi-rastin-e-festes-se-fiter-bajramit\/\" \/>\n<meta property=\"og:locale\" content=\"en_US\" \/>\n<meta property=\"og:type\" content=\"article\" \/>\n<meta property=\"og:title\" content=\"N\u00eb Ulqin organizohet manifestimi me rastin e fest\u00ebs s\u00eb Fit\u00ebr Bajramit - Lajme nga Ulqini\" \/>\n<meta property=\"og:description\" content=\"Me rastin e fest\u00ebs s\u00eb Fit\u00ebr Bajramit, p\u00ebr her\u00eb t\u00eb par\u00eb dhe me nj\u00eb organizim t\u00eb p\u00ebrbashk\u00ebt &quot;Qendra Muzikore Lyrr &quot; do ngris\u00eb sken\u00ebn n\u00eb sheshin e plazhit t\u00eb\" \/>\n<meta property=\"og:url\" content=\"https:\/\/www.visit-ulcinj.com\/blog\/2017\/06\/21\/ne-ulqin-organizohet-manifestimi-rastin-e-festes-se-fiter-bajramit\/\" \/>\n<meta property=\"og:site_name\" content=\"Lajme nga Ulqini\" \/>\n<meta property=\"article:published_time\" content=\"2017-06-21T18:25:18+00:00\" \/>\n<meta property=\"article:modified_time\" content=\"2017-06-22T06:39:45+00:00\" \/>\n<meta name=\"twitter:label1\" content=\"Written by\" \/>\n\t<meta name=\"twitter:data1\" content=\"ulqini\" \/>\n\t<meta name=\"twitter:label2\" content=\"Est. reading time\" \/>\n\t<meta name=\"twitter:data2\" content=\"1 minute\" \/>\n<script type=\"application\/ld+json\" class=\"yoast-schema-graph\">{\"@context\":\"https:\/\/schema.org\",\"@graph\":[{\"@type\":\"WebSite\",\"@id\":\"https:\/\/www.visit-ulcinj.com\/blog\/#website\",\"url\":\"https:\/\/www.visit-ulcinj.com\/blog\/\",\"name\":\"Lajme nga Ulqini\",\"description\":\"Lajme,Vijesti,Ulqini,Ulqin,Crna Gora,Mali i Zi\",\"potentialAction\":[{\"@type\":\"SearchAction\",\"target\":{\"@type\":\"EntryPoint\",\"urlTemplate\":\"https:\/\/www.visit-ulcinj.com\/blog\/?s={search_term_string}\"},\"query-input\":\"required name=search_term_string\"}],\"inLanguage\":\"en-US\"},{\"@type\":\"WebPage\",\"@id\":\"https:\/\/www.visit-ulcinj.com\/blog\/2017\/06\/21\/ne-ulqin-organizohet-manifestimi-rastin-e-festes-se-fiter-bajramit\/#webpage\",\"url\":\"https:\/\/www.visit-ulcinj.com\/blog\/2017\/06\/21\/ne-ulqin-organizohet-manifestimi-rastin-e-festes-se-fiter-bajramit\/\",\"name\":\"N\u00eb Ulqin organizohet manifestimi me rastin e fest\u00ebs s\u00eb Fit\u00ebr Bajramit - Lajme nga Ulqini\",\"isPartOf\":{\"@id\":\"https:\/\/www.visit-ulcinj.com\/blog\/#website\"},\"datePublished\":\"2017-06-21T18:25:18+00:00\",\"dateModified\":\"2017-06-22T06:39:45+00:00\",\"author\":{\"@id\":\"https:\/\/www.visit-ulcinj.com\/blog\/#\/schema\/person\/dcab619c614d3038751c63bc2aadc06d\"},\"description\":\"Me rastin e fest\u00ebs s\u00eb Fit\u00ebr Bajramit, p\u00ebr her\u00eb t\u00eb par\u00eb dhe me nj\u00eb organizim t\u00eb p\u00ebrbashk\u00ebt \\\"Qendra Muzikore Lyrr \\\" do ngris\u00eb sken\u00ebn n\u00eb sheshin e plazhit t\u00eb\",\"breadcrumb\":{\"@id\":\"https:\/\/www.visit-ulcinj.com\/blog\/2017\/06\/21\/ne-ulqin-organizohet-manifestimi-rastin-e-festes-se-fiter-bajramit\/#breadcrumb\"},\"inLanguage\":\"en-US\",\"potentialAction\":[{\"@type\":\"ReadAction\",\"target\":[\"https:\/\/www.visit-ulcinj.com\/blog\/2017\/06\/21\/ne-ulqin-organizohet-manifestimi-rastin-e-festes-se-fiter-bajramit\/\"]}]},{\"@type\":\"BreadcrumbList\",\"@id\":\"https:\/\/www.visit-ulcinj.com\/blog\/2017\/06\/21\/ne-ulqin-organizohet-manifestimi-rastin-e-festes-se-fiter-bajramit\/#breadcrumb\",\"itemListElement\":[{\"@type\":\"ListItem\",\"position\":1,\"name\":\"N\u00eb Ulqin organizohet manifestimi me rastin e fest\u00ebs s\u00eb Fit\u00ebr Bajramit\"}]},{\"@type\":\"Person\",\"@id\":\"https:\/\/www.visit-ulcinj.com\/blog\/#\/schema\/person\/dcab619c614d3038751c63bc2aadc06d\",\"name\":\"ulqini\",\"sameAs\":[\"http:\/\/www.visit-ulcinj.com\"],\"url\":\"https:\/\/www.visit-ulcinj.com\/blog\/author\/admin\/\"}]}<\/script>\n<!-- \/ Yoast SEO plugin. -->","yoast_head_json":{"title":"N\u00eb Ulqin organizohet manifestimi me rastin e fest\u00ebs s\u00eb Fit\u00ebr Bajramit - Lajme nga Ulqini","description":"Me rastin e fest\u00ebs s\u00eb Fit\u00ebr Bajramit, p\u00ebr her\u00eb t\u00eb par\u00eb dhe me nj\u00eb organizim t\u00eb p\u00ebrbashk\u00ebt \"Qendra Muzikore Lyrr \" do ngris\u00eb sken\u00ebn n\u00eb sheshin e plazhit t\u00eb","robots":{"index":"index","follow":"follow","max-snippet":"max-snippet:-1","max-image-preview":"max-image-preview:large","max-video-preview":"max-video-preview:-1"},"canonical":"https:\/\/www.visit-ulcinj.com\/blog\/2017\/06\/21\/ne-ulqin-organizohet-manifestimi-rastin-e-festes-se-fiter-bajramit\/","og_locale":"en_US","og_type":"article","og_title":"N\u00eb Ulqin organizohet manifestimi me rastin e fest\u00ebs s\u00eb Fit\u00ebr Bajramit - Lajme nga Ulqini","og_description":"Me rastin e fest\u00ebs s\u00eb Fit\u00ebr Bajramit, p\u00ebr her\u00eb t\u00eb par\u00eb dhe me nj\u00eb organizim t\u00eb p\u00ebrbashk\u00ebt \"Qendra Muzikore Lyrr \" do ngris\u00eb sken\u00ebn n\u00eb sheshin e plazhit t\u00eb","og_url":"https:\/\/www.visit-ulcinj.com\/blog\/2017\/06\/21\/ne-ulqin-organizohet-manifestimi-rastin-e-festes-se-fiter-bajramit\/","og_site_name":"Lajme nga Ulqini","article_published_time":"2017-06-21T18:25:18+00:00","article_modified_time":"2017-06-22T06:39:45+00:00","twitter_misc":{"Written by":"ulqini","Est. reading time":"1 minute"},"schema":{"@context":"https:\/\/schema.org","@graph":[{"@type":"WebSite","@id":"https:\/\/www.visit-ulcinj.com\/blog\/#website","url":"https:\/\/www.visit-ulcinj.com\/blog\/","name":"Lajme nga Ulqini","description":"Lajme,Vijesti,Ulqini,Ulqin,Crna Gora,Mali i Zi","potentialAction":[{"@type":"SearchAction","target":{"@type":"EntryPoint","urlTemplate":"https:\/\/www.visit-ulcinj.com\/blog\/?s={search_term_string}"},"query-input":"required name=search_term_string"}],"inLanguage":"en-US"},{"@type":"WebPage","@id":"https:\/\/www.visit-ulcinj.com\/blog\/2017\/06\/21\/ne-ulqin-organizohet-manifestimi-rastin-e-festes-se-fiter-bajramit\/#webpage","url":"https:\/\/www.visit-ulcinj.com\/blog\/2017\/06\/21\/ne-ulqin-organizohet-manifestimi-rastin-e-festes-se-fiter-bajramit\/","name":"N\u00eb Ulqin organizohet manifestimi me rastin e fest\u00ebs s\u00eb Fit\u00ebr Bajramit - Lajme nga Ulqini","isPartOf":{"@id":"https:\/\/www.visit-ulcinj.com\/blog\/#website"},"datePublished":"2017-06-21T18:25:18+00:00","dateModified":"2017-06-22T06:39:45+00:00","author":{"@id":"https:\/\/www.visit-ulcinj.com\/blog\/#\/schema\/person\/dcab619c614d3038751c63bc2aadc06d"},"description":"Me rastin e fest\u00ebs s\u00eb Fit\u00ebr Bajramit, p\u00ebr her\u00eb t\u00eb par\u00eb dhe me nj\u00eb organizim t\u00eb p\u00ebrbashk\u00ebt \"Qendra Muzikore Lyrr \" do ngris\u00eb sken\u00ebn n\u00eb sheshin e plazhit t\u00eb","breadcrumb":{"@id":"https:\/\/www.visit-ulcinj.com\/blog\/2017\/06\/21\/ne-ulqin-organizohet-manifestimi-rastin-e-festes-se-fiter-bajramit\/#breadcrumb"},"inLanguage":"en-US","potentialAction":[{"@type":"ReadAction","target":["https:\/\/www.visit-ulcinj.com\/blog\/2017\/06\/21\/ne-ulqin-organizohet-manifestimi-rastin-e-festes-se-fiter-bajramit\/"]}]},{"@type":"BreadcrumbList","@id":"https:\/\/www.visit-ulcinj.com\/blog\/2017\/06\/21\/ne-ulqin-organizohet-manifestimi-rastin-e-festes-se-fiter-bajramit\/#breadcrumb","itemListElement":[{"@type":"ListItem","position":1,"name":"N\u00eb Ulqin organizohet manifestimi me rastin e fest\u00ebs s\u00eb Fit\u00ebr Bajramit"}]},{"@type":"Person","@id":"https:\/\/www.visit-ulcinj.com\/blog\/#\/schema\/person\/dcab619c614d3038751c63bc2aadc06d","name":"ulqini","sameAs":["http:\/\/www.visit-ulcinj.com"],"url":"https:\/\/www.visit-ulcinj.com\/blog\/author\/admin\/"}]}},"jetpack_featured_media_url":"","jetpack_sharing_enabled":true,"jetpack_shortlink":"https:\/\/wp.me\/pe6lTn-rvg","_links":{"self":[{"href":"https:\/\/www.visit-ulcinj.com\/blog\/wp-json\/wp\/v2\/posts\/105726"}],"collection":[{"href":"https:\/\/www.visit-ulcinj.com\/blog\/wp-json\/wp\/v2\/posts"}],"about":[{"href":"https:\/\/www.visit-ulcinj.com\/blog\/wp-json\/wp\/v2\/types\/post"}],"author":[{"embeddable":true,"href":"https:\/\/www.visit-ulcinj.com\/blog\/wp-json\/wp\/v2\/users\/1"}],"replies":[{"embeddable":true,"href":"https:\/\/www.visit-ulcinj.com\/blog\/wp-json\/wp\/v2\/comments?post=105726"}],"version-history":[{"count":3,"href":"https:\/\/www.visit-ulcinj.com\/blog\/wp-json\/wp\/v2\/posts\/105726\/revisions"}],"predecessor-version":[{"id":105755,"href":"https:\/\/www.visit-ulcinj.com\/blog\/wp-json\/wp\/v2\/posts\/105726\/revisions\/105755"}],"wp:attachment":[{"href":"https:\/\/www.visit-ulcinj.com\/blog\/wp-json\/wp\/v2\/media?parent=105726"}],"wp:term":[{"taxonomy":"category","embeddable":true,"href":"https:\/\/www.visit-ulcinj.com\/blog\/wp-json\/wp\/v2\/categories?post=105726"},{"taxonomy":"post_tag","embeddable":true,"href":"https:\/\/www.visit-ulcinj.com\/blog\/wp-json\/wp\/v2\/tags?post=105726"}],"curies":[{"name":"wp","href":"https:\/\/api.w.org\/{rel}","templated":true}]}}