{"id":105730,"date":"2017-06-21T19:40:34","date_gmt":"2017-06-21T18:40:34","guid":{"rendered":"http:\/\/www.visit-ulcinj.com\/blog\/?p=105730"},"modified":"2017-06-21T19:40:34","modified_gmt":"2017-06-21T18:40:34","slug":"abazovic-u-berlinu-njemacka-da-pomogne-u-rjesavanju-krize","status":"publish","type":"post","link":"https:\/\/www.visit-ulcinj.com\/blog\/2017\/06\/21\/abazovic-u-berlinu-njemacka-da-pomogne-u-rjesavanju-krize\/","title":{"rendered":"Abazovi\u0107 u Berlinu: Njema\u010dka da pomogne u rje\u0161avanju krize"},"content":{"rendered":"<p><strong><a href=\"http:\/\/www.visit-ulcinj.com\/blog\/wp-content\/uploads\/2017\/06\/Abazovic-u-Berlinu-Njemacka-da-pomogne-Crnu-Goru.jpg\"><img loading=\"lazy\" class=\"alignleft wp-image-105731\" src=\"http:\/\/www.visit-ulcinj.com\/blog\/wp-content\/uploads\/2017\/06\/Abazovic-u-Berlinu-Njemacka-da-pomogne-Crnu-Goru.jpg\" alt=\"\" width=\"508\" height=\"359\" srcset=\"https:\/\/www.visit-ulcinj.com\/blog\/wp-content\/uploads\/2017\/06\/Abazovic-u-Berlinu-Njemacka-da-pomogne-Crnu-Goru.jpg 717w, https:\/\/www.visit-ulcinj.com\/blog\/wp-content\/uploads\/2017\/06\/Abazovic-u-Berlinu-Njemacka-da-pomogne-Crnu-Goru-300x212.jpg 300w\" sizes=\"(max-width: 508px) 100vw, 508px\" \/><\/a>Lider Gra\u0111anskog pokreta Ura, Dritan Abazovi\u0107, zatra\u017eio je od poslanika njema\u010dkog Bundestaga pomo\u0107 za rje\u0161enje politi\u010dke kritze u Crnoj Gori.<\/strong><\/p>\n<p>Abazovi\u0107 je sino\u0107 u Berlinu razgovarao sa poslanicima Bundestaga, upoznao ih sa de\u0161avanjima u Crnoj Gori i zatra\u017eio pomo\u0107 oko prevazila\u017eenja politi\u010dke krize, nastale nakon parlamentarnih izbora.<\/p>\n<p>&#8220;Njema\u010dka je lokomotiva Evropske unije (EU) i zemlja koja iskreno poma\u017ee Crnoj Gori, na putu njene dru\u0161tvene transformacije. Upoznao sam kolege sa aktuelnim de\u0161avanjima, kao i sa zahtjevima opozicije vezanim za neophodno raspisivanje novih izbora. Pomo\u0107 Njema\u010dke mo\u017ee biti od presudnog zna\u010daja&#8221;, poru\u010dio je Abazovi\u0107 nakon radne ve\u010dere, kojoj su prisustvovali poslanici Achim Barchman (SPD), Thorstenin Frei (CDU), Josip Juratovic (SPD), Dorothee Schlegel (SPD), Johannes Selle (CDU), Tobias Zech (CSU)&#8230;<\/p>\n<p>Abazovi\u0107, podsje\u0107aju iz Ure, boravi u Berlinu na poziv njema\u010dkog Aspen instituta, u okviru konferencije &#8220;Ekonomski razvoj i stvaranje novih radnih mjesta na Zapadnom Balkanu&#8221;.<\/p>\n<p>Tom prilikom, Abazovic posjetio njema\u010dko Ministratvo ekonomije i energetike, gdje se sastao sa dr\u017eavnim sekretarom Uwe Beckmayerom, dok je obi\u0161ao i Nau\u010dno-tehnolo\u0161ki park Adlerahof, koji zapo\u0161ljava preko 17 hiljada radnika.<\/p>\n<p><strong>Izvor: RTCG<\/strong><\/p>\n","protected":false},"excerpt":{"rendered":"<p>Lider Gra\u0111anskog pokreta Ura, Dritan Abazovi\u0107, zatra\u017eio je od poslanika njema\u010dkog Bundestaga pomo\u0107 za rje\u0161enje politi\u010dke kritze u Crnoj Gori. Abazovi\u0107 je sino\u0107 u Berlinu razgovarao sa poslanicima Bundestaga, upoznao ih sa de\u0161avanjima u Crnoj Gori i zatra\u017eio pomo\u0107 oko prevazila\u017eenja politi\u010dke krize, nastale nakon parlamentarnih izbora. &#8220;Njema\u010dka je lokomotiva Evropske unije (EU) i zemlja [&hellip;]<\/p>\n","protected":false},"author":1,"featured_media":0,"comment_status":"closed","ping_status":"closed","sticky":false,"template":"","format":"standard","meta":{"spay_email":"","jetpack_publicize_message":"","jetpack_is_tweetstorm":false,"jetpack_publicize_feature_enabled":true},"categories":[6950],"tags":[],"jetpack_publicize_connections":[],"yoast_head":"<!-- This site is optimized with the Yoast SEO plugin v19.1 - https:\/\/yoast.com\/wordpress\/plugins\/seo\/ -->\n<title>Abazovi\u0107 u Berlinu: Njema\u010dka da pomogne u rje\u0161avanju krize - Lajme nga Ulqini<\/title>\n<meta name=\"description\" content=\"Lider Gra\u0111anskog pokreta Ura, Dritan Abazovi\u0107, zatra\u017eio je od poslanika njema\u010dkog Bundestaga pomo\u0107 za rje\u0161enje politi\u010dke kritze u Crnoj Gori. Abazovi\u0107 je\" \/>\n<meta name=\"robots\" content=\"index, follow, max-snippet:-1, max-image-preview:large, max-video-preview:-1\" \/>\n<link rel=\"canonical\" href=\"https:\/\/www.visit-ulcinj.com\/blog\/2017\/06\/21\/abazovic-u-berlinu-njemacka-da-pomogne-u-rjesavanju-krize\/\" \/>\n<meta property=\"og:locale\" content=\"en_US\" \/>\n<meta property=\"og:type\" content=\"article\" \/>\n<meta property=\"og:title\" content=\"Abazovi\u0107 u Berlinu: Njema\u010dka da pomogne u rje\u0161avanju krize - Lajme nga Ulqini\" \/>\n<meta property=\"og:description\" content=\"Lider Gra\u0111anskog pokreta Ura, Dritan Abazovi\u0107, zatra\u017eio je od poslanika njema\u010dkog Bundestaga pomo\u0107 za rje\u0161enje politi\u010dke kritze u Crnoj Gori. Abazovi\u0107 je\" \/>\n<meta property=\"og:url\" content=\"https:\/\/www.visit-ulcinj.com\/blog\/2017\/06\/21\/abazovic-u-berlinu-njemacka-da-pomogne-u-rjesavanju-krize\/\" \/>\n<meta property=\"og:site_name\" content=\"Lajme nga Ulqini\" \/>\n<meta property=\"article:published_time\" content=\"2017-06-21T18:40:34+00:00\" \/>\n<meta property=\"og:image\" content=\"http:\/\/www.visit-ulcinj.com\/blog\/wp-content\/uploads\/2017\/06\/Abazovic-u-Berlinu-Njemacka-da-pomogne-Crnu-Goru.jpg\" \/>\n<meta name=\"twitter:label1\" content=\"Written by\" \/>\n\t<meta name=\"twitter:data1\" content=\"ulqini\" \/>\n\t<meta name=\"twitter:label2\" content=\"Est. reading time\" \/>\n\t<meta name=\"twitter:data2\" content=\"1 minute\" \/>\n<script type=\"application\/ld+json\" class=\"yoast-schema-graph\">{\"@context\":\"https:\/\/schema.org\",\"@graph\":[{\"@type\":\"WebSite\",\"@id\":\"https:\/\/www.visit-ulcinj.com\/blog\/#website\",\"url\":\"https:\/\/www.visit-ulcinj.com\/blog\/\",\"name\":\"Lajme nga Ulqini\",\"description\":\"Lajme,Vijesti,Ulqini,Ulqin,Crna Gora,Mali i Zi\",\"potentialAction\":[{\"@type\":\"SearchAction\",\"target\":{\"@type\":\"EntryPoint\",\"urlTemplate\":\"https:\/\/www.visit-ulcinj.com\/blog\/?s={search_term_string}\"},\"query-input\":\"required name=search_term_string\"}],\"inLanguage\":\"en-US\"},{\"@type\":\"ImageObject\",\"inLanguage\":\"en-US\",\"@id\":\"https:\/\/www.visit-ulcinj.com\/blog\/2017\/06\/21\/abazovic-u-berlinu-njemacka-da-pomogne-u-rjesavanju-krize\/#primaryimage\",\"url\":\"https:\/\/www.visit-ulcinj.com\/blog\/wp-content\/uploads\/2017\/06\/Abazovic-u-Berlinu-Njemacka-da-pomogne-Crnu-Goru.jpg\",\"contentUrl\":\"https:\/\/www.visit-ulcinj.com\/blog\/wp-content\/uploads\/2017\/06\/Abazovic-u-Berlinu-Njemacka-da-pomogne-Crnu-Goru.jpg\",\"width\":717,\"height\":507},{\"@type\":\"WebPage\",\"@id\":\"https:\/\/www.visit-ulcinj.com\/blog\/2017\/06\/21\/abazovic-u-berlinu-njemacka-da-pomogne-u-rjesavanju-krize\/#webpage\",\"url\":\"https:\/\/www.visit-ulcinj.com\/blog\/2017\/06\/21\/abazovic-u-berlinu-njemacka-da-pomogne-u-rjesavanju-krize\/\",\"name\":\"Abazovi\u0107 u Berlinu: Njema\u010dka da pomogne u rje\u0161avanju krize - Lajme nga Ulqini\",\"isPartOf\":{\"@id\":\"https:\/\/www.visit-ulcinj.com\/blog\/#website\"},\"primaryImageOfPage\":{\"@id\":\"https:\/\/www.visit-ulcinj.com\/blog\/2017\/06\/21\/abazovic-u-berlinu-njemacka-da-pomogne-u-rjesavanju-krize\/#primaryimage\"},\"datePublished\":\"2017-06-21T18:40:34+00:00\",\"dateModified\":\"2017-06-21T18:40:34+00:00\",\"author\":{\"@id\":\"https:\/\/www.visit-ulcinj.com\/blog\/#\/schema\/person\/dcab619c614d3038751c63bc2aadc06d\"},\"description\":\"Lider Gra\u0111anskog pokreta Ura, Dritan Abazovi\u0107, zatra\u017eio je od poslanika njema\u010dkog Bundestaga pomo\u0107 za rje\u0161enje politi\u010dke kritze u Crnoj Gori. Abazovi\u0107 je\",\"breadcrumb\":{\"@id\":\"https:\/\/www.visit-ulcinj.com\/blog\/2017\/06\/21\/abazovic-u-berlinu-njemacka-da-pomogne-u-rjesavanju-krize\/#breadcrumb\"},\"inLanguage\":\"en-US\",\"potentialAction\":[{\"@type\":\"ReadAction\",\"target\":[\"https:\/\/www.visit-ulcinj.com\/blog\/2017\/06\/21\/abazovic-u-berlinu-njemacka-da-pomogne-u-rjesavanju-krize\/\"]}]},{\"@type\":\"BreadcrumbList\",\"@id\":\"https:\/\/www.visit-ulcinj.com\/blog\/2017\/06\/21\/abazovic-u-berlinu-njemacka-da-pomogne-u-rjesavanju-krize\/#breadcrumb\",\"itemListElement\":[{\"@type\":\"ListItem\",\"position\":1,\"name\":\"Abazovi\u0107 u Berlinu: Njema\u010dka da pomogne u rje\u0161avanju krize\"}]},{\"@type\":\"Person\",\"@id\":\"https:\/\/www.visit-ulcinj.com\/blog\/#\/schema\/person\/dcab619c614d3038751c63bc2aadc06d\",\"name\":\"ulqini\",\"sameAs\":[\"http:\/\/www.visit-ulcinj.com\"],\"url\":\"https:\/\/www.visit-ulcinj.com\/blog\/author\/admin\/\"}]}<\/script>\n<!-- \/ Yoast SEO plugin. -->","yoast_head_json":{"title":"Abazovi\u0107 u Berlinu: Njema\u010dka da pomogne u rje\u0161avanju krize - Lajme nga Ulqini","description":"Lider Gra\u0111anskog pokreta Ura, Dritan Abazovi\u0107, zatra\u017eio je od poslanika njema\u010dkog Bundestaga pomo\u0107 za rje\u0161enje politi\u010dke kritze u Crnoj Gori. Abazovi\u0107 je","robots":{"index":"index","follow":"follow","max-snippet":"max-snippet:-1","max-image-preview":"max-image-preview:large","max-video-preview":"max-video-preview:-1"},"canonical":"https:\/\/www.visit-ulcinj.com\/blog\/2017\/06\/21\/abazovic-u-berlinu-njemacka-da-pomogne-u-rjesavanju-krize\/","og_locale":"en_US","og_type":"article","og_title":"Abazovi\u0107 u Berlinu: Njema\u010dka da pomogne u rje\u0161avanju krize - Lajme nga Ulqini","og_description":"Lider Gra\u0111anskog pokreta Ura, Dritan Abazovi\u0107, zatra\u017eio je od poslanika njema\u010dkog Bundestaga pomo\u0107 za rje\u0161enje politi\u010dke kritze u Crnoj Gori. Abazovi\u0107 je","og_url":"https:\/\/www.visit-ulcinj.com\/blog\/2017\/06\/21\/abazovic-u-berlinu-njemacka-da-pomogne-u-rjesavanju-krize\/","og_site_name":"Lajme nga Ulqini","article_published_time":"2017-06-21T18:40:34+00:00","og_image":[{"url":"http:\/\/www.visit-ulcinj.com\/blog\/wp-content\/uploads\/2017\/06\/Abazovic-u-Berlinu-Njemacka-da-pomogne-Crnu-Goru.jpg"}],"twitter_misc":{"Written by":"ulqini","Est. reading time":"1 minute"},"schema":{"@context":"https:\/\/schema.org","@graph":[{"@type":"WebSite","@id":"https:\/\/www.visit-ulcinj.com\/blog\/#website","url":"https:\/\/www.visit-ulcinj.com\/blog\/","name":"Lajme nga Ulqini","description":"Lajme,Vijesti,Ulqini,Ulqin,Crna Gora,Mali i Zi","potentialAction":[{"@type":"SearchAction","target":{"@type":"EntryPoint","urlTemplate":"https:\/\/www.visit-ulcinj.com\/blog\/?s={search_term_string}"},"query-input":"required name=search_term_string"}],"inLanguage":"en-US"},{"@type":"ImageObject","inLanguage":"en-US","@id":"https:\/\/www.visit-ulcinj.com\/blog\/2017\/06\/21\/abazovic-u-berlinu-njemacka-da-pomogne-u-rjesavanju-krize\/#primaryimage","url":"https:\/\/www.visit-ulcinj.com\/blog\/wp-content\/uploads\/2017\/06\/Abazovic-u-Berlinu-Njemacka-da-pomogne-Crnu-Goru.jpg","contentUrl":"https:\/\/www.visit-ulcinj.com\/blog\/wp-content\/uploads\/2017\/06\/Abazovic-u-Berlinu-Njemacka-da-pomogne-Crnu-Goru.jpg","width":717,"height":507},{"@type":"WebPage","@id":"https:\/\/www.visit-ulcinj.com\/blog\/2017\/06\/21\/abazovic-u-berlinu-njemacka-da-pomogne-u-rjesavanju-krize\/#webpage","url":"https:\/\/www.visit-ulcinj.com\/blog\/2017\/06\/21\/abazovic-u-berlinu-njemacka-da-pomogne-u-rjesavanju-krize\/","name":"Abazovi\u0107 u Berlinu: Njema\u010dka da pomogne u rje\u0161avanju krize - Lajme nga Ulqini","isPartOf":{"@id":"https:\/\/www.visit-ulcinj.com\/blog\/#website"},"primaryImageOfPage":{"@id":"https:\/\/www.visit-ulcinj.com\/blog\/2017\/06\/21\/abazovic-u-berlinu-njemacka-da-pomogne-u-rjesavanju-krize\/#primaryimage"},"datePublished":"2017-06-21T18:40:34+00:00","dateModified":"2017-06-21T18:40:34+00:00","author":{"@id":"https:\/\/www.visit-ulcinj.com\/blog\/#\/schema\/person\/dcab619c614d3038751c63bc2aadc06d"},"description":"Lider Gra\u0111anskog pokreta Ura, Dritan Abazovi\u0107, zatra\u017eio je od poslanika njema\u010dkog Bundestaga pomo\u0107 za rje\u0161enje politi\u010dke kritze u Crnoj Gori. Abazovi\u0107 je","breadcrumb":{"@id":"https:\/\/www.visit-ulcinj.com\/blog\/2017\/06\/21\/abazovic-u-berlinu-njemacka-da-pomogne-u-rjesavanju-krize\/#breadcrumb"},"inLanguage":"en-US","potentialAction":[{"@type":"ReadAction","target":["https:\/\/www.visit-ulcinj.com\/blog\/2017\/06\/21\/abazovic-u-berlinu-njemacka-da-pomogne-u-rjesavanju-krize\/"]}]},{"@type":"BreadcrumbList","@id":"https:\/\/www.visit-ulcinj.com\/blog\/2017\/06\/21\/abazovic-u-berlinu-njemacka-da-pomogne-u-rjesavanju-krize\/#breadcrumb","itemListElement":[{"@type":"ListItem","position":1,"name":"Abazovi\u0107 u Berlinu: Njema\u010dka da pomogne u rje\u0161avanju krize"}]},{"@type":"Person","@id":"https:\/\/www.visit-ulcinj.com\/blog\/#\/schema\/person\/dcab619c614d3038751c63bc2aadc06d","name":"ulqini","sameAs":["http:\/\/www.visit-ulcinj.com"],"url":"https:\/\/www.visit-ulcinj.com\/blog\/author\/admin\/"}]}},"jetpack_featured_media_url":"","jetpack_sharing_enabled":true,"jetpack_shortlink":"https:\/\/wp.me\/pe6lTn-rvk","_links":{"self":[{"href":"https:\/\/www.visit-ulcinj.com\/blog\/wp-json\/wp\/v2\/posts\/105730"}],"collection":[{"href":"https:\/\/www.visit-ulcinj.com\/blog\/wp-json\/wp\/v2\/posts"}],"about":[{"href":"https:\/\/www.visit-ulcinj.com\/blog\/wp-json\/wp\/v2\/types\/post"}],"author":[{"embeddable":true,"href":"https:\/\/www.visit-ulcinj.com\/blog\/wp-json\/wp\/v2\/users\/1"}],"replies":[{"embeddable":true,"href":"https:\/\/www.visit-ulcinj.com\/blog\/wp-json\/wp\/v2\/comments?post=105730"}],"version-history":[{"count":1,"href":"https:\/\/www.visit-ulcinj.com\/blog\/wp-json\/wp\/v2\/posts\/105730\/revisions"}],"predecessor-version":[{"id":105733,"href":"https:\/\/www.visit-ulcinj.com\/blog\/wp-json\/wp\/v2\/posts\/105730\/revisions\/105733"}],"wp:attachment":[{"href":"https:\/\/www.visit-ulcinj.com\/blog\/wp-json\/wp\/v2\/media?parent=105730"}],"wp:term":[{"taxonomy":"category","embeddable":true,"href":"https:\/\/www.visit-ulcinj.com\/blog\/wp-json\/wp\/v2\/categories?post=105730"},{"taxonomy":"post_tag","embeddable":true,"href":"https:\/\/www.visit-ulcinj.com\/blog\/wp-json\/wp\/v2\/tags?post=105730"}],"curies":[{"name":"wp","href":"https:\/\/api.w.org\/{rel}","templated":true}]}}