{"id":105743,"date":"2017-06-21T20:09:03","date_gmt":"2017-06-21T19:09:03","guid":{"rendered":"http:\/\/www.visit-ulcinj.com\/blog\/?p=105743"},"modified":"2017-06-21T20:09:03","modified_gmt":"2017-06-21T19:09:03","slug":"abazoviq-kerkoi-nga-deputetet-e-bundestagut-qe-te-ndihmojne-ne-tejkalimin-e-krizes-politike-ne-mal-te-zi","status":"publish","type":"post","link":"https:\/\/www.visit-ulcinj.com\/blog\/2017\/06\/21\/abazoviq-kerkoi-nga-deputetet-e-bundestagut-qe-te-ndihmojne-ne-tejkalimin-e-krizes-politike-ne-mal-te-zi\/","title":{"rendered":"Abazoviq k\u00ebrkoi nga deputet\u00ebt e Bundestagut  q\u00eb t\u00eb ndihmojn\u00eb n\u00eb tejkalimin e kriz\u00ebs politike ne Mal t\u00eb Zi"},"content":{"rendered":"<p><a href=\"http:\/\/www.visit-ulcinj.com\/blog\/wp-content\/uploads\/2017\/06\/Abazovic-u-Berlinu-Njemacka-da-pomogne-Crnu-Goru.jpg\"><img loading=\"lazy\" class=\"alignleft wp-image-105731\" src=\"http:\/\/www.visit-ulcinj.com\/blog\/wp-content\/uploads\/2017\/06\/Abazovic-u-Berlinu-Njemacka-da-pomogne-Crnu-Goru.jpg\" alt=\"\" width=\"508\" height=\"359\" srcset=\"https:\/\/www.visit-ulcinj.com\/blog\/wp-content\/uploads\/2017\/06\/Abazovic-u-Berlinu-Njemacka-da-pomogne-Crnu-Goru.jpg 717w, https:\/\/www.visit-ulcinj.com\/blog\/wp-content\/uploads\/2017\/06\/Abazovic-u-Berlinu-Njemacka-da-pomogne-Crnu-Goru-300x212.jpg 300w\" sizes=\"(max-width: 508px) 100vw, 508px\" \/><\/a>Kryetari i l\u00ebvizjes qytetare URA Dritan Abazoviq k\u00ebrkoi nga deputet\u00ebt e Bundestagut gjerman q\u00eb t\u00eb ndihmojn\u00eb n\u00eb tejkalimin e kriz\u00ebs politike n\u00eb Mal t\u00eb Zi, t\u00eb krijuar pas zgjedhjeve parlamentare,u kumtua nga URA. Abazoviq n\u00eb Berlin bisedoi me deputet\u00ebt e Bundestagut gjerman dhe i njoftoi me ngjarjet n\u00eb Mal t\u00eb Zi.<\/p>\n<p>Gjermania \u00ebsht\u00eb lokomotiva e UE dhe vend i cili me sinqeritet e ndihmon Malin e Zi n\u00eb rrug\u00ebn e transformimit shoq\u00ebror. I kam njoftuar koleg\u00ebt me ngjarjet aktuale si dhe me k\u00ebrkesat e opozit\u00ebs, lidhur me shpalljen e domoasdoshme t\u00eb zgjedhjeve t\u00eb reja.<\/p>\n<p>Ndihma e Gjermanis\u00eb mund t\u00eb jet\u00eb me rand\u00ebsi vendimtare, ka deklaroi Abazoviq.<\/p>\n<p>TVCG<\/p>\n","protected":false},"excerpt":{"rendered":"<p>Kryetari i l\u00ebvizjes qytetare URA Dritan Abazoviq k\u00ebrkoi nga deputet\u00ebt e Bundestagut gjerman q\u00eb t\u00eb ndihmojn\u00eb n\u00eb tejkalimin e kriz\u00ebs politike n\u00eb Mal t\u00eb Zi, t\u00eb krijuar pas zgjedhjeve parlamentare,u kumtua nga URA. Abazoviq n\u00eb Berlin bisedoi me deputet\u00ebt e Bundestagut gjerman dhe i njoftoi me ngjarjet n\u00eb Mal t\u00eb Zi. Gjermania \u00ebsht\u00eb lokomotiva e [&hellip;]<\/p>\n","protected":false},"author":1,"featured_media":0,"comment_status":"closed","ping_status":"closed","sticky":false,"template":"","format":"standard","meta":{"spay_email":"","jetpack_publicize_message":"","jetpack_is_tweetstorm":false,"jetpack_publicize_feature_enabled":true},"categories":[12],"tags":[],"jetpack_publicize_connections":[],"yoast_head":"<!-- This site is optimized with the Yoast SEO plugin v19.1 - https:\/\/yoast.com\/wordpress\/plugins\/seo\/ -->\n<title>Abazoviq k\u00ebrkoi nga deputet\u00ebt e Bundestagut q\u00eb t\u00eb ndihmojn\u00eb n\u00eb tejkalimin e kriz\u00ebs politike ne Mal t\u00eb Zi - Lajme nga Ulqini<\/title>\n<meta name=\"description\" content=\"Kryetari i l\u00ebvizjes qytetare URA Dritan Abazoviq k\u00ebrkoi nga deputet\u00ebt e Bundestagut gjerman q\u00eb t\u00eb ndihmojn\u00eb n\u00eb tejkalimin e kriz\u00ebs politike n\u00eb Mal t\u00eb Zi,\" \/>\n<meta name=\"robots\" content=\"index, follow, max-snippet:-1, max-image-preview:large, max-video-preview:-1\" \/>\n<link rel=\"canonical\" href=\"https:\/\/www.visit-ulcinj.com\/blog\/2017\/06\/21\/abazoviq-kerkoi-nga-deputetet-e-bundestagut-qe-te-ndihmojne-ne-tejkalimin-e-krizes-politike-ne-mal-te-zi\/\" \/>\n<meta property=\"og:locale\" content=\"en_US\" \/>\n<meta property=\"og:type\" content=\"article\" \/>\n<meta property=\"og:title\" content=\"Abazoviq k\u00ebrkoi nga deputet\u00ebt e Bundestagut q\u00eb t\u00eb ndihmojn\u00eb n\u00eb tejkalimin e kriz\u00ebs politike ne Mal t\u00eb Zi - Lajme nga Ulqini\" \/>\n<meta property=\"og:description\" content=\"Kryetari i l\u00ebvizjes qytetare URA Dritan Abazoviq k\u00ebrkoi nga deputet\u00ebt e Bundestagut gjerman q\u00eb t\u00eb ndihmojn\u00eb n\u00eb tejkalimin e kriz\u00ebs politike n\u00eb Mal t\u00eb Zi,\" \/>\n<meta property=\"og:url\" content=\"https:\/\/www.visit-ulcinj.com\/blog\/2017\/06\/21\/abazoviq-kerkoi-nga-deputetet-e-bundestagut-qe-te-ndihmojne-ne-tejkalimin-e-krizes-politike-ne-mal-te-zi\/\" \/>\n<meta property=\"og:site_name\" content=\"Lajme nga Ulqini\" \/>\n<meta property=\"article:published_time\" content=\"2017-06-21T19:09:03+00:00\" \/>\n<meta property=\"og:image\" content=\"http:\/\/www.visit-ulcinj.com\/blog\/wp-content\/uploads\/2017\/06\/Abazovic-u-Berlinu-Njemacka-da-pomogne-Crnu-Goru.jpg\" \/>\n<meta name=\"twitter:label1\" content=\"Written by\" \/>\n\t<meta name=\"twitter:data1\" content=\"ulqini\" \/>\n\t<meta name=\"twitter:label2\" content=\"Est. reading time\" \/>\n\t<meta name=\"twitter:data2\" content=\"1 minute\" \/>\n<script type=\"application\/ld+json\" class=\"yoast-schema-graph\">{\"@context\":\"https:\/\/schema.org\",\"@graph\":[{\"@type\":\"WebSite\",\"@id\":\"https:\/\/www.visit-ulcinj.com\/blog\/#website\",\"url\":\"https:\/\/www.visit-ulcinj.com\/blog\/\",\"name\":\"Lajme nga Ulqini\",\"description\":\"Lajme,Vijesti,Ulqini,Ulqin,Crna Gora,Mali i Zi\",\"potentialAction\":[{\"@type\":\"SearchAction\",\"target\":{\"@type\":\"EntryPoint\",\"urlTemplate\":\"https:\/\/www.visit-ulcinj.com\/blog\/?s={search_term_string}\"},\"query-input\":\"required name=search_term_string\"}],\"inLanguage\":\"en-US\"},{\"@type\":\"ImageObject\",\"inLanguage\":\"en-US\",\"@id\":\"https:\/\/www.visit-ulcinj.com\/blog\/2017\/06\/21\/abazoviq-kerkoi-nga-deputetet-e-bundestagut-qe-te-ndihmojne-ne-tejkalimin-e-krizes-politike-ne-mal-te-zi\/#primaryimage\",\"url\":\"https:\/\/www.visit-ulcinj.com\/blog\/wp-content\/uploads\/2017\/06\/Abazovic-u-Berlinu-Njemacka-da-pomogne-Crnu-Goru.jpg\",\"contentUrl\":\"https:\/\/www.visit-ulcinj.com\/blog\/wp-content\/uploads\/2017\/06\/Abazovic-u-Berlinu-Njemacka-da-pomogne-Crnu-Goru.jpg\",\"width\":717,\"height\":507},{\"@type\":\"WebPage\",\"@id\":\"https:\/\/www.visit-ulcinj.com\/blog\/2017\/06\/21\/abazoviq-kerkoi-nga-deputetet-e-bundestagut-qe-te-ndihmojne-ne-tejkalimin-e-krizes-politike-ne-mal-te-zi\/#webpage\",\"url\":\"https:\/\/www.visit-ulcinj.com\/blog\/2017\/06\/21\/abazoviq-kerkoi-nga-deputetet-e-bundestagut-qe-te-ndihmojne-ne-tejkalimin-e-krizes-politike-ne-mal-te-zi\/\",\"name\":\"Abazoviq k\u00ebrkoi nga deputet\u00ebt e Bundestagut q\u00eb t\u00eb ndihmojn\u00eb n\u00eb tejkalimin e kriz\u00ebs politike ne Mal t\u00eb Zi - Lajme nga Ulqini\",\"isPartOf\":{\"@id\":\"https:\/\/www.visit-ulcinj.com\/blog\/#website\"},\"primaryImageOfPage\":{\"@id\":\"https:\/\/www.visit-ulcinj.com\/blog\/2017\/06\/21\/abazoviq-kerkoi-nga-deputetet-e-bundestagut-qe-te-ndihmojne-ne-tejkalimin-e-krizes-politike-ne-mal-te-zi\/#primaryimage\"},\"datePublished\":\"2017-06-21T19:09:03+00:00\",\"dateModified\":\"2017-06-21T19:09:03+00:00\",\"author\":{\"@id\":\"https:\/\/www.visit-ulcinj.com\/blog\/#\/schema\/person\/dcab619c614d3038751c63bc2aadc06d\"},\"description\":\"Kryetari i l\u00ebvizjes qytetare URA Dritan Abazoviq k\u00ebrkoi nga deputet\u00ebt e Bundestagut gjerman q\u00eb t\u00eb ndihmojn\u00eb n\u00eb tejkalimin e kriz\u00ebs politike n\u00eb Mal t\u00eb Zi,\",\"breadcrumb\":{\"@id\":\"https:\/\/www.visit-ulcinj.com\/blog\/2017\/06\/21\/abazoviq-kerkoi-nga-deputetet-e-bundestagut-qe-te-ndihmojne-ne-tejkalimin-e-krizes-politike-ne-mal-te-zi\/#breadcrumb\"},\"inLanguage\":\"en-US\",\"potentialAction\":[{\"@type\":\"ReadAction\",\"target\":[\"https:\/\/www.visit-ulcinj.com\/blog\/2017\/06\/21\/abazoviq-kerkoi-nga-deputetet-e-bundestagut-qe-te-ndihmojne-ne-tejkalimin-e-krizes-politike-ne-mal-te-zi\/\"]}]},{\"@type\":\"BreadcrumbList\",\"@id\":\"https:\/\/www.visit-ulcinj.com\/blog\/2017\/06\/21\/abazoviq-kerkoi-nga-deputetet-e-bundestagut-qe-te-ndihmojne-ne-tejkalimin-e-krizes-politike-ne-mal-te-zi\/#breadcrumb\",\"itemListElement\":[{\"@type\":\"ListItem\",\"position\":1,\"name\":\"Abazoviq k\u00ebrkoi nga deputet\u00ebt e Bundestagut q\u00eb t\u00eb ndihmojn\u00eb n\u00eb tejkalimin e kriz\u00ebs politike ne Mal t\u00eb Zi\"}]},{\"@type\":\"Person\",\"@id\":\"https:\/\/www.visit-ulcinj.com\/blog\/#\/schema\/person\/dcab619c614d3038751c63bc2aadc06d\",\"name\":\"ulqini\",\"sameAs\":[\"http:\/\/www.visit-ulcinj.com\"],\"url\":\"https:\/\/www.visit-ulcinj.com\/blog\/author\/admin\/\"}]}<\/script>\n<!-- \/ Yoast SEO plugin. -->","yoast_head_json":{"title":"Abazoviq k\u00ebrkoi nga deputet\u00ebt e Bundestagut q\u00eb t\u00eb ndihmojn\u00eb n\u00eb tejkalimin e kriz\u00ebs politike ne Mal t\u00eb Zi - Lajme nga Ulqini","description":"Kryetari i l\u00ebvizjes qytetare URA Dritan Abazoviq k\u00ebrkoi nga deputet\u00ebt e Bundestagut gjerman q\u00eb t\u00eb ndihmojn\u00eb n\u00eb tejkalimin e kriz\u00ebs politike n\u00eb Mal t\u00eb Zi,","robots":{"index":"index","follow":"follow","max-snippet":"max-snippet:-1","max-image-preview":"max-image-preview:large","max-video-preview":"max-video-preview:-1"},"canonical":"https:\/\/www.visit-ulcinj.com\/blog\/2017\/06\/21\/abazoviq-kerkoi-nga-deputetet-e-bundestagut-qe-te-ndihmojne-ne-tejkalimin-e-krizes-politike-ne-mal-te-zi\/","og_locale":"en_US","og_type":"article","og_title":"Abazoviq k\u00ebrkoi nga deputet\u00ebt e Bundestagut q\u00eb t\u00eb ndihmojn\u00eb n\u00eb tejkalimin e kriz\u00ebs politike ne Mal t\u00eb Zi - Lajme nga Ulqini","og_description":"Kryetari i l\u00ebvizjes qytetare URA Dritan Abazoviq k\u00ebrkoi nga deputet\u00ebt e Bundestagut gjerman q\u00eb t\u00eb ndihmojn\u00eb n\u00eb tejkalimin e kriz\u00ebs politike n\u00eb Mal t\u00eb Zi,","og_url":"https:\/\/www.visit-ulcinj.com\/blog\/2017\/06\/21\/abazoviq-kerkoi-nga-deputetet-e-bundestagut-qe-te-ndihmojne-ne-tejkalimin-e-krizes-politike-ne-mal-te-zi\/","og_site_name":"Lajme nga Ulqini","article_published_time":"2017-06-21T19:09:03+00:00","og_image":[{"url":"http:\/\/www.visit-ulcinj.com\/blog\/wp-content\/uploads\/2017\/06\/Abazovic-u-Berlinu-Njemacka-da-pomogne-Crnu-Goru.jpg"}],"twitter_misc":{"Written by":"ulqini","Est. reading time":"1 minute"},"schema":{"@context":"https:\/\/schema.org","@graph":[{"@type":"WebSite","@id":"https:\/\/www.visit-ulcinj.com\/blog\/#website","url":"https:\/\/www.visit-ulcinj.com\/blog\/","name":"Lajme nga Ulqini","description":"Lajme,Vijesti,Ulqini,Ulqin,Crna Gora,Mali i Zi","potentialAction":[{"@type":"SearchAction","target":{"@type":"EntryPoint","urlTemplate":"https:\/\/www.visit-ulcinj.com\/blog\/?s={search_term_string}"},"query-input":"required name=search_term_string"}],"inLanguage":"en-US"},{"@type":"ImageObject","inLanguage":"en-US","@id":"https:\/\/www.visit-ulcinj.com\/blog\/2017\/06\/21\/abazoviq-kerkoi-nga-deputetet-e-bundestagut-qe-te-ndihmojne-ne-tejkalimin-e-krizes-politike-ne-mal-te-zi\/#primaryimage","url":"https:\/\/www.visit-ulcinj.com\/blog\/wp-content\/uploads\/2017\/06\/Abazovic-u-Berlinu-Njemacka-da-pomogne-Crnu-Goru.jpg","contentUrl":"https:\/\/www.visit-ulcinj.com\/blog\/wp-content\/uploads\/2017\/06\/Abazovic-u-Berlinu-Njemacka-da-pomogne-Crnu-Goru.jpg","width":717,"height":507},{"@type":"WebPage","@id":"https:\/\/www.visit-ulcinj.com\/blog\/2017\/06\/21\/abazoviq-kerkoi-nga-deputetet-e-bundestagut-qe-te-ndihmojne-ne-tejkalimin-e-krizes-politike-ne-mal-te-zi\/#webpage","url":"https:\/\/www.visit-ulcinj.com\/blog\/2017\/06\/21\/abazoviq-kerkoi-nga-deputetet-e-bundestagut-qe-te-ndihmojne-ne-tejkalimin-e-krizes-politike-ne-mal-te-zi\/","name":"Abazoviq k\u00ebrkoi nga deputet\u00ebt e Bundestagut q\u00eb t\u00eb ndihmojn\u00eb n\u00eb tejkalimin e kriz\u00ebs politike ne Mal t\u00eb Zi - Lajme nga Ulqini","isPartOf":{"@id":"https:\/\/www.visit-ulcinj.com\/blog\/#website"},"primaryImageOfPage":{"@id":"https:\/\/www.visit-ulcinj.com\/blog\/2017\/06\/21\/abazoviq-kerkoi-nga-deputetet-e-bundestagut-qe-te-ndihmojne-ne-tejkalimin-e-krizes-politike-ne-mal-te-zi\/#primaryimage"},"datePublished":"2017-06-21T19:09:03+00:00","dateModified":"2017-06-21T19:09:03+00:00","author":{"@id":"https:\/\/www.visit-ulcinj.com\/blog\/#\/schema\/person\/dcab619c614d3038751c63bc2aadc06d"},"description":"Kryetari i l\u00ebvizjes qytetare URA Dritan Abazoviq k\u00ebrkoi nga deputet\u00ebt e Bundestagut gjerman q\u00eb t\u00eb ndihmojn\u00eb n\u00eb tejkalimin e kriz\u00ebs politike n\u00eb Mal t\u00eb Zi,","breadcrumb":{"@id":"https:\/\/www.visit-ulcinj.com\/blog\/2017\/06\/21\/abazoviq-kerkoi-nga-deputetet-e-bundestagut-qe-te-ndihmojne-ne-tejkalimin-e-krizes-politike-ne-mal-te-zi\/#breadcrumb"},"inLanguage":"en-US","potentialAction":[{"@type":"ReadAction","target":["https:\/\/www.visit-ulcinj.com\/blog\/2017\/06\/21\/abazoviq-kerkoi-nga-deputetet-e-bundestagut-qe-te-ndihmojne-ne-tejkalimin-e-krizes-politike-ne-mal-te-zi\/"]}]},{"@type":"BreadcrumbList","@id":"https:\/\/www.visit-ulcinj.com\/blog\/2017\/06\/21\/abazoviq-kerkoi-nga-deputetet-e-bundestagut-qe-te-ndihmojne-ne-tejkalimin-e-krizes-politike-ne-mal-te-zi\/#breadcrumb","itemListElement":[{"@type":"ListItem","position":1,"name":"Abazoviq k\u00ebrkoi nga deputet\u00ebt e Bundestagut q\u00eb t\u00eb ndihmojn\u00eb n\u00eb tejkalimin e kriz\u00ebs politike ne Mal t\u00eb Zi"}]},{"@type":"Person","@id":"https:\/\/www.visit-ulcinj.com\/blog\/#\/schema\/person\/dcab619c614d3038751c63bc2aadc06d","name":"ulqini","sameAs":["http:\/\/www.visit-ulcinj.com"],"url":"https:\/\/www.visit-ulcinj.com\/blog\/author\/admin\/"}]}},"jetpack_featured_media_url":"","jetpack_sharing_enabled":true,"jetpack_shortlink":"https:\/\/wp.me\/pe6lTn-rvx","_links":{"self":[{"href":"https:\/\/www.visit-ulcinj.com\/blog\/wp-json\/wp\/v2\/posts\/105743"}],"collection":[{"href":"https:\/\/www.visit-ulcinj.com\/blog\/wp-json\/wp\/v2\/posts"}],"about":[{"href":"https:\/\/www.visit-ulcinj.com\/blog\/wp-json\/wp\/v2\/types\/post"}],"author":[{"embeddable":true,"href":"https:\/\/www.visit-ulcinj.com\/blog\/wp-json\/wp\/v2\/users\/1"}],"replies":[{"embeddable":true,"href":"https:\/\/www.visit-ulcinj.com\/blog\/wp-json\/wp\/v2\/comments?post=105743"}],"version-history":[{"count":1,"href":"https:\/\/www.visit-ulcinj.com\/blog\/wp-json\/wp\/v2\/posts\/105743\/revisions"}],"predecessor-version":[{"id":105744,"href":"https:\/\/www.visit-ulcinj.com\/blog\/wp-json\/wp\/v2\/posts\/105743\/revisions\/105744"}],"wp:attachment":[{"href":"https:\/\/www.visit-ulcinj.com\/blog\/wp-json\/wp\/v2\/media?parent=105743"}],"wp:term":[{"taxonomy":"category","embeddable":true,"href":"https:\/\/www.visit-ulcinj.com\/blog\/wp-json\/wp\/v2\/categories?post=105743"},{"taxonomy":"post_tag","embeddable":true,"href":"https:\/\/www.visit-ulcinj.com\/blog\/wp-json\/wp\/v2\/tags?post=105743"}],"curies":[{"name":"wp","href":"https:\/\/api.w.org\/{rel}","templated":true}]}}