{"id":105745,"date":"2017-06-21T20:38:40","date_gmt":"2017-06-21T19:38:40","guid":{"rendered":"http:\/\/www.visit-ulcinj.com\/blog\/?p=105745"},"modified":"2023-04-01T13:30:18","modified_gmt":"2023-04-01T12:30:18","slug":"hapet-sezoni-turistik-ne-ulqin-2","status":"publish","type":"post","link":"https:\/\/www.visit-ulcinj.com\/blog\/2017\/06\/21\/hapet-sezoni-turistik-ne-ulqin-2\/","title":{"rendered":"Hapet sezoni turistik n\u00eb Ulqin"},"content":{"rendered":"<h4><a href=\"http:\/\/www.visit-ulcinj.com\/blog\/wp-content\/uploads\/2017\/06\/Hapet-sezoni-turistik-ne-Ulqin.jpg\"><img loading=\"lazy\" class=\"alignleft wp-image-105746\" src=\"http:\/\/www.visit-ulcinj.com\/blog\/wp-content\/uploads\/2017\/06\/Hapet-sezoni-turistik-ne-Ulqin.jpg\" alt=\"\" width=\"508\" height=\"242\" srcset=\"https:\/\/www.visit-ulcinj.com\/blog\/wp-content\/uploads\/2017\/06\/Hapet-sezoni-turistik-ne-Ulqin.jpg 933w, https:\/\/www.visit-ulcinj.com\/blog\/wp-content\/uploads\/2017\/06\/Hapet-sezoni-turistik-ne-Ulqin-300x143.jpg 300w, https:\/\/www.visit-ulcinj.com\/blog\/wp-content\/uploads\/2017\/06\/Hapet-sezoni-turistik-ne-Ulqin-768x366.jpg 768w\" sizes=\"(max-width: 508px) 100vw, 508px\" \/><\/a>Autoritetet lokale dhe Organizata Turistike jan\u00eb p\u00ebrkushtuar p\u00ebr nj\u00eb fillim t\u00eb nivelit t\u00eb lart\u00eb t\u00eb turizmit.<\/h4>\n<p><strong>Mobil: Viber + Whatsapp: +382 69 335 534\u00a0 : +382 69 335 512<\/strong><\/p>\n<p>Ta q\u00eb kan\u00eb shijuar t\u00eb par\u00ebt krip\u00ebn e detit Adriatik kan\u00eb qen\u00eb pensionist\u00ebt, e tani kur temperaturat jan\u00eb t\u00eb larta dhe uji i nxeht\u00eb\u00a0 soll\u00ebn notuesit e par\u00eb, familjar\u00eb, t\u00eb rinj e t\u00eb reja. Njoh\u00ebsit e turizmit thon\u00eb se pas p\u00ebrfundimit t\u00eb <strong>Muajit t\u00eb Shenjt\u00eb t\u00eb Ramazanit<\/strong>\u00a0pritet nj\u00eb val\u00eb e madhe e mysafir\u00ebve. Ulqini ka m\u00eb se tridhjet\u00eb plazhe, ku shtat\u00eb nga to jan\u00eb bart\u00ebse t\u00eb\u00a0<strong>Flamurit t\u00eb Kalt\u00ebr,<\/strong>\u00a0\u00e7far\u00eb flet p\u00ebr p\u00ebrmbushjen e kritereve, p\u00ebr sa i p\u00ebrket cil\u00ebsis\u00eb s\u00eb ujit, rekuizitave, past\u00ebrtis\u00eb dhe k\u00ebshtu me radh\u00eb. Interesimi m\u00eb i madh i mysafir\u00ebve t\u00eb huaj \u00ebsht\u00eb p\u00ebr kompleksin nudistik n\u00eb Ujdhes\u00ebn Ada, nd\u00ebrsa mysafir\u00ebt tradicional\u00eb m\u00eb t\u00eb shumt\u00eb n\u00eb num\u00ebr jan\u00eb ata nga Kosova. Ulqini gjat\u00eb ver\u00ebs mban epitetin qyteti i t\u00eb rinjve, ai ka gjall\u00ebri p\u00ebr 24 or\u00eb.<\/p>\n<p>Drejtori i\u00a0<strong>Organizat\u00ebs Turistike, Fuad Haxhibeti<\/strong>\u00a0p\u00ebr\u00a0<strong>Z\u00ebrin Turqis\u00eb<\/strong>\u00a0thot\u00eb se n\u00eb Ulqin po pushon nj\u00eb num\u00ebr i madh u turist\u00ebve dhe se n\u00eb bashk\u00ebpunim me Komun\u00ebn e Ulqinit kan\u00eb p\u00ebrgatitur edhe nj\u00eb program t\u00eb pasur kulturor p\u00ebr dit\u00ebt n\u00eb vijim.<\/p>\n<p><strong>F.Haxhibeti:\u00a0<\/strong>Sa i p\u00ebrket numrit t\u00eb paraqitur t\u00eb turist\u00ebve ai \u00ebsht\u00eb mbi 7200 t\u00eb paraqitur. Sigurisht q\u00eb numri \u00ebsht\u00eb m\u00eb i madh sepse jo t\u00eb gjith\u00eb mysafir\u00ebt jan\u00eb t\u00eb paraqitur. Sa i p\u00ebrket aktiviteteve, ne si organizat\u00eb turistike dhe pushtet lokal, m\u00eb 27 qershor do t\u00eb organizojm\u00eb Festivalin nd\u00ebrkomb\u00ebtar \u201cSouthern Soul\u201d, aktivitet ky q\u00eb do t\u00eb zhvillohet n\u00eb plazhin e madh, ku kemi nj\u00eb num\u00ebr t\u00eb madh t\u00eb turist\u00ebve nga\u00a0<strong>Britania e Madhe,<\/strong>\u00a0t\u00eb cil\u00ebt p\u00eblqejn\u00eb k\u00ebt\u00eb lloj muzike. Pas k\u00ebtij aktiviteti menj\u00ebher\u00eb m\u00eb 28 qershor kemi\u00a0<strong>Festivalin Nd\u00ebrkomb\u00ebtar t\u00eb Folklorit,<\/strong>\u00a0ku do t\u00eb marrin pjes\u00eb 14 shtete me mbi 400 pjes\u00ebmarr\u00ebs, dhe ku nd\u00ebr t\u00eb ftuarit do t\u00eb jet\u00eb edhe ansambli nga Bursa e Turqis\u00eb si dhe disa ansamble nga shtete t\u00eb tjera t\u00eb Evrop\u00ebs.<\/p>\n<p><strong>V. Katana:\u00a0<\/strong><em>Z Haxhibeti, tashm\u00eb \u00ebsht\u00eb e njohur q\u00eb pas p\u00ebrfundimit t\u00eb Muajit t\u00eb Madh\u00ebrish\u00ebm t\u00eb Ramazanit n\u00eb qytetin e Ulqinit v\u00ebrehet nj\u00eb fluks m\u00eb i shtuar i turist\u00ebve. Nga gravitojn\u00eb turist\u00ebt q\u00eb vizitojn\u00eb Ulqinin?<\/em><\/p>\n<p><strong>F. Haxhibeti:\u00a0<\/strong>N\u00eb k\u00ebto momente numrin m\u00eb t\u00eb madh t\u00eb turist\u00ebve e kemi n\u00eb hotele t\u00eb m\u00ebdha, t\u00eb cil\u00ebt gjat\u00eb dimrit kan\u00eb pasur aktivitete t\u00eb shumta sa i p\u00ebrket n\u00ebnshkrimit t\u00eb kontratave dhe aktualisht n\u00eb\u00a0<strong>Rivier\u00ebn e Ulqinin<\/strong>\u00a0numri m\u00eb i madh i turist\u00ebve \u00ebsht\u00eb nga Polonia, \u00c7ekia, Hungaria dhe nj\u00eb pjes\u00eb nga vendet e rajonit. Turist\u00eb kemi nga Evropa Qendrore dhe ajo Per\u00ebndimore\u201d,- tha p\u00ebr Z\u00ebrin e Turqis\u00eb, drejtori i Organizat\u00ebs Turistike Fuad Haxhibeti.<\/p>\n<p><strong>Z\u00ebri i Turqis\u00eb<\/strong><\/p>\n<!--YouTube Error: bad URL entered-->\n","protected":false},"excerpt":{"rendered":"<p>Autoritetet lokale dhe Organizata Turistike jan\u00eb p\u00ebrkushtuar p\u00ebr nj\u00eb fillim t\u00eb nivelit t\u00eb lart\u00eb t\u00eb turizmit. Mobil: Viber + Whatsapp: +382 69 335 534\u00a0 : +382 69 335 512 Ta q\u00eb kan\u00eb shijuar t\u00eb par\u00ebt krip\u00ebn e detit Adriatik kan\u00eb qen\u00eb pensionist\u00ebt, e tani kur temperaturat jan\u00eb t\u00eb larta dhe uji i nxeht\u00eb\u00a0 soll\u00ebn notuesit [&hellip;]<\/p>\n","protected":false},"author":1,"featured_media":0,"comment_status":"closed","ping_status":"closed","sticky":false,"template":"","format":"standard","meta":{"spay_email":"","jetpack_publicize_message":"","jetpack_is_tweetstorm":false,"jetpack_publicize_feature_enabled":true},"categories":[2451],"tags":[],"jetpack_publicize_connections":[],"yoast_head":"<!-- This site is optimized with the Yoast SEO plugin v19.1 - https:\/\/yoast.com\/wordpress\/plugins\/seo\/ -->\n<title>Hapet sezoni turistik n\u00eb Ulqin - Lajme nga Ulqini<\/title>\n<meta name=\"description\" content=\"Autoritetet lokale dhe Organizata Turistike jan\u00eb p\u00ebrkushtuar p\u00ebr nj\u00eb fillim t\u00eb nivelit t\u00eb lart\u00eb t\u00eb turizmit. Mobil: Viber + Whatsapp: +382 69 335 534\u00a0 :\" \/>\n<meta name=\"robots\" content=\"index, follow, max-snippet:-1, max-image-preview:large, max-video-preview:-1\" \/>\n<link rel=\"canonical\" href=\"https:\/\/www.visit-ulcinj.com\/blog\/2017\/06\/21\/hapet-sezoni-turistik-ne-ulqin-2\/\" \/>\n<meta property=\"og:locale\" content=\"en_US\" \/>\n<meta property=\"og:type\" content=\"article\" \/>\n<meta property=\"og:title\" content=\"Hapet sezoni turistik n\u00eb Ulqin - Lajme nga Ulqini\" \/>\n<meta property=\"og:description\" content=\"Autoritetet lokale dhe Organizata Turistike jan\u00eb p\u00ebrkushtuar p\u00ebr nj\u00eb fillim t\u00eb nivelit t\u00eb lart\u00eb t\u00eb turizmit. Mobil: Viber + Whatsapp: +382 69 335 534\u00a0 :\" \/>\n<meta property=\"og:url\" content=\"https:\/\/www.visit-ulcinj.com\/blog\/2017\/06\/21\/hapet-sezoni-turistik-ne-ulqin-2\/\" \/>\n<meta property=\"og:site_name\" content=\"Lajme nga Ulqini\" \/>\n<meta property=\"article:published_time\" content=\"2017-06-21T19:38:40+00:00\" \/>\n<meta property=\"article:modified_time\" content=\"2023-04-01T12:30:18+00:00\" \/>\n<meta property=\"og:image\" content=\"http:\/\/www.visit-ulcinj.com\/blog\/wp-content\/uploads\/2017\/06\/Hapet-sezoni-turistik-ne-Ulqin.jpg\" \/>\n<meta name=\"twitter:label1\" content=\"Written by\" \/>\n\t<meta name=\"twitter:data1\" content=\"ulqini\" \/>\n\t<meta name=\"twitter:label2\" content=\"Est. reading time\" \/>\n\t<meta name=\"twitter:data2\" content=\"3 minutes\" \/>\n<script type=\"application\/ld+json\" class=\"yoast-schema-graph\">{\"@context\":\"https:\/\/schema.org\",\"@graph\":[{\"@type\":\"WebSite\",\"@id\":\"https:\/\/www.visit-ulcinj.com\/blog\/#website\",\"url\":\"https:\/\/www.visit-ulcinj.com\/blog\/\",\"name\":\"Lajme nga Ulqini\",\"description\":\"Lajme,Vijesti,Ulqini,Ulqin,Crna Gora,Mali i Zi\",\"potentialAction\":[{\"@type\":\"SearchAction\",\"target\":{\"@type\":\"EntryPoint\",\"urlTemplate\":\"https:\/\/www.visit-ulcinj.com\/blog\/?s={search_term_string}\"},\"query-input\":\"required name=search_term_string\"}],\"inLanguage\":\"en-US\"},{\"@type\":\"ImageObject\",\"inLanguage\":\"en-US\",\"@id\":\"https:\/\/www.visit-ulcinj.com\/blog\/2017\/06\/21\/hapet-sezoni-turistik-ne-ulqin-2\/#primaryimage\",\"url\":\"https:\/\/www.visit-ulcinj.com\/blog\/wp-content\/uploads\/2017\/06\/Hapet-sezoni-turistik-ne-Ulqin.jpg\",\"contentUrl\":\"https:\/\/www.visit-ulcinj.com\/blog\/wp-content\/uploads\/2017\/06\/Hapet-sezoni-turistik-ne-Ulqin.jpg\",\"width\":933,\"height\":445},{\"@type\":\"WebPage\",\"@id\":\"https:\/\/www.visit-ulcinj.com\/blog\/2017\/06\/21\/hapet-sezoni-turistik-ne-ulqin-2\/#webpage\",\"url\":\"https:\/\/www.visit-ulcinj.com\/blog\/2017\/06\/21\/hapet-sezoni-turistik-ne-ulqin-2\/\",\"name\":\"Hapet sezoni turistik n\u00eb Ulqin - Lajme nga Ulqini\",\"isPartOf\":{\"@id\":\"https:\/\/www.visit-ulcinj.com\/blog\/#website\"},\"primaryImageOfPage\":{\"@id\":\"https:\/\/www.visit-ulcinj.com\/blog\/2017\/06\/21\/hapet-sezoni-turistik-ne-ulqin-2\/#primaryimage\"},\"datePublished\":\"2017-06-21T19:38:40+00:00\",\"dateModified\":\"2023-04-01T12:30:18+00:00\",\"author\":{\"@id\":\"https:\/\/www.visit-ulcinj.com\/blog\/#\/schema\/person\/dcab619c614d3038751c63bc2aadc06d\"},\"description\":\"Autoritetet lokale dhe Organizata Turistike jan\u00eb p\u00ebrkushtuar p\u00ebr nj\u00eb fillim t\u00eb nivelit t\u00eb lart\u00eb t\u00eb turizmit. Mobil: Viber + Whatsapp: +382 69 335 534\u00a0 :\",\"breadcrumb\":{\"@id\":\"https:\/\/www.visit-ulcinj.com\/blog\/2017\/06\/21\/hapet-sezoni-turistik-ne-ulqin-2\/#breadcrumb\"},\"inLanguage\":\"en-US\",\"potentialAction\":[{\"@type\":\"ReadAction\",\"target\":[\"https:\/\/www.visit-ulcinj.com\/blog\/2017\/06\/21\/hapet-sezoni-turistik-ne-ulqin-2\/\"]}]},{\"@type\":\"BreadcrumbList\",\"@id\":\"https:\/\/www.visit-ulcinj.com\/blog\/2017\/06\/21\/hapet-sezoni-turistik-ne-ulqin-2\/#breadcrumb\",\"itemListElement\":[{\"@type\":\"ListItem\",\"position\":1,\"name\":\"Hapet sezoni turistik n\u00eb Ulqin\"}]},{\"@type\":\"Person\",\"@id\":\"https:\/\/www.visit-ulcinj.com\/blog\/#\/schema\/person\/dcab619c614d3038751c63bc2aadc06d\",\"name\":\"ulqini\",\"sameAs\":[\"http:\/\/www.visit-ulcinj.com\"],\"url\":\"https:\/\/www.visit-ulcinj.com\/blog\/author\/admin\/\"}]}<\/script>\n<!-- \/ Yoast SEO plugin. -->","yoast_head_json":{"title":"Hapet sezoni turistik n\u00eb Ulqin - Lajme nga Ulqini","description":"Autoritetet lokale dhe Organizata Turistike jan\u00eb p\u00ebrkushtuar p\u00ebr nj\u00eb fillim t\u00eb nivelit t\u00eb lart\u00eb t\u00eb turizmit. Mobil: Viber + Whatsapp: +382 69 335 534\u00a0 :","robots":{"index":"index","follow":"follow","max-snippet":"max-snippet:-1","max-image-preview":"max-image-preview:large","max-video-preview":"max-video-preview:-1"},"canonical":"https:\/\/www.visit-ulcinj.com\/blog\/2017\/06\/21\/hapet-sezoni-turistik-ne-ulqin-2\/","og_locale":"en_US","og_type":"article","og_title":"Hapet sezoni turistik n\u00eb Ulqin - Lajme nga Ulqini","og_description":"Autoritetet lokale dhe Organizata Turistike jan\u00eb p\u00ebrkushtuar p\u00ebr nj\u00eb fillim t\u00eb nivelit t\u00eb lart\u00eb t\u00eb turizmit. Mobil: Viber + Whatsapp: +382 69 335 534\u00a0 :","og_url":"https:\/\/www.visit-ulcinj.com\/blog\/2017\/06\/21\/hapet-sezoni-turistik-ne-ulqin-2\/","og_site_name":"Lajme nga Ulqini","article_published_time":"2017-06-21T19:38:40+00:00","article_modified_time":"2023-04-01T12:30:18+00:00","og_image":[{"url":"http:\/\/www.visit-ulcinj.com\/blog\/wp-content\/uploads\/2017\/06\/Hapet-sezoni-turistik-ne-Ulqin.jpg"}],"twitter_misc":{"Written by":"ulqini","Est. reading time":"3 minutes"},"schema":{"@context":"https:\/\/schema.org","@graph":[{"@type":"WebSite","@id":"https:\/\/www.visit-ulcinj.com\/blog\/#website","url":"https:\/\/www.visit-ulcinj.com\/blog\/","name":"Lajme nga Ulqini","description":"Lajme,Vijesti,Ulqini,Ulqin,Crna Gora,Mali i Zi","potentialAction":[{"@type":"SearchAction","target":{"@type":"EntryPoint","urlTemplate":"https:\/\/www.visit-ulcinj.com\/blog\/?s={search_term_string}"},"query-input":"required name=search_term_string"}],"inLanguage":"en-US"},{"@type":"ImageObject","inLanguage":"en-US","@id":"https:\/\/www.visit-ulcinj.com\/blog\/2017\/06\/21\/hapet-sezoni-turistik-ne-ulqin-2\/#primaryimage","url":"https:\/\/www.visit-ulcinj.com\/blog\/wp-content\/uploads\/2017\/06\/Hapet-sezoni-turistik-ne-Ulqin.jpg","contentUrl":"https:\/\/www.visit-ulcinj.com\/blog\/wp-content\/uploads\/2017\/06\/Hapet-sezoni-turistik-ne-Ulqin.jpg","width":933,"height":445},{"@type":"WebPage","@id":"https:\/\/www.visit-ulcinj.com\/blog\/2017\/06\/21\/hapet-sezoni-turistik-ne-ulqin-2\/#webpage","url":"https:\/\/www.visit-ulcinj.com\/blog\/2017\/06\/21\/hapet-sezoni-turistik-ne-ulqin-2\/","name":"Hapet sezoni turistik n\u00eb Ulqin - Lajme nga Ulqini","isPartOf":{"@id":"https:\/\/www.visit-ulcinj.com\/blog\/#website"},"primaryImageOfPage":{"@id":"https:\/\/www.visit-ulcinj.com\/blog\/2017\/06\/21\/hapet-sezoni-turistik-ne-ulqin-2\/#primaryimage"},"datePublished":"2017-06-21T19:38:40+00:00","dateModified":"2023-04-01T12:30:18+00:00","author":{"@id":"https:\/\/www.visit-ulcinj.com\/blog\/#\/schema\/person\/dcab619c614d3038751c63bc2aadc06d"},"description":"Autoritetet lokale dhe Organizata Turistike jan\u00eb p\u00ebrkushtuar p\u00ebr nj\u00eb fillim t\u00eb nivelit t\u00eb lart\u00eb t\u00eb turizmit. Mobil: Viber + Whatsapp: +382 69 335 534\u00a0 :","breadcrumb":{"@id":"https:\/\/www.visit-ulcinj.com\/blog\/2017\/06\/21\/hapet-sezoni-turistik-ne-ulqin-2\/#breadcrumb"},"inLanguage":"en-US","potentialAction":[{"@type":"ReadAction","target":["https:\/\/www.visit-ulcinj.com\/blog\/2017\/06\/21\/hapet-sezoni-turistik-ne-ulqin-2\/"]}]},{"@type":"BreadcrumbList","@id":"https:\/\/www.visit-ulcinj.com\/blog\/2017\/06\/21\/hapet-sezoni-turistik-ne-ulqin-2\/#breadcrumb","itemListElement":[{"@type":"ListItem","position":1,"name":"Hapet sezoni turistik n\u00eb Ulqin"}]},{"@type":"Person","@id":"https:\/\/www.visit-ulcinj.com\/blog\/#\/schema\/person\/dcab619c614d3038751c63bc2aadc06d","name":"ulqini","sameAs":["http:\/\/www.visit-ulcinj.com"],"url":"https:\/\/www.visit-ulcinj.com\/blog\/author\/admin\/"}]}},"jetpack_featured_media_url":"","jetpack_sharing_enabled":true,"jetpack_shortlink":"https:\/\/wp.me\/pe6lTn-rvz","_links":{"self":[{"href":"https:\/\/www.visit-ulcinj.com\/blog\/wp-json\/wp\/v2\/posts\/105745"}],"collection":[{"href":"https:\/\/www.visit-ulcinj.com\/blog\/wp-json\/wp\/v2\/posts"}],"about":[{"href":"https:\/\/www.visit-ulcinj.com\/blog\/wp-json\/wp\/v2\/types\/post"}],"author":[{"embeddable":true,"href":"https:\/\/www.visit-ulcinj.com\/blog\/wp-json\/wp\/v2\/users\/1"}],"replies":[{"embeddable":true,"href":"https:\/\/www.visit-ulcinj.com\/blog\/wp-json\/wp\/v2\/comments?post=105745"}],"version-history":[{"count":3,"href":"https:\/\/www.visit-ulcinj.com\/blog\/wp-json\/wp\/v2\/posts\/105745\/revisions"}],"predecessor-version":[{"id":106901,"href":"https:\/\/www.visit-ulcinj.com\/blog\/wp-json\/wp\/v2\/posts\/105745\/revisions\/106901"}],"wp:attachment":[{"href":"https:\/\/www.visit-ulcinj.com\/blog\/wp-json\/wp\/v2\/media?parent=105745"}],"wp:term":[{"taxonomy":"category","embeddable":true,"href":"https:\/\/www.visit-ulcinj.com\/blog\/wp-json\/wp\/v2\/categories?post=105745"},{"taxonomy":"post_tag","embeddable":true,"href":"https:\/\/www.visit-ulcinj.com\/blog\/wp-json\/wp\/v2\/tags?post=105745"}],"curies":[{"name":"wp","href":"https:\/\/api.w.org\/{rel}","templated":true}]}}