{"id":105748,"date":"2017-06-21T20:52:02","date_gmt":"2017-06-21T19:52:02","guid":{"rendered":"http:\/\/www.visit-ulcinj.com\/blog\/?p=105748"},"modified":"2017-07-02T06:16:40","modified_gmt":"2017-07-02T05:16:40","slug":"gold-ag-dhe-shemi-publikojne-projektin-e-ri-e-mira-e-ulqinit","status":"publish","type":"post","link":"https:\/\/www.visit-ulcinj.com\/blog\/2017\/06\/21\/gold-ag-dhe-shemi-publikojne-projektin-e-ri-e-mira-e-ulqinit\/","title":{"rendered":"Gold AG dhe Shemi publikojn\u00eb projektin e ri \u201cE mira e Ulqinit\u201d"},"content":{"rendered":"<p><a href=\"http:\/\/www.visit-ulcinj.com\/blog\/wp-content\/uploads\/2017\/07\/ARIAN-AGUSHI-RAJMONDA-CUKA.png\"><img loading=\"lazy\" class=\"alignleft wp-image-105892\" src=\"http:\/\/www.visit-ulcinj.com\/blog\/wp-content\/uploads\/2017\/07\/ARIAN-AGUSHI-RAJMONDA-CUKA.png\" alt=\"\" width=\"508\" height=\"316\" \/><\/a>Pavar\u00ebsisht se \u00ebsht\u00eb me agj\u00ebrim, muaji i shenj\u00ebt i Ramazanit nuk po e pengon Arian Agushi t\u00eb zhvilloj veprimtarin\u00eb e tij prej k\u00ebng\u00ebtari.<\/p>\n<p>Madje k\u00ebto dit\u00eb ai ka udh\u00ebtuar drejt bregdetit n\u00eb Malin e zi p\u00ebr t\u00eb filmuar videoklipin e k\u00ebng\u00ebs s\u00eb re.<\/p>\n<p><a href=\"http:\/\/www.visit-ulcinj.com\/blog\/wp-content\/uploads\/2017\/07\/Gold-AG-ft-Shemi-vjen-m\u00eb-k\u00ebng\u00ebE-mira-Ulqinit-REJMONDA-CUKA.jpg\"><img loading=\"lazy\" class=\"alignleft wp-image-105893\" src=\"http:\/\/www.visit-ulcinj.com\/blog\/wp-content\/uploads\/2017\/07\/Gold-AG-ft-Shemi-vjen-m\u00eb-k\u00ebng\u00ebE-mira-Ulqinit-REJMONDA-CUKA.jpg\" alt=\"\" width=\"508\" height=\"286\" srcset=\"https:\/\/www.visit-ulcinj.com\/blog\/wp-content\/uploads\/2017\/07\/Gold-AG-ft-Shemi-vjen-m\u00eb-k\u00ebng\u00ebE-mira-Ulqinit-REJMONDA-CUKA.jpg 960w, https:\/\/www.visit-ulcinj.com\/blog\/wp-content\/uploads\/2017\/07\/Gold-AG-ft-Shemi-vjen-m\u00eb-k\u00ebng\u00ebE-mira-Ulqinit-REJMONDA-CUKA-300x169.jpg 300w, https:\/\/www.visit-ulcinj.com\/blog\/wp-content\/uploads\/2017\/07\/Gold-AG-ft-Shemi-vjen-m\u00eb-k\u00ebng\u00ebE-mira-Ulqinit-REJMONDA-CUKA-768x432.jpg 768w\" sizes=\"(max-width: 508px) 100vw, 508px\" \/><\/a><\/p>\n<p>K\u00ebnga quhet \u201cE mira e Ulqinit\u201d dhe \u00ebsht\u00eb bashk\u00ebpunim me Shemin e grupit Ilir\u00ebt.<\/p>\n<p>Por Gold Ag ver\u00ebs do ia bashkangjes edhe nj\u00eb tjet\u00ebr projekt e cila poashtu \u00ebsht\u00eb realizuar n\u00eb bashk\u00ebpunim.<\/p>\n<p>Nj\u00eb k\u00ebng\u00eb ritmike me Med\u00ebn do t\u00eb jet\u00eb n\u00eb dispozicion t\u00eb fansave t\u00eb tyre p\u00ebr vet\u00ebm pak dit\u00eb.\/Prive.al\/<\/p>\n","protected":false},"excerpt":{"rendered":"<p>Pavar\u00ebsisht se \u00ebsht\u00eb me agj\u00ebrim, muaji i shenj\u00ebt i Ramazanit nuk po e pengon Arian Agushi t\u00eb zhvilloj veprimtarin\u00eb e tij prej k\u00ebng\u00ebtari. Madje k\u00ebto dit\u00eb ai ka udh\u00ebtuar drejt bregdetit n\u00eb Malin e zi p\u00ebr t\u00eb filmuar videoklipin e k\u00ebng\u00ebs s\u00eb re. K\u00ebnga quhet \u201cE mira e Ulqinit\u201d dhe \u00ebsht\u00eb bashk\u00ebpunim me Shemin e [&hellip;]<\/p>\n","protected":false},"author":1,"featured_media":0,"comment_status":"closed","ping_status":"closed","sticky":false,"template":"","format":"standard","meta":{"spay_email":"","jetpack_publicize_message":"","jetpack_is_tweetstorm":false,"jetpack_publicize_feature_enabled":true},"categories":[1],"tags":[],"jetpack_publicize_connections":[],"yoast_head":"<!-- This site is optimized with the Yoast SEO plugin v19.1 - https:\/\/yoast.com\/wordpress\/plugins\/seo\/ -->\n<title>Gold AG dhe Shemi publikojn\u00eb projektin e ri \u201cE mira e Ulqinit\u201d - Lajme nga Ulqini<\/title>\n<meta name=\"description\" content=\"Pavar\u00ebsisht se \u00ebsht\u00eb me agj\u00ebrim, muaji i shenj\u00ebt i Ramazanit nuk po e pengon Arian Agushi t\u00eb zhvilloj veprimtarin\u00eb e tij prej k\u00ebng\u00ebtari. Madje k\u00ebto dit\u00eb\" \/>\n<meta name=\"robots\" content=\"index, follow, max-snippet:-1, max-image-preview:large, max-video-preview:-1\" \/>\n<link rel=\"canonical\" href=\"https:\/\/www.visit-ulcinj.com\/blog\/2017\/06\/21\/gold-ag-dhe-shemi-publikojne-projektin-e-ri-e-mira-e-ulqinit\/\" \/>\n<meta property=\"og:locale\" content=\"en_US\" \/>\n<meta property=\"og:type\" content=\"article\" \/>\n<meta property=\"og:title\" content=\"Gold AG dhe Shemi publikojn\u00eb projektin e ri \u201cE mira e Ulqinit\u201d - Lajme nga Ulqini\" \/>\n<meta property=\"og:description\" content=\"Pavar\u00ebsisht se \u00ebsht\u00eb me agj\u00ebrim, muaji i shenj\u00ebt i Ramazanit nuk po e pengon Arian Agushi t\u00eb zhvilloj veprimtarin\u00eb e tij prej k\u00ebng\u00ebtari. Madje k\u00ebto dit\u00eb\" \/>\n<meta property=\"og:url\" content=\"https:\/\/www.visit-ulcinj.com\/blog\/2017\/06\/21\/gold-ag-dhe-shemi-publikojne-projektin-e-ri-e-mira-e-ulqinit\/\" \/>\n<meta property=\"og:site_name\" content=\"Lajme nga Ulqini\" \/>\n<meta property=\"article:published_time\" content=\"2017-06-21T19:52:02+00:00\" \/>\n<meta property=\"article:modified_time\" content=\"2017-07-02T05:16:40+00:00\" \/>\n<meta property=\"og:image\" content=\"http:\/\/www.visit-ulcinj.com\/blog\/wp-content\/uploads\/2017\/07\/ARIAN-AGUSHI-RAJMONDA-CUKA.png\" \/>\n<meta name=\"twitter:label1\" content=\"Written by\" \/>\n\t<meta name=\"twitter:data1\" content=\"ulqini\" \/>\n\t<meta name=\"twitter:label2\" content=\"Est. reading time\" \/>\n\t<meta name=\"twitter:data2\" content=\"1 minute\" \/>\n<script type=\"application\/ld+json\" class=\"yoast-schema-graph\">{\"@context\":\"https:\/\/schema.org\",\"@graph\":[{\"@type\":\"WebSite\",\"@id\":\"https:\/\/www.visit-ulcinj.com\/blog\/#website\",\"url\":\"https:\/\/www.visit-ulcinj.com\/blog\/\",\"name\":\"Lajme nga Ulqini\",\"description\":\"Lajme,Vijesti,Ulqini,Ulqin,Crna Gora,Mali i Zi\",\"potentialAction\":[{\"@type\":\"SearchAction\",\"target\":{\"@type\":\"EntryPoint\",\"urlTemplate\":\"https:\/\/www.visit-ulcinj.com\/blog\/?s={search_term_string}\"},\"query-input\":\"required name=search_term_string\"}],\"inLanguage\":\"en-US\"},{\"@type\":\"ImageObject\",\"inLanguage\":\"en-US\",\"@id\":\"https:\/\/www.visit-ulcinj.com\/blog\/2017\/06\/21\/gold-ag-dhe-shemi-publikojne-projektin-e-ri-e-mira-e-ulqinit\/#primaryimage\",\"url\":\"http:\/\/www.visit-ulcinj.com\/blog\/wp-content\/uploads\/2017\/07\/ARIAN-AGUSHI-RAJMONDA-CUKA.png\",\"contentUrl\":\"http:\/\/www.visit-ulcinj.com\/blog\/wp-content\/uploads\/2017\/07\/ARIAN-AGUSHI-RAJMONDA-CUKA.png\"},{\"@type\":\"WebPage\",\"@id\":\"https:\/\/www.visit-ulcinj.com\/blog\/2017\/06\/21\/gold-ag-dhe-shemi-publikojne-projektin-e-ri-e-mira-e-ulqinit\/#webpage\",\"url\":\"https:\/\/www.visit-ulcinj.com\/blog\/2017\/06\/21\/gold-ag-dhe-shemi-publikojne-projektin-e-ri-e-mira-e-ulqinit\/\",\"name\":\"Gold AG dhe Shemi publikojn\u00eb projektin e ri \u201cE mira e Ulqinit\u201d - Lajme nga Ulqini\",\"isPartOf\":{\"@id\":\"https:\/\/www.visit-ulcinj.com\/blog\/#website\"},\"primaryImageOfPage\":{\"@id\":\"https:\/\/www.visit-ulcinj.com\/blog\/2017\/06\/21\/gold-ag-dhe-shemi-publikojne-projektin-e-ri-e-mira-e-ulqinit\/#primaryimage\"},\"datePublished\":\"2017-06-21T19:52:02+00:00\",\"dateModified\":\"2017-07-02T05:16:40+00:00\",\"author\":{\"@id\":\"https:\/\/www.visit-ulcinj.com\/blog\/#\/schema\/person\/dcab619c614d3038751c63bc2aadc06d\"},\"description\":\"Pavar\u00ebsisht se \u00ebsht\u00eb me agj\u00ebrim, muaji i shenj\u00ebt i Ramazanit nuk po e pengon Arian Agushi t\u00eb zhvilloj veprimtarin\u00eb e tij prej k\u00ebng\u00ebtari. Madje k\u00ebto dit\u00eb\",\"breadcrumb\":{\"@id\":\"https:\/\/www.visit-ulcinj.com\/blog\/2017\/06\/21\/gold-ag-dhe-shemi-publikojne-projektin-e-ri-e-mira-e-ulqinit\/#breadcrumb\"},\"inLanguage\":\"en-US\",\"potentialAction\":[{\"@type\":\"ReadAction\",\"target\":[\"https:\/\/www.visit-ulcinj.com\/blog\/2017\/06\/21\/gold-ag-dhe-shemi-publikojne-projektin-e-ri-e-mira-e-ulqinit\/\"]}]},{\"@type\":\"BreadcrumbList\",\"@id\":\"https:\/\/www.visit-ulcinj.com\/blog\/2017\/06\/21\/gold-ag-dhe-shemi-publikojne-projektin-e-ri-e-mira-e-ulqinit\/#breadcrumb\",\"itemListElement\":[{\"@type\":\"ListItem\",\"position\":1,\"name\":\"Gold AG dhe Shemi publikojn\u00eb projektin e ri \u201cE mira e Ulqinit\u201d\"}]},{\"@type\":\"Person\",\"@id\":\"https:\/\/www.visit-ulcinj.com\/blog\/#\/schema\/person\/dcab619c614d3038751c63bc2aadc06d\",\"name\":\"ulqini\",\"sameAs\":[\"http:\/\/www.visit-ulcinj.com\"],\"url\":\"https:\/\/www.visit-ulcinj.com\/blog\/author\/admin\/\"}]}<\/script>\n<!-- \/ Yoast SEO plugin. -->","yoast_head_json":{"title":"Gold AG dhe Shemi publikojn\u00eb projektin e ri \u201cE mira e Ulqinit\u201d - Lajme nga Ulqini","description":"Pavar\u00ebsisht se \u00ebsht\u00eb me agj\u00ebrim, muaji i shenj\u00ebt i Ramazanit nuk po e pengon Arian Agushi t\u00eb zhvilloj veprimtarin\u00eb e tij prej k\u00ebng\u00ebtari. Madje k\u00ebto dit\u00eb","robots":{"index":"index","follow":"follow","max-snippet":"max-snippet:-1","max-image-preview":"max-image-preview:large","max-video-preview":"max-video-preview:-1"},"canonical":"https:\/\/www.visit-ulcinj.com\/blog\/2017\/06\/21\/gold-ag-dhe-shemi-publikojne-projektin-e-ri-e-mira-e-ulqinit\/","og_locale":"en_US","og_type":"article","og_title":"Gold AG dhe Shemi publikojn\u00eb projektin e ri \u201cE mira e Ulqinit\u201d - Lajme nga Ulqini","og_description":"Pavar\u00ebsisht se \u00ebsht\u00eb me agj\u00ebrim, muaji i shenj\u00ebt i Ramazanit nuk po e pengon Arian Agushi t\u00eb zhvilloj veprimtarin\u00eb e tij prej k\u00ebng\u00ebtari. Madje k\u00ebto dit\u00eb","og_url":"https:\/\/www.visit-ulcinj.com\/blog\/2017\/06\/21\/gold-ag-dhe-shemi-publikojne-projektin-e-ri-e-mira-e-ulqinit\/","og_site_name":"Lajme nga Ulqini","article_published_time":"2017-06-21T19:52:02+00:00","article_modified_time":"2017-07-02T05:16:40+00:00","og_image":[{"url":"http:\/\/www.visit-ulcinj.com\/blog\/wp-content\/uploads\/2017\/07\/ARIAN-AGUSHI-RAJMONDA-CUKA.png"}],"twitter_misc":{"Written by":"ulqini","Est. reading time":"1 minute"},"schema":{"@context":"https:\/\/schema.org","@graph":[{"@type":"WebSite","@id":"https:\/\/www.visit-ulcinj.com\/blog\/#website","url":"https:\/\/www.visit-ulcinj.com\/blog\/","name":"Lajme nga Ulqini","description":"Lajme,Vijesti,Ulqini,Ulqin,Crna Gora,Mali i Zi","potentialAction":[{"@type":"SearchAction","target":{"@type":"EntryPoint","urlTemplate":"https:\/\/www.visit-ulcinj.com\/blog\/?s={search_term_string}"},"query-input":"required name=search_term_string"}],"inLanguage":"en-US"},{"@type":"ImageObject","inLanguage":"en-US","@id":"https:\/\/www.visit-ulcinj.com\/blog\/2017\/06\/21\/gold-ag-dhe-shemi-publikojne-projektin-e-ri-e-mira-e-ulqinit\/#primaryimage","url":"http:\/\/www.visit-ulcinj.com\/blog\/wp-content\/uploads\/2017\/07\/ARIAN-AGUSHI-RAJMONDA-CUKA.png","contentUrl":"http:\/\/www.visit-ulcinj.com\/blog\/wp-content\/uploads\/2017\/07\/ARIAN-AGUSHI-RAJMONDA-CUKA.png"},{"@type":"WebPage","@id":"https:\/\/www.visit-ulcinj.com\/blog\/2017\/06\/21\/gold-ag-dhe-shemi-publikojne-projektin-e-ri-e-mira-e-ulqinit\/#webpage","url":"https:\/\/www.visit-ulcinj.com\/blog\/2017\/06\/21\/gold-ag-dhe-shemi-publikojne-projektin-e-ri-e-mira-e-ulqinit\/","name":"Gold AG dhe Shemi publikojn\u00eb projektin e ri \u201cE mira e Ulqinit\u201d - Lajme nga Ulqini","isPartOf":{"@id":"https:\/\/www.visit-ulcinj.com\/blog\/#website"},"primaryImageOfPage":{"@id":"https:\/\/www.visit-ulcinj.com\/blog\/2017\/06\/21\/gold-ag-dhe-shemi-publikojne-projektin-e-ri-e-mira-e-ulqinit\/#primaryimage"},"datePublished":"2017-06-21T19:52:02+00:00","dateModified":"2017-07-02T05:16:40+00:00","author":{"@id":"https:\/\/www.visit-ulcinj.com\/blog\/#\/schema\/person\/dcab619c614d3038751c63bc2aadc06d"},"description":"Pavar\u00ebsisht se \u00ebsht\u00eb me agj\u00ebrim, muaji i shenj\u00ebt i Ramazanit nuk po e pengon Arian Agushi t\u00eb zhvilloj veprimtarin\u00eb e tij prej k\u00ebng\u00ebtari. Madje k\u00ebto dit\u00eb","breadcrumb":{"@id":"https:\/\/www.visit-ulcinj.com\/blog\/2017\/06\/21\/gold-ag-dhe-shemi-publikojne-projektin-e-ri-e-mira-e-ulqinit\/#breadcrumb"},"inLanguage":"en-US","potentialAction":[{"@type":"ReadAction","target":["https:\/\/www.visit-ulcinj.com\/blog\/2017\/06\/21\/gold-ag-dhe-shemi-publikojne-projektin-e-ri-e-mira-e-ulqinit\/"]}]},{"@type":"BreadcrumbList","@id":"https:\/\/www.visit-ulcinj.com\/blog\/2017\/06\/21\/gold-ag-dhe-shemi-publikojne-projektin-e-ri-e-mira-e-ulqinit\/#breadcrumb","itemListElement":[{"@type":"ListItem","position":1,"name":"Gold AG dhe Shemi publikojn\u00eb projektin e ri \u201cE mira e Ulqinit\u201d"}]},{"@type":"Person","@id":"https:\/\/www.visit-ulcinj.com\/blog\/#\/schema\/person\/dcab619c614d3038751c63bc2aadc06d","name":"ulqini","sameAs":["http:\/\/www.visit-ulcinj.com"],"url":"https:\/\/www.visit-ulcinj.com\/blog\/author\/admin\/"}]}},"jetpack_featured_media_url":"","jetpack_sharing_enabled":true,"jetpack_shortlink":"https:\/\/wp.me\/pe6lTn-rvC","_links":{"self":[{"href":"https:\/\/www.visit-ulcinj.com\/blog\/wp-json\/wp\/v2\/posts\/105748"}],"collection":[{"href":"https:\/\/www.visit-ulcinj.com\/blog\/wp-json\/wp\/v2\/posts"}],"about":[{"href":"https:\/\/www.visit-ulcinj.com\/blog\/wp-json\/wp\/v2\/types\/post"}],"author":[{"embeddable":true,"href":"https:\/\/www.visit-ulcinj.com\/blog\/wp-json\/wp\/v2\/users\/1"}],"replies":[{"embeddable":true,"href":"https:\/\/www.visit-ulcinj.com\/blog\/wp-json\/wp\/v2\/comments?post=105748"}],"version-history":[{"count":6,"href":"https:\/\/www.visit-ulcinj.com\/blog\/wp-json\/wp\/v2\/posts\/105748\/revisions"}],"predecessor-version":[{"id":105897,"href":"https:\/\/www.visit-ulcinj.com\/blog\/wp-json\/wp\/v2\/posts\/105748\/revisions\/105897"}],"wp:attachment":[{"href":"https:\/\/www.visit-ulcinj.com\/blog\/wp-json\/wp\/v2\/media?parent=105748"}],"wp:term":[{"taxonomy":"category","embeddable":true,"href":"https:\/\/www.visit-ulcinj.com\/blog\/wp-json\/wp\/v2\/categories?post=105748"},{"taxonomy":"post_tag","embeddable":true,"href":"https:\/\/www.visit-ulcinj.com\/blog\/wp-json\/wp\/v2\/tags?post=105748"}],"curies":[{"name":"wp","href":"https:\/\/api.w.org\/{rel}","templated":true}]}}