{"id":105757,"date":"2017-06-22T13:13:54","date_gmt":"2017-06-22T12:13:54","guid":{"rendered":"http:\/\/www.visit-ulcinj.com\/blog\/?p=105757"},"modified":"2017-06-22T13:14:17","modified_gmt":"2017-06-22T12:14:17","slug":"te-henen-ne-ulqin-nis-kampi-veror-per-lidership","status":"publish","type":"post","link":"https:\/\/www.visit-ulcinj.com\/blog\/2017\/06\/22\/te-henen-ne-ulqin-nis-kampi-veror-per-lidership\/","title":{"rendered":"T\u00eb h\u00ebn\u00ebn n\u00eb Ulqin nis kampi veror p\u00ebr lidership"},"content":{"rendered":"<p><a href=\"http:\/\/www.visit-ulcinj.com\/blog\/wp-content\/uploads\/2017\/06\/Summer-Leadership-Camp-Ulcinj-Montenegro-iACT-Ngo.jpg\"><img loading=\"lazy\" class=\"alignleft wp-image-105758\" src=\"http:\/\/www.visit-ulcinj.com\/blog\/wp-content\/uploads\/2017\/06\/Summer-Leadership-Camp-Ulcinj-Montenegro-iACT-Ngo.jpg\" alt=\"\" width=\"508\" height=\"286\" srcset=\"https:\/\/www.visit-ulcinj.com\/blog\/wp-content\/uploads\/2017\/06\/Summer-Leadership-Camp-Ulcinj-Montenegro-iACT-Ngo.jpg 960w, https:\/\/www.visit-ulcinj.com\/blog\/wp-content\/uploads\/2017\/06\/Summer-Leadership-Camp-Ulcinj-Montenegro-iACT-Ngo-300x169.jpg 300w, https:\/\/www.visit-ulcinj.com\/blog\/wp-content\/uploads\/2017\/06\/Summer-Leadership-Camp-Ulcinj-Montenegro-iACT-Ngo-768x432.jpg 768w\" sizes=\"(max-width: 508px) 100vw, 508px\" \/><\/a>T\u00eb h\u00ebn\u00ebn, m\u00eb dat\u00eb 26 qershor, me fillim n\u00eb ora 9 n\u00eb Bibliotek\u00ebn e Ulqinit nis Kampi veror p\u00ebr lidership i organizuar nga OJQ \u201cUn\u00eb veproj\u201d (IACT), n\u00eb bashk\u00ebpunim me organizat\u00ebn LEAP4Change nga SHBA. Leap4Change ka nj\u00eb p\u00ebrvoj\u00eb t\u00eb gjat\u00eb trajnimesh n\u00eb 4 kontinente, lidhur me forcimin dhe zhvillimin e potencialeve t\u00eb t\u00eb rinjve.<\/p>\n<p>Trajnimi do t\u00eb fokusohet n\u00eb k\u00ebto fusha specifike: fazat e krijimit t\u00eb nj\u00eb ekipi, komunikimi i efektsh\u00ebm, strategjit\u00eb e lidershipit, menaxhimi i ekipeve virtuale dhe multikulturore, teknikat e vendim-marrjes, vler\u00ebsimi i nevojave t\u00eb komunitetit, mbledhja e fondeve, dizenjimi i projekteve dhe menaxhimi i tyre.<\/p>\n<p>P\u00ebr t\u00eb rinjt\u00eb e interesuar, t\u00eb grupmosh\u00ebs 17 \u2013 30 vje\u00e7, sot \u00ebsht\u00eb dita e fundit e regjistrimit dhe k\u00ebt\u00eb ata do t\u00eb mund ta b\u00ebjn\u00eb duke plot\u00ebsuar formularin, si vijon: https:\/\/docs.google.com\/forms\/d\/e\/1FAIpQLSc1qiwju4ofIAax7nxo5E1m8RknCWcM5m_adZns8LNdQzL1Sg\/viewform<\/p>\n<p>N\u00eb p\u00ebrfundim t\u00eb kampit, pjes\u00ebmarr\u00ebsit do t\u00eb pajisen me nj\u00eb certifikat\u00eb q\u00eb provon p\u00ebrfundimin e suksessh\u00ebm t\u00eb trajnimit p\u00ebr lidership.<\/p>\n<p>Idea p\u00ebr organizimin e k\u00ebtij kampi nga iACT ka lindur gjat\u00eb qendrimit t\u00eb nj\u00ebr\u00ebs prej themelueseve t\u00eb saj, Silvijas Marnikoviq, si stipendiste e Fulbright n\u00eb Shtetet e Bashkuara t\u00eb Amerik\u00ebs, e cila ka realizuar kontaktin me Romy Solomon e cila do t\u00eb jet\u00eb trajnere e Kampit p\u00ebr lidership.<\/p>\n<p>Partner\u00ebt e iACT n\u00eb k\u00ebt\u00eb sip\u00ebrmarrje jan\u00eb Biblioteka e qytetit dhe Fondacioni kulturor Amerikano-Shqiptar.<\/p>\n<p>&nbsp;<\/p>\n<h3 class=\"iw\"><span class=\"gD\">iACT Ngo<\/span><\/h3>\n","protected":false},"excerpt":{"rendered":"<p>T\u00eb h\u00ebn\u00ebn, m\u00eb dat\u00eb 26 qershor, me fillim n\u00eb ora 9 n\u00eb Bibliotek\u00ebn e Ulqinit nis Kampi veror p\u00ebr lidership i organizuar nga OJQ \u201cUn\u00eb veproj\u201d (IACT), n\u00eb bashk\u00ebpunim me organizat\u00ebn LEAP4Change nga SHBA. Leap4Change ka nj\u00eb p\u00ebrvoj\u00eb t\u00eb gjat\u00eb trajnimesh n\u00eb 4 kontinente, lidhur me forcimin dhe zhvillimin e potencialeve t\u00eb t\u00eb rinjve. Trajnimi [&hellip;]<\/p>\n","protected":false},"author":1,"featured_media":0,"comment_status":"closed","ping_status":"closed","sticky":false,"template":"","format":"standard","meta":{"spay_email":"","jetpack_publicize_message":"","jetpack_is_tweetstorm":false,"jetpack_publicize_feature_enabled":true},"categories":[15],"tags":[],"jetpack_publicize_connections":[],"yoast_head":"<!-- This site is optimized with the Yoast SEO plugin v19.1 - https:\/\/yoast.com\/wordpress\/plugins\/seo\/ -->\n<title>T\u00eb h\u00ebn\u00ebn n\u00eb Ulqin nis kampi veror p\u00ebr lidership - Lajme nga Ulqini<\/title>\n<meta name=\"description\" content=\"T\u00eb h\u00ebn\u00ebn, m\u00eb dat\u00eb 26 qershor, me fillim n\u00eb ora 9 n\u00eb Bibliotek\u00ebn e Ulqinit nis Kampi veror p\u00ebr lidership i organizuar nga OJQ \u201cUn\u00eb veproj\u201d (IACT), n\u00eb\" \/>\n<meta name=\"robots\" content=\"index, follow, max-snippet:-1, max-image-preview:large, max-video-preview:-1\" \/>\n<link rel=\"canonical\" href=\"https:\/\/www.visit-ulcinj.com\/blog\/2017\/06\/22\/te-henen-ne-ulqin-nis-kampi-veror-per-lidership\/\" \/>\n<meta property=\"og:locale\" content=\"en_US\" \/>\n<meta property=\"og:type\" content=\"article\" \/>\n<meta property=\"og:title\" content=\"T\u00eb h\u00ebn\u00ebn n\u00eb Ulqin nis kampi veror p\u00ebr lidership - Lajme nga Ulqini\" \/>\n<meta property=\"og:description\" content=\"T\u00eb h\u00ebn\u00ebn, m\u00eb dat\u00eb 26 qershor, me fillim n\u00eb ora 9 n\u00eb Bibliotek\u00ebn e Ulqinit nis Kampi veror p\u00ebr lidership i organizuar nga OJQ \u201cUn\u00eb veproj\u201d (IACT), n\u00eb\" \/>\n<meta property=\"og:url\" content=\"https:\/\/www.visit-ulcinj.com\/blog\/2017\/06\/22\/te-henen-ne-ulqin-nis-kampi-veror-per-lidership\/\" \/>\n<meta property=\"og:site_name\" content=\"Lajme nga Ulqini\" \/>\n<meta property=\"article:published_time\" content=\"2017-06-22T12:13:54+00:00\" \/>\n<meta property=\"article:modified_time\" content=\"2017-06-22T12:14:17+00:00\" \/>\n<meta property=\"og:image\" content=\"http:\/\/www.visit-ulcinj.com\/blog\/wp-content\/uploads\/2017\/06\/Summer-Leadership-Camp-Ulcinj-Montenegro-iACT-Ngo.jpg\" \/>\n<meta name=\"twitter:label1\" content=\"Written by\" \/>\n\t<meta name=\"twitter:data1\" content=\"ulqini\" \/>\n\t<meta name=\"twitter:label2\" content=\"Est. reading time\" \/>\n\t<meta name=\"twitter:data2\" content=\"1 minute\" \/>\n<script type=\"application\/ld+json\" class=\"yoast-schema-graph\">{\"@context\":\"https:\/\/schema.org\",\"@graph\":[{\"@type\":\"WebSite\",\"@id\":\"https:\/\/www.visit-ulcinj.com\/blog\/#website\",\"url\":\"https:\/\/www.visit-ulcinj.com\/blog\/\",\"name\":\"Lajme nga Ulqini\",\"description\":\"Lajme,Vijesti,Ulqini,Ulqin,Crna Gora,Mali i Zi\",\"potentialAction\":[{\"@type\":\"SearchAction\",\"target\":{\"@type\":\"EntryPoint\",\"urlTemplate\":\"https:\/\/www.visit-ulcinj.com\/blog\/?s={search_term_string}\"},\"query-input\":\"required name=search_term_string\"}],\"inLanguage\":\"en-US\"},{\"@type\":\"ImageObject\",\"inLanguage\":\"en-US\",\"@id\":\"https:\/\/www.visit-ulcinj.com\/blog\/2017\/06\/22\/te-henen-ne-ulqin-nis-kampi-veror-per-lidership\/#primaryimage\",\"url\":\"https:\/\/www.visit-ulcinj.com\/blog\/wp-content\/uploads\/2017\/06\/Summer-Leadership-Camp-Ulcinj-Montenegro-iACT-Ngo.jpg\",\"contentUrl\":\"https:\/\/www.visit-ulcinj.com\/blog\/wp-content\/uploads\/2017\/06\/Summer-Leadership-Camp-Ulcinj-Montenegro-iACT-Ngo.jpg\",\"width\":960,\"height\":540},{\"@type\":\"WebPage\",\"@id\":\"https:\/\/www.visit-ulcinj.com\/blog\/2017\/06\/22\/te-henen-ne-ulqin-nis-kampi-veror-per-lidership\/#webpage\",\"url\":\"https:\/\/www.visit-ulcinj.com\/blog\/2017\/06\/22\/te-henen-ne-ulqin-nis-kampi-veror-per-lidership\/\",\"name\":\"T\u00eb h\u00ebn\u00ebn n\u00eb Ulqin nis kampi veror p\u00ebr lidership - Lajme nga Ulqini\",\"isPartOf\":{\"@id\":\"https:\/\/www.visit-ulcinj.com\/blog\/#website\"},\"primaryImageOfPage\":{\"@id\":\"https:\/\/www.visit-ulcinj.com\/blog\/2017\/06\/22\/te-henen-ne-ulqin-nis-kampi-veror-per-lidership\/#primaryimage\"},\"datePublished\":\"2017-06-22T12:13:54+00:00\",\"dateModified\":\"2017-06-22T12:14:17+00:00\",\"author\":{\"@id\":\"https:\/\/www.visit-ulcinj.com\/blog\/#\/schema\/person\/dcab619c614d3038751c63bc2aadc06d\"},\"description\":\"T\u00eb h\u00ebn\u00ebn, m\u00eb dat\u00eb 26 qershor, me fillim n\u00eb ora 9 n\u00eb Bibliotek\u00ebn e Ulqinit nis Kampi veror p\u00ebr lidership i organizuar nga OJQ \u201cUn\u00eb veproj\u201d (IACT), n\u00eb\",\"breadcrumb\":{\"@id\":\"https:\/\/www.visit-ulcinj.com\/blog\/2017\/06\/22\/te-henen-ne-ulqin-nis-kampi-veror-per-lidership\/#breadcrumb\"},\"inLanguage\":\"en-US\",\"potentialAction\":[{\"@type\":\"ReadAction\",\"target\":[\"https:\/\/www.visit-ulcinj.com\/blog\/2017\/06\/22\/te-henen-ne-ulqin-nis-kampi-veror-per-lidership\/\"]}]},{\"@type\":\"BreadcrumbList\",\"@id\":\"https:\/\/www.visit-ulcinj.com\/blog\/2017\/06\/22\/te-henen-ne-ulqin-nis-kampi-veror-per-lidership\/#breadcrumb\",\"itemListElement\":[{\"@type\":\"ListItem\",\"position\":1,\"name\":\"T\u00eb h\u00ebn\u00ebn n\u00eb Ulqin nis kampi veror p\u00ebr lidership\"}]},{\"@type\":\"Person\",\"@id\":\"https:\/\/www.visit-ulcinj.com\/blog\/#\/schema\/person\/dcab619c614d3038751c63bc2aadc06d\",\"name\":\"ulqini\",\"sameAs\":[\"http:\/\/www.visit-ulcinj.com\"],\"url\":\"https:\/\/www.visit-ulcinj.com\/blog\/author\/admin\/\"}]}<\/script>\n<!-- \/ Yoast SEO plugin. -->","yoast_head_json":{"title":"T\u00eb h\u00ebn\u00ebn n\u00eb Ulqin nis kampi veror p\u00ebr lidership - Lajme nga Ulqini","description":"T\u00eb h\u00ebn\u00ebn, m\u00eb dat\u00eb 26 qershor, me fillim n\u00eb ora 9 n\u00eb Bibliotek\u00ebn e Ulqinit nis Kampi veror p\u00ebr lidership i organizuar nga OJQ \u201cUn\u00eb veproj\u201d (IACT), n\u00eb","robots":{"index":"index","follow":"follow","max-snippet":"max-snippet:-1","max-image-preview":"max-image-preview:large","max-video-preview":"max-video-preview:-1"},"canonical":"https:\/\/www.visit-ulcinj.com\/blog\/2017\/06\/22\/te-henen-ne-ulqin-nis-kampi-veror-per-lidership\/","og_locale":"en_US","og_type":"article","og_title":"T\u00eb h\u00ebn\u00ebn n\u00eb Ulqin nis kampi veror p\u00ebr lidership - Lajme nga Ulqini","og_description":"T\u00eb h\u00ebn\u00ebn, m\u00eb dat\u00eb 26 qershor, me fillim n\u00eb ora 9 n\u00eb Bibliotek\u00ebn e Ulqinit nis Kampi veror p\u00ebr lidership i organizuar nga OJQ \u201cUn\u00eb veproj\u201d (IACT), n\u00eb","og_url":"https:\/\/www.visit-ulcinj.com\/blog\/2017\/06\/22\/te-henen-ne-ulqin-nis-kampi-veror-per-lidership\/","og_site_name":"Lajme nga Ulqini","article_published_time":"2017-06-22T12:13:54+00:00","article_modified_time":"2017-06-22T12:14:17+00:00","og_image":[{"url":"http:\/\/www.visit-ulcinj.com\/blog\/wp-content\/uploads\/2017\/06\/Summer-Leadership-Camp-Ulcinj-Montenegro-iACT-Ngo.jpg"}],"twitter_misc":{"Written by":"ulqini","Est. reading time":"1 minute"},"schema":{"@context":"https:\/\/schema.org","@graph":[{"@type":"WebSite","@id":"https:\/\/www.visit-ulcinj.com\/blog\/#website","url":"https:\/\/www.visit-ulcinj.com\/blog\/","name":"Lajme nga Ulqini","description":"Lajme,Vijesti,Ulqini,Ulqin,Crna Gora,Mali i Zi","potentialAction":[{"@type":"SearchAction","target":{"@type":"EntryPoint","urlTemplate":"https:\/\/www.visit-ulcinj.com\/blog\/?s={search_term_string}"},"query-input":"required name=search_term_string"}],"inLanguage":"en-US"},{"@type":"ImageObject","inLanguage":"en-US","@id":"https:\/\/www.visit-ulcinj.com\/blog\/2017\/06\/22\/te-henen-ne-ulqin-nis-kampi-veror-per-lidership\/#primaryimage","url":"https:\/\/www.visit-ulcinj.com\/blog\/wp-content\/uploads\/2017\/06\/Summer-Leadership-Camp-Ulcinj-Montenegro-iACT-Ngo.jpg","contentUrl":"https:\/\/www.visit-ulcinj.com\/blog\/wp-content\/uploads\/2017\/06\/Summer-Leadership-Camp-Ulcinj-Montenegro-iACT-Ngo.jpg","width":960,"height":540},{"@type":"WebPage","@id":"https:\/\/www.visit-ulcinj.com\/blog\/2017\/06\/22\/te-henen-ne-ulqin-nis-kampi-veror-per-lidership\/#webpage","url":"https:\/\/www.visit-ulcinj.com\/blog\/2017\/06\/22\/te-henen-ne-ulqin-nis-kampi-veror-per-lidership\/","name":"T\u00eb h\u00ebn\u00ebn n\u00eb Ulqin nis kampi veror p\u00ebr lidership - Lajme nga Ulqini","isPartOf":{"@id":"https:\/\/www.visit-ulcinj.com\/blog\/#website"},"primaryImageOfPage":{"@id":"https:\/\/www.visit-ulcinj.com\/blog\/2017\/06\/22\/te-henen-ne-ulqin-nis-kampi-veror-per-lidership\/#primaryimage"},"datePublished":"2017-06-22T12:13:54+00:00","dateModified":"2017-06-22T12:14:17+00:00","author":{"@id":"https:\/\/www.visit-ulcinj.com\/blog\/#\/schema\/person\/dcab619c614d3038751c63bc2aadc06d"},"description":"T\u00eb h\u00ebn\u00ebn, m\u00eb dat\u00eb 26 qershor, me fillim n\u00eb ora 9 n\u00eb Bibliotek\u00ebn e Ulqinit nis Kampi veror p\u00ebr lidership i organizuar nga OJQ \u201cUn\u00eb veproj\u201d (IACT), n\u00eb","breadcrumb":{"@id":"https:\/\/www.visit-ulcinj.com\/blog\/2017\/06\/22\/te-henen-ne-ulqin-nis-kampi-veror-per-lidership\/#breadcrumb"},"inLanguage":"en-US","potentialAction":[{"@type":"ReadAction","target":["https:\/\/www.visit-ulcinj.com\/blog\/2017\/06\/22\/te-henen-ne-ulqin-nis-kampi-veror-per-lidership\/"]}]},{"@type":"BreadcrumbList","@id":"https:\/\/www.visit-ulcinj.com\/blog\/2017\/06\/22\/te-henen-ne-ulqin-nis-kampi-veror-per-lidership\/#breadcrumb","itemListElement":[{"@type":"ListItem","position":1,"name":"T\u00eb h\u00ebn\u00ebn n\u00eb Ulqin nis kampi veror p\u00ebr lidership"}]},{"@type":"Person","@id":"https:\/\/www.visit-ulcinj.com\/blog\/#\/schema\/person\/dcab619c614d3038751c63bc2aadc06d","name":"ulqini","sameAs":["http:\/\/www.visit-ulcinj.com"],"url":"https:\/\/www.visit-ulcinj.com\/blog\/author\/admin\/"}]}},"jetpack_featured_media_url":"","jetpack_sharing_enabled":true,"jetpack_shortlink":"https:\/\/wp.me\/pe6lTn-rvL","_links":{"self":[{"href":"https:\/\/www.visit-ulcinj.com\/blog\/wp-json\/wp\/v2\/posts\/105757"}],"collection":[{"href":"https:\/\/www.visit-ulcinj.com\/blog\/wp-json\/wp\/v2\/posts"}],"about":[{"href":"https:\/\/www.visit-ulcinj.com\/blog\/wp-json\/wp\/v2\/types\/post"}],"author":[{"embeddable":true,"href":"https:\/\/www.visit-ulcinj.com\/blog\/wp-json\/wp\/v2\/users\/1"}],"replies":[{"embeddable":true,"href":"https:\/\/www.visit-ulcinj.com\/blog\/wp-json\/wp\/v2\/comments?post=105757"}],"version-history":[{"count":1,"href":"https:\/\/www.visit-ulcinj.com\/blog\/wp-json\/wp\/v2\/posts\/105757\/revisions"}],"predecessor-version":[{"id":105759,"href":"https:\/\/www.visit-ulcinj.com\/blog\/wp-json\/wp\/v2\/posts\/105757\/revisions\/105759"}],"wp:attachment":[{"href":"https:\/\/www.visit-ulcinj.com\/blog\/wp-json\/wp\/v2\/media?parent=105757"}],"wp:term":[{"taxonomy":"category","embeddable":true,"href":"https:\/\/www.visit-ulcinj.com\/blog\/wp-json\/wp\/v2\/categories?post=105757"},{"taxonomy":"post_tag","embeddable":true,"href":"https:\/\/www.visit-ulcinj.com\/blog\/wp-json\/wp\/v2\/tags?post=105757"}],"curies":[{"name":"wp","href":"https:\/\/api.w.org\/{rel}","templated":true}]}}