{"id":105762,"date":"2017-06-22T13:30:04","date_gmt":"2017-06-22T12:30:04","guid":{"rendered":"http:\/\/www.visit-ulcinj.com\/blog\/?p=105762"},"modified":"2017-06-22T21:39:02","modified_gmt":"2017-06-22T20:39:02","slug":"cungu-ne-inagurimin-e-hypermarketit-voli-ne-ulqin","status":"publish","type":"post","link":"https:\/\/www.visit-ulcinj.com\/blog\/2017\/06\/22\/cungu-ne-inagurimin-e-hypermarketit-voli-ne-ulqin\/","title":{"rendered":"Cungu ne inagurimin e Hypermarketit Voli n\u00eb Ulqin"},"content":{"rendered":"<p><strong><a href=\"http:\/\/www.visit-ulcinj.com\/blog\/wp-content\/uploads\/2017\/06\/Cungu-ne-inagurimin-e-Hypermarketit-Voli-n\u00eb-Ulqin.jpg\"><img loading=\"lazy\" class=\"alignleft wp-image-105763\" src=\"http:\/\/www.visit-ulcinj.com\/blog\/wp-content\/uploads\/2017\/06\/Cungu-ne-inagurimin-e-Hypermarketit-Voli-n\u00eb-Ulqin.jpg\" alt=\"\" width=\"508\" height=\"381\" srcset=\"https:\/\/www.visit-ulcinj.com\/blog\/wp-content\/uploads\/2017\/06\/Cungu-ne-inagurimin-e-Hypermarketit-Voli-n\u00eb-Ulqin.jpg 480w, https:\/\/www.visit-ulcinj.com\/blog\/wp-content\/uploads\/2017\/06\/Cungu-ne-inagurimin-e-Hypermarketit-Voli-n\u00eb-Ulqin-300x225.jpg 300w\" sizes=\"(max-width: 508px) 100vw, 508px\" \/><\/a>I pranish\u00ebm n\u00eb ceremonin\u00eb e inagurimint e Hypermarketit Voli n\u00eb Ulqin, ishte kryetari i Ulqinit Nazif Cungu i cili preu shiritin bashk\u00eb me zherantin e Hypermarketit.<\/strong><\/p>\n<p>N\u00eb nj\u00eb postim n\u00eb facebook, Nazif Cungu shkruan: Sot mora pjes\u00eb n\u00eb p\u00ebrurimin e hipermarketit Voli n\u00eb Ulqin, nj\u00eb nism\u00eb e re private q\u00eb ka hapur 55 vende t\u00eb reja t\u00eb pun\u00ebs. Ky investim nuk do t\u00eb ishte i mundur t\u00eb b\u00ebhej n\u00ebse nuk do t\u00eb kishim aprovuar paraprakisht planin hap\u00ebsinor urbanistik t\u00eb Komun\u00ebs s\u00eb Ulqinit. Ky investim serioz tregon se ia kemi dal\u00eb q\u00eb ta p\u00ebrmir\u00ebsojm\u00eb klim\u00ebn biznesore t\u00eb komun\u00ebs son\u00eb dhe se e kemi b\u00ebr\u00eb nj\u00eb destinacion atraktiv p\u00ebr investitor\u00ebt, thuhet n\u00eb faqen personale t\u00eb Nazf Cungut.<\/p>\n<p>&nbsp;<\/p>\n","protected":false},"excerpt":{"rendered":"<p>I pranish\u00ebm n\u00eb ceremonin\u00eb e inagurimint e Hypermarketit Voli n\u00eb Ulqin, ishte kryetari i Ulqinit Nazif Cungu i cili preu shiritin bashk\u00eb me zherantin e Hypermarketit. N\u00eb nj\u00eb postim n\u00eb facebook, Nazif Cungu shkruan: Sot mora pjes\u00eb n\u00eb p\u00ebrurimin e hipermarketit Voli n\u00eb Ulqin, nj\u00eb nism\u00eb e re private q\u00eb ka hapur 55 vende t\u00eb [&hellip;]<\/p>\n","protected":false},"author":1,"featured_media":0,"comment_status":"closed","ping_status":"closed","sticky":false,"template":"","format":"standard","meta":{"spay_email":"","jetpack_publicize_message":"","jetpack_is_tweetstorm":false,"jetpack_publicize_feature_enabled":true},"categories":[10,1],"tags":[],"jetpack_publicize_connections":[],"yoast_head":"<!-- This site is optimized with the Yoast SEO plugin v19.1 - https:\/\/yoast.com\/wordpress\/plugins\/seo\/ -->\n<title>Cungu ne inagurimin e Hypermarketit Voli n\u00eb Ulqin - Lajme nga Ulqini<\/title>\n<meta name=\"description\" content=\"I pranish\u00ebm n\u00eb ceremonin\u00eb e inagurimint e Hypermarketit Voli n\u00eb Ulqin, ishte kryetari i Ulqinit Nazif Cungu i cili preu shiritin bashk\u00eb me zherantin e\" \/>\n<meta name=\"robots\" content=\"index, follow, max-snippet:-1, max-image-preview:large, max-video-preview:-1\" \/>\n<link rel=\"canonical\" href=\"https:\/\/www.visit-ulcinj.com\/blog\/2017\/06\/22\/cungu-ne-inagurimin-e-hypermarketit-voli-ne-ulqin\/\" \/>\n<meta property=\"og:locale\" content=\"en_US\" \/>\n<meta property=\"og:type\" content=\"article\" \/>\n<meta property=\"og:title\" content=\"Cungu ne inagurimin e Hypermarketit Voli n\u00eb Ulqin - Lajme nga Ulqini\" \/>\n<meta property=\"og:description\" content=\"I pranish\u00ebm n\u00eb ceremonin\u00eb e inagurimint e Hypermarketit Voli n\u00eb Ulqin, ishte kryetari i Ulqinit Nazif Cungu i cili preu shiritin bashk\u00eb me zherantin e\" \/>\n<meta property=\"og:url\" content=\"https:\/\/www.visit-ulcinj.com\/blog\/2017\/06\/22\/cungu-ne-inagurimin-e-hypermarketit-voli-ne-ulqin\/\" \/>\n<meta property=\"og:site_name\" content=\"Lajme nga Ulqini\" \/>\n<meta property=\"article:published_time\" content=\"2017-06-22T12:30:04+00:00\" \/>\n<meta property=\"article:modified_time\" content=\"2017-06-22T20:39:02+00:00\" \/>\n<meta name=\"twitter:label1\" content=\"Written by\" \/>\n\t<meta name=\"twitter:data1\" content=\"ulqini\" \/>\n\t<meta name=\"twitter:label2\" content=\"Est. reading time\" \/>\n\t<meta name=\"twitter:data2\" content=\"1 minute\" \/>\n<script type=\"application\/ld+json\" class=\"yoast-schema-graph\">{\"@context\":\"https:\/\/schema.org\",\"@graph\":[{\"@type\":\"WebSite\",\"@id\":\"https:\/\/www.visit-ulcinj.com\/blog\/#website\",\"url\":\"https:\/\/www.visit-ulcinj.com\/blog\/\",\"name\":\"Lajme nga Ulqini\",\"description\":\"Lajme,Vijesti,Ulqini,Ulqin,Crna Gora,Mali i Zi\",\"potentialAction\":[{\"@type\":\"SearchAction\",\"target\":{\"@type\":\"EntryPoint\",\"urlTemplate\":\"https:\/\/www.visit-ulcinj.com\/blog\/?s={search_term_string}\"},\"query-input\":\"required name=search_term_string\"}],\"inLanguage\":\"en-US\"},{\"@type\":\"WebPage\",\"@id\":\"https:\/\/www.visit-ulcinj.com\/blog\/2017\/06\/22\/cungu-ne-inagurimin-e-hypermarketit-voli-ne-ulqin\/#webpage\",\"url\":\"https:\/\/www.visit-ulcinj.com\/blog\/2017\/06\/22\/cungu-ne-inagurimin-e-hypermarketit-voli-ne-ulqin\/\",\"name\":\"Cungu ne inagurimin e Hypermarketit Voli n\u00eb Ulqin - Lajme nga Ulqini\",\"isPartOf\":{\"@id\":\"https:\/\/www.visit-ulcinj.com\/blog\/#website\"},\"datePublished\":\"2017-06-22T12:30:04+00:00\",\"dateModified\":\"2017-06-22T20:39:02+00:00\",\"author\":{\"@id\":\"https:\/\/www.visit-ulcinj.com\/blog\/#\/schema\/person\/dcab619c614d3038751c63bc2aadc06d\"},\"description\":\"I pranish\u00ebm n\u00eb ceremonin\u00eb e inagurimint e Hypermarketit Voli n\u00eb Ulqin, ishte kryetari i Ulqinit Nazif Cungu i cili preu shiritin bashk\u00eb me zherantin e\",\"breadcrumb\":{\"@id\":\"https:\/\/www.visit-ulcinj.com\/blog\/2017\/06\/22\/cungu-ne-inagurimin-e-hypermarketit-voli-ne-ulqin\/#breadcrumb\"},\"inLanguage\":\"en-US\",\"potentialAction\":[{\"@type\":\"ReadAction\",\"target\":[\"https:\/\/www.visit-ulcinj.com\/blog\/2017\/06\/22\/cungu-ne-inagurimin-e-hypermarketit-voli-ne-ulqin\/\"]}]},{\"@type\":\"BreadcrumbList\",\"@id\":\"https:\/\/www.visit-ulcinj.com\/blog\/2017\/06\/22\/cungu-ne-inagurimin-e-hypermarketit-voli-ne-ulqin\/#breadcrumb\",\"itemListElement\":[{\"@type\":\"ListItem\",\"position\":1,\"name\":\"Cungu ne inagurimin e Hypermarketit Voli n\u00eb Ulqin\"}]},{\"@type\":\"Person\",\"@id\":\"https:\/\/www.visit-ulcinj.com\/blog\/#\/schema\/person\/dcab619c614d3038751c63bc2aadc06d\",\"name\":\"ulqini\",\"sameAs\":[\"http:\/\/www.visit-ulcinj.com\"],\"url\":\"https:\/\/www.visit-ulcinj.com\/blog\/author\/admin\/\"}]}<\/script>\n<!-- \/ Yoast SEO plugin. -->","yoast_head_json":{"title":"Cungu ne inagurimin e Hypermarketit Voli n\u00eb Ulqin - Lajme nga Ulqini","description":"I pranish\u00ebm n\u00eb ceremonin\u00eb e inagurimint e Hypermarketit Voli n\u00eb Ulqin, ishte kryetari i Ulqinit Nazif Cungu i cili preu shiritin bashk\u00eb me zherantin e","robots":{"index":"index","follow":"follow","max-snippet":"max-snippet:-1","max-image-preview":"max-image-preview:large","max-video-preview":"max-video-preview:-1"},"canonical":"https:\/\/www.visit-ulcinj.com\/blog\/2017\/06\/22\/cungu-ne-inagurimin-e-hypermarketit-voli-ne-ulqin\/","og_locale":"en_US","og_type":"article","og_title":"Cungu ne inagurimin e Hypermarketit Voli n\u00eb Ulqin - Lajme nga Ulqini","og_description":"I pranish\u00ebm n\u00eb ceremonin\u00eb e inagurimint e Hypermarketit Voli n\u00eb Ulqin, ishte kryetari i Ulqinit Nazif Cungu i cili preu shiritin bashk\u00eb me zherantin e","og_url":"https:\/\/www.visit-ulcinj.com\/blog\/2017\/06\/22\/cungu-ne-inagurimin-e-hypermarketit-voli-ne-ulqin\/","og_site_name":"Lajme nga Ulqini","article_published_time":"2017-06-22T12:30:04+00:00","article_modified_time":"2017-06-22T20:39:02+00:00","twitter_misc":{"Written by":"ulqini","Est. reading time":"1 minute"},"schema":{"@context":"https:\/\/schema.org","@graph":[{"@type":"WebSite","@id":"https:\/\/www.visit-ulcinj.com\/blog\/#website","url":"https:\/\/www.visit-ulcinj.com\/blog\/","name":"Lajme nga Ulqini","description":"Lajme,Vijesti,Ulqini,Ulqin,Crna Gora,Mali i Zi","potentialAction":[{"@type":"SearchAction","target":{"@type":"EntryPoint","urlTemplate":"https:\/\/www.visit-ulcinj.com\/blog\/?s={search_term_string}"},"query-input":"required name=search_term_string"}],"inLanguage":"en-US"},{"@type":"WebPage","@id":"https:\/\/www.visit-ulcinj.com\/blog\/2017\/06\/22\/cungu-ne-inagurimin-e-hypermarketit-voli-ne-ulqin\/#webpage","url":"https:\/\/www.visit-ulcinj.com\/blog\/2017\/06\/22\/cungu-ne-inagurimin-e-hypermarketit-voli-ne-ulqin\/","name":"Cungu ne inagurimin e Hypermarketit Voli n\u00eb Ulqin - Lajme nga Ulqini","isPartOf":{"@id":"https:\/\/www.visit-ulcinj.com\/blog\/#website"},"datePublished":"2017-06-22T12:30:04+00:00","dateModified":"2017-06-22T20:39:02+00:00","author":{"@id":"https:\/\/www.visit-ulcinj.com\/blog\/#\/schema\/person\/dcab619c614d3038751c63bc2aadc06d"},"description":"I pranish\u00ebm n\u00eb ceremonin\u00eb e inagurimint e Hypermarketit Voli n\u00eb Ulqin, ishte kryetari i Ulqinit Nazif Cungu i cili preu shiritin bashk\u00eb me zherantin e","breadcrumb":{"@id":"https:\/\/www.visit-ulcinj.com\/blog\/2017\/06\/22\/cungu-ne-inagurimin-e-hypermarketit-voli-ne-ulqin\/#breadcrumb"},"inLanguage":"en-US","potentialAction":[{"@type":"ReadAction","target":["https:\/\/www.visit-ulcinj.com\/blog\/2017\/06\/22\/cungu-ne-inagurimin-e-hypermarketit-voli-ne-ulqin\/"]}]},{"@type":"BreadcrumbList","@id":"https:\/\/www.visit-ulcinj.com\/blog\/2017\/06\/22\/cungu-ne-inagurimin-e-hypermarketit-voli-ne-ulqin\/#breadcrumb","itemListElement":[{"@type":"ListItem","position":1,"name":"Cungu ne inagurimin e Hypermarketit Voli n\u00eb Ulqin"}]},{"@type":"Person","@id":"https:\/\/www.visit-ulcinj.com\/blog\/#\/schema\/person\/dcab619c614d3038751c63bc2aadc06d","name":"ulqini","sameAs":["http:\/\/www.visit-ulcinj.com"],"url":"https:\/\/www.visit-ulcinj.com\/blog\/author\/admin\/"}]}},"jetpack_featured_media_url":"","jetpack_sharing_enabled":true,"jetpack_shortlink":"https:\/\/wp.me\/pe6lTn-rvQ","_links":{"self":[{"href":"https:\/\/www.visit-ulcinj.com\/blog\/wp-json\/wp\/v2\/posts\/105762"}],"collection":[{"href":"https:\/\/www.visit-ulcinj.com\/blog\/wp-json\/wp\/v2\/posts"}],"about":[{"href":"https:\/\/www.visit-ulcinj.com\/blog\/wp-json\/wp\/v2\/types\/post"}],"author":[{"embeddable":true,"href":"https:\/\/www.visit-ulcinj.com\/blog\/wp-json\/wp\/v2\/users\/1"}],"replies":[{"embeddable":true,"href":"https:\/\/www.visit-ulcinj.com\/blog\/wp-json\/wp\/v2\/comments?post=105762"}],"version-history":[{"count":1,"href":"https:\/\/www.visit-ulcinj.com\/blog\/wp-json\/wp\/v2\/posts\/105762\/revisions"}],"predecessor-version":[{"id":105764,"href":"https:\/\/www.visit-ulcinj.com\/blog\/wp-json\/wp\/v2\/posts\/105762\/revisions\/105764"}],"wp:attachment":[{"href":"https:\/\/www.visit-ulcinj.com\/blog\/wp-json\/wp\/v2\/media?parent=105762"}],"wp:term":[{"taxonomy":"category","embeddable":true,"href":"https:\/\/www.visit-ulcinj.com\/blog\/wp-json\/wp\/v2\/categories?post=105762"},{"taxonomy":"post_tag","embeddable":true,"href":"https:\/\/www.visit-ulcinj.com\/blog\/wp-json\/wp\/v2\/tags?post=105762"}],"curies":[{"name":"wp","href":"https:\/\/api.w.org\/{rel}","templated":true}]}}