{"id":105766,"date":"2017-06-22T21:35:24","date_gmt":"2017-06-22T20:35:24","guid":{"rendered":"http:\/\/www.visit-ulcinj.com\/blog\/?p=105766"},"modified":"2017-06-24T09:07:53","modified_gmt":"2017-06-24T08:07:53","slug":"arben-llunji-zgjidhet-drejtor-ne-shkollen-fillore-marshall-tito-ulqin","status":"publish","type":"post","link":"https:\/\/www.visit-ulcinj.com\/blog\/2017\/06\/22\/arben-llunji-zgjidhet-drejtor-ne-shkollen-fillore-marshall-tito-ulqin\/","title":{"rendered":"Arben LLunji zgjidhet drejtor n\u00eb shkoll\u00ebn fillore &#8220;Marshall Tito&#8221; Ulqin"},"content":{"rendered":"<p><strong><a href=\"http:\/\/www.visit-ulcinj.com\/blog\/wp-content\/uploads\/2017\/06\/Arben-Llunji-Monaco.jpg\"><img loading=\"lazy\" class=\"alignleft wp-image-105767\" src=\"http:\/\/www.visit-ulcinj.com\/blog\/wp-content\/uploads\/2017\/06\/Arben-Llunji-Monaco.jpg\" alt=\"\" width=\"508\" height=\"339\" srcset=\"https:\/\/www.visit-ulcinj.com\/blog\/wp-content\/uploads\/2017\/06\/Arben-Llunji-Monaco.jpg 720w, https:\/\/www.visit-ulcinj.com\/blog\/wp-content\/uploads\/2017\/06\/Arben-Llunji-Monaco-300x200.jpg 300w\" sizes=\"(max-width: 508px) 100vw, 508px\" \/><\/a>Doktoranti n\u00eb Universitetin e Novi Sadit Arben Llunji, \u00ebsht\u00eb drejtori i ri i Shkoll\u00ebs fillore \u201eMarshall Tito\u201c.<\/strong><\/p>\n<p>\u201eMendoj q\u00eb Llunji, duke marr\u00eb parasysh referencat profesionale, do t\u00eb siguroj\u00eb p\u00ebrmir\u00ebsimin e cil\u00ebsis\u00eb t\u00eb pun\u00ebs arsimore \u2013 edukative dhe realizimin e Programit t\u00eb ofruar t\u00eb zhvillimit t\u00eb institucionit\u201c, thuhet n\u00eb arsyetimin e k\u00ebtij vendimi t\u00eb ministrit t\u00eb arsimit Damir Shehoviq, raporton portali Ul.info.<\/p>\n<p>P\u00ebrndryshe, Llunji lindi n\u00eb Tivar n\u00eb vitin 1981, nd\u00ebrsa shkoll\u00ebn fillore dhe t\u00eb mesme e p\u00ebrfundoi n\u00eb Ulqin me sukses t\u00eb shk\u00eblqyesh\u00ebm.<\/p>\n<p>N\u00eb biografin\u00eb e dor\u00ebzuar Ministris\u00eb ai shkroi:<\/p>\n<p>Fakultetin Teknik n\u00eb Universitetin e Novi Sadit n\u00eb S\u00ebrbi e kam p\u00ebrfunduar n\u00eb vitin 2006, ku kam marr\u00eb titullin <strong>Inxhinier i diplomuar i Informatik\u00ebs <\/strong>(5 vite \u2013 300 ECTS) e cila diplom\u00eb \u00ebsht\u00eb ekvivalente me titullin akademik shkencor\u00eb <strong>Master Inxhinier i Teknologjis\u00eb s\u00eb Informacionit<\/strong>.<\/p>\n<p>N\u00eb vitin 2015 kam mbaruar me sukses t\u00eb lart\u00eb studimet shkencore akademike <strong>Profesor i Shkencave t\u00eb Informatik\u00ebs dhe Teknik\u00ebs \u2013 Master.<\/strong><\/p>\n<p><u>N\u00eb t\u00eb nj\u00ebjtin Fakultet jam edhe doktorant si student i rregullt n\u00eb programin e studimit t\u00eb doktoratur\u00ebs, me titull shkencor\u00eb <em>doktor i shkencave<\/em> \u2013 Inxhnieri Industriale \/ Menaxhimi ne Inxhinieri<\/u>.<\/p>\n<p>Nota mesatare gjat\u00eb studimit te doktoratures eshte 10.<\/p>\n","protected":false},"excerpt":{"rendered":"<p>Doktoranti n\u00eb Universitetin e Novi Sadit Arben Llunji, \u00ebsht\u00eb drejtori i ri i Shkoll\u00ebs fillore \u201eMarshall Tito\u201c. \u201eMendoj q\u00eb Llunji, duke marr\u00eb parasysh referencat profesionale, do t\u00eb siguroj\u00eb p\u00ebrmir\u00ebsimin e cil\u00ebsis\u00eb t\u00eb pun\u00ebs arsimore \u2013 edukative dhe realizimin e Programit t\u00eb ofruar t\u00eb zhvillimit t\u00eb institucionit\u201c, thuhet n\u00eb arsyetimin e k\u00ebtij vendimi t\u00eb ministrit t\u00eb [&hellip;]<\/p>\n","protected":false},"author":1,"featured_media":0,"comment_status":"closed","ping_status":"closed","sticky":false,"template":"","format":"standard","meta":{"spay_email":"","jetpack_publicize_message":"","jetpack_is_tweetstorm":false,"jetpack_publicize_feature_enabled":true},"categories":[4,1],"tags":[],"jetpack_publicize_connections":[],"yoast_head":"<!-- This site is optimized with the Yoast SEO plugin v19.1 - https:\/\/yoast.com\/wordpress\/plugins\/seo\/ -->\n<title>Arben LLunji zgjidhet drejtor n\u00eb shkoll\u00ebn fillore &quot;Marshall Tito&quot; Ulqin - Lajme nga Ulqini<\/title>\n<meta name=\"description\" content=\"Doktoranti n\u00eb Universitetin e Novi Sadit Arben Llunji, \u00ebsht\u00eb drejtori i ri i Shkoll\u00ebs fillore \u201eMarshall Tito\u201c. \u201eMendoj q\u00eb Llunji, duke marr\u00eb parasysh\" \/>\n<meta name=\"robots\" content=\"index, follow, max-snippet:-1, max-image-preview:large, max-video-preview:-1\" \/>\n<link rel=\"canonical\" href=\"https:\/\/www.visit-ulcinj.com\/blog\/2017\/06\/22\/arben-llunji-zgjidhet-drejtor-ne-shkollen-fillore-marshall-tito-ulqin\/\" \/>\n<meta property=\"og:locale\" content=\"en_US\" \/>\n<meta property=\"og:type\" content=\"article\" \/>\n<meta property=\"og:title\" content=\"Arben LLunji zgjidhet drejtor n\u00eb shkoll\u00ebn fillore &quot;Marshall Tito&quot; Ulqin - Lajme nga Ulqini\" \/>\n<meta property=\"og:description\" content=\"Doktoranti n\u00eb Universitetin e Novi Sadit Arben Llunji, \u00ebsht\u00eb drejtori i ri i Shkoll\u00ebs fillore \u201eMarshall Tito\u201c. \u201eMendoj q\u00eb Llunji, duke marr\u00eb parasysh\" \/>\n<meta property=\"og:url\" content=\"https:\/\/www.visit-ulcinj.com\/blog\/2017\/06\/22\/arben-llunji-zgjidhet-drejtor-ne-shkollen-fillore-marshall-tito-ulqin\/\" \/>\n<meta property=\"og:site_name\" content=\"Lajme nga Ulqini\" \/>\n<meta property=\"article:published_time\" content=\"2017-06-22T20:35:24+00:00\" \/>\n<meta property=\"article:modified_time\" content=\"2017-06-24T08:07:53+00:00\" \/>\n<meta property=\"og:image\" content=\"http:\/\/www.visit-ulcinj.com\/blog\/wp-content\/uploads\/2017\/06\/Arben-Llunji-Monaco.jpg\" \/>\n<meta name=\"twitter:label1\" content=\"Written by\" \/>\n\t<meta name=\"twitter:data1\" content=\"ulqini\" \/>\n\t<meta name=\"twitter:label2\" content=\"Est. reading time\" \/>\n\t<meta name=\"twitter:data2\" content=\"1 minute\" \/>\n<script type=\"application\/ld+json\" class=\"yoast-schema-graph\">{\"@context\":\"https:\/\/schema.org\",\"@graph\":[{\"@type\":\"WebSite\",\"@id\":\"https:\/\/www.visit-ulcinj.com\/blog\/#website\",\"url\":\"https:\/\/www.visit-ulcinj.com\/blog\/\",\"name\":\"Lajme nga Ulqini\",\"description\":\"Lajme,Vijesti,Ulqini,Ulqin,Crna Gora,Mali i Zi\",\"potentialAction\":[{\"@type\":\"SearchAction\",\"target\":{\"@type\":\"EntryPoint\",\"urlTemplate\":\"https:\/\/www.visit-ulcinj.com\/blog\/?s={search_term_string}\"},\"query-input\":\"required name=search_term_string\"}],\"inLanguage\":\"en-US\"},{\"@type\":\"ImageObject\",\"inLanguage\":\"en-US\",\"@id\":\"https:\/\/www.visit-ulcinj.com\/blog\/2017\/06\/22\/arben-llunji-zgjidhet-drejtor-ne-shkollen-fillore-marshall-tito-ulqin\/#primaryimage\",\"url\":\"https:\/\/www.visit-ulcinj.com\/blog\/wp-content\/uploads\/2017\/06\/Arben-Llunji-Monaco.jpg\",\"contentUrl\":\"https:\/\/www.visit-ulcinj.com\/blog\/wp-content\/uploads\/2017\/06\/Arben-Llunji-Monaco.jpg\",\"width\":720,\"height\":480},{\"@type\":\"WebPage\",\"@id\":\"https:\/\/www.visit-ulcinj.com\/blog\/2017\/06\/22\/arben-llunji-zgjidhet-drejtor-ne-shkollen-fillore-marshall-tito-ulqin\/#webpage\",\"url\":\"https:\/\/www.visit-ulcinj.com\/blog\/2017\/06\/22\/arben-llunji-zgjidhet-drejtor-ne-shkollen-fillore-marshall-tito-ulqin\/\",\"name\":\"Arben LLunji zgjidhet drejtor n\u00eb shkoll\u00ebn fillore \\\"Marshall Tito\\\" Ulqin - Lajme nga Ulqini\",\"isPartOf\":{\"@id\":\"https:\/\/www.visit-ulcinj.com\/blog\/#website\"},\"primaryImageOfPage\":{\"@id\":\"https:\/\/www.visit-ulcinj.com\/blog\/2017\/06\/22\/arben-llunji-zgjidhet-drejtor-ne-shkollen-fillore-marshall-tito-ulqin\/#primaryimage\"},\"datePublished\":\"2017-06-22T20:35:24+00:00\",\"dateModified\":\"2017-06-24T08:07:53+00:00\",\"author\":{\"@id\":\"https:\/\/www.visit-ulcinj.com\/blog\/#\/schema\/person\/dcab619c614d3038751c63bc2aadc06d\"},\"description\":\"Doktoranti n\u00eb Universitetin e Novi Sadit Arben Llunji, \u00ebsht\u00eb drejtori i ri i Shkoll\u00ebs fillore \u201eMarshall Tito\u201c. \u201eMendoj q\u00eb Llunji, duke marr\u00eb parasysh\",\"breadcrumb\":{\"@id\":\"https:\/\/www.visit-ulcinj.com\/blog\/2017\/06\/22\/arben-llunji-zgjidhet-drejtor-ne-shkollen-fillore-marshall-tito-ulqin\/#breadcrumb\"},\"inLanguage\":\"en-US\",\"potentialAction\":[{\"@type\":\"ReadAction\",\"target\":[\"https:\/\/www.visit-ulcinj.com\/blog\/2017\/06\/22\/arben-llunji-zgjidhet-drejtor-ne-shkollen-fillore-marshall-tito-ulqin\/\"]}]},{\"@type\":\"BreadcrumbList\",\"@id\":\"https:\/\/www.visit-ulcinj.com\/blog\/2017\/06\/22\/arben-llunji-zgjidhet-drejtor-ne-shkollen-fillore-marshall-tito-ulqin\/#breadcrumb\",\"itemListElement\":[{\"@type\":\"ListItem\",\"position\":1,\"name\":\"Arben LLunji zgjidhet drejtor n\u00eb shkoll\u00ebn fillore &#8220;Marshall Tito&#8221; Ulqin\"}]},{\"@type\":\"Person\",\"@id\":\"https:\/\/www.visit-ulcinj.com\/blog\/#\/schema\/person\/dcab619c614d3038751c63bc2aadc06d\",\"name\":\"ulqini\",\"sameAs\":[\"http:\/\/www.visit-ulcinj.com\"],\"url\":\"https:\/\/www.visit-ulcinj.com\/blog\/author\/admin\/\"}]}<\/script>\n<!-- \/ Yoast SEO plugin. -->","yoast_head_json":{"title":"Arben LLunji zgjidhet drejtor n\u00eb shkoll\u00ebn fillore \"Marshall Tito\" Ulqin - Lajme nga Ulqini","description":"Doktoranti n\u00eb Universitetin e Novi Sadit Arben Llunji, \u00ebsht\u00eb drejtori i ri i Shkoll\u00ebs fillore \u201eMarshall Tito\u201c. \u201eMendoj q\u00eb Llunji, duke marr\u00eb parasysh","robots":{"index":"index","follow":"follow","max-snippet":"max-snippet:-1","max-image-preview":"max-image-preview:large","max-video-preview":"max-video-preview:-1"},"canonical":"https:\/\/www.visit-ulcinj.com\/blog\/2017\/06\/22\/arben-llunji-zgjidhet-drejtor-ne-shkollen-fillore-marshall-tito-ulqin\/","og_locale":"en_US","og_type":"article","og_title":"Arben LLunji zgjidhet drejtor n\u00eb shkoll\u00ebn fillore \"Marshall Tito\" Ulqin - Lajme nga Ulqini","og_description":"Doktoranti n\u00eb Universitetin e Novi Sadit Arben Llunji, \u00ebsht\u00eb drejtori i ri i Shkoll\u00ebs fillore \u201eMarshall Tito\u201c. \u201eMendoj q\u00eb Llunji, duke marr\u00eb parasysh","og_url":"https:\/\/www.visit-ulcinj.com\/blog\/2017\/06\/22\/arben-llunji-zgjidhet-drejtor-ne-shkollen-fillore-marshall-tito-ulqin\/","og_site_name":"Lajme nga Ulqini","article_published_time":"2017-06-22T20:35:24+00:00","article_modified_time":"2017-06-24T08:07:53+00:00","og_image":[{"url":"http:\/\/www.visit-ulcinj.com\/blog\/wp-content\/uploads\/2017\/06\/Arben-Llunji-Monaco.jpg"}],"twitter_misc":{"Written by":"ulqini","Est. reading time":"1 minute"},"schema":{"@context":"https:\/\/schema.org","@graph":[{"@type":"WebSite","@id":"https:\/\/www.visit-ulcinj.com\/blog\/#website","url":"https:\/\/www.visit-ulcinj.com\/blog\/","name":"Lajme nga Ulqini","description":"Lajme,Vijesti,Ulqini,Ulqin,Crna Gora,Mali i Zi","potentialAction":[{"@type":"SearchAction","target":{"@type":"EntryPoint","urlTemplate":"https:\/\/www.visit-ulcinj.com\/blog\/?s={search_term_string}"},"query-input":"required name=search_term_string"}],"inLanguage":"en-US"},{"@type":"ImageObject","inLanguage":"en-US","@id":"https:\/\/www.visit-ulcinj.com\/blog\/2017\/06\/22\/arben-llunji-zgjidhet-drejtor-ne-shkollen-fillore-marshall-tito-ulqin\/#primaryimage","url":"https:\/\/www.visit-ulcinj.com\/blog\/wp-content\/uploads\/2017\/06\/Arben-Llunji-Monaco.jpg","contentUrl":"https:\/\/www.visit-ulcinj.com\/blog\/wp-content\/uploads\/2017\/06\/Arben-Llunji-Monaco.jpg","width":720,"height":480},{"@type":"WebPage","@id":"https:\/\/www.visit-ulcinj.com\/blog\/2017\/06\/22\/arben-llunji-zgjidhet-drejtor-ne-shkollen-fillore-marshall-tito-ulqin\/#webpage","url":"https:\/\/www.visit-ulcinj.com\/blog\/2017\/06\/22\/arben-llunji-zgjidhet-drejtor-ne-shkollen-fillore-marshall-tito-ulqin\/","name":"Arben LLunji zgjidhet drejtor n\u00eb shkoll\u00ebn fillore \"Marshall Tito\" Ulqin - Lajme nga Ulqini","isPartOf":{"@id":"https:\/\/www.visit-ulcinj.com\/blog\/#website"},"primaryImageOfPage":{"@id":"https:\/\/www.visit-ulcinj.com\/blog\/2017\/06\/22\/arben-llunji-zgjidhet-drejtor-ne-shkollen-fillore-marshall-tito-ulqin\/#primaryimage"},"datePublished":"2017-06-22T20:35:24+00:00","dateModified":"2017-06-24T08:07:53+00:00","author":{"@id":"https:\/\/www.visit-ulcinj.com\/blog\/#\/schema\/person\/dcab619c614d3038751c63bc2aadc06d"},"description":"Doktoranti n\u00eb Universitetin e Novi Sadit Arben Llunji, \u00ebsht\u00eb drejtori i ri i Shkoll\u00ebs fillore \u201eMarshall Tito\u201c. \u201eMendoj q\u00eb Llunji, duke marr\u00eb parasysh","breadcrumb":{"@id":"https:\/\/www.visit-ulcinj.com\/blog\/2017\/06\/22\/arben-llunji-zgjidhet-drejtor-ne-shkollen-fillore-marshall-tito-ulqin\/#breadcrumb"},"inLanguage":"en-US","potentialAction":[{"@type":"ReadAction","target":["https:\/\/www.visit-ulcinj.com\/blog\/2017\/06\/22\/arben-llunji-zgjidhet-drejtor-ne-shkollen-fillore-marshall-tito-ulqin\/"]}]},{"@type":"BreadcrumbList","@id":"https:\/\/www.visit-ulcinj.com\/blog\/2017\/06\/22\/arben-llunji-zgjidhet-drejtor-ne-shkollen-fillore-marshall-tito-ulqin\/#breadcrumb","itemListElement":[{"@type":"ListItem","position":1,"name":"Arben LLunji zgjidhet drejtor n\u00eb shkoll\u00ebn fillore &#8220;Marshall Tito&#8221; Ulqin"}]},{"@type":"Person","@id":"https:\/\/www.visit-ulcinj.com\/blog\/#\/schema\/person\/dcab619c614d3038751c63bc2aadc06d","name":"ulqini","sameAs":["http:\/\/www.visit-ulcinj.com"],"url":"https:\/\/www.visit-ulcinj.com\/blog\/author\/admin\/"}]}},"jetpack_featured_media_url":"","jetpack_sharing_enabled":true,"jetpack_shortlink":"https:\/\/wp.me\/pe6lTn-rvU","_links":{"self":[{"href":"https:\/\/www.visit-ulcinj.com\/blog\/wp-json\/wp\/v2\/posts\/105766"}],"collection":[{"href":"https:\/\/www.visit-ulcinj.com\/blog\/wp-json\/wp\/v2\/posts"}],"about":[{"href":"https:\/\/www.visit-ulcinj.com\/blog\/wp-json\/wp\/v2\/types\/post"}],"author":[{"embeddable":true,"href":"https:\/\/www.visit-ulcinj.com\/blog\/wp-json\/wp\/v2\/users\/1"}],"replies":[{"embeddable":true,"href":"https:\/\/www.visit-ulcinj.com\/blog\/wp-json\/wp\/v2\/comments?post=105766"}],"version-history":[{"count":2,"href":"https:\/\/www.visit-ulcinj.com\/blog\/wp-json\/wp\/v2\/posts\/105766\/revisions"}],"predecessor-version":[{"id":105769,"href":"https:\/\/www.visit-ulcinj.com\/blog\/wp-json\/wp\/v2\/posts\/105766\/revisions\/105769"}],"wp:attachment":[{"href":"https:\/\/www.visit-ulcinj.com\/blog\/wp-json\/wp\/v2\/media?parent=105766"}],"wp:term":[{"taxonomy":"category","embeddable":true,"href":"https:\/\/www.visit-ulcinj.com\/blog\/wp-json\/wp\/v2\/categories?post=105766"},{"taxonomy":"post_tag","embeddable":true,"href":"https:\/\/www.visit-ulcinj.com\/blog\/wp-json\/wp\/v2\/tags?post=105766"}],"curies":[{"name":"wp","href":"https:\/\/api.w.org\/{rel}","templated":true}]}}