{"id":105773,"date":"2017-06-24T08:47:48","date_gmt":"2017-06-24T07:47:48","guid":{"rendered":"http:\/\/www.visit-ulcinj.com\/blog\/?p=105773"},"modified":"2017-06-24T22:55:41","modified_gmt":"2017-06-24T21:55:41","slug":"kritikon-shkrela-disa-media-me-qellim-shkruajne-vec-keq-per-ulqinin","status":"publish","type":"post","link":"https:\/\/www.visit-ulcinj.com\/blog\/2017\/06\/24\/kritikon-shkrela-disa-media-me-qellim-shkruajne-vec-keq-per-ulqinin\/","title":{"rendered":"Kritikon Shkrela: Disa media me q\u00ebllim shkruajn\u00eb ve\u00e7 keq p\u00ebr Ulqinin"},"content":{"rendered":"<p><a href=\"http:\/\/www.visit-ulcinj.com\/blog\/wp-content\/uploads\/2017\/06\/Luigj-Shkrela-Ulqin.jpg\"><img loading=\"lazy\" class=\"alignleft wp-image-105774\" src=\"http:\/\/www.visit-ulcinj.com\/blog\/wp-content\/uploads\/2017\/06\/Luigj-Shkrela-Ulqin.jpg\" alt=\"\" width=\"508\" height=\"261\" srcset=\"https:\/\/www.visit-ulcinj.com\/blog\/wp-content\/uploads\/2017\/06\/Luigj-Shkrela-Ulqin.jpg 702w, https:\/\/www.visit-ulcinj.com\/blog\/wp-content\/uploads\/2017\/06\/Luigj-Shkrela-Ulqin-300x154.jpg 300w\" sizes=\"(max-width: 508px) 100vw, 508px\" \/><\/a>Deputeti i Partis\u00eb Demokratike t\u00eb Socialist\u00ebve Luigj Shkrela, tha p\u00ebr televizionin Teuta se akuzat e shfaqura n\u00eb gazet\u00ebn Vijesti se gjoja politikan\u00ebt shqiptar mbrojn\u00eb personat e inkriminuar, jan\u00eb jo vet\u00ebm t\u00eb pav\u00ebrteta por edhe t\u00eb publikuara me q\u00ebllime t\u00eb k\u00ebqija, raporton portali TV Teuta.<\/p>\n<p>Ai u shpreh se disa media , sa her\u00eb q\u00eb b\u00ebhet fjal\u00eb p\u00ebr Ulqinin, n\u00eb m\u00ebnyr\u00eb tendencioze shkruajn\u00eb vet\u00ebm negativisht, n\u00eb m\u00ebnyr\u00eb q\u00eb situatat jo t\u00eb qet\u00ebsohen por t\u00eb eskalojn\u00eb sa m\u00eb tep\u00ebr. N\u00eb lidhje me vet\u00ebm ngjarjen e t\u00eb shtun\u00ebs mbr\u00ebma, Shkrela tha se duhen shikuar faktet dhe d\u00ebshmit\u00eb, dhe \u00e7dokush t\u00eb mbaj\u00eb p\u00ebrgjegj\u00ebsi p\u00ebr veprimet e veta, si qytetar\u00ebt ashtu edhe pjestar\u00ebt e policis\u00eb.<\/p>\n","protected":false},"excerpt":{"rendered":"<p>Deputeti i Partis\u00eb Demokratike t\u00eb Socialist\u00ebve Luigj Shkrela, tha p\u00ebr televizionin Teuta se akuzat e shfaqura n\u00eb gazet\u00ebn Vijesti se gjoja politikan\u00ebt shqiptar mbrojn\u00eb personat e inkriminuar, jan\u00eb jo vet\u00ebm t\u00eb pav\u00ebrteta por edhe t\u00eb publikuara me q\u00ebllime t\u00eb k\u00ebqija, raporton portali TV Teuta. Ai u shpreh se disa media , sa her\u00eb q\u00eb b\u00ebhet [&hellip;]<\/p>\n","protected":false},"author":1,"featured_media":0,"comment_status":"closed","ping_status":"closed","sticky":false,"template":"","format":"standard","meta":{"spay_email":"","jetpack_publicize_message":"","jetpack_is_tweetstorm":false,"jetpack_publicize_feature_enabled":true},"categories":[1,6],"tags":[],"jetpack_publicize_connections":[],"yoast_head":"<!-- This site is optimized with the Yoast SEO plugin v19.1 - https:\/\/yoast.com\/wordpress\/plugins\/seo\/ -->\n<title>Kritikon Shkrela: Disa media me q\u00ebllim shkruajn\u00eb ve\u00e7 keq p\u00ebr Ulqinin - Lajme nga Ulqini<\/title>\n<meta name=\"description\" content=\"Deputeti i Partis\u00eb Demokratike t\u00eb Socialist\u00ebve Luigj Shkrela, tha p\u00ebr televizionin Teuta se akuzat e shfaqura n\u00eb gazet\u00ebn Vijesti se gjoja politikan\u00ebt\" \/>\n<meta name=\"robots\" content=\"index, follow, max-snippet:-1, max-image-preview:large, max-video-preview:-1\" \/>\n<link rel=\"canonical\" href=\"https:\/\/www.visit-ulcinj.com\/blog\/2017\/06\/24\/kritikon-shkrela-disa-media-me-qellim-shkruajne-vec-keq-per-ulqinin\/\" \/>\n<meta property=\"og:locale\" content=\"en_US\" \/>\n<meta property=\"og:type\" content=\"article\" \/>\n<meta property=\"og:title\" content=\"Kritikon Shkrela: Disa media me q\u00ebllim shkruajn\u00eb ve\u00e7 keq p\u00ebr Ulqinin - Lajme nga Ulqini\" \/>\n<meta property=\"og:description\" content=\"Deputeti i Partis\u00eb Demokratike t\u00eb Socialist\u00ebve Luigj Shkrela, tha p\u00ebr televizionin Teuta se akuzat e shfaqura n\u00eb gazet\u00ebn Vijesti se gjoja politikan\u00ebt\" \/>\n<meta property=\"og:url\" content=\"https:\/\/www.visit-ulcinj.com\/blog\/2017\/06\/24\/kritikon-shkrela-disa-media-me-qellim-shkruajne-vec-keq-per-ulqinin\/\" \/>\n<meta property=\"og:site_name\" content=\"Lajme nga Ulqini\" \/>\n<meta property=\"article:published_time\" content=\"2017-06-24T07:47:48+00:00\" \/>\n<meta property=\"article:modified_time\" content=\"2017-06-24T21:55:41+00:00\" \/>\n<meta property=\"og:image\" content=\"http:\/\/www.visit-ulcinj.com\/blog\/wp-content\/uploads\/2017\/06\/Luigj-Shkrela-Ulqin.jpg\" \/>\n<meta name=\"twitter:label1\" content=\"Written by\" \/>\n\t<meta name=\"twitter:data1\" content=\"ulqini\" \/>\n\t<meta name=\"twitter:label2\" content=\"Est. reading time\" \/>\n\t<meta name=\"twitter:data2\" content=\"1 minute\" \/>\n<script type=\"application\/ld+json\" class=\"yoast-schema-graph\">{\"@context\":\"https:\/\/schema.org\",\"@graph\":[{\"@type\":\"WebSite\",\"@id\":\"https:\/\/www.visit-ulcinj.com\/blog\/#website\",\"url\":\"https:\/\/www.visit-ulcinj.com\/blog\/\",\"name\":\"Lajme nga Ulqini\",\"description\":\"Lajme,Vijesti,Ulqini,Ulqin,Crna Gora,Mali i Zi\",\"potentialAction\":[{\"@type\":\"SearchAction\",\"target\":{\"@type\":\"EntryPoint\",\"urlTemplate\":\"https:\/\/www.visit-ulcinj.com\/blog\/?s={search_term_string}\"},\"query-input\":\"required name=search_term_string\"}],\"inLanguage\":\"en-US\"},{\"@type\":\"ImageObject\",\"inLanguage\":\"en-US\",\"@id\":\"https:\/\/www.visit-ulcinj.com\/blog\/2017\/06\/24\/kritikon-shkrela-disa-media-me-qellim-shkruajne-vec-keq-per-ulqinin\/#primaryimage\",\"url\":\"https:\/\/www.visit-ulcinj.com\/blog\/wp-content\/uploads\/2017\/06\/Luigj-Shkrela-Ulqin.jpg\",\"contentUrl\":\"https:\/\/www.visit-ulcinj.com\/blog\/wp-content\/uploads\/2017\/06\/Luigj-Shkrela-Ulqin.jpg\",\"width\":702,\"height\":360},{\"@type\":\"WebPage\",\"@id\":\"https:\/\/www.visit-ulcinj.com\/blog\/2017\/06\/24\/kritikon-shkrela-disa-media-me-qellim-shkruajne-vec-keq-per-ulqinin\/#webpage\",\"url\":\"https:\/\/www.visit-ulcinj.com\/blog\/2017\/06\/24\/kritikon-shkrela-disa-media-me-qellim-shkruajne-vec-keq-per-ulqinin\/\",\"name\":\"Kritikon Shkrela: Disa media me q\u00ebllim shkruajn\u00eb ve\u00e7 keq p\u00ebr Ulqinin - Lajme nga Ulqini\",\"isPartOf\":{\"@id\":\"https:\/\/www.visit-ulcinj.com\/blog\/#website\"},\"primaryImageOfPage\":{\"@id\":\"https:\/\/www.visit-ulcinj.com\/blog\/2017\/06\/24\/kritikon-shkrela-disa-media-me-qellim-shkruajne-vec-keq-per-ulqinin\/#primaryimage\"},\"datePublished\":\"2017-06-24T07:47:48+00:00\",\"dateModified\":\"2017-06-24T21:55:41+00:00\",\"author\":{\"@id\":\"https:\/\/www.visit-ulcinj.com\/blog\/#\/schema\/person\/dcab619c614d3038751c63bc2aadc06d\"},\"description\":\"Deputeti i Partis\u00eb Demokratike t\u00eb Socialist\u00ebve Luigj Shkrela, tha p\u00ebr televizionin Teuta se akuzat e shfaqura n\u00eb gazet\u00ebn Vijesti se gjoja politikan\u00ebt\",\"breadcrumb\":{\"@id\":\"https:\/\/www.visit-ulcinj.com\/blog\/2017\/06\/24\/kritikon-shkrela-disa-media-me-qellim-shkruajne-vec-keq-per-ulqinin\/#breadcrumb\"},\"inLanguage\":\"en-US\",\"potentialAction\":[{\"@type\":\"ReadAction\",\"target\":[\"https:\/\/www.visit-ulcinj.com\/blog\/2017\/06\/24\/kritikon-shkrela-disa-media-me-qellim-shkruajne-vec-keq-per-ulqinin\/\"]}]},{\"@type\":\"BreadcrumbList\",\"@id\":\"https:\/\/www.visit-ulcinj.com\/blog\/2017\/06\/24\/kritikon-shkrela-disa-media-me-qellim-shkruajne-vec-keq-per-ulqinin\/#breadcrumb\",\"itemListElement\":[{\"@type\":\"ListItem\",\"position\":1,\"name\":\"Kritikon Shkrela: Disa media me q\u00ebllim shkruajn\u00eb ve\u00e7 keq p\u00ebr Ulqinin\"}]},{\"@type\":\"Person\",\"@id\":\"https:\/\/www.visit-ulcinj.com\/blog\/#\/schema\/person\/dcab619c614d3038751c63bc2aadc06d\",\"name\":\"ulqini\",\"sameAs\":[\"http:\/\/www.visit-ulcinj.com\"],\"url\":\"https:\/\/www.visit-ulcinj.com\/blog\/author\/admin\/\"}]}<\/script>\n<!-- \/ Yoast SEO plugin. -->","yoast_head_json":{"title":"Kritikon Shkrela: Disa media me q\u00ebllim shkruajn\u00eb ve\u00e7 keq p\u00ebr Ulqinin - Lajme nga Ulqini","description":"Deputeti i Partis\u00eb Demokratike t\u00eb Socialist\u00ebve Luigj Shkrela, tha p\u00ebr televizionin Teuta se akuzat e shfaqura n\u00eb gazet\u00ebn Vijesti se gjoja politikan\u00ebt","robots":{"index":"index","follow":"follow","max-snippet":"max-snippet:-1","max-image-preview":"max-image-preview:large","max-video-preview":"max-video-preview:-1"},"canonical":"https:\/\/www.visit-ulcinj.com\/blog\/2017\/06\/24\/kritikon-shkrela-disa-media-me-qellim-shkruajne-vec-keq-per-ulqinin\/","og_locale":"en_US","og_type":"article","og_title":"Kritikon Shkrela: Disa media me q\u00ebllim shkruajn\u00eb ve\u00e7 keq p\u00ebr Ulqinin - Lajme nga Ulqini","og_description":"Deputeti i Partis\u00eb Demokratike t\u00eb Socialist\u00ebve Luigj Shkrela, tha p\u00ebr televizionin Teuta se akuzat e shfaqura n\u00eb gazet\u00ebn Vijesti se gjoja politikan\u00ebt","og_url":"https:\/\/www.visit-ulcinj.com\/blog\/2017\/06\/24\/kritikon-shkrela-disa-media-me-qellim-shkruajne-vec-keq-per-ulqinin\/","og_site_name":"Lajme nga Ulqini","article_published_time":"2017-06-24T07:47:48+00:00","article_modified_time":"2017-06-24T21:55:41+00:00","og_image":[{"url":"http:\/\/www.visit-ulcinj.com\/blog\/wp-content\/uploads\/2017\/06\/Luigj-Shkrela-Ulqin.jpg"}],"twitter_misc":{"Written by":"ulqini","Est. reading time":"1 minute"},"schema":{"@context":"https:\/\/schema.org","@graph":[{"@type":"WebSite","@id":"https:\/\/www.visit-ulcinj.com\/blog\/#website","url":"https:\/\/www.visit-ulcinj.com\/blog\/","name":"Lajme nga Ulqini","description":"Lajme,Vijesti,Ulqini,Ulqin,Crna Gora,Mali i Zi","potentialAction":[{"@type":"SearchAction","target":{"@type":"EntryPoint","urlTemplate":"https:\/\/www.visit-ulcinj.com\/blog\/?s={search_term_string}"},"query-input":"required name=search_term_string"}],"inLanguage":"en-US"},{"@type":"ImageObject","inLanguage":"en-US","@id":"https:\/\/www.visit-ulcinj.com\/blog\/2017\/06\/24\/kritikon-shkrela-disa-media-me-qellim-shkruajne-vec-keq-per-ulqinin\/#primaryimage","url":"https:\/\/www.visit-ulcinj.com\/blog\/wp-content\/uploads\/2017\/06\/Luigj-Shkrela-Ulqin.jpg","contentUrl":"https:\/\/www.visit-ulcinj.com\/blog\/wp-content\/uploads\/2017\/06\/Luigj-Shkrela-Ulqin.jpg","width":702,"height":360},{"@type":"WebPage","@id":"https:\/\/www.visit-ulcinj.com\/blog\/2017\/06\/24\/kritikon-shkrela-disa-media-me-qellim-shkruajne-vec-keq-per-ulqinin\/#webpage","url":"https:\/\/www.visit-ulcinj.com\/blog\/2017\/06\/24\/kritikon-shkrela-disa-media-me-qellim-shkruajne-vec-keq-per-ulqinin\/","name":"Kritikon Shkrela: Disa media me q\u00ebllim shkruajn\u00eb ve\u00e7 keq p\u00ebr Ulqinin - Lajme nga Ulqini","isPartOf":{"@id":"https:\/\/www.visit-ulcinj.com\/blog\/#website"},"primaryImageOfPage":{"@id":"https:\/\/www.visit-ulcinj.com\/blog\/2017\/06\/24\/kritikon-shkrela-disa-media-me-qellim-shkruajne-vec-keq-per-ulqinin\/#primaryimage"},"datePublished":"2017-06-24T07:47:48+00:00","dateModified":"2017-06-24T21:55:41+00:00","author":{"@id":"https:\/\/www.visit-ulcinj.com\/blog\/#\/schema\/person\/dcab619c614d3038751c63bc2aadc06d"},"description":"Deputeti i Partis\u00eb Demokratike t\u00eb Socialist\u00ebve Luigj Shkrela, tha p\u00ebr televizionin Teuta se akuzat e shfaqura n\u00eb gazet\u00ebn Vijesti se gjoja politikan\u00ebt","breadcrumb":{"@id":"https:\/\/www.visit-ulcinj.com\/blog\/2017\/06\/24\/kritikon-shkrela-disa-media-me-qellim-shkruajne-vec-keq-per-ulqinin\/#breadcrumb"},"inLanguage":"en-US","potentialAction":[{"@type":"ReadAction","target":["https:\/\/www.visit-ulcinj.com\/blog\/2017\/06\/24\/kritikon-shkrela-disa-media-me-qellim-shkruajne-vec-keq-per-ulqinin\/"]}]},{"@type":"BreadcrumbList","@id":"https:\/\/www.visit-ulcinj.com\/blog\/2017\/06\/24\/kritikon-shkrela-disa-media-me-qellim-shkruajne-vec-keq-per-ulqinin\/#breadcrumb","itemListElement":[{"@type":"ListItem","position":1,"name":"Kritikon Shkrela: Disa media me q\u00ebllim shkruajn\u00eb ve\u00e7 keq p\u00ebr Ulqinin"}]},{"@type":"Person","@id":"https:\/\/www.visit-ulcinj.com\/blog\/#\/schema\/person\/dcab619c614d3038751c63bc2aadc06d","name":"ulqini","sameAs":["http:\/\/www.visit-ulcinj.com"],"url":"https:\/\/www.visit-ulcinj.com\/blog\/author\/admin\/"}]}},"jetpack_featured_media_url":"","jetpack_sharing_enabled":true,"jetpack_shortlink":"https:\/\/wp.me\/pe6lTn-rw1","_links":{"self":[{"href":"https:\/\/www.visit-ulcinj.com\/blog\/wp-json\/wp\/v2\/posts\/105773"}],"collection":[{"href":"https:\/\/www.visit-ulcinj.com\/blog\/wp-json\/wp\/v2\/posts"}],"about":[{"href":"https:\/\/www.visit-ulcinj.com\/blog\/wp-json\/wp\/v2\/types\/post"}],"author":[{"embeddable":true,"href":"https:\/\/www.visit-ulcinj.com\/blog\/wp-json\/wp\/v2\/users\/1"}],"replies":[{"embeddable":true,"href":"https:\/\/www.visit-ulcinj.com\/blog\/wp-json\/wp\/v2\/comments?post=105773"}],"version-history":[{"count":5,"href":"https:\/\/www.visit-ulcinj.com\/blog\/wp-json\/wp\/v2\/posts\/105773\/revisions"}],"predecessor-version":[{"id":105779,"href":"https:\/\/www.visit-ulcinj.com\/blog\/wp-json\/wp\/v2\/posts\/105773\/revisions\/105779"}],"wp:attachment":[{"href":"https:\/\/www.visit-ulcinj.com\/blog\/wp-json\/wp\/v2\/media?parent=105773"}],"wp:term":[{"taxonomy":"category","embeddable":true,"href":"https:\/\/www.visit-ulcinj.com\/blog\/wp-json\/wp\/v2\/categories?post=105773"},{"taxonomy":"post_tag","embeddable":true,"href":"https:\/\/www.visit-ulcinj.com\/blog\/wp-json\/wp\/v2\/tags?post=105773"}],"curies":[{"name":"wp","href":"https:\/\/api.w.org\/{rel}","templated":true}]}}