{"id":105783,"date":"2017-06-24T22:54:02","date_gmt":"2017-06-24T21:54:02","guid":{"rendered":"http:\/\/www.visit-ulcinj.com\/blog\/?p=105783"},"modified":"2017-06-26T19:17:38","modified_gmt":"2017-06-26T18:17:38","slug":"urimi-ministrit-zenka-per-festen-e-fiter-bajramit","status":"publish","type":"post","link":"https:\/\/www.visit-ulcinj.com\/blog\/2017\/06\/24\/urimi-ministrit-zenka-per-festen-e-fiter-bajramit\/","title":{"rendered":"Urimi i Ministrit Zenka p\u00ebr fest\u00ebn e Fiter Bajramit"},"content":{"rendered":"<p><strong><a href=\"http:\/\/www.visit-ulcinj.com\/blog\/wp-content\/uploads\/2017\/06\/Ministri-Mehmet-Zenka.jpg\"><img loading=\"lazy\" class=\"alignleft wp-image-105784\" src=\"http:\/\/www.visit-ulcinj.com\/blog\/wp-content\/uploads\/2017\/06\/Ministri-Mehmet-Zenka.jpg\" alt=\"\" width=\"508\" height=\"337\" srcset=\"https:\/\/www.visit-ulcinj.com\/blog\/wp-content\/uploads\/2017\/06\/Ministri-Mehmet-Zenka.jpg 470w, https:\/\/www.visit-ulcinj.com\/blog\/wp-content\/uploads\/2017\/06\/Ministri-Mehmet-Zenka-300x199.jpg 300w\" sizes=\"(max-width: 508px) 100vw, 508px\" \/><\/a>Urimi P\u00ebr fest\u00ebn e Bajramit t\u00eb Ramazanit<\/strong><\/p>\n<p>Deti me bisedoj\u00a0 p\u00ebr vet\u00ebvehten, mbi madh\u00ebsin\u00eb e vet, mbi t\u00eb gjitha krijesat q\u00eb jetojn\u00eb ne mbrend\u00ebsin\u00eb e ti&#8230;\u00a0I bisedova detit p\u00ebr Islamin dhe ai u ndie i vog\u00ebl.<\/p>\n<p>Me k\u00ebt\u00eb citat, n\u00eb em\u00ebr t\u00eb Ministris\u00eb p\u00ebr t\u00eb Drejtat e Njeriut dhe Pakicave dhe ne emrin tim personal, i d\u00ebrgoi urimet m\u00eb t\u00eb p\u00ebrzemerta Reisit\u00a0 Rifat Fejziq, t\u00eb gjith\u00eb zyrtar\u00ebve te Bashk\u00ebsis\u00eb Islame n\u00eb Mal t\u00eb Zi, dhe t\u00eb gjith\u00eb qytetareve dhe qytetar\u00ebve t\u00eb besimit Islam me rastin e festes s\u00eb Bajram Ramazanit.<\/p>\n<p>Kuptimi shpirt\u00ebror i Bajramit \u00ebsht\u00eb\u00a0 forcimi i\u00a0unitetit,solidaritetit, toleranc\u00ebs\u00a0dhe p\u00ebrpjekja\u00a0p\u00ebr t\u00eb mir\u00ebn e p\u00ebrgjithshme.T\u00eb gjith\u00ebve q\u00eb e festojn\u00eb Bajramin\u00a0u uroj paq, sh\u00ebndet, lumturi dhe hare n\u00eb gjirin\u00a0 familjar duke\u00a0u d\u00ebshiruar\u00a0q\u00eb drita e Bajramit\u00a0 tju sh\u00ebndris shpirtin\u00a0dhe ti begato j me ndjenjat m\u00eb t\u00eb bukura dhe\u00a0duke ju dhuruar sh\u00ebndet dhe prosperitet\u00a0\u00a0familjar.<\/p>\n<p>Bajrami \u00ebsht\u00eb fest\u00eb i cili n\u00eb vehte p\u00ebrmban element\u00eb gjith\u00eb njerzor dhe univerzal,shenjat e koh\u00ebs t\u00eb\u00a0 cilat \u00e7do gjenerat\u00eb e re i jep vul\u00ebn e egzistenc\u00ebs s\u00eb vet dhe n\u00eb at m\u00ebnyr\u00eb d\u00ebshmon fuqin\u00eb e shpirtit q\u00eb p\u00ebrciedhet me shekuj.<\/p>\n<p>Si paralajm\u00ebrues\u00a0 i fitor\u00ebs n\u00eb sprova,Bajrami\u00a0 vendos drejtpeshimin ne mes vlerave materjale dhe shpirt\u00ebrore, prandaj\u00a0 uroj t\u00eb gjith\u00ebve q\u00eb kan\u00eb agj\u00ebruar muajin e Ramazanit Zoti\u00a0 tu pranoj lutjet dhe\u00a0 agj\u00ebrimin.<\/p>\n<p><strong>MINISTRI<\/strong><\/p>\n<p><strong>Mehmed Zenka<\/strong><\/p>\n","protected":false},"excerpt":{"rendered":"<p>Urimi P\u00ebr fest\u00ebn e Bajramit t\u00eb Ramazanit Deti me bisedoj\u00a0 p\u00ebr vet\u00ebvehten, mbi madh\u00ebsin\u00eb e vet, mbi t\u00eb gjitha krijesat q\u00eb jetojn\u00eb ne mbrend\u00ebsin\u00eb e ti&#8230;\u00a0I bisedova detit p\u00ebr Islamin dhe ai u ndie i vog\u00ebl. Me k\u00ebt\u00eb citat, n\u00eb em\u00ebr t\u00eb Ministris\u00eb p\u00ebr t\u00eb Drejtat e Njeriut dhe Pakicave dhe ne emrin tim personal, [&hellip;]<\/p>\n","protected":false},"author":1,"featured_media":0,"comment_status":"closed","ping_status":"closed","sticky":false,"template":"","format":"standard","meta":{"spay_email":"","jetpack_publicize_message":"","jetpack_is_tweetstorm":false,"jetpack_publicize_feature_enabled":true},"categories":[1,6],"tags":[],"jetpack_publicize_connections":[],"yoast_head":"<!-- This site is optimized with the Yoast SEO plugin v19.1 - https:\/\/yoast.com\/wordpress\/plugins\/seo\/ -->\n<title>Urimi i Ministrit Zenka p\u00ebr fest\u00ebn e Fiter Bajramit - Lajme nga Ulqini<\/title>\n<meta name=\"description\" content=\"Urimi P\u00ebr fest\u00ebn e Bajramit t\u00eb Ramazanit Deti me bisedoj\u00a0 p\u00ebr vet\u00ebvehten, mbi madh\u00ebsin\u00eb e vet, mbi t\u00eb gjitha krijesat q\u00eb jetojn\u00eb ne mbrend\u00ebsin\u00eb e ti...\u00a0I\" \/>\n<meta name=\"robots\" content=\"index, follow, max-snippet:-1, max-image-preview:large, max-video-preview:-1\" \/>\n<link rel=\"canonical\" href=\"https:\/\/www.visit-ulcinj.com\/blog\/2017\/06\/24\/urimi-ministrit-zenka-per-festen-e-fiter-bajramit\/\" \/>\n<meta property=\"og:locale\" content=\"en_US\" \/>\n<meta property=\"og:type\" content=\"article\" \/>\n<meta property=\"og:title\" content=\"Urimi i Ministrit Zenka p\u00ebr fest\u00ebn e Fiter Bajramit - Lajme nga Ulqini\" \/>\n<meta property=\"og:description\" content=\"Urimi P\u00ebr fest\u00ebn e Bajramit t\u00eb Ramazanit Deti me bisedoj\u00a0 p\u00ebr vet\u00ebvehten, mbi madh\u00ebsin\u00eb e vet, mbi t\u00eb gjitha krijesat q\u00eb jetojn\u00eb ne mbrend\u00ebsin\u00eb e ti...\u00a0I\" \/>\n<meta property=\"og:url\" content=\"https:\/\/www.visit-ulcinj.com\/blog\/2017\/06\/24\/urimi-ministrit-zenka-per-festen-e-fiter-bajramit\/\" \/>\n<meta property=\"og:site_name\" content=\"Lajme nga Ulqini\" \/>\n<meta property=\"article:published_time\" content=\"2017-06-24T21:54:02+00:00\" \/>\n<meta property=\"article:modified_time\" content=\"2017-06-26T18:17:38+00:00\" \/>\n<meta property=\"og:image\" content=\"http:\/\/www.visit-ulcinj.com\/blog\/wp-content\/uploads\/2017\/06\/Ministri-Mehmet-Zenka.jpg\" \/>\n<meta name=\"twitter:label1\" content=\"Written by\" \/>\n\t<meta name=\"twitter:data1\" content=\"ulqini\" \/>\n\t<meta name=\"twitter:label2\" content=\"Est. reading time\" \/>\n\t<meta name=\"twitter:data2\" content=\"1 minute\" \/>\n<script type=\"application\/ld+json\" class=\"yoast-schema-graph\">{\"@context\":\"https:\/\/schema.org\",\"@graph\":[{\"@type\":\"WebSite\",\"@id\":\"https:\/\/www.visit-ulcinj.com\/blog\/#website\",\"url\":\"https:\/\/www.visit-ulcinj.com\/blog\/\",\"name\":\"Lajme nga Ulqini\",\"description\":\"Lajme,Vijesti,Ulqini,Ulqin,Crna Gora,Mali i Zi\",\"potentialAction\":[{\"@type\":\"SearchAction\",\"target\":{\"@type\":\"EntryPoint\",\"urlTemplate\":\"https:\/\/www.visit-ulcinj.com\/blog\/?s={search_term_string}\"},\"query-input\":\"required name=search_term_string\"}],\"inLanguage\":\"en-US\"},{\"@type\":\"ImageObject\",\"inLanguage\":\"en-US\",\"@id\":\"https:\/\/www.visit-ulcinj.com\/blog\/2017\/06\/24\/urimi-ministrit-zenka-per-festen-e-fiter-bajramit\/#primaryimage\",\"url\":\"https:\/\/www.visit-ulcinj.com\/blog\/wp-content\/uploads\/2017\/06\/Ministri-Mehmet-Zenka.jpg\",\"contentUrl\":\"https:\/\/www.visit-ulcinj.com\/blog\/wp-content\/uploads\/2017\/06\/Ministri-Mehmet-Zenka.jpg\",\"width\":470,\"height\":312},{\"@type\":\"WebPage\",\"@id\":\"https:\/\/www.visit-ulcinj.com\/blog\/2017\/06\/24\/urimi-ministrit-zenka-per-festen-e-fiter-bajramit\/#webpage\",\"url\":\"https:\/\/www.visit-ulcinj.com\/blog\/2017\/06\/24\/urimi-ministrit-zenka-per-festen-e-fiter-bajramit\/\",\"name\":\"Urimi i Ministrit Zenka p\u00ebr fest\u00ebn e Fiter Bajramit - Lajme nga Ulqini\",\"isPartOf\":{\"@id\":\"https:\/\/www.visit-ulcinj.com\/blog\/#website\"},\"primaryImageOfPage\":{\"@id\":\"https:\/\/www.visit-ulcinj.com\/blog\/2017\/06\/24\/urimi-ministrit-zenka-per-festen-e-fiter-bajramit\/#primaryimage\"},\"datePublished\":\"2017-06-24T21:54:02+00:00\",\"dateModified\":\"2017-06-26T18:17:38+00:00\",\"author\":{\"@id\":\"https:\/\/www.visit-ulcinj.com\/blog\/#\/schema\/person\/dcab619c614d3038751c63bc2aadc06d\"},\"description\":\"Urimi P\u00ebr fest\u00ebn e Bajramit t\u00eb Ramazanit Deti me bisedoj\u00a0 p\u00ebr vet\u00ebvehten, mbi madh\u00ebsin\u00eb e vet, mbi t\u00eb gjitha krijesat q\u00eb jetojn\u00eb ne mbrend\u00ebsin\u00eb e ti...\u00a0I\",\"breadcrumb\":{\"@id\":\"https:\/\/www.visit-ulcinj.com\/blog\/2017\/06\/24\/urimi-ministrit-zenka-per-festen-e-fiter-bajramit\/#breadcrumb\"},\"inLanguage\":\"en-US\",\"potentialAction\":[{\"@type\":\"ReadAction\",\"target\":[\"https:\/\/www.visit-ulcinj.com\/blog\/2017\/06\/24\/urimi-ministrit-zenka-per-festen-e-fiter-bajramit\/\"]}]},{\"@type\":\"BreadcrumbList\",\"@id\":\"https:\/\/www.visit-ulcinj.com\/blog\/2017\/06\/24\/urimi-ministrit-zenka-per-festen-e-fiter-bajramit\/#breadcrumb\",\"itemListElement\":[{\"@type\":\"ListItem\",\"position\":1,\"name\":\"Urimi i Ministrit Zenka p\u00ebr fest\u00ebn e Fiter Bajramit\"}]},{\"@type\":\"Person\",\"@id\":\"https:\/\/www.visit-ulcinj.com\/blog\/#\/schema\/person\/dcab619c614d3038751c63bc2aadc06d\",\"name\":\"ulqini\",\"sameAs\":[\"http:\/\/www.visit-ulcinj.com\"],\"url\":\"https:\/\/www.visit-ulcinj.com\/blog\/author\/admin\/\"}]}<\/script>\n<!-- \/ Yoast SEO plugin. -->","yoast_head_json":{"title":"Urimi i Ministrit Zenka p\u00ebr fest\u00ebn e Fiter Bajramit - Lajme nga Ulqini","description":"Urimi P\u00ebr fest\u00ebn e Bajramit t\u00eb Ramazanit Deti me bisedoj\u00a0 p\u00ebr vet\u00ebvehten, mbi madh\u00ebsin\u00eb e vet, mbi t\u00eb gjitha krijesat q\u00eb jetojn\u00eb ne mbrend\u00ebsin\u00eb e ti...\u00a0I","robots":{"index":"index","follow":"follow","max-snippet":"max-snippet:-1","max-image-preview":"max-image-preview:large","max-video-preview":"max-video-preview:-1"},"canonical":"https:\/\/www.visit-ulcinj.com\/blog\/2017\/06\/24\/urimi-ministrit-zenka-per-festen-e-fiter-bajramit\/","og_locale":"en_US","og_type":"article","og_title":"Urimi i Ministrit Zenka p\u00ebr fest\u00ebn e Fiter Bajramit - Lajme nga Ulqini","og_description":"Urimi P\u00ebr fest\u00ebn e Bajramit t\u00eb Ramazanit Deti me bisedoj\u00a0 p\u00ebr vet\u00ebvehten, mbi madh\u00ebsin\u00eb e vet, mbi t\u00eb gjitha krijesat q\u00eb jetojn\u00eb ne mbrend\u00ebsin\u00eb e ti...\u00a0I","og_url":"https:\/\/www.visit-ulcinj.com\/blog\/2017\/06\/24\/urimi-ministrit-zenka-per-festen-e-fiter-bajramit\/","og_site_name":"Lajme nga Ulqini","article_published_time":"2017-06-24T21:54:02+00:00","article_modified_time":"2017-06-26T18:17:38+00:00","og_image":[{"url":"http:\/\/www.visit-ulcinj.com\/blog\/wp-content\/uploads\/2017\/06\/Ministri-Mehmet-Zenka.jpg"}],"twitter_misc":{"Written by":"ulqini","Est. reading time":"1 minute"},"schema":{"@context":"https:\/\/schema.org","@graph":[{"@type":"WebSite","@id":"https:\/\/www.visit-ulcinj.com\/blog\/#website","url":"https:\/\/www.visit-ulcinj.com\/blog\/","name":"Lajme nga Ulqini","description":"Lajme,Vijesti,Ulqini,Ulqin,Crna Gora,Mali i Zi","potentialAction":[{"@type":"SearchAction","target":{"@type":"EntryPoint","urlTemplate":"https:\/\/www.visit-ulcinj.com\/blog\/?s={search_term_string}"},"query-input":"required name=search_term_string"}],"inLanguage":"en-US"},{"@type":"ImageObject","inLanguage":"en-US","@id":"https:\/\/www.visit-ulcinj.com\/blog\/2017\/06\/24\/urimi-ministrit-zenka-per-festen-e-fiter-bajramit\/#primaryimage","url":"https:\/\/www.visit-ulcinj.com\/blog\/wp-content\/uploads\/2017\/06\/Ministri-Mehmet-Zenka.jpg","contentUrl":"https:\/\/www.visit-ulcinj.com\/blog\/wp-content\/uploads\/2017\/06\/Ministri-Mehmet-Zenka.jpg","width":470,"height":312},{"@type":"WebPage","@id":"https:\/\/www.visit-ulcinj.com\/blog\/2017\/06\/24\/urimi-ministrit-zenka-per-festen-e-fiter-bajramit\/#webpage","url":"https:\/\/www.visit-ulcinj.com\/blog\/2017\/06\/24\/urimi-ministrit-zenka-per-festen-e-fiter-bajramit\/","name":"Urimi i Ministrit Zenka p\u00ebr fest\u00ebn e Fiter Bajramit - Lajme nga Ulqini","isPartOf":{"@id":"https:\/\/www.visit-ulcinj.com\/blog\/#website"},"primaryImageOfPage":{"@id":"https:\/\/www.visit-ulcinj.com\/blog\/2017\/06\/24\/urimi-ministrit-zenka-per-festen-e-fiter-bajramit\/#primaryimage"},"datePublished":"2017-06-24T21:54:02+00:00","dateModified":"2017-06-26T18:17:38+00:00","author":{"@id":"https:\/\/www.visit-ulcinj.com\/blog\/#\/schema\/person\/dcab619c614d3038751c63bc2aadc06d"},"description":"Urimi P\u00ebr fest\u00ebn e Bajramit t\u00eb Ramazanit Deti me bisedoj\u00a0 p\u00ebr vet\u00ebvehten, mbi madh\u00ebsin\u00eb e vet, mbi t\u00eb gjitha krijesat q\u00eb jetojn\u00eb ne mbrend\u00ebsin\u00eb e ti...\u00a0I","breadcrumb":{"@id":"https:\/\/www.visit-ulcinj.com\/blog\/2017\/06\/24\/urimi-ministrit-zenka-per-festen-e-fiter-bajramit\/#breadcrumb"},"inLanguage":"en-US","potentialAction":[{"@type":"ReadAction","target":["https:\/\/www.visit-ulcinj.com\/blog\/2017\/06\/24\/urimi-ministrit-zenka-per-festen-e-fiter-bajramit\/"]}]},{"@type":"BreadcrumbList","@id":"https:\/\/www.visit-ulcinj.com\/blog\/2017\/06\/24\/urimi-ministrit-zenka-per-festen-e-fiter-bajramit\/#breadcrumb","itemListElement":[{"@type":"ListItem","position":1,"name":"Urimi i Ministrit Zenka p\u00ebr fest\u00ebn e Fiter Bajramit"}]},{"@type":"Person","@id":"https:\/\/www.visit-ulcinj.com\/blog\/#\/schema\/person\/dcab619c614d3038751c63bc2aadc06d","name":"ulqini","sameAs":["http:\/\/www.visit-ulcinj.com"],"url":"https:\/\/www.visit-ulcinj.com\/blog\/author\/admin\/"}]}},"jetpack_featured_media_url":"","jetpack_sharing_enabled":true,"jetpack_shortlink":"https:\/\/wp.me\/pe6lTn-rwb","_links":{"self":[{"href":"https:\/\/www.visit-ulcinj.com\/blog\/wp-json\/wp\/v2\/posts\/105783"}],"collection":[{"href":"https:\/\/www.visit-ulcinj.com\/blog\/wp-json\/wp\/v2\/posts"}],"about":[{"href":"https:\/\/www.visit-ulcinj.com\/blog\/wp-json\/wp\/v2\/types\/post"}],"author":[{"embeddable":true,"href":"https:\/\/www.visit-ulcinj.com\/blog\/wp-json\/wp\/v2\/users\/1"}],"replies":[{"embeddable":true,"href":"https:\/\/www.visit-ulcinj.com\/blog\/wp-json\/wp\/v2\/comments?post=105783"}],"version-history":[{"count":1,"href":"https:\/\/www.visit-ulcinj.com\/blog\/wp-json\/wp\/v2\/posts\/105783\/revisions"}],"predecessor-version":[{"id":105785,"href":"https:\/\/www.visit-ulcinj.com\/blog\/wp-json\/wp\/v2\/posts\/105783\/revisions\/105785"}],"wp:attachment":[{"href":"https:\/\/www.visit-ulcinj.com\/blog\/wp-json\/wp\/v2\/media?parent=105783"}],"wp:term":[{"taxonomy":"category","embeddable":true,"href":"https:\/\/www.visit-ulcinj.com\/blog\/wp-json\/wp\/v2\/categories?post=105783"},{"taxonomy":"post_tag","embeddable":true,"href":"https:\/\/www.visit-ulcinj.com\/blog\/wp-json\/wp\/v2\/tags?post=105783"}],"curies":[{"name":"wp","href":"https:\/\/api.w.org\/{rel}","templated":true}]}}