{"id":105786,"date":"2017-06-24T22:59:21","date_gmt":"2017-06-24T21:59:21","guid":{"rendered":"http:\/\/www.visit-ulcinj.com\/blog\/?p=105786"},"modified":"2017-06-24T22:59:21","modified_gmt":"2017-06-24T21:59:21","slug":"ministar-zenka-cestitao-ramazanski-bajram","status":"publish","type":"post","link":"https:\/\/www.visit-ulcinj.com\/blog\/2017\/06\/24\/ministar-zenka-cestitao-ramazanski-bajram\/","title":{"rendered":"Ministar Zenka \u010destitao Ramazanski bajram"},"content":{"rendered":"<p><strong><a href=\"http:\/\/www.visit-ulcinj.com\/blog\/wp-content\/uploads\/2017\/06\/Ministri-Mehmet-Zenka.jpg\"><img loading=\"lazy\" class=\"alignleft wp-image-105784\" src=\"http:\/\/www.visit-ulcinj.com\/blog\/wp-content\/uploads\/2017\/06\/Ministri-Mehmet-Zenka.jpg\" alt=\"\" width=\"508\" height=\"337\" srcset=\"https:\/\/www.visit-ulcinj.com\/blog\/wp-content\/uploads\/2017\/06\/Ministri-Mehmet-Zenka.jpg 470w, https:\/\/www.visit-ulcinj.com\/blog\/wp-content\/uploads\/2017\/06\/Ministri-Mehmet-Zenka-300x199.jpg 300w\" sizes=\"(max-width: 508px) 100vw, 508px\" \/><\/a>\u010cestitka ministra Zenke povodom nastupaju\u0107eg praznika Bajrama<\/strong><\/p>\n<p>More mi je pri\u010dalo o sebi, o svojoj ve\u010dini, o svemu \u0161to u njemu \u017eivi i o svojoj snazi\u2026Pri\u010dao sam moru o islamu i ono se osjetilo malim.<\/p>\n<p>Ovim citatom, u ime Ministarstva za ljudska i manjinska prava i u svoje ime upu\u0107ujem najiskrene \u010destitke Reisu Rifatu Fejzi\u0107u, svim vjerskim slu\u017ebenicima Islamske zajednice u Crnoj Gori \u00a0i svim gra\u0111anima i gra\u0111ankama islamske vjeroispovjesti povodom praznika Bajrama, zavr\u0161etka svetog mjeseca Ramazana.<\/p>\n<p>Duhovni smisao Bajrama je ja\u010danje zajedni\u0161tva, solidarnosti, tolerancije \u00a0i nastojanje da unaprije\u0111uje op\u0161te dobro. Svima koji ga slave \u017eelim mir, zdravlje i radost u krugu svojih najmilijih,\u00a0im njegova svjetlost obasja du\u0161u i ispuni \u017eivot najljep\u0161im ose\u0107anjima, podari mudrost da odvoje dobro od zla i sa\u010duva sve ono \u0161to imaju i vole.<\/p>\n<p>Ovo je vrijeme kada treba da se osjeti posebna snaga i sposobnost mijenjanja na bolje, kada se uspostavlja i \u0161iri duh dogovora i razumijevanja.<\/p>\n<p>Bajram je praznik koji u sebi sadr\u017ei elemente op\u0161teljudskog i univerzalnog, naslije\u0111e i znak vremena, kojem svaka nova generacija dodaje pe\u010dat svog trajanja i time svjedo\u010di snazi i duhu koji se prenosi vjekovima.<\/p>\n<p>Kao vjesnik pobjede nad isku\u0161enjima, Bajram uspostavlja ravnote\u017eu izme\u0111u materijalnih i duhovnih vrijednosti i svima koji su postili iskreno \u017eelim da im Bog primi post.<\/p>\n<p><strong>MINISTAR<\/strong><\/p>\n<p><strong>Mehmed Zenka<\/strong><\/p>\n","protected":false},"excerpt":{"rendered":"<p>\u010cestitka ministra Zenke povodom nastupaju\u0107eg praznika Bajrama More mi je pri\u010dalo o sebi, o svojoj ve\u010dini, o svemu \u0161to u njemu \u017eivi i o svojoj snazi\u2026Pri\u010dao sam moru o islamu i ono se osjetilo malim. Ovim citatom, u ime Ministarstva za ljudska i manjinska prava i u svoje ime upu\u0107ujem najiskrene \u010destitke Reisu Rifatu Fejzi\u0107u, [&hellip;]<\/p>\n","protected":false},"author":1,"featured_media":0,"comment_status":"closed","ping_status":"closed","sticky":false,"template":"","format":"standard","meta":{"spay_email":"","jetpack_publicize_message":"","jetpack_is_tweetstorm":false,"jetpack_publicize_feature_enabled":true},"categories":[8337],"tags":[],"jetpack_publicize_connections":[],"yoast_head":"<!-- This site is optimized with the Yoast SEO plugin v19.1 - https:\/\/yoast.com\/wordpress\/plugins\/seo\/ -->\n<title>Ministar Zenka \u010destitao Ramazanski bajram - Lajme nga Ulqini<\/title>\n<meta name=\"description\" content=\"\u010cestitka ministra Zenke povodom nastupaju\u0107eg praznika Bajrama More mi je pri\u010dalo o sebi, o svojoj ve\u010dini, o svemu \u0161to u njemu \u017eivi i o svojoj snazi\u2026Pri\u010dao\" \/>\n<meta name=\"robots\" content=\"index, follow, max-snippet:-1, max-image-preview:large, max-video-preview:-1\" \/>\n<link rel=\"canonical\" href=\"https:\/\/www.visit-ulcinj.com\/blog\/2017\/06\/24\/ministar-zenka-cestitao-ramazanski-bajram\/\" \/>\n<meta property=\"og:locale\" content=\"en_US\" \/>\n<meta property=\"og:type\" content=\"article\" \/>\n<meta property=\"og:title\" content=\"Ministar Zenka \u010destitao Ramazanski bajram - Lajme nga Ulqini\" \/>\n<meta property=\"og:description\" content=\"\u010cestitka ministra Zenke povodom nastupaju\u0107eg praznika Bajrama More mi je pri\u010dalo o sebi, o svojoj ve\u010dini, o svemu \u0161to u njemu \u017eivi i o svojoj snazi\u2026Pri\u010dao\" \/>\n<meta property=\"og:url\" content=\"https:\/\/www.visit-ulcinj.com\/blog\/2017\/06\/24\/ministar-zenka-cestitao-ramazanski-bajram\/\" \/>\n<meta property=\"og:site_name\" content=\"Lajme nga Ulqini\" \/>\n<meta property=\"article:published_time\" content=\"2017-06-24T21:59:21+00:00\" \/>\n<meta property=\"og:image\" content=\"http:\/\/www.visit-ulcinj.com\/blog\/wp-content\/uploads\/2017\/06\/Ministri-Mehmet-Zenka.jpg\" \/>\n<meta name=\"twitter:label1\" content=\"Written by\" \/>\n\t<meta name=\"twitter:data1\" content=\"ulqini\" \/>\n\t<meta name=\"twitter:label2\" content=\"Est. reading time\" \/>\n\t<meta name=\"twitter:data2\" content=\"1 minute\" \/>\n<script type=\"application\/ld+json\" class=\"yoast-schema-graph\">{\"@context\":\"https:\/\/schema.org\",\"@graph\":[{\"@type\":\"WebSite\",\"@id\":\"https:\/\/www.visit-ulcinj.com\/blog\/#website\",\"url\":\"https:\/\/www.visit-ulcinj.com\/blog\/\",\"name\":\"Lajme nga Ulqini\",\"description\":\"Lajme,Vijesti,Ulqini,Ulqin,Crna Gora,Mali i Zi\",\"potentialAction\":[{\"@type\":\"SearchAction\",\"target\":{\"@type\":\"EntryPoint\",\"urlTemplate\":\"https:\/\/www.visit-ulcinj.com\/blog\/?s={search_term_string}\"},\"query-input\":\"required name=search_term_string\"}],\"inLanguage\":\"en-US\"},{\"@type\":\"ImageObject\",\"inLanguage\":\"en-US\",\"@id\":\"https:\/\/www.visit-ulcinj.com\/blog\/2017\/06\/24\/ministar-zenka-cestitao-ramazanski-bajram\/#primaryimage\",\"url\":\"https:\/\/www.visit-ulcinj.com\/blog\/wp-content\/uploads\/2017\/06\/Ministri-Mehmet-Zenka.jpg\",\"contentUrl\":\"https:\/\/www.visit-ulcinj.com\/blog\/wp-content\/uploads\/2017\/06\/Ministri-Mehmet-Zenka.jpg\",\"width\":470,\"height\":312},{\"@type\":\"WebPage\",\"@id\":\"https:\/\/www.visit-ulcinj.com\/blog\/2017\/06\/24\/ministar-zenka-cestitao-ramazanski-bajram\/#webpage\",\"url\":\"https:\/\/www.visit-ulcinj.com\/blog\/2017\/06\/24\/ministar-zenka-cestitao-ramazanski-bajram\/\",\"name\":\"Ministar Zenka \u010destitao Ramazanski bajram - Lajme nga Ulqini\",\"isPartOf\":{\"@id\":\"https:\/\/www.visit-ulcinj.com\/blog\/#website\"},\"primaryImageOfPage\":{\"@id\":\"https:\/\/www.visit-ulcinj.com\/blog\/2017\/06\/24\/ministar-zenka-cestitao-ramazanski-bajram\/#primaryimage\"},\"datePublished\":\"2017-06-24T21:59:21+00:00\",\"dateModified\":\"2017-06-24T21:59:21+00:00\",\"author\":{\"@id\":\"https:\/\/www.visit-ulcinj.com\/blog\/#\/schema\/person\/dcab619c614d3038751c63bc2aadc06d\"},\"description\":\"\u010cestitka ministra Zenke povodom nastupaju\u0107eg praznika Bajrama More mi je pri\u010dalo o sebi, o svojoj ve\u010dini, o svemu \u0161to u njemu \u017eivi i o svojoj snazi\u2026Pri\u010dao\",\"breadcrumb\":{\"@id\":\"https:\/\/www.visit-ulcinj.com\/blog\/2017\/06\/24\/ministar-zenka-cestitao-ramazanski-bajram\/#breadcrumb\"},\"inLanguage\":\"en-US\",\"potentialAction\":[{\"@type\":\"ReadAction\",\"target\":[\"https:\/\/www.visit-ulcinj.com\/blog\/2017\/06\/24\/ministar-zenka-cestitao-ramazanski-bajram\/\"]}]},{\"@type\":\"BreadcrumbList\",\"@id\":\"https:\/\/www.visit-ulcinj.com\/blog\/2017\/06\/24\/ministar-zenka-cestitao-ramazanski-bajram\/#breadcrumb\",\"itemListElement\":[{\"@type\":\"ListItem\",\"position\":1,\"name\":\"Ministar Zenka \u010destitao Ramazanski bajram\"}]},{\"@type\":\"Person\",\"@id\":\"https:\/\/www.visit-ulcinj.com\/blog\/#\/schema\/person\/dcab619c614d3038751c63bc2aadc06d\",\"name\":\"ulqini\",\"sameAs\":[\"http:\/\/www.visit-ulcinj.com\"],\"url\":\"https:\/\/www.visit-ulcinj.com\/blog\/author\/admin\/\"}]}<\/script>\n<!-- \/ Yoast SEO plugin. -->","yoast_head_json":{"title":"Ministar Zenka \u010destitao Ramazanski bajram - Lajme nga Ulqini","description":"\u010cestitka ministra Zenke povodom nastupaju\u0107eg praznika Bajrama More mi je pri\u010dalo o sebi, o svojoj ve\u010dini, o svemu \u0161to u njemu \u017eivi i o svojoj snazi\u2026Pri\u010dao","robots":{"index":"index","follow":"follow","max-snippet":"max-snippet:-1","max-image-preview":"max-image-preview:large","max-video-preview":"max-video-preview:-1"},"canonical":"https:\/\/www.visit-ulcinj.com\/blog\/2017\/06\/24\/ministar-zenka-cestitao-ramazanski-bajram\/","og_locale":"en_US","og_type":"article","og_title":"Ministar Zenka \u010destitao Ramazanski bajram - Lajme nga Ulqini","og_description":"\u010cestitka ministra Zenke povodom nastupaju\u0107eg praznika Bajrama More mi je pri\u010dalo o sebi, o svojoj ve\u010dini, o svemu \u0161to u njemu \u017eivi i o svojoj snazi\u2026Pri\u010dao","og_url":"https:\/\/www.visit-ulcinj.com\/blog\/2017\/06\/24\/ministar-zenka-cestitao-ramazanski-bajram\/","og_site_name":"Lajme nga Ulqini","article_published_time":"2017-06-24T21:59:21+00:00","og_image":[{"url":"http:\/\/www.visit-ulcinj.com\/blog\/wp-content\/uploads\/2017\/06\/Ministri-Mehmet-Zenka.jpg"}],"twitter_misc":{"Written by":"ulqini","Est. reading time":"1 minute"},"schema":{"@context":"https:\/\/schema.org","@graph":[{"@type":"WebSite","@id":"https:\/\/www.visit-ulcinj.com\/blog\/#website","url":"https:\/\/www.visit-ulcinj.com\/blog\/","name":"Lajme nga Ulqini","description":"Lajme,Vijesti,Ulqini,Ulqin,Crna Gora,Mali i Zi","potentialAction":[{"@type":"SearchAction","target":{"@type":"EntryPoint","urlTemplate":"https:\/\/www.visit-ulcinj.com\/blog\/?s={search_term_string}"},"query-input":"required name=search_term_string"}],"inLanguage":"en-US"},{"@type":"ImageObject","inLanguage":"en-US","@id":"https:\/\/www.visit-ulcinj.com\/blog\/2017\/06\/24\/ministar-zenka-cestitao-ramazanski-bajram\/#primaryimage","url":"https:\/\/www.visit-ulcinj.com\/blog\/wp-content\/uploads\/2017\/06\/Ministri-Mehmet-Zenka.jpg","contentUrl":"https:\/\/www.visit-ulcinj.com\/blog\/wp-content\/uploads\/2017\/06\/Ministri-Mehmet-Zenka.jpg","width":470,"height":312},{"@type":"WebPage","@id":"https:\/\/www.visit-ulcinj.com\/blog\/2017\/06\/24\/ministar-zenka-cestitao-ramazanski-bajram\/#webpage","url":"https:\/\/www.visit-ulcinj.com\/blog\/2017\/06\/24\/ministar-zenka-cestitao-ramazanski-bajram\/","name":"Ministar Zenka \u010destitao Ramazanski bajram - Lajme nga Ulqini","isPartOf":{"@id":"https:\/\/www.visit-ulcinj.com\/blog\/#website"},"primaryImageOfPage":{"@id":"https:\/\/www.visit-ulcinj.com\/blog\/2017\/06\/24\/ministar-zenka-cestitao-ramazanski-bajram\/#primaryimage"},"datePublished":"2017-06-24T21:59:21+00:00","dateModified":"2017-06-24T21:59:21+00:00","author":{"@id":"https:\/\/www.visit-ulcinj.com\/blog\/#\/schema\/person\/dcab619c614d3038751c63bc2aadc06d"},"description":"\u010cestitka ministra Zenke povodom nastupaju\u0107eg praznika Bajrama More mi je pri\u010dalo o sebi, o svojoj ve\u010dini, o svemu \u0161to u njemu \u017eivi i o svojoj snazi\u2026Pri\u010dao","breadcrumb":{"@id":"https:\/\/www.visit-ulcinj.com\/blog\/2017\/06\/24\/ministar-zenka-cestitao-ramazanski-bajram\/#breadcrumb"},"inLanguage":"en-US","potentialAction":[{"@type":"ReadAction","target":["https:\/\/www.visit-ulcinj.com\/blog\/2017\/06\/24\/ministar-zenka-cestitao-ramazanski-bajram\/"]}]},{"@type":"BreadcrumbList","@id":"https:\/\/www.visit-ulcinj.com\/blog\/2017\/06\/24\/ministar-zenka-cestitao-ramazanski-bajram\/#breadcrumb","itemListElement":[{"@type":"ListItem","position":1,"name":"Ministar Zenka \u010destitao Ramazanski bajram"}]},{"@type":"Person","@id":"https:\/\/www.visit-ulcinj.com\/blog\/#\/schema\/person\/dcab619c614d3038751c63bc2aadc06d","name":"ulqini","sameAs":["http:\/\/www.visit-ulcinj.com"],"url":"https:\/\/www.visit-ulcinj.com\/blog\/author\/admin\/"}]}},"jetpack_featured_media_url":"","jetpack_sharing_enabled":true,"jetpack_shortlink":"https:\/\/wp.me\/pe6lTn-rwe","_links":{"self":[{"href":"https:\/\/www.visit-ulcinj.com\/blog\/wp-json\/wp\/v2\/posts\/105786"}],"collection":[{"href":"https:\/\/www.visit-ulcinj.com\/blog\/wp-json\/wp\/v2\/posts"}],"about":[{"href":"https:\/\/www.visit-ulcinj.com\/blog\/wp-json\/wp\/v2\/types\/post"}],"author":[{"embeddable":true,"href":"https:\/\/www.visit-ulcinj.com\/blog\/wp-json\/wp\/v2\/users\/1"}],"replies":[{"embeddable":true,"href":"https:\/\/www.visit-ulcinj.com\/blog\/wp-json\/wp\/v2\/comments?post=105786"}],"version-history":[{"count":1,"href":"https:\/\/www.visit-ulcinj.com\/blog\/wp-json\/wp\/v2\/posts\/105786\/revisions"}],"predecessor-version":[{"id":105787,"href":"https:\/\/www.visit-ulcinj.com\/blog\/wp-json\/wp\/v2\/posts\/105786\/revisions\/105787"}],"wp:attachment":[{"href":"https:\/\/www.visit-ulcinj.com\/blog\/wp-json\/wp\/v2\/media?parent=105786"}],"wp:term":[{"taxonomy":"category","embeddable":true,"href":"https:\/\/www.visit-ulcinj.com\/blog\/wp-json\/wp\/v2\/categories?post=105786"},{"taxonomy":"post_tag","embeddable":true,"href":"https:\/\/www.visit-ulcinj.com\/blog\/wp-json\/wp\/v2\/tags?post=105786"}],"curies":[{"name":"wp","href":"https:\/\/api.w.org\/{rel}","templated":true}]}}