{"id":105795,"date":"2017-06-25T18:09:57","date_gmt":"2017-06-25T17:09:57","guid":{"rendered":"http:\/\/www.visit-ulcinj.com\/blog\/?p=105795"},"modified":"2017-06-25T18:12:25","modified_gmt":"2017-06-25T17:12:25","slug":"problemi-sa-snabdijevanjem-vodom-u-ulcinju-vijesti","status":"publish","type":"post","link":"https:\/\/www.visit-ulcinj.com\/blog\/2017\/06\/25\/problemi-sa-snabdijevanjem-vodom-u-ulcinju-vijesti\/","title":{"rendered":"Problemi sa snabdijevanjem vodom u Ulcinju &#8211; Vijesti Video"},"content":{"rendered":"<p><strong><a href=\"http:\/\/www.visit-ulcinj.com\/blog\/wp-content\/uploads\/2017\/06\/Fehim-Avdiu.jpg\"><img loading=\"lazy\" class=\"alignleft wp-image-105796\" src=\"http:\/\/www.visit-ulcinj.com\/blog\/wp-content\/uploads\/2017\/06\/Fehim-Avdiu.jpg\" alt=\"\" width=\"508\" height=\"292\" srcset=\"https:\/\/www.visit-ulcinj.com\/blog\/wp-content\/uploads\/2017\/06\/Fehim-Avdiu.jpg 547w, https:\/\/www.visit-ulcinj.com\/blog\/wp-content\/uploads\/2017\/06\/Fehim-Avdiu-300x172.jpg 300w\" sizes=\"(max-width: 508px) 100vw, 508px\" \/><\/a>Vodovod duguje, op\u0161tina ne\u0107e da pomogne<\/strong><\/p>\n<p>&#8220;Ova blokada pravi nam dosta problema. Svaki dan akumuliraju novi problem koji \u0107e uticati na snabdijevanje vodom&#8221;, istakao je Fehim Avdiu, direktor JP &#8220;Vodovod&#8221;<\/p>\n<p><span class=\"credits__author\"> <strong>Autor:<\/strong> <a href=\"http:\/\/www.vijesti.me\/autori\/suzana-ganic-455\/profil\"><strong>Suzana Gani\u0107<\/strong><\/a> <\/span><\/p>\n<p>Zbog duga prema Regionalnom vodovodu, ulcinjski Vodovod je u velikom problemu, i to na po\u010detku glavne turisti\u010dke sezone.<\/p>\n<p>U preduze\u0107u tvrde da ne mogu da funkcioni\u0161u zbog blokade ra\u010duna, a kvarovi na mre\u017ei su svakodnevni.<\/p>\n<p>Ove sedmice ve\u0107i dio grada bio je bez vode dva dana, a ta pojava bi mogla biti \u010desta i tokom ljeta, ukoliko se nastavi sa blokadom.<\/p>\n<p>Op\u0161tina me\u0111utim odbija da vodovodu pomogne u otplati duga.<\/p>\n<p>Ulcinj \u0107e tokom sezone imati problema sa snabdijevanjem vodom, jer je \u017eiro ra\u010dun Javnog preduze\u0107a &#8220;Vodovod&#8221; u blokadi, zbog duga prema Regionalnom vodovodu.<\/p>\n<!--YouTube Error: bad URL entered-->\n<p>Za mjesec, sa njihovog ra\u010duna odlilo se 150.000 eura, te kako tvrde novca nemaju ni za najmanje popravke, a intervencije su gotovo svakodnevne po\u0161to je mre\u017ea stara i dotrajala.<\/p>\n<p>&#8220;Ova blokada pravi nam dosta problema. Svaki dan akumuliraju novi problem koji \u0107e uticati na snabdijevanje vodom&#8221;, istakao je Fehim Avdiu, direktor JP &#8220;Vodovod&#8221;.<\/p>\n<p>U Vodovodu tvrde da Op\u0161tina ne haje za probleme koji bi mogli nastupiti u jeku sezone.<\/p>\n<p>&#8220;Ovo ka\u017eem da dam do znanja rukovodiocima u Op\u0161tini da promijene stav u smislu otpomaganja. Njihov stav je malo \u010dudan&#8221;, dodao je Avdiu.<\/p>\n<p>Iz Op\u0161tine odgovaraju da i te kako brinu, ali da im u ovom slu\u010daju ne mogu pomo\u0107i.<\/p>\n<p>&#8220;Taj odnos trenutno koji je problem sa blokadom ra\u010duna to \u0107e na \u017ealost morati rukovodstvo Vodovoda da rje\u0161ava u skaldu sa Zakonom o obligacijama. I mi smo stalno pod nekim blokadama, neke sudske presude dolaze. Nemamo sredstava za pomo\u0107&#8221;, kazao je Vaso Radovi\u0107, potpredsjednik op\u0161tine Ulcinj.<\/p>\n<p>Op\u0161tina svoje obaveze prema Regionalom vodovodu ispunjava, ali te obaveze, ulcinjsko preduze\u0107e u ovom trenutku ne mo\u017ee da izmiruje.<\/p>\n<p>&#8220;Cifra od 240.000 eura koju ulcinjski Vodovod pla\u0107a Regionalnom na godi\u0161njem nivou,ugro\u017eava rentabilnost ovog preduze\u0107a. Oni tvrde da vodu moraju uzimati 12 mjeseci, kao garanciju da \u0107e vodu imati tokom ljeta&#8221;, rekao je Radovi\u0107.<\/p>\n<p>&#8220;Mi moramo da uzimamo tu vodu u smislu garancije tokom sezone, tad nam najvi\u0161e treba, ostalih mjeseci Ulcinj ima dovoljno vode sa svojih izvori\u0161ta&#8221;, kazao je Avdiu.<\/p>\n<p>Iz op\u0161tine im poru\u010duju da jedino mogu promijeniti ugovor sa Regionalnim vodovodom, uz savjet da bi trebali da potpi\u0161u ugovor o reprogramu duga.<\/p>\n<p>Vodom iz Regionalnog vodovoda ina\u010de se tokom ljeta snabdijeva dio Ulcinja.<\/p>\n<p><strong>Izvor: Vijesti Online<\/strong><\/p>\n","protected":false},"excerpt":{"rendered":"<p>Vodovod duguje, op\u0161tina ne\u0107e da pomogne &#8220;Ova blokada pravi nam dosta problema. Svaki dan akumuliraju novi problem koji \u0107e uticati na snabdijevanje vodom&#8221;, istakao je Fehim Avdiu, direktor JP &#8220;Vodovod&#8221; Autor: Suzana Gani\u0107 Zbog duga prema Regionalnom vodovodu, ulcinjski Vodovod je u velikom problemu, i to na po\u010detku glavne turisti\u010dke sezone. U preduze\u0107u tvrde da [&hellip;]<\/p>\n","protected":false},"author":1,"featured_media":0,"comment_status":"closed","ping_status":"closed","sticky":false,"template":"","format":"standard","meta":{"spay_email":"","jetpack_publicize_message":"","jetpack_is_tweetstorm":false,"jetpack_publicize_feature_enabled":true},"categories":[8337],"tags":[],"jetpack_publicize_connections":[],"yoast_head":"<!-- This site is optimized with the Yoast SEO plugin v19.1 - https:\/\/yoast.com\/wordpress\/plugins\/seo\/ -->\n<title>Problemi sa snabdijevanjem vodom u Ulcinju - Vijesti Video - Lajme nga Ulqini<\/title>\n<meta name=\"description\" content=\"Vodovod duguje, op\u0161tina ne\u0107e da pomogne &quot;Ova blokada pravi nam dosta problema. Svaki dan akumuliraju novi problem koji \u0107e uticati na snabdijevanje vodom&quot;,\" \/>\n<meta name=\"robots\" content=\"index, follow, max-snippet:-1, max-image-preview:large, max-video-preview:-1\" \/>\n<link rel=\"canonical\" href=\"https:\/\/www.visit-ulcinj.com\/blog\/2017\/06\/25\/problemi-sa-snabdijevanjem-vodom-u-ulcinju-vijesti\/\" \/>\n<meta property=\"og:locale\" content=\"en_US\" \/>\n<meta property=\"og:type\" content=\"article\" \/>\n<meta property=\"og:title\" content=\"Problemi sa snabdijevanjem vodom u Ulcinju - Vijesti Video - Lajme nga Ulqini\" \/>\n<meta property=\"og:description\" content=\"Vodovod duguje, op\u0161tina ne\u0107e da pomogne &quot;Ova blokada pravi nam dosta problema. Svaki dan akumuliraju novi problem koji \u0107e uticati na snabdijevanje vodom&quot;,\" \/>\n<meta property=\"og:url\" content=\"https:\/\/www.visit-ulcinj.com\/blog\/2017\/06\/25\/problemi-sa-snabdijevanjem-vodom-u-ulcinju-vijesti\/\" \/>\n<meta property=\"og:site_name\" content=\"Lajme nga Ulqini\" \/>\n<meta property=\"article:published_time\" content=\"2017-06-25T17:09:57+00:00\" \/>\n<meta property=\"article:modified_time\" content=\"2017-06-25T17:12:25+00:00\" \/>\n<meta property=\"og:image\" content=\"http:\/\/www.visit-ulcinj.com\/blog\/wp-content\/uploads\/2017\/06\/Fehim-Avdiu.jpg\" \/>\n<meta name=\"twitter:label1\" content=\"Written by\" \/>\n\t<meta name=\"twitter:data1\" content=\"ulqini\" \/>\n\t<meta name=\"twitter:label2\" content=\"Est. reading time\" \/>\n\t<meta name=\"twitter:data2\" content=\"2 minutes\" \/>\n<script type=\"application\/ld+json\" class=\"yoast-schema-graph\">{\"@context\":\"https:\/\/schema.org\",\"@graph\":[{\"@type\":\"WebSite\",\"@id\":\"https:\/\/www.visit-ulcinj.com\/blog\/#website\",\"url\":\"https:\/\/www.visit-ulcinj.com\/blog\/\",\"name\":\"Lajme nga Ulqini\",\"description\":\"Lajme,Vijesti,Ulqini,Ulqin,Crna Gora,Mali i Zi\",\"potentialAction\":[{\"@type\":\"SearchAction\",\"target\":{\"@type\":\"EntryPoint\",\"urlTemplate\":\"https:\/\/www.visit-ulcinj.com\/blog\/?s={search_term_string}\"},\"query-input\":\"required name=search_term_string\"}],\"inLanguage\":\"en-US\"},{\"@type\":\"ImageObject\",\"inLanguage\":\"en-US\",\"@id\":\"https:\/\/www.visit-ulcinj.com\/blog\/2017\/06\/25\/problemi-sa-snabdijevanjem-vodom-u-ulcinju-vijesti\/#primaryimage\",\"url\":\"https:\/\/www.visit-ulcinj.com\/blog\/wp-content\/uploads\/2017\/06\/Fehim-Avdiu.jpg\",\"contentUrl\":\"https:\/\/www.visit-ulcinj.com\/blog\/wp-content\/uploads\/2017\/06\/Fehim-Avdiu.jpg\",\"width\":547,\"height\":314},{\"@type\":\"WebPage\",\"@id\":\"https:\/\/www.visit-ulcinj.com\/blog\/2017\/06\/25\/problemi-sa-snabdijevanjem-vodom-u-ulcinju-vijesti\/#webpage\",\"url\":\"https:\/\/www.visit-ulcinj.com\/blog\/2017\/06\/25\/problemi-sa-snabdijevanjem-vodom-u-ulcinju-vijesti\/\",\"name\":\"Problemi sa snabdijevanjem vodom u Ulcinju - Vijesti Video - Lajme nga Ulqini\",\"isPartOf\":{\"@id\":\"https:\/\/www.visit-ulcinj.com\/blog\/#website\"},\"primaryImageOfPage\":{\"@id\":\"https:\/\/www.visit-ulcinj.com\/blog\/2017\/06\/25\/problemi-sa-snabdijevanjem-vodom-u-ulcinju-vijesti\/#primaryimage\"},\"datePublished\":\"2017-06-25T17:09:57+00:00\",\"dateModified\":\"2017-06-25T17:12:25+00:00\",\"author\":{\"@id\":\"https:\/\/www.visit-ulcinj.com\/blog\/#\/schema\/person\/dcab619c614d3038751c63bc2aadc06d\"},\"description\":\"Vodovod duguje, op\u0161tina ne\u0107e da pomogne \\\"Ova blokada pravi nam dosta problema. Svaki dan akumuliraju novi problem koji \u0107e uticati na snabdijevanje vodom\\\",\",\"breadcrumb\":{\"@id\":\"https:\/\/www.visit-ulcinj.com\/blog\/2017\/06\/25\/problemi-sa-snabdijevanjem-vodom-u-ulcinju-vijesti\/#breadcrumb\"},\"inLanguage\":\"en-US\",\"potentialAction\":[{\"@type\":\"ReadAction\",\"target\":[\"https:\/\/www.visit-ulcinj.com\/blog\/2017\/06\/25\/problemi-sa-snabdijevanjem-vodom-u-ulcinju-vijesti\/\"]}]},{\"@type\":\"BreadcrumbList\",\"@id\":\"https:\/\/www.visit-ulcinj.com\/blog\/2017\/06\/25\/problemi-sa-snabdijevanjem-vodom-u-ulcinju-vijesti\/#breadcrumb\",\"itemListElement\":[{\"@type\":\"ListItem\",\"position\":1,\"name\":\"Problemi sa snabdijevanjem vodom u Ulcinju &#8211; Vijesti Video\"}]},{\"@type\":\"Person\",\"@id\":\"https:\/\/www.visit-ulcinj.com\/blog\/#\/schema\/person\/dcab619c614d3038751c63bc2aadc06d\",\"name\":\"ulqini\",\"sameAs\":[\"http:\/\/www.visit-ulcinj.com\"],\"url\":\"https:\/\/www.visit-ulcinj.com\/blog\/author\/admin\/\"}]}<\/script>\n<!-- \/ Yoast SEO plugin. -->","yoast_head_json":{"title":"Problemi sa snabdijevanjem vodom u Ulcinju - Vijesti Video - Lajme nga Ulqini","description":"Vodovod duguje, op\u0161tina ne\u0107e da pomogne \"Ova blokada pravi nam dosta problema. Svaki dan akumuliraju novi problem koji \u0107e uticati na snabdijevanje vodom\",","robots":{"index":"index","follow":"follow","max-snippet":"max-snippet:-1","max-image-preview":"max-image-preview:large","max-video-preview":"max-video-preview:-1"},"canonical":"https:\/\/www.visit-ulcinj.com\/blog\/2017\/06\/25\/problemi-sa-snabdijevanjem-vodom-u-ulcinju-vijesti\/","og_locale":"en_US","og_type":"article","og_title":"Problemi sa snabdijevanjem vodom u Ulcinju - Vijesti Video - Lajme nga Ulqini","og_description":"Vodovod duguje, op\u0161tina ne\u0107e da pomogne \"Ova blokada pravi nam dosta problema. Svaki dan akumuliraju novi problem koji \u0107e uticati na snabdijevanje vodom\",","og_url":"https:\/\/www.visit-ulcinj.com\/blog\/2017\/06\/25\/problemi-sa-snabdijevanjem-vodom-u-ulcinju-vijesti\/","og_site_name":"Lajme nga Ulqini","article_published_time":"2017-06-25T17:09:57+00:00","article_modified_time":"2017-06-25T17:12:25+00:00","og_image":[{"url":"http:\/\/www.visit-ulcinj.com\/blog\/wp-content\/uploads\/2017\/06\/Fehim-Avdiu.jpg"}],"twitter_misc":{"Written by":"ulqini","Est. reading time":"2 minutes"},"schema":{"@context":"https:\/\/schema.org","@graph":[{"@type":"WebSite","@id":"https:\/\/www.visit-ulcinj.com\/blog\/#website","url":"https:\/\/www.visit-ulcinj.com\/blog\/","name":"Lajme nga Ulqini","description":"Lajme,Vijesti,Ulqini,Ulqin,Crna Gora,Mali i Zi","potentialAction":[{"@type":"SearchAction","target":{"@type":"EntryPoint","urlTemplate":"https:\/\/www.visit-ulcinj.com\/blog\/?s={search_term_string}"},"query-input":"required name=search_term_string"}],"inLanguage":"en-US"},{"@type":"ImageObject","inLanguage":"en-US","@id":"https:\/\/www.visit-ulcinj.com\/blog\/2017\/06\/25\/problemi-sa-snabdijevanjem-vodom-u-ulcinju-vijesti\/#primaryimage","url":"https:\/\/www.visit-ulcinj.com\/blog\/wp-content\/uploads\/2017\/06\/Fehim-Avdiu.jpg","contentUrl":"https:\/\/www.visit-ulcinj.com\/blog\/wp-content\/uploads\/2017\/06\/Fehim-Avdiu.jpg","width":547,"height":314},{"@type":"WebPage","@id":"https:\/\/www.visit-ulcinj.com\/blog\/2017\/06\/25\/problemi-sa-snabdijevanjem-vodom-u-ulcinju-vijesti\/#webpage","url":"https:\/\/www.visit-ulcinj.com\/blog\/2017\/06\/25\/problemi-sa-snabdijevanjem-vodom-u-ulcinju-vijesti\/","name":"Problemi sa snabdijevanjem vodom u Ulcinju - Vijesti Video - Lajme nga Ulqini","isPartOf":{"@id":"https:\/\/www.visit-ulcinj.com\/blog\/#website"},"primaryImageOfPage":{"@id":"https:\/\/www.visit-ulcinj.com\/blog\/2017\/06\/25\/problemi-sa-snabdijevanjem-vodom-u-ulcinju-vijesti\/#primaryimage"},"datePublished":"2017-06-25T17:09:57+00:00","dateModified":"2017-06-25T17:12:25+00:00","author":{"@id":"https:\/\/www.visit-ulcinj.com\/blog\/#\/schema\/person\/dcab619c614d3038751c63bc2aadc06d"},"description":"Vodovod duguje, op\u0161tina ne\u0107e da pomogne \"Ova blokada pravi nam dosta problema. Svaki dan akumuliraju novi problem koji \u0107e uticati na snabdijevanje vodom\",","breadcrumb":{"@id":"https:\/\/www.visit-ulcinj.com\/blog\/2017\/06\/25\/problemi-sa-snabdijevanjem-vodom-u-ulcinju-vijesti\/#breadcrumb"},"inLanguage":"en-US","potentialAction":[{"@type":"ReadAction","target":["https:\/\/www.visit-ulcinj.com\/blog\/2017\/06\/25\/problemi-sa-snabdijevanjem-vodom-u-ulcinju-vijesti\/"]}]},{"@type":"BreadcrumbList","@id":"https:\/\/www.visit-ulcinj.com\/blog\/2017\/06\/25\/problemi-sa-snabdijevanjem-vodom-u-ulcinju-vijesti\/#breadcrumb","itemListElement":[{"@type":"ListItem","position":1,"name":"Problemi sa snabdijevanjem vodom u Ulcinju &#8211; Vijesti Video"}]},{"@type":"Person","@id":"https:\/\/www.visit-ulcinj.com\/blog\/#\/schema\/person\/dcab619c614d3038751c63bc2aadc06d","name":"ulqini","sameAs":["http:\/\/www.visit-ulcinj.com"],"url":"https:\/\/www.visit-ulcinj.com\/blog\/author\/admin\/"}]}},"jetpack_featured_media_url":"","jetpack_sharing_enabled":true,"jetpack_shortlink":"https:\/\/wp.me\/pe6lTn-rwn","_links":{"self":[{"href":"https:\/\/www.visit-ulcinj.com\/blog\/wp-json\/wp\/v2\/posts\/105795"}],"collection":[{"href":"https:\/\/www.visit-ulcinj.com\/blog\/wp-json\/wp\/v2\/posts"}],"about":[{"href":"https:\/\/www.visit-ulcinj.com\/blog\/wp-json\/wp\/v2\/types\/post"}],"author":[{"embeddable":true,"href":"https:\/\/www.visit-ulcinj.com\/blog\/wp-json\/wp\/v2\/users\/1"}],"replies":[{"embeddable":true,"href":"https:\/\/www.visit-ulcinj.com\/blog\/wp-json\/wp\/v2\/comments?post=105795"}],"version-history":[{"count":4,"href":"https:\/\/www.visit-ulcinj.com\/blog\/wp-json\/wp\/v2\/posts\/105795\/revisions"}],"predecessor-version":[{"id":105800,"href":"https:\/\/www.visit-ulcinj.com\/blog\/wp-json\/wp\/v2\/posts\/105795\/revisions\/105800"}],"wp:attachment":[{"href":"https:\/\/www.visit-ulcinj.com\/blog\/wp-json\/wp\/v2\/media?parent=105795"}],"wp:term":[{"taxonomy":"category","embeddable":true,"href":"https:\/\/www.visit-ulcinj.com\/blog\/wp-json\/wp\/v2\/categories?post=105795"},{"taxonomy":"post_tag","embeddable":true,"href":"https:\/\/www.visit-ulcinj.com\/blog\/wp-json\/wp\/v2\/tags?post=105795"}],"curies":[{"name":"wp","href":"https:\/\/api.w.org\/{rel}","templated":true}]}}