{"id":105804,"date":"2017-06-26T19:15:20","date_gmt":"2017-06-26T18:15:20","guid":{"rendered":"http:\/\/www.visit-ulcinj.com\/blog\/?p=105804"},"modified":"2017-06-27T09:15:08","modified_gmt":"2017-06-27T08:15:08","slug":"reagim-nga-shoqata-ulqini-ne-chicago-lidhur-me-ngjarjet-e-17-qershorit","status":"publish","type":"post","link":"https:\/\/www.visit-ulcinj.com\/blog\/2017\/06\/26\/reagim-nga-shoqata-ulqini-ne-chicago-lidhur-me-ngjarjet-e-17-qershorit\/","title":{"rendered":"Reagim nga Shoqata Ulqini ne Chicago: Lidhur me Ngjarjet e 17 Qershorit"},"content":{"rendered":"<p><a href=\"http:\/\/www.visit-ulcinj.com\/blog\/wp-content\/uploads\/2017\/06\/Shoqata-Ulqini-ne-Chicago.jpg\"><img loading=\"lazy\" class=\"alignleft wp-image-105805\" src=\"http:\/\/www.visit-ulcinj.com\/blog\/wp-content\/uploads\/2017\/06\/Shoqata-Ulqini-ne-Chicago.jpg\" alt=\"\" width=\"508\" height=\"508\" srcset=\"https:\/\/www.visit-ulcinj.com\/blog\/wp-content\/uploads\/2017\/06\/Shoqata-Ulqini-ne-Chicago.jpg 900w, https:\/\/www.visit-ulcinj.com\/blog\/wp-content\/uploads\/2017\/06\/Shoqata-Ulqini-ne-Chicago-150x150.jpg 150w, https:\/\/www.visit-ulcinj.com\/blog\/wp-content\/uploads\/2017\/06\/Shoqata-Ulqini-ne-Chicago-300x300.jpg 300w, https:\/\/www.visit-ulcinj.com\/blog\/wp-content\/uploads\/2017\/06\/Shoqata-Ulqini-ne-Chicago-768x768.jpg 768w\" sizes=\"(max-width: 508px) 100vw, 508px\" \/><\/a>Ngjarjet e 17, Qershorit ngjallen habitje, shqet\u00ebsim dhe pa knaq\u00ebsi te m\u00ebrgimtaret Shqiptar\u00eb nga Komuna e Ulqinit q\u00eb jetojn\u00eb n\u00eb \u00c7ikago! Aksioni dhe sjelljet brutale t\u00eb nj\u00ebsive policor\u00eb nga qyteti i Tivarit q\u00eb rezultuan n\u00eb maltretime dhe rrahje fizike n\u00eb disa lokalet e Ulqinit me \u00e7\u2019rast u l\u00ebnduan nj\u00eb num\u00ebr i madh i t\u00eb rinjve u d\u00ebnua ashp\u00ebr nga t\u00eb gjith\u00eb antar\u00ebt e Shoqat\u00ebs Ulqini n\u00eb \u00c7ikago.<\/p>\n<p>Me vem\u00ebndje i kemi p\u00ebrcjellur deklaratat e Cungut, Nimanbegut dhe Zenkes: Q\u00eb k\u00ebrkuan dor\u00ebheqje apo shkarkime t\u00eb polic\u00ebve, por n\u00eb vendet demokratike personat q\u00eb kalojn\u00eb kompetencat zyrtare denohen sipas ligjit. Apsurde apo jo shteti m\u00eb i ri i Natos, shteti malazias po hesht ndaj dhunes dhe sjelljeve jo njerzore q\u00eb u b\u00ebn\u00eb ndaj t\u00eb rinjve Shqiptar\u00eb n\u00eb Ulqin. Besohet q\u00eb qeveris\u00eb s\u00eb Shtetit t\u00eb Malit t\u00eb Zi i intereson vetem ndihma e Shqiptarve kur n\u00eb pytje \u00ebsht\u00eb antarsimi n\u00eb Nato apo ngritja e renomes t\u00eb p\u00ebrgjithshme nd\u00ebrkombtare. Falenderimi i shtetit Malazias po shp\u00ebrblehet me arrestime dhe rrahje fizike si sot dhe dje!<\/p>\n<p>K\u00ebto ngjarje ngjallin mosbesim dhe shqet\u00ebsim tek ne dhe f\u00ebmij\u00ebt tan\u00eb kur n\u00eb pyetje \u00ebsht\u00eb siguria e tyre kur vizitojn\u00eb vendlindjen e tyre. Andaj apelojm\u00eb te udhheq\u00ebsit e Partive Shqiptar\u00eb, te Kryetari i Komun\u00ebs s\u00eb Ulqinit, K\u00ebshilli Nacional i Shqiptarve n\u00eb Mal\u00eb t\u00eb Zi dhe t\u00eb gjitha subjektet tjera q\u00eb t\u00eb marrin masa adekuate n\u00eb preventimin e ndodhjeve dhe ngjarjeve t\u00eb tilla!<\/p>\n<p>N\u00eb m\u00ebnyr\u00eb q\u00eb situata e 17, Qeshorit mos t\u00eb p\u00ebrs\u00ebritet.<\/p>\n<p>Kryesia e Shoqat\u00ebs Ulqini N\u00eb \u00c7ikago<\/p>\n","protected":false},"excerpt":{"rendered":"<p>Ngjarjet e 17, Qershorit ngjallen habitje, shqet\u00ebsim dhe pa knaq\u00ebsi te m\u00ebrgimtaret Shqiptar\u00eb nga Komuna e Ulqinit q\u00eb jetojn\u00eb n\u00eb \u00c7ikago! Aksioni dhe sjelljet brutale t\u00eb nj\u00ebsive policor\u00eb nga qyteti i Tivarit q\u00eb rezultuan n\u00eb maltretime dhe rrahje fizike n\u00eb disa lokalet e Ulqinit me \u00e7\u2019rast u l\u00ebnduan nj\u00eb num\u00ebr i madh i t\u00eb rinjve [&hellip;]<\/p>\n","protected":false},"author":1,"featured_media":0,"comment_status":"closed","ping_status":"closed","sticky":false,"template":"","format":"standard","meta":{"spay_email":"","jetpack_publicize_message":"","jetpack_is_tweetstorm":false,"jetpack_publicize_feature_enabled":true},"categories":[1,14249],"tags":[],"jetpack_publicize_connections":[],"yoast_head":"<!-- This site is optimized with the Yoast SEO plugin v19.1 - https:\/\/yoast.com\/wordpress\/plugins\/seo\/ -->\n<title>Reagim nga Shoqata Ulqini ne Chicago: Lidhur me Ngjarjet e 17 Qershorit - Lajme nga Ulqini<\/title>\n<meta name=\"description\" content=\"Ngjarjet e 17, Qershorit ngjallen habitje, shqet\u00ebsim dhe pa knaq\u00ebsi te m\u00ebrgimtaret Shqiptar\u00eb nga Komuna e Ulqinit q\u00eb jetojn\u00eb n\u00eb \u00c7ikago! Aksioni dhe\" \/>\n<meta name=\"robots\" content=\"index, follow, max-snippet:-1, max-image-preview:large, max-video-preview:-1\" \/>\n<link rel=\"canonical\" href=\"https:\/\/www.visit-ulcinj.com\/blog\/2017\/06\/26\/reagim-nga-shoqata-ulqini-ne-chicago-lidhur-me-ngjarjet-e-17-qershorit\/\" \/>\n<meta property=\"og:locale\" content=\"en_US\" \/>\n<meta property=\"og:type\" content=\"article\" \/>\n<meta property=\"og:title\" content=\"Reagim nga Shoqata Ulqini ne Chicago: Lidhur me Ngjarjet e 17 Qershorit - Lajme nga Ulqini\" \/>\n<meta property=\"og:description\" content=\"Ngjarjet e 17, Qershorit ngjallen habitje, shqet\u00ebsim dhe pa knaq\u00ebsi te m\u00ebrgimtaret Shqiptar\u00eb nga Komuna e Ulqinit q\u00eb jetojn\u00eb n\u00eb \u00c7ikago! Aksioni dhe\" \/>\n<meta property=\"og:url\" content=\"https:\/\/www.visit-ulcinj.com\/blog\/2017\/06\/26\/reagim-nga-shoqata-ulqini-ne-chicago-lidhur-me-ngjarjet-e-17-qershorit\/\" \/>\n<meta property=\"og:site_name\" content=\"Lajme nga Ulqini\" \/>\n<meta property=\"article:published_time\" content=\"2017-06-26T18:15:20+00:00\" \/>\n<meta property=\"article:modified_time\" content=\"2017-06-27T08:15:08+00:00\" \/>\n<meta property=\"og:image\" content=\"http:\/\/www.visit-ulcinj.com\/blog\/wp-content\/uploads\/2017\/06\/Shoqata-Ulqini-ne-Chicago.jpg\" \/>\n<meta name=\"twitter:label1\" content=\"Written by\" \/>\n\t<meta name=\"twitter:data1\" content=\"ulqini\" \/>\n\t<meta name=\"twitter:label2\" content=\"Est. reading time\" \/>\n\t<meta name=\"twitter:data2\" content=\"1 minute\" \/>\n<script type=\"application\/ld+json\" class=\"yoast-schema-graph\">{\"@context\":\"https:\/\/schema.org\",\"@graph\":[{\"@type\":\"WebSite\",\"@id\":\"https:\/\/www.visit-ulcinj.com\/blog\/#website\",\"url\":\"https:\/\/www.visit-ulcinj.com\/blog\/\",\"name\":\"Lajme nga Ulqini\",\"description\":\"Lajme,Vijesti,Ulqini,Ulqin,Crna Gora,Mali i Zi\",\"potentialAction\":[{\"@type\":\"SearchAction\",\"target\":{\"@type\":\"EntryPoint\",\"urlTemplate\":\"https:\/\/www.visit-ulcinj.com\/blog\/?s={search_term_string}\"},\"query-input\":\"required name=search_term_string\"}],\"inLanguage\":\"en-US\"},{\"@type\":\"ImageObject\",\"inLanguage\":\"en-US\",\"@id\":\"https:\/\/www.visit-ulcinj.com\/blog\/2017\/06\/26\/reagim-nga-shoqata-ulqini-ne-chicago-lidhur-me-ngjarjet-e-17-qershorit\/#primaryimage\",\"url\":\"https:\/\/www.visit-ulcinj.com\/blog\/wp-content\/uploads\/2017\/06\/Shoqata-Ulqini-ne-Chicago.jpg\",\"contentUrl\":\"https:\/\/www.visit-ulcinj.com\/blog\/wp-content\/uploads\/2017\/06\/Shoqata-Ulqini-ne-Chicago.jpg\",\"width\":900,\"height\":900},{\"@type\":\"WebPage\",\"@id\":\"https:\/\/www.visit-ulcinj.com\/blog\/2017\/06\/26\/reagim-nga-shoqata-ulqini-ne-chicago-lidhur-me-ngjarjet-e-17-qershorit\/#webpage\",\"url\":\"https:\/\/www.visit-ulcinj.com\/blog\/2017\/06\/26\/reagim-nga-shoqata-ulqini-ne-chicago-lidhur-me-ngjarjet-e-17-qershorit\/\",\"name\":\"Reagim nga Shoqata Ulqini ne Chicago: Lidhur me Ngjarjet e 17 Qershorit - Lajme nga Ulqini\",\"isPartOf\":{\"@id\":\"https:\/\/www.visit-ulcinj.com\/blog\/#website\"},\"primaryImageOfPage\":{\"@id\":\"https:\/\/www.visit-ulcinj.com\/blog\/2017\/06\/26\/reagim-nga-shoqata-ulqini-ne-chicago-lidhur-me-ngjarjet-e-17-qershorit\/#primaryimage\"},\"datePublished\":\"2017-06-26T18:15:20+00:00\",\"dateModified\":\"2017-06-27T08:15:08+00:00\",\"author\":{\"@id\":\"https:\/\/www.visit-ulcinj.com\/blog\/#\/schema\/person\/dcab619c614d3038751c63bc2aadc06d\"},\"description\":\"Ngjarjet e 17, Qershorit ngjallen habitje, shqet\u00ebsim dhe pa knaq\u00ebsi te m\u00ebrgimtaret Shqiptar\u00eb nga Komuna e Ulqinit q\u00eb jetojn\u00eb n\u00eb \u00c7ikago! Aksioni dhe\",\"breadcrumb\":{\"@id\":\"https:\/\/www.visit-ulcinj.com\/blog\/2017\/06\/26\/reagim-nga-shoqata-ulqini-ne-chicago-lidhur-me-ngjarjet-e-17-qershorit\/#breadcrumb\"},\"inLanguage\":\"en-US\",\"potentialAction\":[{\"@type\":\"ReadAction\",\"target\":[\"https:\/\/www.visit-ulcinj.com\/blog\/2017\/06\/26\/reagim-nga-shoqata-ulqini-ne-chicago-lidhur-me-ngjarjet-e-17-qershorit\/\"]}]},{\"@type\":\"BreadcrumbList\",\"@id\":\"https:\/\/www.visit-ulcinj.com\/blog\/2017\/06\/26\/reagim-nga-shoqata-ulqini-ne-chicago-lidhur-me-ngjarjet-e-17-qershorit\/#breadcrumb\",\"itemListElement\":[{\"@type\":\"ListItem\",\"position\":1,\"name\":\"Reagim nga Shoqata Ulqini ne Chicago: Lidhur me Ngjarjet e 17 Qershorit\"}]},{\"@type\":\"Person\",\"@id\":\"https:\/\/www.visit-ulcinj.com\/blog\/#\/schema\/person\/dcab619c614d3038751c63bc2aadc06d\",\"name\":\"ulqini\",\"sameAs\":[\"http:\/\/www.visit-ulcinj.com\"],\"url\":\"https:\/\/www.visit-ulcinj.com\/blog\/author\/admin\/\"}]}<\/script>\n<!-- \/ Yoast SEO plugin. -->","yoast_head_json":{"title":"Reagim nga Shoqata Ulqini ne Chicago: Lidhur me Ngjarjet e 17 Qershorit - Lajme nga Ulqini","description":"Ngjarjet e 17, Qershorit ngjallen habitje, shqet\u00ebsim dhe pa knaq\u00ebsi te m\u00ebrgimtaret Shqiptar\u00eb nga Komuna e Ulqinit q\u00eb jetojn\u00eb n\u00eb \u00c7ikago! Aksioni dhe","robots":{"index":"index","follow":"follow","max-snippet":"max-snippet:-1","max-image-preview":"max-image-preview:large","max-video-preview":"max-video-preview:-1"},"canonical":"https:\/\/www.visit-ulcinj.com\/blog\/2017\/06\/26\/reagim-nga-shoqata-ulqini-ne-chicago-lidhur-me-ngjarjet-e-17-qershorit\/","og_locale":"en_US","og_type":"article","og_title":"Reagim nga Shoqata Ulqini ne Chicago: Lidhur me Ngjarjet e 17 Qershorit - Lajme nga Ulqini","og_description":"Ngjarjet e 17, Qershorit ngjallen habitje, shqet\u00ebsim dhe pa knaq\u00ebsi te m\u00ebrgimtaret Shqiptar\u00eb nga Komuna e Ulqinit q\u00eb jetojn\u00eb n\u00eb \u00c7ikago! Aksioni dhe","og_url":"https:\/\/www.visit-ulcinj.com\/blog\/2017\/06\/26\/reagim-nga-shoqata-ulqini-ne-chicago-lidhur-me-ngjarjet-e-17-qershorit\/","og_site_name":"Lajme nga Ulqini","article_published_time":"2017-06-26T18:15:20+00:00","article_modified_time":"2017-06-27T08:15:08+00:00","og_image":[{"url":"http:\/\/www.visit-ulcinj.com\/blog\/wp-content\/uploads\/2017\/06\/Shoqata-Ulqini-ne-Chicago.jpg"}],"twitter_misc":{"Written by":"ulqini","Est. reading time":"1 minute"},"schema":{"@context":"https:\/\/schema.org","@graph":[{"@type":"WebSite","@id":"https:\/\/www.visit-ulcinj.com\/blog\/#website","url":"https:\/\/www.visit-ulcinj.com\/blog\/","name":"Lajme nga Ulqini","description":"Lajme,Vijesti,Ulqini,Ulqin,Crna Gora,Mali i Zi","potentialAction":[{"@type":"SearchAction","target":{"@type":"EntryPoint","urlTemplate":"https:\/\/www.visit-ulcinj.com\/blog\/?s={search_term_string}"},"query-input":"required name=search_term_string"}],"inLanguage":"en-US"},{"@type":"ImageObject","inLanguage":"en-US","@id":"https:\/\/www.visit-ulcinj.com\/blog\/2017\/06\/26\/reagim-nga-shoqata-ulqini-ne-chicago-lidhur-me-ngjarjet-e-17-qershorit\/#primaryimage","url":"https:\/\/www.visit-ulcinj.com\/blog\/wp-content\/uploads\/2017\/06\/Shoqata-Ulqini-ne-Chicago.jpg","contentUrl":"https:\/\/www.visit-ulcinj.com\/blog\/wp-content\/uploads\/2017\/06\/Shoqata-Ulqini-ne-Chicago.jpg","width":900,"height":900},{"@type":"WebPage","@id":"https:\/\/www.visit-ulcinj.com\/blog\/2017\/06\/26\/reagim-nga-shoqata-ulqini-ne-chicago-lidhur-me-ngjarjet-e-17-qershorit\/#webpage","url":"https:\/\/www.visit-ulcinj.com\/blog\/2017\/06\/26\/reagim-nga-shoqata-ulqini-ne-chicago-lidhur-me-ngjarjet-e-17-qershorit\/","name":"Reagim nga Shoqata Ulqini ne Chicago: Lidhur me Ngjarjet e 17 Qershorit - Lajme nga Ulqini","isPartOf":{"@id":"https:\/\/www.visit-ulcinj.com\/blog\/#website"},"primaryImageOfPage":{"@id":"https:\/\/www.visit-ulcinj.com\/blog\/2017\/06\/26\/reagim-nga-shoqata-ulqini-ne-chicago-lidhur-me-ngjarjet-e-17-qershorit\/#primaryimage"},"datePublished":"2017-06-26T18:15:20+00:00","dateModified":"2017-06-27T08:15:08+00:00","author":{"@id":"https:\/\/www.visit-ulcinj.com\/blog\/#\/schema\/person\/dcab619c614d3038751c63bc2aadc06d"},"description":"Ngjarjet e 17, Qershorit ngjallen habitje, shqet\u00ebsim dhe pa knaq\u00ebsi te m\u00ebrgimtaret Shqiptar\u00eb nga Komuna e Ulqinit q\u00eb jetojn\u00eb n\u00eb \u00c7ikago! Aksioni dhe","breadcrumb":{"@id":"https:\/\/www.visit-ulcinj.com\/blog\/2017\/06\/26\/reagim-nga-shoqata-ulqini-ne-chicago-lidhur-me-ngjarjet-e-17-qershorit\/#breadcrumb"},"inLanguage":"en-US","potentialAction":[{"@type":"ReadAction","target":["https:\/\/www.visit-ulcinj.com\/blog\/2017\/06\/26\/reagim-nga-shoqata-ulqini-ne-chicago-lidhur-me-ngjarjet-e-17-qershorit\/"]}]},{"@type":"BreadcrumbList","@id":"https:\/\/www.visit-ulcinj.com\/blog\/2017\/06\/26\/reagim-nga-shoqata-ulqini-ne-chicago-lidhur-me-ngjarjet-e-17-qershorit\/#breadcrumb","itemListElement":[{"@type":"ListItem","position":1,"name":"Reagim nga Shoqata Ulqini ne Chicago: Lidhur me Ngjarjet e 17 Qershorit"}]},{"@type":"Person","@id":"https:\/\/www.visit-ulcinj.com\/blog\/#\/schema\/person\/dcab619c614d3038751c63bc2aadc06d","name":"ulqini","sameAs":["http:\/\/www.visit-ulcinj.com"],"url":"https:\/\/www.visit-ulcinj.com\/blog\/author\/admin\/"}]}},"jetpack_featured_media_url":"","jetpack_sharing_enabled":true,"jetpack_shortlink":"https:\/\/wp.me\/pe6lTn-rww","_links":{"self":[{"href":"https:\/\/www.visit-ulcinj.com\/blog\/wp-json\/wp\/v2\/posts\/105804"}],"collection":[{"href":"https:\/\/www.visit-ulcinj.com\/blog\/wp-json\/wp\/v2\/posts"}],"about":[{"href":"https:\/\/www.visit-ulcinj.com\/blog\/wp-json\/wp\/v2\/types\/post"}],"author":[{"embeddable":true,"href":"https:\/\/www.visit-ulcinj.com\/blog\/wp-json\/wp\/v2\/users\/1"}],"replies":[{"embeddable":true,"href":"https:\/\/www.visit-ulcinj.com\/blog\/wp-json\/wp\/v2\/comments?post=105804"}],"version-history":[{"count":2,"href":"https:\/\/www.visit-ulcinj.com\/blog\/wp-json\/wp\/v2\/posts\/105804\/revisions"}],"predecessor-version":[{"id":105807,"href":"https:\/\/www.visit-ulcinj.com\/blog\/wp-json\/wp\/v2\/posts\/105804\/revisions\/105807"}],"wp:attachment":[{"href":"https:\/\/www.visit-ulcinj.com\/blog\/wp-json\/wp\/v2\/media?parent=105804"}],"wp:term":[{"taxonomy":"category","embeddable":true,"href":"https:\/\/www.visit-ulcinj.com\/blog\/wp-json\/wp\/v2\/categories?post=105804"},{"taxonomy":"post_tag","embeddable":true,"href":"https:\/\/www.visit-ulcinj.com\/blog\/wp-json\/wp\/v2\/tags?post=105804"}],"curies":[{"name":"wp","href":"https:\/\/api.w.org\/{rel}","templated":true}]}}