{"id":105808,"date":"2017-06-27T08:58:20","date_gmt":"2017-06-27T07:58:20","guid":{"rendered":"http:\/\/www.visit-ulcinj.com\/blog\/?p=105808"},"modified":"2017-06-27T08:58:20","modified_gmt":"2017-06-27T07:58:20","slug":"4-th-d-olcinium-international-festival-28-30-juna","status":"publish","type":"post","link":"https:\/\/www.visit-ulcinj.com\/blog\/2017\/06\/27\/4-th-d-olcinium-international-festival-28-30-juna\/","title":{"rendered":"4-th D olcinium International festival 28-30.juna"},"content":{"rendered":"<p><a href=\"http:\/\/www.visit-ulcinj.com\/blog\/wp-content\/uploads\/2017\/06\/Ulcinj-Montenegro-4th-of-Juny-Festival-Events-Dolcinium-International-Festival-1.jpg\"><img loading=\"lazy\" class=\"alignleft wp-image-105809\" src=\"http:\/\/www.visit-ulcinj.com\/blog\/wp-content\/uploads\/2017\/06\/Ulcinj-Montenegro-4th-of-Juny-Festival-Events-Dolcinium-International-Festival-1.jpg\" alt=\"\" width=\"508\" height=\"338\" srcset=\"https:\/\/www.visit-ulcinj.com\/blog\/wp-content\/uploads\/2017\/06\/Ulcinj-Montenegro-4th-of-Juny-Festival-Events-Dolcinium-International-Festival-1.jpg 960w, https:\/\/www.visit-ulcinj.com\/blog\/wp-content\/uploads\/2017\/06\/Ulcinj-Montenegro-4th-of-Juny-Festival-Events-Dolcinium-International-Festival-1-300x199.jpg 300w, https:\/\/www.visit-ulcinj.com\/blog\/wp-content\/uploads\/2017\/06\/Ulcinj-Montenegro-4th-of-Juny-Festival-Events-Dolcinium-International-Festival-1-768x510.jpg 768w\" sizes=\"(max-width: 508px) 100vw, 508px\" \/><\/a>Turisti\u010dka organizacija Ulcinj, u saradnji Op\u0161tinom Ulcinj, privrednicima Ulcinja, NVO Porta di danza i umjetni\u010dkim direktorom Musa Hoxha iz Ulcinja, organizuje po \u010detvrti put manifestaciju\u00a0 <strong>\u201cDolcinium international festival\u201d<\/strong> koja \u0107e trajati od 28 do 30.juna 2017.godine.<\/p>\n<p>Cilj ove manifestacije je predstavljanje kulture i foklora, vrijednost Ulcinja i regiona na jednom mjestu, a svi gra\u0111ani I turisti koji se nalaze u na\u0161em gradu u ovom periodu \u0107e imati mogu\u0107nost da u\u017eivaju u znaku rasko\u0161nih no\u0161nji, folklora, muzike, igre, mladosti\u2026<\/p>\n<p>&nbsp;<\/p>\n<p>Manifestacija po\u010dinje defileom folklornih udru\u017eenja 28.juna sa po\u010detkom u 19.30h od Centra za kulturu prema maloj pla\u017ei, a koncert po\u010dinje u 20.45h i bi\u0107e odr\u017ean na Velikoj skeli .<\/p>\n<p>Drugo ve\u010de manifestacije odr\u017eava se 29.juna, defileom folklornih grupa na \u0161etali\u0161tu na maloj pla\u017ei sa po\u010detkom u 20.00h a koncert \u0107e po\u010deti u 20.30.h tako\u0111e na Velikoj skeli.<\/p>\n<p>30.juna bi\u0107e odr\u017ean fashion night u saradnji sa Super star model Agency<\/p>\n<p>D olcinium International festival, mo\u017eemo da ka\u017eemo da ve\u0107 ima tradicionalni karakter jer se odr\u017eava 4 godinu za redom, a ove godine nastupaju grupe iz Ukrajine, Bugarske, Litvanije, Rumunije, Slovenije, BiH, Srbije, Kosova, Albanije i Crne Gore.<\/p>\n<p>&nbsp;<\/p>\n<p>Dobro do\u0161li !!!<\/p>\n<p><a href=\"http:\/\/www.visit-ulcinj.com\/blog\/wp-content\/uploads\/2017\/06\/Ulcinj-Montenegro-4th-of-Juny-Festival-Events-Dolcinium-International-Festival-3.jpg\"><img loading=\"lazy\" class=\"alignleft wp-image-105810\" src=\"http:\/\/www.visit-ulcinj.com\/blog\/wp-content\/uploads\/2017\/06\/Ulcinj-Montenegro-4th-of-Juny-Festival-Events-Dolcinium-International-Festival-3.jpg\" alt=\"\" width=\"508\" height=\"764\" srcset=\"https:\/\/www.visit-ulcinj.com\/blog\/wp-content\/uploads\/2017\/06\/Ulcinj-Montenegro-4th-of-Juny-Festival-Events-Dolcinium-International-Festival-3.jpg 638w, https:\/\/www.visit-ulcinj.com\/blog\/wp-content\/uploads\/2017\/06\/Ulcinj-Montenegro-4th-of-Juny-Festival-Events-Dolcinium-International-Festival-3-199x300.jpg 199w\" sizes=\"(max-width: 508px) 100vw, 508px\" \/><\/a><\/p>\n","protected":false},"excerpt":{"rendered":"<p>Turisti\u010dka organizacija Ulcinj, u saradnji Op\u0161tinom Ulcinj, privrednicima Ulcinja, NVO Porta di danza i umjetni\u010dkim direktorom Musa Hoxha iz Ulcinja, organizuje po \u010detvrti put manifestaciju\u00a0 \u201cDolcinium international festival\u201d koja \u0107e trajati od 28 do 30.juna 2017.godine. Cilj ove manifestacije je predstavljanje kulture i foklora, vrijednost Ulcinja i regiona na jednom mjestu, a svi gra\u0111ani I [&hellip;]<\/p>\n","protected":false},"author":1,"featured_media":0,"comment_status":"closed","ping_status":"closed","sticky":false,"template":"","format":"standard","meta":{"spay_email":"","jetpack_publicize_message":"","jetpack_is_tweetstorm":false,"jetpack_publicize_feature_enabled":true},"categories":[8337],"tags":[],"jetpack_publicize_connections":[],"yoast_head":"<!-- This site is optimized with the Yoast SEO plugin v19.1 - https:\/\/yoast.com\/wordpress\/plugins\/seo\/ -->\n<title>4-th D olcinium International festival 28-30.juna - Lajme nga Ulqini<\/title>\n<meta name=\"description\" content=\"Turisti\u010dka organizacija Ulcinj, u saradnji Op\u0161tinom Ulcinj, privrednicima Ulcinja, NVO Porta di danza i umjetni\u010dkim direktorom Musa Hoxha iz Ulcinja,\" \/>\n<meta name=\"robots\" content=\"index, follow, max-snippet:-1, max-image-preview:large, max-video-preview:-1\" \/>\n<link rel=\"canonical\" href=\"https:\/\/www.visit-ulcinj.com\/blog\/2017\/06\/27\/4-th-d-olcinium-international-festival-28-30-juna\/\" \/>\n<meta property=\"og:locale\" content=\"en_US\" \/>\n<meta property=\"og:type\" content=\"article\" \/>\n<meta property=\"og:title\" content=\"4-th D olcinium International festival 28-30.juna - Lajme nga Ulqini\" \/>\n<meta property=\"og:description\" content=\"Turisti\u010dka organizacija Ulcinj, u saradnji Op\u0161tinom Ulcinj, privrednicima Ulcinja, NVO Porta di danza i umjetni\u010dkim direktorom Musa Hoxha iz Ulcinja,\" \/>\n<meta property=\"og:url\" content=\"https:\/\/www.visit-ulcinj.com\/blog\/2017\/06\/27\/4-th-d-olcinium-international-festival-28-30-juna\/\" \/>\n<meta property=\"og:site_name\" content=\"Lajme nga Ulqini\" \/>\n<meta property=\"article:published_time\" content=\"2017-06-27T07:58:20+00:00\" \/>\n<meta property=\"og:image\" content=\"http:\/\/www.visit-ulcinj.com\/blog\/wp-content\/uploads\/2017\/06\/Ulcinj-Montenegro-4th-of-Juny-Festival-Events-Dolcinium-International-Festival-1.jpg\" \/>\n<meta name=\"twitter:label1\" content=\"Written by\" \/>\n\t<meta name=\"twitter:data1\" content=\"ulqini\" \/>\n\t<meta name=\"twitter:label2\" content=\"Est. reading time\" \/>\n\t<meta name=\"twitter:data2\" content=\"1 minute\" \/>\n<script type=\"application\/ld+json\" class=\"yoast-schema-graph\">{\"@context\":\"https:\/\/schema.org\",\"@graph\":[{\"@type\":\"WebSite\",\"@id\":\"https:\/\/www.visit-ulcinj.com\/blog\/#website\",\"url\":\"https:\/\/www.visit-ulcinj.com\/blog\/\",\"name\":\"Lajme nga Ulqini\",\"description\":\"Lajme,Vijesti,Ulqini,Ulqin,Crna Gora,Mali i Zi\",\"potentialAction\":[{\"@type\":\"SearchAction\",\"target\":{\"@type\":\"EntryPoint\",\"urlTemplate\":\"https:\/\/www.visit-ulcinj.com\/blog\/?s={search_term_string}\"},\"query-input\":\"required name=search_term_string\"}],\"inLanguage\":\"en-US\"},{\"@type\":\"ImageObject\",\"inLanguage\":\"en-US\",\"@id\":\"https:\/\/www.visit-ulcinj.com\/blog\/2017\/06\/27\/4-th-d-olcinium-international-festival-28-30-juna\/#primaryimage\",\"url\":\"https:\/\/www.visit-ulcinj.com\/blog\/wp-content\/uploads\/2017\/06\/Ulcinj-Montenegro-4th-of-Juny-Festival-Events-Dolcinium-International-Festival-1.jpg\",\"contentUrl\":\"https:\/\/www.visit-ulcinj.com\/blog\/wp-content\/uploads\/2017\/06\/Ulcinj-Montenegro-4th-of-Juny-Festival-Events-Dolcinium-International-Festival-1.jpg\",\"width\":960,\"height\":638},{\"@type\":\"WebPage\",\"@id\":\"https:\/\/www.visit-ulcinj.com\/blog\/2017\/06\/27\/4-th-d-olcinium-international-festival-28-30-juna\/#webpage\",\"url\":\"https:\/\/www.visit-ulcinj.com\/blog\/2017\/06\/27\/4-th-d-olcinium-international-festival-28-30-juna\/\",\"name\":\"4-th D olcinium International festival 28-30.juna - Lajme nga Ulqini\",\"isPartOf\":{\"@id\":\"https:\/\/www.visit-ulcinj.com\/blog\/#website\"},\"primaryImageOfPage\":{\"@id\":\"https:\/\/www.visit-ulcinj.com\/blog\/2017\/06\/27\/4-th-d-olcinium-international-festival-28-30-juna\/#primaryimage\"},\"datePublished\":\"2017-06-27T07:58:20+00:00\",\"dateModified\":\"2017-06-27T07:58:20+00:00\",\"author\":{\"@id\":\"https:\/\/www.visit-ulcinj.com\/blog\/#\/schema\/person\/dcab619c614d3038751c63bc2aadc06d\"},\"description\":\"Turisti\u010dka organizacija Ulcinj, u saradnji Op\u0161tinom Ulcinj, privrednicima Ulcinja, NVO Porta di danza i umjetni\u010dkim direktorom Musa Hoxha iz Ulcinja,\",\"breadcrumb\":{\"@id\":\"https:\/\/www.visit-ulcinj.com\/blog\/2017\/06\/27\/4-th-d-olcinium-international-festival-28-30-juna\/#breadcrumb\"},\"inLanguage\":\"en-US\",\"potentialAction\":[{\"@type\":\"ReadAction\",\"target\":[\"https:\/\/www.visit-ulcinj.com\/blog\/2017\/06\/27\/4-th-d-olcinium-international-festival-28-30-juna\/\"]}]},{\"@type\":\"BreadcrumbList\",\"@id\":\"https:\/\/www.visit-ulcinj.com\/blog\/2017\/06\/27\/4-th-d-olcinium-international-festival-28-30-juna\/#breadcrumb\",\"itemListElement\":[{\"@type\":\"ListItem\",\"position\":1,\"name\":\"4-th D olcinium International festival 28-30.juna\"}]},{\"@type\":\"Person\",\"@id\":\"https:\/\/www.visit-ulcinj.com\/blog\/#\/schema\/person\/dcab619c614d3038751c63bc2aadc06d\",\"name\":\"ulqini\",\"sameAs\":[\"http:\/\/www.visit-ulcinj.com\"],\"url\":\"https:\/\/www.visit-ulcinj.com\/blog\/author\/admin\/\"}]}<\/script>\n<!-- \/ Yoast SEO plugin. -->","yoast_head_json":{"title":"4-th D olcinium International festival 28-30.juna - Lajme nga Ulqini","description":"Turisti\u010dka organizacija Ulcinj, u saradnji Op\u0161tinom Ulcinj, privrednicima Ulcinja, NVO Porta di danza i umjetni\u010dkim direktorom Musa Hoxha iz Ulcinja,","robots":{"index":"index","follow":"follow","max-snippet":"max-snippet:-1","max-image-preview":"max-image-preview:large","max-video-preview":"max-video-preview:-1"},"canonical":"https:\/\/www.visit-ulcinj.com\/blog\/2017\/06\/27\/4-th-d-olcinium-international-festival-28-30-juna\/","og_locale":"en_US","og_type":"article","og_title":"4-th D olcinium International festival 28-30.juna - Lajme nga Ulqini","og_description":"Turisti\u010dka organizacija Ulcinj, u saradnji Op\u0161tinom Ulcinj, privrednicima Ulcinja, NVO Porta di danza i umjetni\u010dkim direktorom Musa Hoxha iz Ulcinja,","og_url":"https:\/\/www.visit-ulcinj.com\/blog\/2017\/06\/27\/4-th-d-olcinium-international-festival-28-30-juna\/","og_site_name":"Lajme nga Ulqini","article_published_time":"2017-06-27T07:58:20+00:00","og_image":[{"url":"http:\/\/www.visit-ulcinj.com\/blog\/wp-content\/uploads\/2017\/06\/Ulcinj-Montenegro-4th-of-Juny-Festival-Events-Dolcinium-International-Festival-1.jpg"}],"twitter_misc":{"Written by":"ulqini","Est. reading time":"1 minute"},"schema":{"@context":"https:\/\/schema.org","@graph":[{"@type":"WebSite","@id":"https:\/\/www.visit-ulcinj.com\/blog\/#website","url":"https:\/\/www.visit-ulcinj.com\/blog\/","name":"Lajme nga Ulqini","description":"Lajme,Vijesti,Ulqini,Ulqin,Crna Gora,Mali i Zi","potentialAction":[{"@type":"SearchAction","target":{"@type":"EntryPoint","urlTemplate":"https:\/\/www.visit-ulcinj.com\/blog\/?s={search_term_string}"},"query-input":"required name=search_term_string"}],"inLanguage":"en-US"},{"@type":"ImageObject","inLanguage":"en-US","@id":"https:\/\/www.visit-ulcinj.com\/blog\/2017\/06\/27\/4-th-d-olcinium-international-festival-28-30-juna\/#primaryimage","url":"https:\/\/www.visit-ulcinj.com\/blog\/wp-content\/uploads\/2017\/06\/Ulcinj-Montenegro-4th-of-Juny-Festival-Events-Dolcinium-International-Festival-1.jpg","contentUrl":"https:\/\/www.visit-ulcinj.com\/blog\/wp-content\/uploads\/2017\/06\/Ulcinj-Montenegro-4th-of-Juny-Festival-Events-Dolcinium-International-Festival-1.jpg","width":960,"height":638},{"@type":"WebPage","@id":"https:\/\/www.visit-ulcinj.com\/blog\/2017\/06\/27\/4-th-d-olcinium-international-festival-28-30-juna\/#webpage","url":"https:\/\/www.visit-ulcinj.com\/blog\/2017\/06\/27\/4-th-d-olcinium-international-festival-28-30-juna\/","name":"4-th D olcinium International festival 28-30.juna - Lajme nga Ulqini","isPartOf":{"@id":"https:\/\/www.visit-ulcinj.com\/blog\/#website"},"primaryImageOfPage":{"@id":"https:\/\/www.visit-ulcinj.com\/blog\/2017\/06\/27\/4-th-d-olcinium-international-festival-28-30-juna\/#primaryimage"},"datePublished":"2017-06-27T07:58:20+00:00","dateModified":"2017-06-27T07:58:20+00:00","author":{"@id":"https:\/\/www.visit-ulcinj.com\/blog\/#\/schema\/person\/dcab619c614d3038751c63bc2aadc06d"},"description":"Turisti\u010dka organizacija Ulcinj, u saradnji Op\u0161tinom Ulcinj, privrednicima Ulcinja, NVO Porta di danza i umjetni\u010dkim direktorom Musa Hoxha iz Ulcinja,","breadcrumb":{"@id":"https:\/\/www.visit-ulcinj.com\/blog\/2017\/06\/27\/4-th-d-olcinium-international-festival-28-30-juna\/#breadcrumb"},"inLanguage":"en-US","potentialAction":[{"@type":"ReadAction","target":["https:\/\/www.visit-ulcinj.com\/blog\/2017\/06\/27\/4-th-d-olcinium-international-festival-28-30-juna\/"]}]},{"@type":"BreadcrumbList","@id":"https:\/\/www.visit-ulcinj.com\/blog\/2017\/06\/27\/4-th-d-olcinium-international-festival-28-30-juna\/#breadcrumb","itemListElement":[{"@type":"ListItem","position":1,"name":"4-th D olcinium International festival 28-30.juna"}]},{"@type":"Person","@id":"https:\/\/www.visit-ulcinj.com\/blog\/#\/schema\/person\/dcab619c614d3038751c63bc2aadc06d","name":"ulqini","sameAs":["http:\/\/www.visit-ulcinj.com"],"url":"https:\/\/www.visit-ulcinj.com\/blog\/author\/admin\/"}]}},"jetpack_featured_media_url":"","jetpack_sharing_enabled":true,"jetpack_shortlink":"https:\/\/wp.me\/pe6lTn-rwA","_links":{"self":[{"href":"https:\/\/www.visit-ulcinj.com\/blog\/wp-json\/wp\/v2\/posts\/105808"}],"collection":[{"href":"https:\/\/www.visit-ulcinj.com\/blog\/wp-json\/wp\/v2\/posts"}],"about":[{"href":"https:\/\/www.visit-ulcinj.com\/blog\/wp-json\/wp\/v2\/types\/post"}],"author":[{"embeddable":true,"href":"https:\/\/www.visit-ulcinj.com\/blog\/wp-json\/wp\/v2\/users\/1"}],"replies":[{"embeddable":true,"href":"https:\/\/www.visit-ulcinj.com\/blog\/wp-json\/wp\/v2\/comments?post=105808"}],"version-history":[{"count":1,"href":"https:\/\/www.visit-ulcinj.com\/blog\/wp-json\/wp\/v2\/posts\/105808\/revisions"}],"predecessor-version":[{"id":105811,"href":"https:\/\/www.visit-ulcinj.com\/blog\/wp-json\/wp\/v2\/posts\/105808\/revisions\/105811"}],"wp:attachment":[{"href":"https:\/\/www.visit-ulcinj.com\/blog\/wp-json\/wp\/v2\/media?parent=105808"}],"wp:term":[{"taxonomy":"category","embeddable":true,"href":"https:\/\/www.visit-ulcinj.com\/blog\/wp-json\/wp\/v2\/categories?post=105808"},{"taxonomy":"post_tag","embeddable":true,"href":"https:\/\/www.visit-ulcinj.com\/blog\/wp-json\/wp\/v2\/tags?post=105808"}],"curies":[{"name":"wp","href":"https:\/\/api.w.org\/{rel}","templated":true}]}}