{"id":105816,"date":"2017-06-27T09:10:45","date_gmt":"2017-06-27T08:10:45","guid":{"rendered":"http:\/\/www.visit-ulcinj.com\/blog\/?p=105816"},"modified":"2017-06-27T09:11:08","modified_gmt":"2017-06-27T08:11:08","slug":"sot-dita-e-pare-e-kampit-veror-per-lidership","status":"publish","type":"post","link":"https:\/\/www.visit-ulcinj.com\/blog\/2017\/06\/27\/sot-dita-e-pare-e-kampit-veror-per-lidership\/","title":{"rendered":"Sot dita e par\u00eb e Kampit veror p\u00ebr lidership"},"content":{"rendered":"<p><strong><a href=\"http:\/\/www.visit-ulcinj.com\/blog\/wp-content\/uploads\/2017\/06\/OJQ-iACT-Kampi-Veror-Ulqin-5.jpg\"><img loading=\"lazy\" class=\"alignleft wp-image-105818\" src=\"http:\/\/www.visit-ulcinj.com\/blog\/wp-content\/uploads\/2017\/06\/OJQ-iACT-Kampi-Veror-Ulqin-5.jpg\" alt=\"\" width=\"508\" height=\"381\" srcset=\"https:\/\/www.visit-ulcinj.com\/blog\/wp-content\/uploads\/2017\/06\/OJQ-iACT-Kampi-Veror-Ulqin-5.jpg 827w, https:\/\/www.visit-ulcinj.com\/blog\/wp-content\/uploads\/2017\/06\/OJQ-iACT-Kampi-Veror-Ulqin-5-300x225.jpg 300w, https:\/\/www.visit-ulcinj.com\/blog\/wp-content\/uploads\/2017\/06\/OJQ-iACT-Kampi-Veror-Ulqin-5-768x576.jpg 768w\" sizes=\"(max-width: 508px) 100vw, 508px\" \/><\/a>Kampi veror p\u00ebr lidership, organizuar nga OJQ iACT (Un\u00eb veproj) n\u00eb bashk\u00ebpunim me organizat\u00ebn Leap4Change nga SHBA, filloi me sukses sot n\u00eb Bibliotek\u00ebn e Ulqinit.<\/strong><\/p>\n<p>Me shum\u00eb entuzias\u00ebm dhe interes p\u00ebr t\u00eb p\u00ebrftuar njohuri t\u00eb reja, pjes\u00ebmarr\u00ebsit sfiduan temperaturat e larta si dhe u shk\u00ebput\u00ebn nga atmosfera festive, p\u00ebr t\u2019ju bashk\u00ebngjitur trajner\u00ebs Romy Solomon nga SHBA dhe aktiviteteve q\u00eb ajo kishte p\u00ebrgatitur p\u00ebr dit\u00ebn e par\u00eb. Programi i sot\u00ebm u p\u00ebrqendrua te zhvillimi i njohurive dhe aft\u00ebsive komunikuese, krijimi dhe zhvillimi i ekipeve punuese, si dhe menaxhimi i dinamikave t\u00eb pun\u00ebs n\u00eb grup. Kampi ralizohet n\u00eb t\u00ebr\u00ebsi n\u00eb gjuh\u00ebn angleze.<\/p>\n<p>N\u00eb kuad\u00ebr t\u00eb programit, organizator\u00ebt kan\u00eb planifikuar pun\u00ebtori interaktive me qytetar\u00ebt, si edhe vizit\u00ebn e qytetit dhe njohjen e pjes\u00ebmarr\u00ebsve me kultur\u00ebn dhe bukurit\u00eb natyrore t\u00eb vendit. T\u00eb rinjt\u00eb pjes\u00ebmarr\u00ebs n\u00eb k\u00ebt\u00eb kamp jan\u00eb kryesisht nga komunat e Ulqinit, Tivarit, Podgoric\u00ebs dhe Tirana.<\/p>\n\n\t\t<style type=\"text\/css\">\n\t\t\t#gallery-1 {\n\t\t\t\tmargin: auto;\n\t\t\t}\n\t\t\t#gallery-1 .gallery-item {\n\t\t\t\tfloat: left;\n\t\t\t\tmargin-top: 10px;\n\t\t\t\ttext-align: center;\n\t\t\t\twidth: 33%;\n\t\t\t}\n\t\t\t#gallery-1 img {\n\t\t\t\tborder: 2px solid #cfcfcf;\n\t\t\t}\n\t\t\t#gallery-1 .gallery-caption {\n\t\t\t\tmargin-left: 0;\n\t\t\t}\n\t\t\t\/* see gallery_shortcode() in wp-includes\/media.php *\/\n\t\t<\/style>\n\t\t<div id='gallery-1' class='gallery galleryid-105816 gallery-columns-3 gallery-size-thumbnail'><dl class='gallery-item'>\n\t\t\t<dt class='gallery-icon landscape'>\n\t\t\t\t<a href='https:\/\/www.visit-ulcinj.com\/blog\/2017\/06\/27\/sot-dita-e-pare-e-kampit-veror-per-lidership\/ojq-iact-kampi-veror-ulqin-1\/'><img width=\"150\" height=\"150\" src=\"https:\/\/www.visit-ulcinj.com\/blog\/wp-content\/uploads\/2017\/06\/OJQ-iACT-Kampi-Veror-Ulqin-1-150x150.jpg\" class=\"attachment-thumbnail size-thumbnail\" alt=\"\" loading=\"lazy\" \/><\/a>\n\t\t\t<\/dt><\/dl><dl class='gallery-item'>\n\t\t\t<dt class='gallery-icon landscape'>\n\t\t\t\t<a href='https:\/\/www.visit-ulcinj.com\/blog\/2017\/06\/27\/sot-dita-e-pare-e-kampit-veror-per-lidership\/ojq-iact-kampi-veror-ulqin-2\/'><img width=\"150\" height=\"150\" src=\"https:\/\/www.visit-ulcinj.com\/blog\/wp-content\/uploads\/2017\/06\/OJQ-iACT-Kampi-Veror-Ulqin-2-150x150.jpg\" class=\"attachment-thumbnail size-thumbnail\" alt=\"\" loading=\"lazy\" \/><\/a>\n\t\t\t<\/dt><\/dl><dl class='gallery-item'>\n\t\t\t<dt class='gallery-icon landscape'>\n\t\t\t\t<a href='https:\/\/www.visit-ulcinj.com\/blog\/2017\/06\/27\/sot-dita-e-pare-e-kampit-veror-per-lidership\/ojq-iact-kampi-veror-ulqin-3\/'><img width=\"150\" height=\"150\" src=\"https:\/\/www.visit-ulcinj.com\/blog\/wp-content\/uploads\/2017\/06\/OJQ-iACT-Kampi-Veror-Ulqin-3-150x150.jpg\" class=\"attachment-thumbnail size-thumbnail\" alt=\"\" loading=\"lazy\" \/><\/a>\n\t\t\t<\/dt><\/dl><br style=\"clear: both\" \/><dl class='gallery-item'>\n\t\t\t<dt class='gallery-icon landscape'>\n\t\t\t\t<a href='https:\/\/www.visit-ulcinj.com\/blog\/2017\/06\/27\/sot-dita-e-pare-e-kampit-veror-per-lidership\/ojq-iact-kampi-veror-ulqin-4\/'><img width=\"150\" height=\"150\" src=\"https:\/\/www.visit-ulcinj.com\/blog\/wp-content\/uploads\/2017\/06\/OJQ-iACT-Kampi-Veror-Ulqin-4-150x150.jpg\" class=\"attachment-thumbnail size-thumbnail\" alt=\"\" loading=\"lazy\" \/><\/a>\n\t\t\t<\/dt><\/dl><dl class='gallery-item'>\n\t\t\t<dt class='gallery-icon landscape'>\n\t\t\t\t<a href='https:\/\/www.visit-ulcinj.com\/blog\/2017\/06\/27\/sot-dita-e-pare-e-kampit-veror-per-lidership\/ojq-iact-kampi-veror-ulqin\/'><img width=\"150\" height=\"150\" src=\"https:\/\/www.visit-ulcinj.com\/blog\/wp-content\/uploads\/2017\/06\/OJQ-iACT-Kampi-Veror-Ulqin-150x150.jpg\" class=\"attachment-thumbnail size-thumbnail\" alt=\"\" loading=\"lazy\" \/><\/a>\n\t\t\t<\/dt><\/dl>\n\t\t\t<br style='clear: both' \/>\n\t\t<\/div>\n\n","protected":false},"excerpt":{"rendered":"<p>Kampi veror p\u00ebr lidership, organizuar nga OJQ iACT (Un\u00eb veproj) n\u00eb bashk\u00ebpunim me organizat\u00ebn Leap4Change nga SHBA, filloi me sukses sot n\u00eb Bibliotek\u00ebn e Ulqinit. Me shum\u00eb entuzias\u00ebm dhe interes p\u00ebr t\u00eb p\u00ebrftuar njohuri t\u00eb reja, pjes\u00ebmarr\u00ebsit sfiduan temperaturat e larta si dhe u shk\u00ebput\u00ebn nga atmosfera festive, p\u00ebr t\u2019ju bashk\u00ebngjitur trajner\u00ebs Romy Solomon nga [&hellip;]<\/p>\n","protected":false},"author":1,"featured_media":0,"comment_status":"closed","ping_status":"closed","sticky":false,"template":"","format":"standard","meta":{"spay_email":"","jetpack_publicize_message":"","jetpack_is_tweetstorm":false,"jetpack_publicize_feature_enabled":true},"categories":[11],"tags":[],"jetpack_publicize_connections":[],"yoast_head":"<!-- This site is optimized with the Yoast SEO plugin v19.1 - https:\/\/yoast.com\/wordpress\/plugins\/seo\/ -->\n<title>Sot dita e par\u00eb e Kampit veror p\u00ebr lidership - Lajme nga Ulqini<\/title>\n<meta name=\"description\" content=\"Kampi veror p\u00ebr lidership, organizuar nga OJQ iACT (Un\u00eb veproj) n\u00eb bashk\u00ebpunim me organizat\u00ebn Leap4Change nga SHBA, filloi me sukses sot n\u00eb Bibliotek\u00ebn e\" \/>\n<meta name=\"robots\" content=\"index, follow, max-snippet:-1, max-image-preview:large, max-video-preview:-1\" \/>\n<link rel=\"canonical\" href=\"https:\/\/www.visit-ulcinj.com\/blog\/2017\/06\/27\/sot-dita-e-pare-e-kampit-veror-per-lidership\/\" \/>\n<meta property=\"og:locale\" content=\"en_US\" \/>\n<meta property=\"og:type\" content=\"article\" \/>\n<meta property=\"og:title\" content=\"Sot dita e par\u00eb e Kampit veror p\u00ebr lidership - Lajme nga Ulqini\" \/>\n<meta property=\"og:description\" content=\"Kampi veror p\u00ebr lidership, organizuar nga OJQ iACT (Un\u00eb veproj) n\u00eb bashk\u00ebpunim me organizat\u00ebn Leap4Change nga SHBA, filloi me sukses sot n\u00eb Bibliotek\u00ebn e\" \/>\n<meta property=\"og:url\" content=\"https:\/\/www.visit-ulcinj.com\/blog\/2017\/06\/27\/sot-dita-e-pare-e-kampit-veror-per-lidership\/\" \/>\n<meta property=\"og:site_name\" content=\"Lajme nga Ulqini\" \/>\n<meta property=\"article:published_time\" content=\"2017-06-27T08:10:45+00:00\" \/>\n<meta property=\"article:modified_time\" content=\"2017-06-27T08:11:08+00:00\" \/>\n<meta property=\"og:image\" content=\"https:\/\/www.visit-ulcinj.com\/blog\/wp-content\/uploads\/2017\/06\/OJQ-iACT-Kampi-Veror-Ulqin-1-150x150.jpg\" \/>\n<meta name=\"twitter:label1\" content=\"Written by\" \/>\n\t<meta name=\"twitter:data1\" content=\"ulqini\" \/>\n\t<meta name=\"twitter:label2\" content=\"Est. reading time\" \/>\n\t<meta name=\"twitter:data2\" content=\"1 minute\" \/>\n<script type=\"application\/ld+json\" class=\"yoast-schema-graph\">{\"@context\":\"https:\/\/schema.org\",\"@graph\":[{\"@type\":\"WebSite\",\"@id\":\"https:\/\/www.visit-ulcinj.com\/blog\/#website\",\"url\":\"https:\/\/www.visit-ulcinj.com\/blog\/\",\"name\":\"Lajme nga Ulqini\",\"description\":\"Lajme,Vijesti,Ulqini,Ulqin,Crna Gora,Mali i Zi\",\"potentialAction\":[{\"@type\":\"SearchAction\",\"target\":{\"@type\":\"EntryPoint\",\"urlTemplate\":\"https:\/\/www.visit-ulcinj.com\/blog\/?s={search_term_string}\"},\"query-input\":\"required name=search_term_string\"}],\"inLanguage\":\"en-US\"},{\"@type\":\"ImageObject\",\"inLanguage\":\"en-US\",\"@id\":\"https:\/\/www.visit-ulcinj.com\/blog\/2017\/06\/27\/sot-dita-e-pare-e-kampit-veror-per-lidership\/#primaryimage\",\"url\":\"https:\/\/www.visit-ulcinj.com\/blog\/wp-content\/uploads\/2017\/06\/OJQ-iACT-Kampi-Veror-Ulqin-5.jpg\",\"contentUrl\":\"https:\/\/www.visit-ulcinj.com\/blog\/wp-content\/uploads\/2017\/06\/OJQ-iACT-Kampi-Veror-Ulqin-5.jpg\",\"width\":827,\"height\":620},{\"@type\":\"WebPage\",\"@id\":\"https:\/\/www.visit-ulcinj.com\/blog\/2017\/06\/27\/sot-dita-e-pare-e-kampit-veror-per-lidership\/#webpage\",\"url\":\"https:\/\/www.visit-ulcinj.com\/blog\/2017\/06\/27\/sot-dita-e-pare-e-kampit-veror-per-lidership\/\",\"name\":\"Sot dita e par\u00eb e Kampit veror p\u00ebr lidership - Lajme nga Ulqini\",\"isPartOf\":{\"@id\":\"https:\/\/www.visit-ulcinj.com\/blog\/#website\"},\"primaryImageOfPage\":{\"@id\":\"https:\/\/www.visit-ulcinj.com\/blog\/2017\/06\/27\/sot-dita-e-pare-e-kampit-veror-per-lidership\/#primaryimage\"},\"datePublished\":\"2017-06-27T08:10:45+00:00\",\"dateModified\":\"2017-06-27T08:11:08+00:00\",\"author\":{\"@id\":\"https:\/\/www.visit-ulcinj.com\/blog\/#\/schema\/person\/dcab619c614d3038751c63bc2aadc06d\"},\"description\":\"Kampi veror p\u00ebr lidership, organizuar nga OJQ iACT (Un\u00eb veproj) n\u00eb bashk\u00ebpunim me organizat\u00ebn Leap4Change nga SHBA, filloi me sukses sot n\u00eb Bibliotek\u00ebn e\",\"breadcrumb\":{\"@id\":\"https:\/\/www.visit-ulcinj.com\/blog\/2017\/06\/27\/sot-dita-e-pare-e-kampit-veror-per-lidership\/#breadcrumb\"},\"inLanguage\":\"en-US\",\"potentialAction\":[{\"@type\":\"ReadAction\",\"target\":[\"https:\/\/www.visit-ulcinj.com\/blog\/2017\/06\/27\/sot-dita-e-pare-e-kampit-veror-per-lidership\/\"]}]},{\"@type\":\"BreadcrumbList\",\"@id\":\"https:\/\/www.visit-ulcinj.com\/blog\/2017\/06\/27\/sot-dita-e-pare-e-kampit-veror-per-lidership\/#breadcrumb\",\"itemListElement\":[{\"@type\":\"ListItem\",\"position\":1,\"name\":\"Sot dita e par\u00eb e Kampit veror p\u00ebr lidership\"}]},{\"@type\":\"Person\",\"@id\":\"https:\/\/www.visit-ulcinj.com\/blog\/#\/schema\/person\/dcab619c614d3038751c63bc2aadc06d\",\"name\":\"ulqini\",\"sameAs\":[\"http:\/\/www.visit-ulcinj.com\"],\"url\":\"https:\/\/www.visit-ulcinj.com\/blog\/author\/admin\/\"}]}<\/script>\n<!-- \/ Yoast SEO plugin. -->","yoast_head_json":{"title":"Sot dita e par\u00eb e Kampit veror p\u00ebr lidership - Lajme nga Ulqini","description":"Kampi veror p\u00ebr lidership, organizuar nga OJQ iACT (Un\u00eb veproj) n\u00eb bashk\u00ebpunim me organizat\u00ebn Leap4Change nga SHBA, filloi me sukses sot n\u00eb Bibliotek\u00ebn e","robots":{"index":"index","follow":"follow","max-snippet":"max-snippet:-1","max-image-preview":"max-image-preview:large","max-video-preview":"max-video-preview:-1"},"canonical":"https:\/\/www.visit-ulcinj.com\/blog\/2017\/06\/27\/sot-dita-e-pare-e-kampit-veror-per-lidership\/","og_locale":"en_US","og_type":"article","og_title":"Sot dita e par\u00eb e Kampit veror p\u00ebr lidership - Lajme nga Ulqini","og_description":"Kampi veror p\u00ebr lidership, organizuar nga OJQ iACT (Un\u00eb veproj) n\u00eb bashk\u00ebpunim me organizat\u00ebn Leap4Change nga SHBA, filloi me sukses sot n\u00eb Bibliotek\u00ebn e","og_url":"https:\/\/www.visit-ulcinj.com\/blog\/2017\/06\/27\/sot-dita-e-pare-e-kampit-veror-per-lidership\/","og_site_name":"Lajme nga Ulqini","article_published_time":"2017-06-27T08:10:45+00:00","article_modified_time":"2017-06-27T08:11:08+00:00","og_image":[{"url":"https:\/\/www.visit-ulcinj.com\/blog\/wp-content\/uploads\/2017\/06\/OJQ-iACT-Kampi-Veror-Ulqin-1-150x150.jpg"}],"twitter_misc":{"Written by":"ulqini","Est. reading time":"1 minute"},"schema":{"@context":"https:\/\/schema.org","@graph":[{"@type":"WebSite","@id":"https:\/\/www.visit-ulcinj.com\/blog\/#website","url":"https:\/\/www.visit-ulcinj.com\/blog\/","name":"Lajme nga Ulqini","description":"Lajme,Vijesti,Ulqini,Ulqin,Crna Gora,Mali i Zi","potentialAction":[{"@type":"SearchAction","target":{"@type":"EntryPoint","urlTemplate":"https:\/\/www.visit-ulcinj.com\/blog\/?s={search_term_string}"},"query-input":"required name=search_term_string"}],"inLanguage":"en-US"},{"@type":"ImageObject","inLanguage":"en-US","@id":"https:\/\/www.visit-ulcinj.com\/blog\/2017\/06\/27\/sot-dita-e-pare-e-kampit-veror-per-lidership\/#primaryimage","url":"https:\/\/www.visit-ulcinj.com\/blog\/wp-content\/uploads\/2017\/06\/OJQ-iACT-Kampi-Veror-Ulqin-5.jpg","contentUrl":"https:\/\/www.visit-ulcinj.com\/blog\/wp-content\/uploads\/2017\/06\/OJQ-iACT-Kampi-Veror-Ulqin-5.jpg","width":827,"height":620},{"@type":"WebPage","@id":"https:\/\/www.visit-ulcinj.com\/blog\/2017\/06\/27\/sot-dita-e-pare-e-kampit-veror-per-lidership\/#webpage","url":"https:\/\/www.visit-ulcinj.com\/blog\/2017\/06\/27\/sot-dita-e-pare-e-kampit-veror-per-lidership\/","name":"Sot dita e par\u00eb e Kampit veror p\u00ebr lidership - Lajme nga Ulqini","isPartOf":{"@id":"https:\/\/www.visit-ulcinj.com\/blog\/#website"},"primaryImageOfPage":{"@id":"https:\/\/www.visit-ulcinj.com\/blog\/2017\/06\/27\/sot-dita-e-pare-e-kampit-veror-per-lidership\/#primaryimage"},"datePublished":"2017-06-27T08:10:45+00:00","dateModified":"2017-06-27T08:11:08+00:00","author":{"@id":"https:\/\/www.visit-ulcinj.com\/blog\/#\/schema\/person\/dcab619c614d3038751c63bc2aadc06d"},"description":"Kampi veror p\u00ebr lidership, organizuar nga OJQ iACT (Un\u00eb veproj) n\u00eb bashk\u00ebpunim me organizat\u00ebn Leap4Change nga SHBA, filloi me sukses sot n\u00eb Bibliotek\u00ebn e","breadcrumb":{"@id":"https:\/\/www.visit-ulcinj.com\/blog\/2017\/06\/27\/sot-dita-e-pare-e-kampit-veror-per-lidership\/#breadcrumb"},"inLanguage":"en-US","potentialAction":[{"@type":"ReadAction","target":["https:\/\/www.visit-ulcinj.com\/blog\/2017\/06\/27\/sot-dita-e-pare-e-kampit-veror-per-lidership\/"]}]},{"@type":"BreadcrumbList","@id":"https:\/\/www.visit-ulcinj.com\/blog\/2017\/06\/27\/sot-dita-e-pare-e-kampit-veror-per-lidership\/#breadcrumb","itemListElement":[{"@type":"ListItem","position":1,"name":"Sot dita e par\u00eb e Kampit veror p\u00ebr lidership"}]},{"@type":"Person","@id":"https:\/\/www.visit-ulcinj.com\/blog\/#\/schema\/person\/dcab619c614d3038751c63bc2aadc06d","name":"ulqini","sameAs":["http:\/\/www.visit-ulcinj.com"],"url":"https:\/\/www.visit-ulcinj.com\/blog\/author\/admin\/"}]}},"jetpack_featured_media_url":"","jetpack_sharing_enabled":true,"jetpack_shortlink":"https:\/\/wp.me\/pe6lTn-rwI","_links":{"self":[{"href":"https:\/\/www.visit-ulcinj.com\/blog\/wp-json\/wp\/v2\/posts\/105816"}],"collection":[{"href":"https:\/\/www.visit-ulcinj.com\/blog\/wp-json\/wp\/v2\/posts"}],"about":[{"href":"https:\/\/www.visit-ulcinj.com\/blog\/wp-json\/wp\/v2\/types\/post"}],"author":[{"embeddable":true,"href":"https:\/\/www.visit-ulcinj.com\/blog\/wp-json\/wp\/v2\/users\/1"}],"replies":[{"embeddable":true,"href":"https:\/\/www.visit-ulcinj.com\/blog\/wp-json\/wp\/v2\/comments?post=105816"}],"version-history":[{"count":1,"href":"https:\/\/www.visit-ulcinj.com\/blog\/wp-json\/wp\/v2\/posts\/105816\/revisions"}],"predecessor-version":[{"id":105823,"href":"https:\/\/www.visit-ulcinj.com\/blog\/wp-json\/wp\/v2\/posts\/105816\/revisions\/105823"}],"wp:attachment":[{"href":"https:\/\/www.visit-ulcinj.com\/blog\/wp-json\/wp\/v2\/media?parent=105816"}],"wp:term":[{"taxonomy":"category","embeddable":true,"href":"https:\/\/www.visit-ulcinj.com\/blog\/wp-json\/wp\/v2\/categories?post=105816"},{"taxonomy":"post_tag","embeddable":true,"href":"https:\/\/www.visit-ulcinj.com\/blog\/wp-json\/wp\/v2\/tags?post=105816"}],"curies":[{"name":"wp","href":"https:\/\/api.w.org\/{rel}","templated":true}]}}