{"id":105824,"date":"2017-06-27T09:13:44","date_gmt":"2017-06-27T08:13:44","guid":{"rendered":"http:\/\/www.visit-ulcinj.com\/blog\/?p=105824"},"modified":"2017-06-27T09:13:44","modified_gmt":"2017-06-27T08:13:44","slug":"poceo-ljetnji-kamp-liderstva-u-ulcinju","status":"publish","type":"post","link":"https:\/\/www.visit-ulcinj.com\/blog\/2017\/06\/27\/poceo-ljetnji-kamp-liderstva-u-ulcinju\/","title":{"rendered":"Po\u010deo Ljetnji kamp liderstva u Ulcinju"},"content":{"rendered":"<p><strong><a href=\"http:\/\/www.visit-ulcinj.com\/blog\/wp-content\/uploads\/2017\/06\/OJQ-iACT-Kampi-Veror-Ulqin-4.jpg\"><img loading=\"lazy\" class=\"alignleft wp-image-105822\" src=\"http:\/\/www.visit-ulcinj.com\/blog\/wp-content\/uploads\/2017\/06\/OJQ-iACT-Kampi-Veror-Ulqin-4.jpg\" alt=\"\" width=\"508\" height=\"381\" srcset=\"https:\/\/www.visit-ulcinj.com\/blog\/wp-content\/uploads\/2017\/06\/OJQ-iACT-Kampi-Veror-Ulqin-4.jpg 827w, https:\/\/www.visit-ulcinj.com\/blog\/wp-content\/uploads\/2017\/06\/OJQ-iACT-Kampi-Veror-Ulqin-4-300x225.jpg 300w, https:\/\/www.visit-ulcinj.com\/blog\/wp-content\/uploads\/2017\/06\/OJQ-iACT-Kampi-Veror-Ulqin-4-768x576.jpg 768w\" sizes=\"(max-width: 508px) 100vw, 508px\" \/><\/a>Danas je u Ulcinju po\u010deo sa realizacijom Ljetnji kamp liderstva, u organizaciji NVO iACT, u partnerstvu sa LEAP4 change organizacijom iz SAD.<\/strong><\/p>\n<p>U\u010desnici kampa su, uprkos visokim temperaturama i jo\u0161 uvijek prazni\u010dnoj atmosferi, sa puno entuzijazma i interesovanja, u\u010destvovali u radionicama koje je za njih pripremila voditeljica kampa, Romy Solomon iz SAD. Dana\u0161nje aktivnosti su protekle u znaku sticanja novih znanja i vje\u0161tina na teme uspjesne komunikacije, izgradnje i rada u timu, dinamike rada u grupi. Kamp se realizuje na engleskom jeziku.<\/p>\n<p>U sklopu programa, organizatori su, izme\u0111u ostalog, planirali interaktivne radionice sa gra\u0111anima, kao i obilazak grada za mlade u\u010desnike, s namjerom da ih upoznaju sa kulturom i prirodnim ljepotama grada Ulcinja. Kamp je okupio mlade ljude iz op\u0161tina Ulcinj, Bar, Podgorica, kao i iz Tirane.<\/p>\n\n\t\t<style type=\"text\/css\">\n\t\t\t#gallery-1 {\n\t\t\t\tmargin: auto;\n\t\t\t}\n\t\t\t#gallery-1 .gallery-item {\n\t\t\t\tfloat: left;\n\t\t\t\tmargin-top: 10px;\n\t\t\t\ttext-align: center;\n\t\t\t\twidth: 33%;\n\t\t\t}\n\t\t\t#gallery-1 img {\n\t\t\t\tborder: 2px solid #cfcfcf;\n\t\t\t}\n\t\t\t#gallery-1 .gallery-caption {\n\t\t\t\tmargin-left: 0;\n\t\t\t}\n\t\t\t\/* see gallery_shortcode() in wp-includes\/media.php *\/\n\t\t<\/style>\n\t\t<div id='gallery-1' class='gallery galleryid-105824 gallery-columns-3 gallery-size-thumbnail'><dl class='gallery-item'>\n\t\t\t<dt class='gallery-icon landscape'>\n\t\t\t\t<a href='https:\/\/www.visit-ulcinj.com\/blog\/2017\/06\/27\/sot-dita-e-pare-e-kampit-veror-per-lidership\/ojq-iact-kampi-veror-ulqin-4\/'><img width=\"150\" height=\"150\" src=\"https:\/\/www.visit-ulcinj.com\/blog\/wp-content\/uploads\/2017\/06\/OJQ-iACT-Kampi-Veror-Ulqin-4-150x150.jpg\" class=\"attachment-thumbnail size-thumbnail\" alt=\"\" loading=\"lazy\" \/><\/a>\n\t\t\t<\/dt><\/dl><dl class='gallery-item'>\n\t\t\t<dt class='gallery-icon landscape'>\n\t\t\t\t<a href='https:\/\/www.visit-ulcinj.com\/blog\/2017\/06\/27\/sot-dita-e-pare-e-kampit-veror-per-lidership\/ojq-iact-kampi-veror-ulqin-3\/'><img width=\"150\" height=\"150\" src=\"https:\/\/www.visit-ulcinj.com\/blog\/wp-content\/uploads\/2017\/06\/OJQ-iACT-Kampi-Veror-Ulqin-3-150x150.jpg\" class=\"attachment-thumbnail size-thumbnail\" alt=\"\" loading=\"lazy\" \/><\/a>\n\t\t\t<\/dt><\/dl><dl class='gallery-item'>\n\t\t\t<dt class='gallery-icon landscape'>\n\t\t\t\t<a href='https:\/\/www.visit-ulcinj.com\/blog\/2017\/06\/27\/sot-dita-e-pare-e-kampit-veror-per-lidership\/ojq-iact-kampi-veror-ulqin-2\/'><img width=\"150\" height=\"150\" src=\"https:\/\/www.visit-ulcinj.com\/blog\/wp-content\/uploads\/2017\/06\/OJQ-iACT-Kampi-Veror-Ulqin-2-150x150.jpg\" class=\"attachment-thumbnail size-thumbnail\" alt=\"\" loading=\"lazy\" \/><\/a>\n\t\t\t<\/dt><\/dl><br style=\"clear: both\" \/><dl class='gallery-item'>\n\t\t\t<dt class='gallery-icon landscape'>\n\t\t\t\t<a href='https:\/\/www.visit-ulcinj.com\/blog\/2017\/06\/27\/sot-dita-e-pare-e-kampit-veror-per-lidership\/ojq-iact-kampi-veror-ulqin-1\/'><img width=\"150\" height=\"150\" src=\"https:\/\/www.visit-ulcinj.com\/blog\/wp-content\/uploads\/2017\/06\/OJQ-iACT-Kampi-Veror-Ulqin-1-150x150.jpg\" class=\"attachment-thumbnail size-thumbnail\" alt=\"\" loading=\"lazy\" \/><\/a>\n\t\t\t<\/dt><\/dl><dl class='gallery-item'>\n\t\t\t<dt class='gallery-icon landscape'>\n\t\t\t\t<a href='https:\/\/www.visit-ulcinj.com\/blog\/2017\/06\/27\/sot-dita-e-pare-e-kampit-veror-per-lidership\/ojq-iact-kampi-veror-ulqin-5\/'><img width=\"150\" height=\"150\" src=\"https:\/\/www.visit-ulcinj.com\/blog\/wp-content\/uploads\/2017\/06\/OJQ-iACT-Kampi-Veror-Ulqin-5-150x150.jpg\" class=\"attachment-thumbnail size-thumbnail\" alt=\"\" loading=\"lazy\" \/><\/a>\n\t\t\t<\/dt><\/dl><dl class='gallery-item'>\n\t\t\t<dt class='gallery-icon landscape'>\n\t\t\t\t<a href='https:\/\/www.visit-ulcinj.com\/blog\/2017\/06\/27\/sot-dita-e-pare-e-kampit-veror-per-lidership\/ojq-iact-kampi-veror-ulqin\/'><img width=\"150\" height=\"150\" src=\"https:\/\/www.visit-ulcinj.com\/blog\/wp-content\/uploads\/2017\/06\/OJQ-iACT-Kampi-Veror-Ulqin-150x150.jpg\" class=\"attachment-thumbnail size-thumbnail\" alt=\"\" loading=\"lazy\" \/><\/a>\n\t\t\t<\/dt><\/dl><br style=\"clear: both\" \/>\n\t\t<\/div>\n\n","protected":false},"excerpt":{"rendered":"<p>Danas je u Ulcinju po\u010deo sa realizacijom Ljetnji kamp liderstva, u organizaciji NVO iACT, u partnerstvu sa LEAP4 change organizacijom iz SAD. U\u010desnici kampa su, uprkos visokim temperaturama i jo\u0161 uvijek prazni\u010dnoj atmosferi, sa puno entuzijazma i interesovanja, u\u010destvovali u radionicama koje je za njih pripremila voditeljica kampa, Romy Solomon iz SAD. Dana\u0161nje aktivnosti su [&hellip;]<\/p>\n","protected":false},"author":1,"featured_media":0,"comment_status":"closed","ping_status":"closed","sticky":false,"template":"","format":"standard","meta":{"spay_email":"","jetpack_publicize_message":"","jetpack_is_tweetstorm":false,"jetpack_publicize_feature_enabled":true},"categories":[6950],"tags":[],"jetpack_publicize_connections":[],"yoast_head":"<!-- This site is optimized with the Yoast SEO plugin v19.1 - https:\/\/yoast.com\/wordpress\/plugins\/seo\/ -->\n<title>Po\u010deo Ljetnji kamp liderstva u Ulcinju - Lajme nga Ulqini<\/title>\n<meta name=\"description\" content=\"Danas je u Ulcinju po\u010deo sa realizacijom Ljetnji kamp liderstva, u organizaciji NVO iACT, u partnerstvu sa LEAP4 change organizacijom iz SAD. U\u010desnici\" \/>\n<meta name=\"robots\" content=\"index, follow, max-snippet:-1, max-image-preview:large, max-video-preview:-1\" \/>\n<link rel=\"canonical\" href=\"https:\/\/www.visit-ulcinj.com\/blog\/2017\/06\/27\/poceo-ljetnji-kamp-liderstva-u-ulcinju\/\" \/>\n<meta property=\"og:locale\" content=\"en_US\" \/>\n<meta property=\"og:type\" content=\"article\" \/>\n<meta property=\"og:title\" content=\"Po\u010deo Ljetnji kamp liderstva u Ulcinju - Lajme nga Ulqini\" \/>\n<meta property=\"og:description\" content=\"Danas je u Ulcinju po\u010deo sa realizacijom Ljetnji kamp liderstva, u organizaciji NVO iACT, u partnerstvu sa LEAP4 change organizacijom iz SAD. U\u010desnici\" \/>\n<meta property=\"og:url\" content=\"https:\/\/www.visit-ulcinj.com\/blog\/2017\/06\/27\/poceo-ljetnji-kamp-liderstva-u-ulcinju\/\" \/>\n<meta property=\"og:site_name\" content=\"Lajme nga Ulqini\" \/>\n<meta property=\"article:published_time\" content=\"2017-06-27T08:13:44+00:00\" \/>\n<meta property=\"og:image\" content=\"https:\/\/www.visit-ulcinj.com\/blog\/wp-content\/uploads\/2017\/06\/OJQ-iACT-Kampi-Veror-Ulqin-4-150x150.jpg\" \/>\n<meta name=\"twitter:label1\" content=\"Written by\" \/>\n\t<meta name=\"twitter:data1\" content=\"ulqini\" \/>\n\t<meta name=\"twitter:label2\" content=\"Est. reading time\" \/>\n\t<meta name=\"twitter:data2\" content=\"1 minute\" \/>\n<script type=\"application\/ld+json\" class=\"yoast-schema-graph\">{\"@context\":\"https:\/\/schema.org\",\"@graph\":[{\"@type\":\"WebSite\",\"@id\":\"https:\/\/www.visit-ulcinj.com\/blog\/#website\",\"url\":\"https:\/\/www.visit-ulcinj.com\/blog\/\",\"name\":\"Lajme nga Ulqini\",\"description\":\"Lajme,Vijesti,Ulqini,Ulqin,Crna Gora,Mali i Zi\",\"potentialAction\":[{\"@type\":\"SearchAction\",\"target\":{\"@type\":\"EntryPoint\",\"urlTemplate\":\"https:\/\/www.visit-ulcinj.com\/blog\/?s={search_term_string}\"},\"query-input\":\"required name=search_term_string\"}],\"inLanguage\":\"en-US\"},{\"@type\":\"ImageObject\",\"inLanguage\":\"en-US\",\"@id\":\"https:\/\/www.visit-ulcinj.com\/blog\/2017\/06\/27\/poceo-ljetnji-kamp-liderstva-u-ulcinju\/#primaryimage\",\"url\":\"https:\/\/www.visit-ulcinj.com\/blog\/wp-content\/uploads\/2017\/06\/OJQ-iACT-Kampi-Veror-Ulqin-4.jpg\",\"contentUrl\":\"https:\/\/www.visit-ulcinj.com\/blog\/wp-content\/uploads\/2017\/06\/OJQ-iACT-Kampi-Veror-Ulqin-4.jpg\",\"width\":827,\"height\":620},{\"@type\":\"WebPage\",\"@id\":\"https:\/\/www.visit-ulcinj.com\/blog\/2017\/06\/27\/poceo-ljetnji-kamp-liderstva-u-ulcinju\/#webpage\",\"url\":\"https:\/\/www.visit-ulcinj.com\/blog\/2017\/06\/27\/poceo-ljetnji-kamp-liderstva-u-ulcinju\/\",\"name\":\"Po\u010deo Ljetnji kamp liderstva u Ulcinju - Lajme nga Ulqini\",\"isPartOf\":{\"@id\":\"https:\/\/www.visit-ulcinj.com\/blog\/#website\"},\"primaryImageOfPage\":{\"@id\":\"https:\/\/www.visit-ulcinj.com\/blog\/2017\/06\/27\/poceo-ljetnji-kamp-liderstva-u-ulcinju\/#primaryimage\"},\"datePublished\":\"2017-06-27T08:13:44+00:00\",\"dateModified\":\"2017-06-27T08:13:44+00:00\",\"author\":{\"@id\":\"https:\/\/www.visit-ulcinj.com\/blog\/#\/schema\/person\/dcab619c614d3038751c63bc2aadc06d\"},\"description\":\"Danas je u Ulcinju po\u010deo sa realizacijom Ljetnji kamp liderstva, u organizaciji NVO iACT, u partnerstvu sa LEAP4 change organizacijom iz SAD. U\u010desnici\",\"breadcrumb\":{\"@id\":\"https:\/\/www.visit-ulcinj.com\/blog\/2017\/06\/27\/poceo-ljetnji-kamp-liderstva-u-ulcinju\/#breadcrumb\"},\"inLanguage\":\"en-US\",\"potentialAction\":[{\"@type\":\"ReadAction\",\"target\":[\"https:\/\/www.visit-ulcinj.com\/blog\/2017\/06\/27\/poceo-ljetnji-kamp-liderstva-u-ulcinju\/\"]}]},{\"@type\":\"BreadcrumbList\",\"@id\":\"https:\/\/www.visit-ulcinj.com\/blog\/2017\/06\/27\/poceo-ljetnji-kamp-liderstva-u-ulcinju\/#breadcrumb\",\"itemListElement\":[{\"@type\":\"ListItem\",\"position\":1,\"name\":\"Po\u010deo Ljetnji kamp liderstva u Ulcinju\"}]},{\"@type\":\"Person\",\"@id\":\"https:\/\/www.visit-ulcinj.com\/blog\/#\/schema\/person\/dcab619c614d3038751c63bc2aadc06d\",\"name\":\"ulqini\",\"sameAs\":[\"http:\/\/www.visit-ulcinj.com\"],\"url\":\"https:\/\/www.visit-ulcinj.com\/blog\/author\/admin\/\"}]}<\/script>\n<!-- \/ Yoast SEO plugin. -->","yoast_head_json":{"title":"Po\u010deo Ljetnji kamp liderstva u Ulcinju - Lajme nga Ulqini","description":"Danas je u Ulcinju po\u010deo sa realizacijom Ljetnji kamp liderstva, u organizaciji NVO iACT, u partnerstvu sa LEAP4 change organizacijom iz SAD. U\u010desnici","robots":{"index":"index","follow":"follow","max-snippet":"max-snippet:-1","max-image-preview":"max-image-preview:large","max-video-preview":"max-video-preview:-1"},"canonical":"https:\/\/www.visit-ulcinj.com\/blog\/2017\/06\/27\/poceo-ljetnji-kamp-liderstva-u-ulcinju\/","og_locale":"en_US","og_type":"article","og_title":"Po\u010deo Ljetnji kamp liderstva u Ulcinju - Lajme nga Ulqini","og_description":"Danas je u Ulcinju po\u010deo sa realizacijom Ljetnji kamp liderstva, u organizaciji NVO iACT, u partnerstvu sa LEAP4 change organizacijom iz SAD. U\u010desnici","og_url":"https:\/\/www.visit-ulcinj.com\/blog\/2017\/06\/27\/poceo-ljetnji-kamp-liderstva-u-ulcinju\/","og_site_name":"Lajme nga Ulqini","article_published_time":"2017-06-27T08:13:44+00:00","og_image":[{"url":"https:\/\/www.visit-ulcinj.com\/blog\/wp-content\/uploads\/2017\/06\/OJQ-iACT-Kampi-Veror-Ulqin-4-150x150.jpg"}],"twitter_misc":{"Written by":"ulqini","Est. reading time":"1 minute"},"schema":{"@context":"https:\/\/schema.org","@graph":[{"@type":"WebSite","@id":"https:\/\/www.visit-ulcinj.com\/blog\/#website","url":"https:\/\/www.visit-ulcinj.com\/blog\/","name":"Lajme nga Ulqini","description":"Lajme,Vijesti,Ulqini,Ulqin,Crna Gora,Mali i Zi","potentialAction":[{"@type":"SearchAction","target":{"@type":"EntryPoint","urlTemplate":"https:\/\/www.visit-ulcinj.com\/blog\/?s={search_term_string}"},"query-input":"required name=search_term_string"}],"inLanguage":"en-US"},{"@type":"ImageObject","inLanguage":"en-US","@id":"https:\/\/www.visit-ulcinj.com\/blog\/2017\/06\/27\/poceo-ljetnji-kamp-liderstva-u-ulcinju\/#primaryimage","url":"https:\/\/www.visit-ulcinj.com\/blog\/wp-content\/uploads\/2017\/06\/OJQ-iACT-Kampi-Veror-Ulqin-4.jpg","contentUrl":"https:\/\/www.visit-ulcinj.com\/blog\/wp-content\/uploads\/2017\/06\/OJQ-iACT-Kampi-Veror-Ulqin-4.jpg","width":827,"height":620},{"@type":"WebPage","@id":"https:\/\/www.visit-ulcinj.com\/blog\/2017\/06\/27\/poceo-ljetnji-kamp-liderstva-u-ulcinju\/#webpage","url":"https:\/\/www.visit-ulcinj.com\/blog\/2017\/06\/27\/poceo-ljetnji-kamp-liderstva-u-ulcinju\/","name":"Po\u010deo Ljetnji kamp liderstva u Ulcinju - Lajme nga Ulqini","isPartOf":{"@id":"https:\/\/www.visit-ulcinj.com\/blog\/#website"},"primaryImageOfPage":{"@id":"https:\/\/www.visit-ulcinj.com\/blog\/2017\/06\/27\/poceo-ljetnji-kamp-liderstva-u-ulcinju\/#primaryimage"},"datePublished":"2017-06-27T08:13:44+00:00","dateModified":"2017-06-27T08:13:44+00:00","author":{"@id":"https:\/\/www.visit-ulcinj.com\/blog\/#\/schema\/person\/dcab619c614d3038751c63bc2aadc06d"},"description":"Danas je u Ulcinju po\u010deo sa realizacijom Ljetnji kamp liderstva, u organizaciji NVO iACT, u partnerstvu sa LEAP4 change organizacijom iz SAD. U\u010desnici","breadcrumb":{"@id":"https:\/\/www.visit-ulcinj.com\/blog\/2017\/06\/27\/poceo-ljetnji-kamp-liderstva-u-ulcinju\/#breadcrumb"},"inLanguage":"en-US","potentialAction":[{"@type":"ReadAction","target":["https:\/\/www.visit-ulcinj.com\/blog\/2017\/06\/27\/poceo-ljetnji-kamp-liderstva-u-ulcinju\/"]}]},{"@type":"BreadcrumbList","@id":"https:\/\/www.visit-ulcinj.com\/blog\/2017\/06\/27\/poceo-ljetnji-kamp-liderstva-u-ulcinju\/#breadcrumb","itemListElement":[{"@type":"ListItem","position":1,"name":"Po\u010deo Ljetnji kamp liderstva u Ulcinju"}]},{"@type":"Person","@id":"https:\/\/www.visit-ulcinj.com\/blog\/#\/schema\/person\/dcab619c614d3038751c63bc2aadc06d","name":"ulqini","sameAs":["http:\/\/www.visit-ulcinj.com"],"url":"https:\/\/www.visit-ulcinj.com\/blog\/author\/admin\/"}]}},"jetpack_featured_media_url":"","jetpack_sharing_enabled":true,"jetpack_shortlink":"https:\/\/wp.me\/pe6lTn-rwQ","_links":{"self":[{"href":"https:\/\/www.visit-ulcinj.com\/blog\/wp-json\/wp\/v2\/posts\/105824"}],"collection":[{"href":"https:\/\/www.visit-ulcinj.com\/blog\/wp-json\/wp\/v2\/posts"}],"about":[{"href":"https:\/\/www.visit-ulcinj.com\/blog\/wp-json\/wp\/v2\/types\/post"}],"author":[{"embeddable":true,"href":"https:\/\/www.visit-ulcinj.com\/blog\/wp-json\/wp\/v2\/users\/1"}],"replies":[{"embeddable":true,"href":"https:\/\/www.visit-ulcinj.com\/blog\/wp-json\/wp\/v2\/comments?post=105824"}],"version-history":[{"count":1,"href":"https:\/\/www.visit-ulcinj.com\/blog\/wp-json\/wp\/v2\/posts\/105824\/revisions"}],"predecessor-version":[{"id":105825,"href":"https:\/\/www.visit-ulcinj.com\/blog\/wp-json\/wp\/v2\/posts\/105824\/revisions\/105825"}],"wp:attachment":[{"href":"https:\/\/www.visit-ulcinj.com\/blog\/wp-json\/wp\/v2\/media?parent=105824"}],"wp:term":[{"taxonomy":"category","embeddable":true,"href":"https:\/\/www.visit-ulcinj.com\/blog\/wp-json\/wp\/v2\/categories?post=105824"},{"taxonomy":"post_tag","embeddable":true,"href":"https:\/\/www.visit-ulcinj.com\/blog\/wp-json\/wp\/v2\/tags?post=105824"}],"curies":[{"name":"wp","href":"https:\/\/api.w.org\/{rel}","templated":true}]}}