{"id":105829,"date":"2017-06-27T12:48:09","date_gmt":"2017-06-27T11:48:09","guid":{"rendered":"http:\/\/www.visit-ulcinj.com\/blog\/?p=105829"},"modified":"2017-06-28T08:21:48","modified_gmt":"2017-06-28T07:21:48","slug":"policia-e-malit-te-zi-hap-konkurs-2-nga-ulqini-konkurojn-ne-akademi","status":"publish","type":"post","link":"https:\/\/www.visit-ulcinj.com\/blog\/2017\/06\/27\/policia-e-malit-te-zi-hap-konkurs-2-nga-ulqini-konkurojn-ne-akademi\/","title":{"rendered":"Policia e Malit t\u00eb Zi hap konkurs, 2 nga Ulqini konkurojn ne akademi"},"content":{"rendered":"<p><span class=\"arial14 \"><strong><a href=\"http:\/\/www.visit-ulcinj.com\/blog\/wp-content\/uploads\/2017\/06\/Policijska-akademija-Prijavilo-se-2-kandidata-iz-Ulcinja.jpg\"><img loading=\"lazy\" class=\"alignleft wp-image-105827\" src=\"http:\/\/www.visit-ulcinj.com\/blog\/wp-content\/uploads\/2017\/06\/Policijska-akademija-Prijavilo-se-2-kandidata-iz-Ulcinja.jpg\" alt=\"\" width=\"508\" height=\"442\" srcset=\"https:\/\/www.visit-ulcinj.com\/blog\/wp-content\/uploads\/2017\/06\/Policijska-akademija-Prijavilo-se-2-kandidata-iz-Ulcinja.jpg 640w, https:\/\/www.visit-ulcinj.com\/blog\/wp-content\/uploads\/2017\/06\/Policijska-akademija-Prijavilo-se-2-kandidata-iz-Ulcinja-300x261.jpg 300w\" sizes=\"(max-width: 508px) 100vw, 508px\" \/><\/a>Policia e Malit t\u00eb Zi rekruton pjes\u00ebtar\u00eb t\u00eb rinj. Nj\u00eb flet\u00eb konkursi e vendosur\u00a0 n\u00eb mediat e Malit t\u00eb Zi q\u00eb me 5 qershor u b\u00eb q\u00eb t\u00eb t\u00ebrheq v\u00ebmendjen e shum\u00eb qytetar\u00ebve, transmeton agjesia e lajmeve &#8220;MINA&#8221;.<\/strong><\/span><\/p>\n<p><span class=\"arial14 linkszi \">Kriteret e paraqitura n\u00eb k\u00ebt\u00eb konkurs jan\u00eb t\u00eb thjeshta, mjafton t\u00eb jesh shtetas i Malit t\u00eb Zi, t\u00eb mos kesh t\u00eb kaluar kriminale dhe t\u00eb kesh shkollimin e mes\u00ebm t\u00eb p\u00ebrfunduar. Por fazat n\u00ebp\u00ebr t\u00eb cilat kalojn\u00eb t\u00eb p\u00ebrzgjedhurit jan\u00eb m\u00eb t\u00eb nd\u00ebrlikuara.<\/span><\/p>\n<p>Numri i personave q\u00eb duan t\u00eb b\u00ebhen pjes\u00eb e policis\u00eb \u00ebsht\u00eb mjaft i lart\u00eb. Konkursi \u00ebsht\u00eb hapur prej 5 qershor deri me 11 korrik\u00a0 nd\u00ebrsa deri m\u00eb sot kan\u00eb aplikuar 89 persona, ku 67 prej tyre jan\u00eb meshkuj, dhe 22 jan\u00eb femra. Nga konkursi 40 prej tyre do pranohen n\u00eb akademin policore te Malit t\u00eb Zi.<\/p>\n<p>&nbsp;<\/p>\n","protected":false},"excerpt":{"rendered":"<p>Policia e Malit t\u00eb Zi rekruton pjes\u00ebtar\u00eb t\u00eb rinj. Nj\u00eb flet\u00eb konkursi e vendosur\u00a0 n\u00eb mediat e Malit t\u00eb Zi q\u00eb me 5 qershor u b\u00eb q\u00eb t\u00eb t\u00ebrheq v\u00ebmendjen e shum\u00eb qytetar\u00ebve, transmeton agjesia e lajmeve &#8220;MINA&#8221;. Kriteret e paraqitura n\u00eb k\u00ebt\u00eb konkurs jan\u00eb t\u00eb thjeshta, mjafton t\u00eb jesh shtetas i Malit t\u00eb Zi, [&hellip;]<\/p>\n","protected":false},"author":1,"featured_media":0,"comment_status":"closed","ping_status":"closed","sticky":false,"template":"","format":"standard","meta":{"spay_email":"","jetpack_publicize_message":"","jetpack_is_tweetstorm":false,"jetpack_publicize_feature_enabled":true},"categories":[14],"tags":[],"jetpack_publicize_connections":[],"yoast_head":"<!-- This site is optimized with the Yoast SEO plugin v19.1 - https:\/\/yoast.com\/wordpress\/plugins\/seo\/ -->\n<title>Policia e Malit t\u00eb Zi hap konkurs, 2 nga Ulqini konkurojn ne akademi - Lajme nga Ulqini<\/title>\n<meta name=\"description\" content=\"Policia e Malit t\u00eb Zi rekruton pjes\u00ebtar\u00eb t\u00eb rinj. Nj\u00eb flet\u00eb konkursi e vendosur\u00a0 n\u00eb mediat e Malit t\u00eb Zi q\u00eb me 5 qershor u b\u00eb q\u00eb t\u00eb t\u00ebrheq v\u00ebmendjen e\" \/>\n<meta name=\"robots\" content=\"index, follow, max-snippet:-1, max-image-preview:large, max-video-preview:-1\" \/>\n<link rel=\"canonical\" href=\"https:\/\/www.visit-ulcinj.com\/blog\/2017\/06\/27\/policia-e-malit-te-zi-hap-konkurs-2-nga-ulqini-konkurojn-ne-akademi\/\" \/>\n<meta property=\"og:locale\" content=\"en_US\" \/>\n<meta property=\"og:type\" content=\"article\" \/>\n<meta property=\"og:title\" content=\"Policia e Malit t\u00eb Zi hap konkurs, 2 nga Ulqini konkurojn ne akademi - Lajme nga Ulqini\" \/>\n<meta property=\"og:description\" content=\"Policia e Malit t\u00eb Zi rekruton pjes\u00ebtar\u00eb t\u00eb rinj. Nj\u00eb flet\u00eb konkursi e vendosur\u00a0 n\u00eb mediat e Malit t\u00eb Zi q\u00eb me 5 qershor u b\u00eb q\u00eb t\u00eb t\u00ebrheq v\u00ebmendjen e\" \/>\n<meta property=\"og:url\" content=\"https:\/\/www.visit-ulcinj.com\/blog\/2017\/06\/27\/policia-e-malit-te-zi-hap-konkurs-2-nga-ulqini-konkurojn-ne-akademi\/\" \/>\n<meta property=\"og:site_name\" content=\"Lajme nga Ulqini\" \/>\n<meta property=\"article:published_time\" content=\"2017-06-27T11:48:09+00:00\" \/>\n<meta property=\"article:modified_time\" content=\"2017-06-28T07:21:48+00:00\" \/>\n<meta property=\"og:image\" content=\"http:\/\/www.visit-ulcinj.com\/blog\/wp-content\/uploads\/2017\/06\/Policijska-akademija-Prijavilo-se-2-kandidata-iz-Ulcinja.jpg\" \/>\n<meta name=\"twitter:label1\" content=\"Written by\" \/>\n\t<meta name=\"twitter:data1\" content=\"ulqini\" \/>\n\t<meta name=\"twitter:label2\" content=\"Est. reading time\" \/>\n\t<meta name=\"twitter:data2\" content=\"1 minute\" \/>\n<script type=\"application\/ld+json\" class=\"yoast-schema-graph\">{\"@context\":\"https:\/\/schema.org\",\"@graph\":[{\"@type\":\"WebSite\",\"@id\":\"https:\/\/www.visit-ulcinj.com\/blog\/#website\",\"url\":\"https:\/\/www.visit-ulcinj.com\/blog\/\",\"name\":\"Lajme nga Ulqini\",\"description\":\"Lajme,Vijesti,Ulqini,Ulqin,Crna Gora,Mali i Zi\",\"potentialAction\":[{\"@type\":\"SearchAction\",\"target\":{\"@type\":\"EntryPoint\",\"urlTemplate\":\"https:\/\/www.visit-ulcinj.com\/blog\/?s={search_term_string}\"},\"query-input\":\"required name=search_term_string\"}],\"inLanguage\":\"en-US\"},{\"@type\":\"ImageObject\",\"inLanguage\":\"en-US\",\"@id\":\"https:\/\/www.visit-ulcinj.com\/blog\/2017\/06\/27\/policia-e-malit-te-zi-hap-konkurs-2-nga-ulqini-konkurojn-ne-akademi\/#primaryimage\",\"url\":\"https:\/\/www.visit-ulcinj.com\/blog\/wp-content\/uploads\/2017\/06\/Policijska-akademija-Prijavilo-se-2-kandidata-iz-Ulcinja.jpg\",\"contentUrl\":\"https:\/\/www.visit-ulcinj.com\/blog\/wp-content\/uploads\/2017\/06\/Policijska-akademija-Prijavilo-se-2-kandidata-iz-Ulcinja.jpg\",\"width\":640,\"height\":557},{\"@type\":\"WebPage\",\"@id\":\"https:\/\/www.visit-ulcinj.com\/blog\/2017\/06\/27\/policia-e-malit-te-zi-hap-konkurs-2-nga-ulqini-konkurojn-ne-akademi\/#webpage\",\"url\":\"https:\/\/www.visit-ulcinj.com\/blog\/2017\/06\/27\/policia-e-malit-te-zi-hap-konkurs-2-nga-ulqini-konkurojn-ne-akademi\/\",\"name\":\"Policia e Malit t\u00eb Zi hap konkurs, 2 nga Ulqini konkurojn ne akademi - Lajme nga Ulqini\",\"isPartOf\":{\"@id\":\"https:\/\/www.visit-ulcinj.com\/blog\/#website\"},\"primaryImageOfPage\":{\"@id\":\"https:\/\/www.visit-ulcinj.com\/blog\/2017\/06\/27\/policia-e-malit-te-zi-hap-konkurs-2-nga-ulqini-konkurojn-ne-akademi\/#primaryimage\"},\"datePublished\":\"2017-06-27T11:48:09+00:00\",\"dateModified\":\"2017-06-28T07:21:48+00:00\",\"author\":{\"@id\":\"https:\/\/www.visit-ulcinj.com\/blog\/#\/schema\/person\/dcab619c614d3038751c63bc2aadc06d\"},\"description\":\"Policia e Malit t\u00eb Zi rekruton pjes\u00ebtar\u00eb t\u00eb rinj. Nj\u00eb flet\u00eb konkursi e vendosur\u00a0 n\u00eb mediat e Malit t\u00eb Zi q\u00eb me 5 qershor u b\u00eb q\u00eb t\u00eb t\u00ebrheq v\u00ebmendjen e\",\"breadcrumb\":{\"@id\":\"https:\/\/www.visit-ulcinj.com\/blog\/2017\/06\/27\/policia-e-malit-te-zi-hap-konkurs-2-nga-ulqini-konkurojn-ne-akademi\/#breadcrumb\"},\"inLanguage\":\"en-US\",\"potentialAction\":[{\"@type\":\"ReadAction\",\"target\":[\"https:\/\/www.visit-ulcinj.com\/blog\/2017\/06\/27\/policia-e-malit-te-zi-hap-konkurs-2-nga-ulqini-konkurojn-ne-akademi\/\"]}]},{\"@type\":\"BreadcrumbList\",\"@id\":\"https:\/\/www.visit-ulcinj.com\/blog\/2017\/06\/27\/policia-e-malit-te-zi-hap-konkurs-2-nga-ulqini-konkurojn-ne-akademi\/#breadcrumb\",\"itemListElement\":[{\"@type\":\"ListItem\",\"position\":1,\"name\":\"Policia e Malit t\u00eb Zi hap konkurs, 2 nga Ulqini konkurojn ne akademi\"}]},{\"@type\":\"Person\",\"@id\":\"https:\/\/www.visit-ulcinj.com\/blog\/#\/schema\/person\/dcab619c614d3038751c63bc2aadc06d\",\"name\":\"ulqini\",\"sameAs\":[\"http:\/\/www.visit-ulcinj.com\"],\"url\":\"https:\/\/www.visit-ulcinj.com\/blog\/author\/admin\/\"}]}<\/script>\n<!-- \/ Yoast SEO plugin. -->","yoast_head_json":{"title":"Policia e Malit t\u00eb Zi hap konkurs, 2 nga Ulqini konkurojn ne akademi - Lajme nga Ulqini","description":"Policia e Malit t\u00eb Zi rekruton pjes\u00ebtar\u00eb t\u00eb rinj. Nj\u00eb flet\u00eb konkursi e vendosur\u00a0 n\u00eb mediat e Malit t\u00eb Zi q\u00eb me 5 qershor u b\u00eb q\u00eb t\u00eb t\u00ebrheq v\u00ebmendjen e","robots":{"index":"index","follow":"follow","max-snippet":"max-snippet:-1","max-image-preview":"max-image-preview:large","max-video-preview":"max-video-preview:-1"},"canonical":"https:\/\/www.visit-ulcinj.com\/blog\/2017\/06\/27\/policia-e-malit-te-zi-hap-konkurs-2-nga-ulqini-konkurojn-ne-akademi\/","og_locale":"en_US","og_type":"article","og_title":"Policia e Malit t\u00eb Zi hap konkurs, 2 nga Ulqini konkurojn ne akademi - Lajme nga Ulqini","og_description":"Policia e Malit t\u00eb Zi rekruton pjes\u00ebtar\u00eb t\u00eb rinj. Nj\u00eb flet\u00eb konkursi e vendosur\u00a0 n\u00eb mediat e Malit t\u00eb Zi q\u00eb me 5 qershor u b\u00eb q\u00eb t\u00eb t\u00ebrheq v\u00ebmendjen e","og_url":"https:\/\/www.visit-ulcinj.com\/blog\/2017\/06\/27\/policia-e-malit-te-zi-hap-konkurs-2-nga-ulqini-konkurojn-ne-akademi\/","og_site_name":"Lajme nga Ulqini","article_published_time":"2017-06-27T11:48:09+00:00","article_modified_time":"2017-06-28T07:21:48+00:00","og_image":[{"url":"http:\/\/www.visit-ulcinj.com\/blog\/wp-content\/uploads\/2017\/06\/Policijska-akademija-Prijavilo-se-2-kandidata-iz-Ulcinja.jpg"}],"twitter_misc":{"Written by":"ulqini","Est. reading time":"1 minute"},"schema":{"@context":"https:\/\/schema.org","@graph":[{"@type":"WebSite","@id":"https:\/\/www.visit-ulcinj.com\/blog\/#website","url":"https:\/\/www.visit-ulcinj.com\/blog\/","name":"Lajme nga Ulqini","description":"Lajme,Vijesti,Ulqini,Ulqin,Crna Gora,Mali i Zi","potentialAction":[{"@type":"SearchAction","target":{"@type":"EntryPoint","urlTemplate":"https:\/\/www.visit-ulcinj.com\/blog\/?s={search_term_string}"},"query-input":"required name=search_term_string"}],"inLanguage":"en-US"},{"@type":"ImageObject","inLanguage":"en-US","@id":"https:\/\/www.visit-ulcinj.com\/blog\/2017\/06\/27\/policia-e-malit-te-zi-hap-konkurs-2-nga-ulqini-konkurojn-ne-akademi\/#primaryimage","url":"https:\/\/www.visit-ulcinj.com\/blog\/wp-content\/uploads\/2017\/06\/Policijska-akademija-Prijavilo-se-2-kandidata-iz-Ulcinja.jpg","contentUrl":"https:\/\/www.visit-ulcinj.com\/blog\/wp-content\/uploads\/2017\/06\/Policijska-akademija-Prijavilo-se-2-kandidata-iz-Ulcinja.jpg","width":640,"height":557},{"@type":"WebPage","@id":"https:\/\/www.visit-ulcinj.com\/blog\/2017\/06\/27\/policia-e-malit-te-zi-hap-konkurs-2-nga-ulqini-konkurojn-ne-akademi\/#webpage","url":"https:\/\/www.visit-ulcinj.com\/blog\/2017\/06\/27\/policia-e-malit-te-zi-hap-konkurs-2-nga-ulqini-konkurojn-ne-akademi\/","name":"Policia e Malit t\u00eb Zi hap konkurs, 2 nga Ulqini konkurojn ne akademi - Lajme nga Ulqini","isPartOf":{"@id":"https:\/\/www.visit-ulcinj.com\/blog\/#website"},"primaryImageOfPage":{"@id":"https:\/\/www.visit-ulcinj.com\/blog\/2017\/06\/27\/policia-e-malit-te-zi-hap-konkurs-2-nga-ulqini-konkurojn-ne-akademi\/#primaryimage"},"datePublished":"2017-06-27T11:48:09+00:00","dateModified":"2017-06-28T07:21:48+00:00","author":{"@id":"https:\/\/www.visit-ulcinj.com\/blog\/#\/schema\/person\/dcab619c614d3038751c63bc2aadc06d"},"description":"Policia e Malit t\u00eb Zi rekruton pjes\u00ebtar\u00eb t\u00eb rinj. Nj\u00eb flet\u00eb konkursi e vendosur\u00a0 n\u00eb mediat e Malit t\u00eb Zi q\u00eb me 5 qershor u b\u00eb q\u00eb t\u00eb t\u00ebrheq v\u00ebmendjen e","breadcrumb":{"@id":"https:\/\/www.visit-ulcinj.com\/blog\/2017\/06\/27\/policia-e-malit-te-zi-hap-konkurs-2-nga-ulqini-konkurojn-ne-akademi\/#breadcrumb"},"inLanguage":"en-US","potentialAction":[{"@type":"ReadAction","target":["https:\/\/www.visit-ulcinj.com\/blog\/2017\/06\/27\/policia-e-malit-te-zi-hap-konkurs-2-nga-ulqini-konkurojn-ne-akademi\/"]}]},{"@type":"BreadcrumbList","@id":"https:\/\/www.visit-ulcinj.com\/blog\/2017\/06\/27\/policia-e-malit-te-zi-hap-konkurs-2-nga-ulqini-konkurojn-ne-akademi\/#breadcrumb","itemListElement":[{"@type":"ListItem","position":1,"name":"Policia e Malit t\u00eb Zi hap konkurs, 2 nga Ulqini konkurojn ne akademi"}]},{"@type":"Person","@id":"https:\/\/www.visit-ulcinj.com\/blog\/#\/schema\/person\/dcab619c614d3038751c63bc2aadc06d","name":"ulqini","sameAs":["http:\/\/www.visit-ulcinj.com"],"url":"https:\/\/www.visit-ulcinj.com\/blog\/author\/admin\/"}]}},"jetpack_featured_media_url":"","jetpack_sharing_enabled":true,"jetpack_shortlink":"https:\/\/wp.me\/pe6lTn-rwV","_links":{"self":[{"href":"https:\/\/www.visit-ulcinj.com\/blog\/wp-json\/wp\/v2\/posts\/105829"}],"collection":[{"href":"https:\/\/www.visit-ulcinj.com\/blog\/wp-json\/wp\/v2\/posts"}],"about":[{"href":"https:\/\/www.visit-ulcinj.com\/blog\/wp-json\/wp\/v2\/types\/post"}],"author":[{"embeddable":true,"href":"https:\/\/www.visit-ulcinj.com\/blog\/wp-json\/wp\/v2\/users\/1"}],"replies":[{"embeddable":true,"href":"https:\/\/www.visit-ulcinj.com\/blog\/wp-json\/wp\/v2\/comments?post=105829"}],"version-history":[{"count":4,"href":"https:\/\/www.visit-ulcinj.com\/blog\/wp-json\/wp\/v2\/posts\/105829\/revisions"}],"predecessor-version":[{"id":105833,"href":"https:\/\/www.visit-ulcinj.com\/blog\/wp-json\/wp\/v2\/posts\/105829\/revisions\/105833"}],"wp:attachment":[{"href":"https:\/\/www.visit-ulcinj.com\/blog\/wp-json\/wp\/v2\/media?parent=105829"}],"wp:term":[{"taxonomy":"category","embeddable":true,"href":"https:\/\/www.visit-ulcinj.com\/blog\/wp-json\/wp\/v2\/categories?post=105829"},{"taxonomy":"post_tag","embeddable":true,"href":"https:\/\/www.visit-ulcinj.com\/blog\/wp-json\/wp\/v2\/tags?post=105829"}],"curies":[{"name":"wp","href":"https:\/\/api.w.org\/{rel}","templated":true}]}}