{"id":105834,"date":"2017-06-27T13:47:07","date_gmt":"2017-06-27T12:47:07","guid":{"rendered":"http:\/\/www.visit-ulcinj.com\/blog\/?p=105834"},"modified":"2017-06-27T13:47:07","modified_gmt":"2017-06-27T12:47:07","slug":"ky-eshte-vendi-ku-po-pushon-butrint-imeri","status":"publish","type":"post","link":"https:\/\/www.visit-ulcinj.com\/blog\/2017\/06\/27\/ky-eshte-vendi-ku-po-pushon-butrint-imeri\/","title":{"rendered":"Ky \u00ebsht\u00eb vendi ku po pushon Butrint Imeri"},"content":{"rendered":"<p><strong><a href=\"http:\/\/www.visit-ulcinj.com\/blog\/wp-content\/uploads\/2017\/06\/Butrint-Imeri-ne-Ulqin.jpg\"><img loading=\"lazy\" class=\"alignleft wp-image-105835\" src=\"http:\/\/www.visit-ulcinj.com\/blog\/wp-content\/uploads\/2017\/06\/Butrint-Imeri-ne-Ulqin.jpg\" alt=\"\" width=\"508\" height=\"635\" \/><\/a>K\u00ebng\u00ebtari i njohur Butrint Imeri para nj\u00eb jave publikoi k\u00ebng\u00ebn e tij m\u00eb t\u00eb fundit \u201cBella\u201d, e cila u p\u00eblqye mjaft shum\u00eb nga fansat dhe ka arritur mbi\u00a02 576 601 klikime n\u00eb youtube.<\/strong><\/p>\n<p>Pas angazhimeve n\u00eb muzik\u00eb, ai ka vendosur q\u00eb t\u2019i jap\u00eb vetes pak pushim, dhe si destinacion p\u00ebr pushimet e tij verore, ai ka zgjedhur Ulqinin.<\/p>\n<p>Ndon\u00ebse prej vitesh jeton n\u00eb Zvic\u00ebr, ai prap\u00eb se prap\u00eb ka dashuri t\u00eb madhe p\u00ebr Ulqinin, kjo \u00ebsht\u00eb dhe arsyeja q\u00eb p\u00eblqen t\u00eb vij\u00eb shpesh n\u00eb pushime.\/Lajme nga Ulqini\/<\/p>\n<!--YouTube Error: bad URL entered-->\n","protected":false},"excerpt":{"rendered":"<p>K\u00ebng\u00ebtari i njohur Butrint Imeri para nj\u00eb jave publikoi k\u00ebng\u00ebn e tij m\u00eb t\u00eb fundit \u201cBella\u201d, e cila u p\u00eblqye mjaft shum\u00eb nga fansat dhe ka arritur mbi\u00a02 576 601 klikime n\u00eb youtube. Pas angazhimeve n\u00eb muzik\u00eb, ai ka vendosur q\u00eb t\u2019i jap\u00eb vetes pak pushim, dhe si destinacion p\u00ebr pushimet e tij verore, ai [&hellip;]<\/p>\n","protected":false},"author":1,"featured_media":0,"comment_status":"closed","ping_status":"closed","sticky":false,"template":"","format":"standard","meta":{"spay_email":"","jetpack_publicize_message":"","jetpack_is_tweetstorm":false,"jetpack_publicize_feature_enabled":true},"categories":[1],"tags":[],"jetpack_publicize_connections":[],"yoast_head":"<!-- This site is optimized with the Yoast SEO plugin v19.1 - https:\/\/yoast.com\/wordpress\/plugins\/seo\/ -->\n<title>Ky \u00ebsht\u00eb vendi ku po pushon Butrint Imeri - Lajme nga Ulqini<\/title>\n<meta name=\"description\" content=\"K\u00ebng\u00ebtari i njohur Butrint Imeri para nj\u00eb jave publikoi k\u00ebng\u00ebn e tij m\u00eb t\u00eb fundit \u201cBella\u201d, e cila u p\u00eblqye mjaft shum\u00eb nga fansat dhe ka arritur mbi\u00a02 576\" \/>\n<meta name=\"robots\" content=\"index, follow, max-snippet:-1, max-image-preview:large, max-video-preview:-1\" \/>\n<link rel=\"canonical\" href=\"https:\/\/www.visit-ulcinj.com\/blog\/2017\/06\/27\/ky-eshte-vendi-ku-po-pushon-butrint-imeri\/\" \/>\n<meta property=\"og:locale\" content=\"en_US\" \/>\n<meta property=\"og:type\" content=\"article\" \/>\n<meta property=\"og:title\" content=\"Ky \u00ebsht\u00eb vendi ku po pushon Butrint Imeri - Lajme nga Ulqini\" \/>\n<meta property=\"og:description\" content=\"K\u00ebng\u00ebtari i njohur Butrint Imeri para nj\u00eb jave publikoi k\u00ebng\u00ebn e tij m\u00eb t\u00eb fundit \u201cBella\u201d, e cila u p\u00eblqye mjaft shum\u00eb nga fansat dhe ka arritur mbi\u00a02 576\" \/>\n<meta property=\"og:url\" content=\"https:\/\/www.visit-ulcinj.com\/blog\/2017\/06\/27\/ky-eshte-vendi-ku-po-pushon-butrint-imeri\/\" \/>\n<meta property=\"og:site_name\" content=\"Lajme nga Ulqini\" \/>\n<meta property=\"article:published_time\" content=\"2017-06-27T12:47:07+00:00\" \/>\n<meta property=\"og:image\" content=\"http:\/\/www.visit-ulcinj.com\/blog\/wp-content\/uploads\/2017\/06\/Butrint-Imeri-ne-Ulqin.jpg\" \/>\n<meta name=\"twitter:label1\" content=\"Written by\" \/>\n\t<meta name=\"twitter:data1\" content=\"ulqini\" \/>\n\t<meta name=\"twitter:label2\" content=\"Est. reading time\" \/>\n\t<meta name=\"twitter:data2\" content=\"1 minute\" \/>\n<script type=\"application\/ld+json\" class=\"yoast-schema-graph\">{\"@context\":\"https:\/\/schema.org\",\"@graph\":[{\"@type\":\"WebSite\",\"@id\":\"https:\/\/www.visit-ulcinj.com\/blog\/#website\",\"url\":\"https:\/\/www.visit-ulcinj.com\/blog\/\",\"name\":\"Lajme nga Ulqini\",\"description\":\"Lajme,Vijesti,Ulqini,Ulqin,Crna Gora,Mali i Zi\",\"potentialAction\":[{\"@type\":\"SearchAction\",\"target\":{\"@type\":\"EntryPoint\",\"urlTemplate\":\"https:\/\/www.visit-ulcinj.com\/blog\/?s={search_term_string}\"},\"query-input\":\"required name=search_term_string\"}],\"inLanguage\":\"en-US\"},{\"@type\":\"ImageObject\",\"inLanguage\":\"en-US\",\"@id\":\"https:\/\/www.visit-ulcinj.com\/blog\/2017\/06\/27\/ky-eshte-vendi-ku-po-pushon-butrint-imeri\/#primaryimage\",\"url\":\"http:\/\/www.visit-ulcinj.com\/blog\/wp-content\/uploads\/2017\/06\/Butrint-Imeri-ne-Ulqin.jpg\",\"contentUrl\":\"http:\/\/www.visit-ulcinj.com\/blog\/wp-content\/uploads\/2017\/06\/Butrint-Imeri-ne-Ulqin.jpg\"},{\"@type\":\"WebPage\",\"@id\":\"https:\/\/www.visit-ulcinj.com\/blog\/2017\/06\/27\/ky-eshte-vendi-ku-po-pushon-butrint-imeri\/#webpage\",\"url\":\"https:\/\/www.visit-ulcinj.com\/blog\/2017\/06\/27\/ky-eshte-vendi-ku-po-pushon-butrint-imeri\/\",\"name\":\"Ky \u00ebsht\u00eb vendi ku po pushon Butrint Imeri - Lajme nga Ulqini\",\"isPartOf\":{\"@id\":\"https:\/\/www.visit-ulcinj.com\/blog\/#website\"},\"primaryImageOfPage\":{\"@id\":\"https:\/\/www.visit-ulcinj.com\/blog\/2017\/06\/27\/ky-eshte-vendi-ku-po-pushon-butrint-imeri\/#primaryimage\"},\"datePublished\":\"2017-06-27T12:47:07+00:00\",\"dateModified\":\"2017-06-27T12:47:07+00:00\",\"author\":{\"@id\":\"https:\/\/www.visit-ulcinj.com\/blog\/#\/schema\/person\/dcab619c614d3038751c63bc2aadc06d\"},\"description\":\"K\u00ebng\u00ebtari i njohur Butrint Imeri para nj\u00eb jave publikoi k\u00ebng\u00ebn e tij m\u00eb t\u00eb fundit \u201cBella\u201d, e cila u p\u00eblqye mjaft shum\u00eb nga fansat dhe ka arritur mbi\u00a02 576\",\"breadcrumb\":{\"@id\":\"https:\/\/www.visit-ulcinj.com\/blog\/2017\/06\/27\/ky-eshte-vendi-ku-po-pushon-butrint-imeri\/#breadcrumb\"},\"inLanguage\":\"en-US\",\"potentialAction\":[{\"@type\":\"ReadAction\",\"target\":[\"https:\/\/www.visit-ulcinj.com\/blog\/2017\/06\/27\/ky-eshte-vendi-ku-po-pushon-butrint-imeri\/\"]}]},{\"@type\":\"BreadcrumbList\",\"@id\":\"https:\/\/www.visit-ulcinj.com\/blog\/2017\/06\/27\/ky-eshte-vendi-ku-po-pushon-butrint-imeri\/#breadcrumb\",\"itemListElement\":[{\"@type\":\"ListItem\",\"position\":1,\"name\":\"Ky \u00ebsht\u00eb vendi ku po pushon Butrint Imeri\"}]},{\"@type\":\"Person\",\"@id\":\"https:\/\/www.visit-ulcinj.com\/blog\/#\/schema\/person\/dcab619c614d3038751c63bc2aadc06d\",\"name\":\"ulqini\",\"sameAs\":[\"http:\/\/www.visit-ulcinj.com\"],\"url\":\"https:\/\/www.visit-ulcinj.com\/blog\/author\/admin\/\"}]}<\/script>\n<!-- \/ Yoast SEO plugin. -->","yoast_head_json":{"title":"Ky \u00ebsht\u00eb vendi ku po pushon Butrint Imeri - Lajme nga Ulqini","description":"K\u00ebng\u00ebtari i njohur Butrint Imeri para nj\u00eb jave publikoi k\u00ebng\u00ebn e tij m\u00eb t\u00eb fundit \u201cBella\u201d, e cila u p\u00eblqye mjaft shum\u00eb nga fansat dhe ka arritur mbi\u00a02 576","robots":{"index":"index","follow":"follow","max-snippet":"max-snippet:-1","max-image-preview":"max-image-preview:large","max-video-preview":"max-video-preview:-1"},"canonical":"https:\/\/www.visit-ulcinj.com\/blog\/2017\/06\/27\/ky-eshte-vendi-ku-po-pushon-butrint-imeri\/","og_locale":"en_US","og_type":"article","og_title":"Ky \u00ebsht\u00eb vendi ku po pushon Butrint Imeri - Lajme nga Ulqini","og_description":"K\u00ebng\u00ebtari i njohur Butrint Imeri para nj\u00eb jave publikoi k\u00ebng\u00ebn e tij m\u00eb t\u00eb fundit \u201cBella\u201d, e cila u p\u00eblqye mjaft shum\u00eb nga fansat dhe ka arritur mbi\u00a02 576","og_url":"https:\/\/www.visit-ulcinj.com\/blog\/2017\/06\/27\/ky-eshte-vendi-ku-po-pushon-butrint-imeri\/","og_site_name":"Lajme nga Ulqini","article_published_time":"2017-06-27T12:47:07+00:00","og_image":[{"url":"http:\/\/www.visit-ulcinj.com\/blog\/wp-content\/uploads\/2017\/06\/Butrint-Imeri-ne-Ulqin.jpg"}],"twitter_misc":{"Written by":"ulqini","Est. reading time":"1 minute"},"schema":{"@context":"https:\/\/schema.org","@graph":[{"@type":"WebSite","@id":"https:\/\/www.visit-ulcinj.com\/blog\/#website","url":"https:\/\/www.visit-ulcinj.com\/blog\/","name":"Lajme nga Ulqini","description":"Lajme,Vijesti,Ulqini,Ulqin,Crna Gora,Mali i Zi","potentialAction":[{"@type":"SearchAction","target":{"@type":"EntryPoint","urlTemplate":"https:\/\/www.visit-ulcinj.com\/blog\/?s={search_term_string}"},"query-input":"required name=search_term_string"}],"inLanguage":"en-US"},{"@type":"ImageObject","inLanguage":"en-US","@id":"https:\/\/www.visit-ulcinj.com\/blog\/2017\/06\/27\/ky-eshte-vendi-ku-po-pushon-butrint-imeri\/#primaryimage","url":"http:\/\/www.visit-ulcinj.com\/blog\/wp-content\/uploads\/2017\/06\/Butrint-Imeri-ne-Ulqin.jpg","contentUrl":"http:\/\/www.visit-ulcinj.com\/blog\/wp-content\/uploads\/2017\/06\/Butrint-Imeri-ne-Ulqin.jpg"},{"@type":"WebPage","@id":"https:\/\/www.visit-ulcinj.com\/blog\/2017\/06\/27\/ky-eshte-vendi-ku-po-pushon-butrint-imeri\/#webpage","url":"https:\/\/www.visit-ulcinj.com\/blog\/2017\/06\/27\/ky-eshte-vendi-ku-po-pushon-butrint-imeri\/","name":"Ky \u00ebsht\u00eb vendi ku po pushon Butrint Imeri - Lajme nga Ulqini","isPartOf":{"@id":"https:\/\/www.visit-ulcinj.com\/blog\/#website"},"primaryImageOfPage":{"@id":"https:\/\/www.visit-ulcinj.com\/blog\/2017\/06\/27\/ky-eshte-vendi-ku-po-pushon-butrint-imeri\/#primaryimage"},"datePublished":"2017-06-27T12:47:07+00:00","dateModified":"2017-06-27T12:47:07+00:00","author":{"@id":"https:\/\/www.visit-ulcinj.com\/blog\/#\/schema\/person\/dcab619c614d3038751c63bc2aadc06d"},"description":"K\u00ebng\u00ebtari i njohur Butrint Imeri para nj\u00eb jave publikoi k\u00ebng\u00ebn e tij m\u00eb t\u00eb fundit \u201cBella\u201d, e cila u p\u00eblqye mjaft shum\u00eb nga fansat dhe ka arritur mbi\u00a02 576","breadcrumb":{"@id":"https:\/\/www.visit-ulcinj.com\/blog\/2017\/06\/27\/ky-eshte-vendi-ku-po-pushon-butrint-imeri\/#breadcrumb"},"inLanguage":"en-US","potentialAction":[{"@type":"ReadAction","target":["https:\/\/www.visit-ulcinj.com\/blog\/2017\/06\/27\/ky-eshte-vendi-ku-po-pushon-butrint-imeri\/"]}]},{"@type":"BreadcrumbList","@id":"https:\/\/www.visit-ulcinj.com\/blog\/2017\/06\/27\/ky-eshte-vendi-ku-po-pushon-butrint-imeri\/#breadcrumb","itemListElement":[{"@type":"ListItem","position":1,"name":"Ky \u00ebsht\u00eb vendi ku po pushon Butrint Imeri"}]},{"@type":"Person","@id":"https:\/\/www.visit-ulcinj.com\/blog\/#\/schema\/person\/dcab619c614d3038751c63bc2aadc06d","name":"ulqini","sameAs":["http:\/\/www.visit-ulcinj.com"],"url":"https:\/\/www.visit-ulcinj.com\/blog\/author\/admin\/"}]}},"jetpack_featured_media_url":"","jetpack_sharing_enabled":true,"jetpack_shortlink":"https:\/\/wp.me\/pe6lTn-rx0","_links":{"self":[{"href":"https:\/\/www.visit-ulcinj.com\/blog\/wp-json\/wp\/v2\/posts\/105834"}],"collection":[{"href":"https:\/\/www.visit-ulcinj.com\/blog\/wp-json\/wp\/v2\/posts"}],"about":[{"href":"https:\/\/www.visit-ulcinj.com\/blog\/wp-json\/wp\/v2\/types\/post"}],"author":[{"embeddable":true,"href":"https:\/\/www.visit-ulcinj.com\/blog\/wp-json\/wp\/v2\/users\/1"}],"replies":[{"embeddable":true,"href":"https:\/\/www.visit-ulcinj.com\/blog\/wp-json\/wp\/v2\/comments?post=105834"}],"version-history":[{"count":1,"href":"https:\/\/www.visit-ulcinj.com\/blog\/wp-json\/wp\/v2\/posts\/105834\/revisions"}],"predecessor-version":[{"id":105836,"href":"https:\/\/www.visit-ulcinj.com\/blog\/wp-json\/wp\/v2\/posts\/105834\/revisions\/105836"}],"wp:attachment":[{"href":"https:\/\/www.visit-ulcinj.com\/blog\/wp-json\/wp\/v2\/media?parent=105834"}],"wp:term":[{"taxonomy":"category","embeddable":true,"href":"https:\/\/www.visit-ulcinj.com\/blog\/wp-json\/wp\/v2\/categories?post=105834"},{"taxonomy":"post_tag","embeddable":true,"href":"https:\/\/www.visit-ulcinj.com\/blog\/wp-json\/wp\/v2\/tags?post=105834"}],"curies":[{"name":"wp","href":"https:\/\/api.w.org\/{rel}","templated":true}]}}