{"id":105839,"date":"2017-06-27T14:03:48","date_gmt":"2017-06-27T13:03:48","guid":{"rendered":"http:\/\/www.visit-ulcinj.com\/blog\/?p=105839"},"modified":"2023-04-01T11:49:42","modified_gmt":"2023-04-01T10:49:42","slug":"ulqinaket-sqarojne-cmimet-per-pushimet-e-juaja-mos-lexoni-portalet","status":"publish","type":"post","link":"https:\/\/www.visit-ulcinj.com\/blog\/2017\/06\/27\/ulqinaket-sqarojne-cmimet-per-pushimet-e-juaja-mos-lexoni-portalet\/","title":{"rendered":"Ulqinak\u00ebt sqarojn\u00eb \u00e7mimet p\u00ebr pushimet e juaja, mos lexoni portalet"},"content":{"rendered":"<p><strong><a href=\"http:\/\/www.visit-ulcinj.com\/blog\/wp-content\/uploads\/2013\/04\/Plazhi-i-vogel-ne-Ulqin.jpg\"><img loading=\"lazy\" class=\"alignleft wp-image-70793\" src=\"http:\/\/www.visit-ulcinj.com\/blog\/wp-content\/uploads\/2013\/04\/Plazhi-i-vogel-ne-Ulqin.jpg\" alt=\"\" width=\"508\" height=\"333\" srcset=\"https:\/\/www.visit-ulcinj.com\/blog\/wp-content\/uploads\/2013\/04\/Plazhi-i-vogel-ne-Ulqin.jpg 1260w, https:\/\/www.visit-ulcinj.com\/blog\/wp-content\/uploads\/2013\/04\/Plazhi-i-vogel-ne-Ulqin-300x196.jpg 300w, https:\/\/www.visit-ulcinj.com\/blog\/wp-content\/uploads\/2013\/04\/Plazhi-i-vogel-ne-Ulqin-1024x670.jpg 1024w\" sizes=\"(max-width: 508px) 100vw, 508px\" \/><\/a>Mobil: Viber + Whatsapp: +38 2 69 335 512<\/p>\n<p>Pothuajse t\u00eb gjitha mediat kosovare por edhe disa t\u00eb atyre shqiptare n\u00eb Maqedoni, dit\u00ebn e diele kan\u00eb plasuar nj\u00eb shkrim rreth ndryshimit t\u00eb \u00e7mimeve n\u00eb mes dy qyteteve turistike, Durr\u00ebsit dhe Ulqinit, vende ku p\u00ebrfundojn\u00eb p\u00ebr t\u00eb kaluar pushimet e veta pjesa m\u00eb e madhe e qytetareve nga ato an\u00eb.<\/strong><\/p>\n<p>M\u00eb posht\u00eb po japin n\u00eb t\u00ebr\u00ebsi k\u00ebt\u00eb shkrim i cili duke pasur parasysh situat\u00ebn aspak t\u00eb mir\u00eb ekonomike t\u00eb pjes\u00ebs m\u00eb t\u00eb madhe t\u00eb banor\u00ebve t\u00eb atjesh\u00ebm edhe mund t\u00eb ndikoj\u00eb n\u00eb p\u00ebrcaktimin e destinacionit t\u00eb qytetetar\u00ebve se ku do i kalojn\u00eb pushimet e tyre verore.<\/p>\n<p>Ulqini dhe Durr\u00ebsi pritet t\u00eb jen\u00eb p\u00ebrs\u00ebri destinacionet m\u00eb t\u00eb frekuentuara bregdetare p\u00ebr kosovar\u00ebt. Jo vet\u00ebm shteti dhe cil\u00ebsia i b\u00ebjn\u00eb q\u00eb t\u00eb dallojn\u00eb dy plazhet e njohura.<br \/>\nDiferenca n\u00eb \u00e7mim duket t\u00eb jet\u00eb goxha e madhe mes dy vendeve turistike.<br \/>\nP\u00ebrderisa n\u00eb Ulqin nj\u00eb \u00e7ad\u00ebr me dy shtret\u00ebr plazhi kushton nga 7 deri n\u00eb 10 euro, n\u00eb Durr\u00ebs \u00e7mimi sillet nga 2 deri n\u00eb 4 euro.<\/p>\n<p>P\u00ebr hir\u00eb t\u00eb vertet\u00ebs, n\u00eb Ulqin gjat\u00eb gjith\u00eb sezonit ne plazhe te ndryshme te tij nj\u00eb \u00e7ad\u00ebr me dy shtret\u00ebr plazhi mund ti gjeshe edhe me cmim prej 4 ose 5 euro.\/Lajme.net<\/p>\n","protected":false},"excerpt":{"rendered":"<p>Mobil: Viber + Whatsapp: +38 2 69 335 512 Pothuajse t\u00eb gjitha mediat kosovare por edhe disa t\u00eb atyre shqiptare n\u00eb Maqedoni, dit\u00ebn e diele kan\u00eb plasuar nj\u00eb shkrim rreth ndryshimit t\u00eb \u00e7mimeve n\u00eb mes dy qyteteve turistike, Durr\u00ebsit dhe Ulqinit, vende ku p\u00ebrfundojn\u00eb p\u00ebr t\u00eb kaluar pushimet e veta pjesa m\u00eb e madhe e [&hellip;]<\/p>\n","protected":false},"author":1,"featured_media":0,"comment_status":"closed","ping_status":"closed","sticky":false,"template":"","format":"standard","meta":{"spay_email":"","jetpack_publicize_message":"","jetpack_is_tweetstorm":false,"jetpack_publicize_feature_enabled":true},"categories":[1,15],"tags":[],"jetpack_publicize_connections":[],"yoast_head":"<!-- This site is optimized with the Yoast SEO plugin v19.1 - https:\/\/yoast.com\/wordpress\/plugins\/seo\/ -->\n<title>Ulqinak\u00ebt sqarojn\u00eb \u00e7mimet p\u00ebr pushimet e juaja, mos lexoni portalet - Lajme nga Ulqini<\/title>\n<meta name=\"description\" content=\"Mobil: Viber + Whatsapp: +38 2 69 335 512 Pothuajse t\u00eb gjitha mediat kosovare por edhe disa t\u00eb atyre shqiptare n\u00eb Maqedoni, dit\u00ebn e diele kan\u00eb plasuar nj\u00eb\" \/>\n<meta name=\"robots\" content=\"index, follow, max-snippet:-1, max-image-preview:large, max-video-preview:-1\" \/>\n<link rel=\"canonical\" href=\"https:\/\/www.visit-ulcinj.com\/blog\/2017\/06\/27\/ulqinaket-sqarojne-cmimet-per-pushimet-e-juaja-mos-lexoni-portalet\/\" \/>\n<meta property=\"og:locale\" content=\"en_US\" \/>\n<meta property=\"og:type\" content=\"article\" \/>\n<meta property=\"og:title\" content=\"Ulqinak\u00ebt sqarojn\u00eb \u00e7mimet p\u00ebr pushimet e juaja, mos lexoni portalet - Lajme nga Ulqini\" \/>\n<meta property=\"og:description\" content=\"Mobil: Viber + Whatsapp: +38 2 69 335 512 Pothuajse t\u00eb gjitha mediat kosovare por edhe disa t\u00eb atyre shqiptare n\u00eb Maqedoni, dit\u00ebn e diele kan\u00eb plasuar nj\u00eb\" \/>\n<meta property=\"og:url\" content=\"https:\/\/www.visit-ulcinj.com\/blog\/2017\/06\/27\/ulqinaket-sqarojne-cmimet-per-pushimet-e-juaja-mos-lexoni-portalet\/\" \/>\n<meta property=\"og:site_name\" content=\"Lajme nga Ulqini\" \/>\n<meta property=\"article:published_time\" content=\"2017-06-27T13:03:48+00:00\" \/>\n<meta property=\"article:modified_time\" content=\"2023-04-01T10:49:42+00:00\" \/>\n<meta property=\"og:image\" content=\"http:\/\/www.visit-ulcinj.com\/blog\/wp-content\/uploads\/2013\/04\/Plazhi-i-vogel-ne-Ulqin.jpg\" \/>\n<meta name=\"twitter:label1\" content=\"Written by\" \/>\n\t<meta name=\"twitter:data1\" content=\"ulqini\" \/>\n\t<meta name=\"twitter:label2\" content=\"Est. reading time\" \/>\n\t<meta name=\"twitter:data2\" content=\"2 minutes\" \/>\n<script type=\"application\/ld+json\" class=\"yoast-schema-graph\">{\"@context\":\"https:\/\/schema.org\",\"@graph\":[{\"@type\":\"WebSite\",\"@id\":\"https:\/\/www.visit-ulcinj.com\/blog\/#website\",\"url\":\"https:\/\/www.visit-ulcinj.com\/blog\/\",\"name\":\"Lajme nga Ulqini\",\"description\":\"Lajme,Vijesti,Ulqini,Ulqin,Crna Gora,Mali i Zi\",\"potentialAction\":[{\"@type\":\"SearchAction\",\"target\":{\"@type\":\"EntryPoint\",\"urlTemplate\":\"https:\/\/www.visit-ulcinj.com\/blog\/?s={search_term_string}\"},\"query-input\":\"required name=search_term_string\"}],\"inLanguage\":\"en-US\"},{\"@type\":\"ImageObject\",\"inLanguage\":\"en-US\",\"@id\":\"https:\/\/www.visit-ulcinj.com\/blog\/2017\/06\/27\/ulqinaket-sqarojne-cmimet-per-pushimet-e-juaja-mos-lexoni-portalet\/#primaryimage\",\"url\":\"https:\/\/www.visit-ulcinj.com\/blog\/wp-content\/uploads\/2013\/04\/Plazhi-i-vogel-ne-Ulqin.jpg\",\"contentUrl\":\"https:\/\/www.visit-ulcinj.com\/blog\/wp-content\/uploads\/2013\/04\/Plazhi-i-vogel-ne-Ulqin.jpg\",\"width\":1260,\"height\":825},{\"@type\":\"WebPage\",\"@id\":\"https:\/\/www.visit-ulcinj.com\/blog\/2017\/06\/27\/ulqinaket-sqarojne-cmimet-per-pushimet-e-juaja-mos-lexoni-portalet\/#webpage\",\"url\":\"https:\/\/www.visit-ulcinj.com\/blog\/2017\/06\/27\/ulqinaket-sqarojne-cmimet-per-pushimet-e-juaja-mos-lexoni-portalet\/\",\"name\":\"Ulqinak\u00ebt sqarojn\u00eb \u00e7mimet p\u00ebr pushimet e juaja, mos lexoni portalet - Lajme nga Ulqini\",\"isPartOf\":{\"@id\":\"https:\/\/www.visit-ulcinj.com\/blog\/#website\"},\"primaryImageOfPage\":{\"@id\":\"https:\/\/www.visit-ulcinj.com\/blog\/2017\/06\/27\/ulqinaket-sqarojne-cmimet-per-pushimet-e-juaja-mos-lexoni-portalet\/#primaryimage\"},\"datePublished\":\"2017-06-27T13:03:48+00:00\",\"dateModified\":\"2023-04-01T10:49:42+00:00\",\"author\":{\"@id\":\"https:\/\/www.visit-ulcinj.com\/blog\/#\/schema\/person\/dcab619c614d3038751c63bc2aadc06d\"},\"description\":\"Mobil: Viber + Whatsapp: +38 2 69 335 512 Pothuajse t\u00eb gjitha mediat kosovare por edhe disa t\u00eb atyre shqiptare n\u00eb Maqedoni, dit\u00ebn e diele kan\u00eb plasuar nj\u00eb\",\"breadcrumb\":{\"@id\":\"https:\/\/www.visit-ulcinj.com\/blog\/2017\/06\/27\/ulqinaket-sqarojne-cmimet-per-pushimet-e-juaja-mos-lexoni-portalet\/#breadcrumb\"},\"inLanguage\":\"en-US\",\"potentialAction\":[{\"@type\":\"ReadAction\",\"target\":[\"https:\/\/www.visit-ulcinj.com\/blog\/2017\/06\/27\/ulqinaket-sqarojne-cmimet-per-pushimet-e-juaja-mos-lexoni-portalet\/\"]}]},{\"@type\":\"BreadcrumbList\",\"@id\":\"https:\/\/www.visit-ulcinj.com\/blog\/2017\/06\/27\/ulqinaket-sqarojne-cmimet-per-pushimet-e-juaja-mos-lexoni-portalet\/#breadcrumb\",\"itemListElement\":[{\"@type\":\"ListItem\",\"position\":1,\"name\":\"Ulqinak\u00ebt sqarojn\u00eb \u00e7mimet p\u00ebr pushimet e juaja, mos lexoni portalet\"}]},{\"@type\":\"Person\",\"@id\":\"https:\/\/www.visit-ulcinj.com\/blog\/#\/schema\/person\/dcab619c614d3038751c63bc2aadc06d\",\"name\":\"ulqini\",\"sameAs\":[\"http:\/\/www.visit-ulcinj.com\"],\"url\":\"https:\/\/www.visit-ulcinj.com\/blog\/author\/admin\/\"}]}<\/script>\n<!-- \/ Yoast SEO plugin. -->","yoast_head_json":{"title":"Ulqinak\u00ebt sqarojn\u00eb \u00e7mimet p\u00ebr pushimet e juaja, mos lexoni portalet - Lajme nga Ulqini","description":"Mobil: Viber + Whatsapp: +38 2 69 335 512 Pothuajse t\u00eb gjitha mediat kosovare por edhe disa t\u00eb atyre shqiptare n\u00eb Maqedoni, dit\u00ebn e diele kan\u00eb plasuar nj\u00eb","robots":{"index":"index","follow":"follow","max-snippet":"max-snippet:-1","max-image-preview":"max-image-preview:large","max-video-preview":"max-video-preview:-1"},"canonical":"https:\/\/www.visit-ulcinj.com\/blog\/2017\/06\/27\/ulqinaket-sqarojne-cmimet-per-pushimet-e-juaja-mos-lexoni-portalet\/","og_locale":"en_US","og_type":"article","og_title":"Ulqinak\u00ebt sqarojn\u00eb \u00e7mimet p\u00ebr pushimet e juaja, mos lexoni portalet - Lajme nga Ulqini","og_description":"Mobil: Viber + Whatsapp: +38 2 69 335 512 Pothuajse t\u00eb gjitha mediat kosovare por edhe disa t\u00eb atyre shqiptare n\u00eb Maqedoni, dit\u00ebn e diele kan\u00eb plasuar nj\u00eb","og_url":"https:\/\/www.visit-ulcinj.com\/blog\/2017\/06\/27\/ulqinaket-sqarojne-cmimet-per-pushimet-e-juaja-mos-lexoni-portalet\/","og_site_name":"Lajme nga Ulqini","article_published_time":"2017-06-27T13:03:48+00:00","article_modified_time":"2023-04-01T10:49:42+00:00","og_image":[{"url":"http:\/\/www.visit-ulcinj.com\/blog\/wp-content\/uploads\/2013\/04\/Plazhi-i-vogel-ne-Ulqin.jpg"}],"twitter_misc":{"Written by":"ulqini","Est. reading time":"2 minutes"},"schema":{"@context":"https:\/\/schema.org","@graph":[{"@type":"WebSite","@id":"https:\/\/www.visit-ulcinj.com\/blog\/#website","url":"https:\/\/www.visit-ulcinj.com\/blog\/","name":"Lajme nga Ulqini","description":"Lajme,Vijesti,Ulqini,Ulqin,Crna Gora,Mali i Zi","potentialAction":[{"@type":"SearchAction","target":{"@type":"EntryPoint","urlTemplate":"https:\/\/www.visit-ulcinj.com\/blog\/?s={search_term_string}"},"query-input":"required name=search_term_string"}],"inLanguage":"en-US"},{"@type":"ImageObject","inLanguage":"en-US","@id":"https:\/\/www.visit-ulcinj.com\/blog\/2017\/06\/27\/ulqinaket-sqarojne-cmimet-per-pushimet-e-juaja-mos-lexoni-portalet\/#primaryimage","url":"https:\/\/www.visit-ulcinj.com\/blog\/wp-content\/uploads\/2013\/04\/Plazhi-i-vogel-ne-Ulqin.jpg","contentUrl":"https:\/\/www.visit-ulcinj.com\/blog\/wp-content\/uploads\/2013\/04\/Plazhi-i-vogel-ne-Ulqin.jpg","width":1260,"height":825},{"@type":"WebPage","@id":"https:\/\/www.visit-ulcinj.com\/blog\/2017\/06\/27\/ulqinaket-sqarojne-cmimet-per-pushimet-e-juaja-mos-lexoni-portalet\/#webpage","url":"https:\/\/www.visit-ulcinj.com\/blog\/2017\/06\/27\/ulqinaket-sqarojne-cmimet-per-pushimet-e-juaja-mos-lexoni-portalet\/","name":"Ulqinak\u00ebt sqarojn\u00eb \u00e7mimet p\u00ebr pushimet e juaja, mos lexoni portalet - Lajme nga Ulqini","isPartOf":{"@id":"https:\/\/www.visit-ulcinj.com\/blog\/#website"},"primaryImageOfPage":{"@id":"https:\/\/www.visit-ulcinj.com\/blog\/2017\/06\/27\/ulqinaket-sqarojne-cmimet-per-pushimet-e-juaja-mos-lexoni-portalet\/#primaryimage"},"datePublished":"2017-06-27T13:03:48+00:00","dateModified":"2023-04-01T10:49:42+00:00","author":{"@id":"https:\/\/www.visit-ulcinj.com\/blog\/#\/schema\/person\/dcab619c614d3038751c63bc2aadc06d"},"description":"Mobil: Viber + Whatsapp: +38 2 69 335 512 Pothuajse t\u00eb gjitha mediat kosovare por edhe disa t\u00eb atyre shqiptare n\u00eb Maqedoni, dit\u00ebn e diele kan\u00eb plasuar nj\u00eb","breadcrumb":{"@id":"https:\/\/www.visit-ulcinj.com\/blog\/2017\/06\/27\/ulqinaket-sqarojne-cmimet-per-pushimet-e-juaja-mos-lexoni-portalet\/#breadcrumb"},"inLanguage":"en-US","potentialAction":[{"@type":"ReadAction","target":["https:\/\/www.visit-ulcinj.com\/blog\/2017\/06\/27\/ulqinaket-sqarojne-cmimet-per-pushimet-e-juaja-mos-lexoni-portalet\/"]}]},{"@type":"BreadcrumbList","@id":"https:\/\/www.visit-ulcinj.com\/blog\/2017\/06\/27\/ulqinaket-sqarojne-cmimet-per-pushimet-e-juaja-mos-lexoni-portalet\/#breadcrumb","itemListElement":[{"@type":"ListItem","position":1,"name":"Ulqinak\u00ebt sqarojn\u00eb \u00e7mimet p\u00ebr pushimet e juaja, mos lexoni portalet"}]},{"@type":"Person","@id":"https:\/\/www.visit-ulcinj.com\/blog\/#\/schema\/person\/dcab619c614d3038751c63bc2aadc06d","name":"ulqini","sameAs":["http:\/\/www.visit-ulcinj.com"],"url":"https:\/\/www.visit-ulcinj.com\/blog\/author\/admin\/"}]}},"jetpack_featured_media_url":"","jetpack_sharing_enabled":true,"jetpack_shortlink":"https:\/\/wp.me\/pe6lTn-rx5","_links":{"self":[{"href":"https:\/\/www.visit-ulcinj.com\/blog\/wp-json\/wp\/v2\/posts\/105839"}],"collection":[{"href":"https:\/\/www.visit-ulcinj.com\/blog\/wp-json\/wp\/v2\/posts"}],"about":[{"href":"https:\/\/www.visit-ulcinj.com\/blog\/wp-json\/wp\/v2\/types\/post"}],"author":[{"embeddable":true,"href":"https:\/\/www.visit-ulcinj.com\/blog\/wp-json\/wp\/v2\/users\/1"}],"replies":[{"embeddable":true,"href":"https:\/\/www.visit-ulcinj.com\/blog\/wp-json\/wp\/v2\/comments?post=105839"}],"version-history":[{"count":3,"href":"https:\/\/www.visit-ulcinj.com\/blog\/wp-json\/wp\/v2\/posts\/105839\/revisions"}],"predecessor-version":[{"id":106854,"href":"https:\/\/www.visit-ulcinj.com\/blog\/wp-json\/wp\/v2\/posts\/105839\/revisions\/106854"}],"wp:attachment":[{"href":"https:\/\/www.visit-ulcinj.com\/blog\/wp-json\/wp\/v2\/media?parent=105839"}],"wp:term":[{"taxonomy":"category","embeddable":true,"href":"https:\/\/www.visit-ulcinj.com\/blog\/wp-json\/wp\/v2\/categories?post=105839"},{"taxonomy":"post_tag","embeddable":true,"href":"https:\/\/www.visit-ulcinj.com\/blog\/wp-json\/wp\/v2\/tags?post=105839"}],"curies":[{"name":"wp","href":"https:\/\/api.w.org\/{rel}","templated":true}]}}