{"id":105842,"date":"2017-06-27T14:15:00","date_gmt":"2017-06-27T13:15:00","guid":{"rendered":"http:\/\/www.visit-ulcinj.com\/blog\/?p=105842"},"modified":"2017-06-27T14:15:34","modified_gmt":"2017-06-27T13:15:34","slug":"vizite-studimore-ne-ulqin-per-ullishtari-28-06","status":"publish","type":"post","link":"https:\/\/www.visit-ulcinj.com\/blog\/2017\/06\/27\/vizite-studimore-ne-ulqin-per-ullishtari-28-06\/","title":{"rendered":"Vizit\u00eb studimore n\u00eb Ulqin p\u00ebr ullishtari m\u00eb 28.06"},"content":{"rendered":"<p><a href=\"http:\/\/www.visit-ulcinj.com\/blog\/wp-content\/uploads\/2017\/06\/Valdanos.jpg\"><img loading=\"lazy\" class=\"wp-image-105843\" src=\"http:\/\/www.visit-ulcinj.com\/blog\/wp-content\/uploads\/2017\/06\/Valdanos.jpg\" alt=\"\" width=\"508\" height=\"333\" srcset=\"https:\/\/www.visit-ulcinj.com\/blog\/wp-content\/uploads\/2017\/06\/Valdanos.jpg 1200w, https:\/\/www.visit-ulcinj.com\/blog\/wp-content\/uploads\/2017\/06\/Valdanos-300x197.jpg 300w, https:\/\/www.visit-ulcinj.com\/blog\/wp-content\/uploads\/2017\/06\/Valdanos-768x503.jpg 768w, https:\/\/www.visit-ulcinj.com\/blog\/wp-content\/uploads\/2017\/06\/Valdanos-1024x671.jpg 1024w\" sizes=\"(max-width: 508px) 100vw, 508px\" \/><\/a><\/p>\n<p><strong>Shoqata e prodhuesve t\u00eb vajit t\u00eb ullirit t\u00eb Shqip\u00ebris\u00eb t\u00eb m\u00ebrkur\u00ebn m\u00eb 28.06. organizon nj\u00eb udh\u00ebtim studimor n\u00eb Ulqin. Me k\u00ebt\u00eb rast do t\u00eb zhvillohen k\u00ebto aktivitete:<\/strong><\/p>\n<p><strong>\u00a0<\/strong><\/p>\n<p><strong>10:00 \u2013 11:30 <\/strong><\/p>\n<p><strong>Takim n\u00eb komun\u00ebn e Ulqinit<\/strong><\/p>\n<ol>\n<li>Nazif Cungu \u2013 kryetari i komun\u00ebs<\/li>\n<li>Xhaudet Cakuli \u2013 shoqata e ullishtar\u00ebve \u201cValdanos\u201d<\/li>\n<\/ol>\n<p>&nbsp;<\/p>\n<p><strong>Ligj\u00ebratat (salla e madhe e komun\u00ebs s\u00eb Ulqinit)<\/strong><\/p>\n<p>&#8211; Ilija Mugo\u0161a (UNIDO) \u201cEnhancing the regional competitiveness of local SMEs in Montenegro through cluster branding\u201d (ligj\u00ebrat\u00eb n\u00eb gjuh\u00ebn angleze)<\/p>\n<p>&#8211; Znj. Silvana Subashi (Shoqata AOA) \u201cShfryt\u00ebzimi i ullishtave si potencial turistik\u201d (ligj\u00ebrat\u00eb n\u00eb gjuh\u00ebn shqipe).<\/p>\n<p><strong>\u00a0<\/strong><\/p>\n<p><strong>12.00 \u2013 13:30 <\/strong><\/p>\n<p>Vizit\u00eb ullisht\u00ebs s\u00eb vjet\u00ebr n\u00eb Valdanos.<\/p>\n<p>&nbsp;<\/p>\n<p><strong>14:00 \u2013 15:30<\/strong><\/p>\n<p>Pushim dreke<\/p>\n<p>&nbsp;<\/p>\n<p><strong>15:30 \u2013 17:00<\/strong><\/p>\n<p>Vizit\u00eb dyqaneve tipike t\u00eb shitjes s\u00eb produkteve t\u00eb ullirit<\/p>\n<p>Vizit\u00eb punishtes s\u00eb sapunit \u201cElla\u201d<\/p>\n<p>&nbsp;<\/p>\n<p>Jeni t\u00eb mir\u00ebseardhur<\/p>\n<p>&nbsp;<\/p>\n<p><strong>Aleksander Shkreli<\/strong><\/p>\n<p><strong>Shoqata e ullishtar\u00ebve \u201cValdanos\u201d<\/strong><\/p>\n<p><strong>Mob. <a href=\"tel:068%20001%20467\">068 001 467<\/a>, <a href=\"http:\/\/www.valdanos.org\" data-saferedirecturl=\"https:\/\/www.google.com\/url?hl=fr&amp;q=http:\/\/www.valdanos.org&amp;source=gmail&amp;ust=1498655394020000&amp;usg=AFQjCNG95uQNMLajqhDdgi-Gx7mr6BaCmg\">www.valdanos.org<\/a>, <\/strong><a href=\"mailto:valdanos@t-com.me\"><strong>valdanos@t-com.me<\/strong><\/a><\/p>\n","protected":false},"excerpt":{"rendered":"<p>Shoqata e prodhuesve t\u00eb vajit t\u00eb ullirit t\u00eb Shqip\u00ebris\u00eb t\u00eb m\u00ebrkur\u00ebn m\u00eb 28.06. organizon nj\u00eb udh\u00ebtim studimor n\u00eb Ulqin. Me k\u00ebt\u00eb rast do t\u00eb zhvillohen k\u00ebto aktivitete: \u00a0 10:00 \u2013 11:30 Takim n\u00eb komun\u00ebn e Ulqinit Nazif Cungu \u2013 kryetari i komun\u00ebs Xhaudet Cakuli \u2013 shoqata e ullishtar\u00ebve \u201cValdanos\u201d &nbsp; Ligj\u00ebratat (salla e madhe e [&hellip;]<\/p>\n","protected":false},"author":1,"featured_media":0,"comment_status":"closed","ping_status":"closed","sticky":false,"template":"","format":"standard","meta":{"spay_email":"","jetpack_publicize_message":"","jetpack_is_tweetstorm":false,"jetpack_publicize_feature_enabled":true},"categories":[6950],"tags":[],"jetpack_publicize_connections":[],"yoast_head":"<!-- This site is optimized with the Yoast SEO plugin v19.1 - https:\/\/yoast.com\/wordpress\/plugins\/seo\/ -->\n<title>Vizit\u00eb studimore n\u00eb Ulqin p\u00ebr ullishtari m\u00eb 28.06 - Lajme nga Ulqini<\/title>\n<meta name=\"description\" content=\"Shoqata e prodhuesve t\u00eb vajit t\u00eb ullirit t\u00eb Shqip\u00ebris\u00eb t\u00eb m\u00ebrkur\u00ebn m\u00eb 28.06. organizon nj\u00eb udh\u00ebtim studimor n\u00eb Ulqin. Me k\u00ebt\u00eb rast do t\u00eb zhvillohen k\u00ebto\" \/>\n<meta name=\"robots\" content=\"index, follow, max-snippet:-1, max-image-preview:large, max-video-preview:-1\" \/>\n<link rel=\"canonical\" href=\"https:\/\/www.visit-ulcinj.com\/blog\/2017\/06\/27\/vizite-studimore-ne-ulqin-per-ullishtari-28-06\/\" \/>\n<meta property=\"og:locale\" content=\"en_US\" \/>\n<meta property=\"og:type\" content=\"article\" \/>\n<meta property=\"og:title\" content=\"Vizit\u00eb studimore n\u00eb Ulqin p\u00ebr ullishtari m\u00eb 28.06 - Lajme nga Ulqini\" \/>\n<meta property=\"og:description\" content=\"Shoqata e prodhuesve t\u00eb vajit t\u00eb ullirit t\u00eb Shqip\u00ebris\u00eb t\u00eb m\u00ebrkur\u00ebn m\u00eb 28.06. organizon nj\u00eb udh\u00ebtim studimor n\u00eb Ulqin. Me k\u00ebt\u00eb rast do t\u00eb zhvillohen k\u00ebto\" \/>\n<meta property=\"og:url\" content=\"https:\/\/www.visit-ulcinj.com\/blog\/2017\/06\/27\/vizite-studimore-ne-ulqin-per-ullishtari-28-06\/\" \/>\n<meta property=\"og:site_name\" content=\"Lajme nga Ulqini\" \/>\n<meta property=\"article:published_time\" content=\"2017-06-27T13:15:00+00:00\" \/>\n<meta property=\"article:modified_time\" content=\"2017-06-27T13:15:34+00:00\" \/>\n<meta property=\"og:image\" content=\"http:\/\/www.visit-ulcinj.com\/blog\/wp-content\/uploads\/2017\/06\/Valdanos.jpg\" \/>\n<meta name=\"twitter:label1\" content=\"Written by\" \/>\n\t<meta name=\"twitter:data1\" content=\"ulqini\" \/>\n\t<meta name=\"twitter:label2\" content=\"Est. reading time\" \/>\n\t<meta name=\"twitter:data2\" content=\"1 minute\" \/>\n<script type=\"application\/ld+json\" class=\"yoast-schema-graph\">{\"@context\":\"https:\/\/schema.org\",\"@graph\":[{\"@type\":\"WebSite\",\"@id\":\"https:\/\/www.visit-ulcinj.com\/blog\/#website\",\"url\":\"https:\/\/www.visit-ulcinj.com\/blog\/\",\"name\":\"Lajme nga Ulqini\",\"description\":\"Lajme,Vijesti,Ulqini,Ulqin,Crna Gora,Mali i Zi\",\"potentialAction\":[{\"@type\":\"SearchAction\",\"target\":{\"@type\":\"EntryPoint\",\"urlTemplate\":\"https:\/\/www.visit-ulcinj.com\/blog\/?s={search_term_string}\"},\"query-input\":\"required name=search_term_string\"}],\"inLanguage\":\"en-US\"},{\"@type\":\"ImageObject\",\"inLanguage\":\"en-US\",\"@id\":\"https:\/\/www.visit-ulcinj.com\/blog\/2017\/06\/27\/vizite-studimore-ne-ulqin-per-ullishtari-28-06\/#primaryimage\",\"url\":\"https:\/\/www.visit-ulcinj.com\/blog\/wp-content\/uploads\/2017\/06\/Valdanos.jpg\",\"contentUrl\":\"https:\/\/www.visit-ulcinj.com\/blog\/wp-content\/uploads\/2017\/06\/Valdanos.jpg\",\"width\":1200,\"height\":786,\"caption\":\"????????????????????????????????????\"},{\"@type\":\"WebPage\",\"@id\":\"https:\/\/www.visit-ulcinj.com\/blog\/2017\/06\/27\/vizite-studimore-ne-ulqin-per-ullishtari-28-06\/#webpage\",\"url\":\"https:\/\/www.visit-ulcinj.com\/blog\/2017\/06\/27\/vizite-studimore-ne-ulqin-per-ullishtari-28-06\/\",\"name\":\"Vizit\u00eb studimore n\u00eb Ulqin p\u00ebr ullishtari m\u00eb 28.06 - Lajme nga Ulqini\",\"isPartOf\":{\"@id\":\"https:\/\/www.visit-ulcinj.com\/blog\/#website\"},\"primaryImageOfPage\":{\"@id\":\"https:\/\/www.visit-ulcinj.com\/blog\/2017\/06\/27\/vizite-studimore-ne-ulqin-per-ullishtari-28-06\/#primaryimage\"},\"datePublished\":\"2017-06-27T13:15:00+00:00\",\"dateModified\":\"2017-06-27T13:15:34+00:00\",\"author\":{\"@id\":\"https:\/\/www.visit-ulcinj.com\/blog\/#\/schema\/person\/dcab619c614d3038751c63bc2aadc06d\"},\"description\":\"Shoqata e prodhuesve t\u00eb vajit t\u00eb ullirit t\u00eb Shqip\u00ebris\u00eb t\u00eb m\u00ebrkur\u00ebn m\u00eb 28.06. organizon nj\u00eb udh\u00ebtim studimor n\u00eb Ulqin. Me k\u00ebt\u00eb rast do t\u00eb zhvillohen k\u00ebto\",\"breadcrumb\":{\"@id\":\"https:\/\/www.visit-ulcinj.com\/blog\/2017\/06\/27\/vizite-studimore-ne-ulqin-per-ullishtari-28-06\/#breadcrumb\"},\"inLanguage\":\"en-US\",\"potentialAction\":[{\"@type\":\"ReadAction\",\"target\":[\"https:\/\/www.visit-ulcinj.com\/blog\/2017\/06\/27\/vizite-studimore-ne-ulqin-per-ullishtari-28-06\/\"]}]},{\"@type\":\"BreadcrumbList\",\"@id\":\"https:\/\/www.visit-ulcinj.com\/blog\/2017\/06\/27\/vizite-studimore-ne-ulqin-per-ullishtari-28-06\/#breadcrumb\",\"itemListElement\":[{\"@type\":\"ListItem\",\"position\":1,\"name\":\"Vizit\u00eb studimore n\u00eb Ulqin p\u00ebr ullishtari m\u00eb 28.06\"}]},{\"@type\":\"Person\",\"@id\":\"https:\/\/www.visit-ulcinj.com\/blog\/#\/schema\/person\/dcab619c614d3038751c63bc2aadc06d\",\"name\":\"ulqini\",\"sameAs\":[\"http:\/\/www.visit-ulcinj.com\"],\"url\":\"https:\/\/www.visit-ulcinj.com\/blog\/author\/admin\/\"}]}<\/script>\n<!-- \/ Yoast SEO plugin. -->","yoast_head_json":{"title":"Vizit\u00eb studimore n\u00eb Ulqin p\u00ebr ullishtari m\u00eb 28.06 - Lajme nga Ulqini","description":"Shoqata e prodhuesve t\u00eb vajit t\u00eb ullirit t\u00eb Shqip\u00ebris\u00eb t\u00eb m\u00ebrkur\u00ebn m\u00eb 28.06. organizon nj\u00eb udh\u00ebtim studimor n\u00eb Ulqin. Me k\u00ebt\u00eb rast do t\u00eb zhvillohen k\u00ebto","robots":{"index":"index","follow":"follow","max-snippet":"max-snippet:-1","max-image-preview":"max-image-preview:large","max-video-preview":"max-video-preview:-1"},"canonical":"https:\/\/www.visit-ulcinj.com\/blog\/2017\/06\/27\/vizite-studimore-ne-ulqin-per-ullishtari-28-06\/","og_locale":"en_US","og_type":"article","og_title":"Vizit\u00eb studimore n\u00eb Ulqin p\u00ebr ullishtari m\u00eb 28.06 - Lajme nga Ulqini","og_description":"Shoqata e prodhuesve t\u00eb vajit t\u00eb ullirit t\u00eb Shqip\u00ebris\u00eb t\u00eb m\u00ebrkur\u00ebn m\u00eb 28.06. organizon nj\u00eb udh\u00ebtim studimor n\u00eb Ulqin. Me k\u00ebt\u00eb rast do t\u00eb zhvillohen k\u00ebto","og_url":"https:\/\/www.visit-ulcinj.com\/blog\/2017\/06\/27\/vizite-studimore-ne-ulqin-per-ullishtari-28-06\/","og_site_name":"Lajme nga Ulqini","article_published_time":"2017-06-27T13:15:00+00:00","article_modified_time":"2017-06-27T13:15:34+00:00","og_image":[{"url":"http:\/\/www.visit-ulcinj.com\/blog\/wp-content\/uploads\/2017\/06\/Valdanos.jpg"}],"twitter_misc":{"Written by":"ulqini","Est. reading time":"1 minute"},"schema":{"@context":"https:\/\/schema.org","@graph":[{"@type":"WebSite","@id":"https:\/\/www.visit-ulcinj.com\/blog\/#website","url":"https:\/\/www.visit-ulcinj.com\/blog\/","name":"Lajme nga Ulqini","description":"Lajme,Vijesti,Ulqini,Ulqin,Crna Gora,Mali i Zi","potentialAction":[{"@type":"SearchAction","target":{"@type":"EntryPoint","urlTemplate":"https:\/\/www.visit-ulcinj.com\/blog\/?s={search_term_string}"},"query-input":"required name=search_term_string"}],"inLanguage":"en-US"},{"@type":"ImageObject","inLanguage":"en-US","@id":"https:\/\/www.visit-ulcinj.com\/blog\/2017\/06\/27\/vizite-studimore-ne-ulqin-per-ullishtari-28-06\/#primaryimage","url":"https:\/\/www.visit-ulcinj.com\/blog\/wp-content\/uploads\/2017\/06\/Valdanos.jpg","contentUrl":"https:\/\/www.visit-ulcinj.com\/blog\/wp-content\/uploads\/2017\/06\/Valdanos.jpg","width":1200,"height":786,"caption":"????????????????????????????????????"},{"@type":"WebPage","@id":"https:\/\/www.visit-ulcinj.com\/blog\/2017\/06\/27\/vizite-studimore-ne-ulqin-per-ullishtari-28-06\/#webpage","url":"https:\/\/www.visit-ulcinj.com\/blog\/2017\/06\/27\/vizite-studimore-ne-ulqin-per-ullishtari-28-06\/","name":"Vizit\u00eb studimore n\u00eb Ulqin p\u00ebr ullishtari m\u00eb 28.06 - Lajme nga Ulqini","isPartOf":{"@id":"https:\/\/www.visit-ulcinj.com\/blog\/#website"},"primaryImageOfPage":{"@id":"https:\/\/www.visit-ulcinj.com\/blog\/2017\/06\/27\/vizite-studimore-ne-ulqin-per-ullishtari-28-06\/#primaryimage"},"datePublished":"2017-06-27T13:15:00+00:00","dateModified":"2017-06-27T13:15:34+00:00","author":{"@id":"https:\/\/www.visit-ulcinj.com\/blog\/#\/schema\/person\/dcab619c614d3038751c63bc2aadc06d"},"description":"Shoqata e prodhuesve t\u00eb vajit t\u00eb ullirit t\u00eb Shqip\u00ebris\u00eb t\u00eb m\u00ebrkur\u00ebn m\u00eb 28.06. organizon nj\u00eb udh\u00ebtim studimor n\u00eb Ulqin. Me k\u00ebt\u00eb rast do t\u00eb zhvillohen k\u00ebto","breadcrumb":{"@id":"https:\/\/www.visit-ulcinj.com\/blog\/2017\/06\/27\/vizite-studimore-ne-ulqin-per-ullishtari-28-06\/#breadcrumb"},"inLanguage":"en-US","potentialAction":[{"@type":"ReadAction","target":["https:\/\/www.visit-ulcinj.com\/blog\/2017\/06\/27\/vizite-studimore-ne-ulqin-per-ullishtari-28-06\/"]}]},{"@type":"BreadcrumbList","@id":"https:\/\/www.visit-ulcinj.com\/blog\/2017\/06\/27\/vizite-studimore-ne-ulqin-per-ullishtari-28-06\/#breadcrumb","itemListElement":[{"@type":"ListItem","position":1,"name":"Vizit\u00eb studimore n\u00eb Ulqin p\u00ebr ullishtari m\u00eb 28.06"}]},{"@type":"Person","@id":"https:\/\/www.visit-ulcinj.com\/blog\/#\/schema\/person\/dcab619c614d3038751c63bc2aadc06d","name":"ulqini","sameAs":["http:\/\/www.visit-ulcinj.com"],"url":"https:\/\/www.visit-ulcinj.com\/blog\/author\/admin\/"}]}},"jetpack_featured_media_url":"","jetpack_sharing_enabled":true,"jetpack_shortlink":"https:\/\/wp.me\/pe6lTn-rx8","_links":{"self":[{"href":"https:\/\/www.visit-ulcinj.com\/blog\/wp-json\/wp\/v2\/posts\/105842"}],"collection":[{"href":"https:\/\/www.visit-ulcinj.com\/blog\/wp-json\/wp\/v2\/posts"}],"about":[{"href":"https:\/\/www.visit-ulcinj.com\/blog\/wp-json\/wp\/v2\/types\/post"}],"author":[{"embeddable":true,"href":"https:\/\/www.visit-ulcinj.com\/blog\/wp-json\/wp\/v2\/users\/1"}],"replies":[{"embeddable":true,"href":"https:\/\/www.visit-ulcinj.com\/blog\/wp-json\/wp\/v2\/comments?post=105842"}],"version-history":[{"count":2,"href":"https:\/\/www.visit-ulcinj.com\/blog\/wp-json\/wp\/v2\/posts\/105842\/revisions"}],"predecessor-version":[{"id":105845,"href":"https:\/\/www.visit-ulcinj.com\/blog\/wp-json\/wp\/v2\/posts\/105842\/revisions\/105845"}],"wp:attachment":[{"href":"https:\/\/www.visit-ulcinj.com\/blog\/wp-json\/wp\/v2\/media?parent=105842"}],"wp:term":[{"taxonomy":"category","embeddable":true,"href":"https:\/\/www.visit-ulcinj.com\/blog\/wp-json\/wp\/v2\/categories?post=105842"},{"taxonomy":"post_tag","embeddable":true,"href":"https:\/\/www.visit-ulcinj.com\/blog\/wp-json\/wp\/v2\/tags?post=105842"}],"curies":[{"name":"wp","href":"https:\/\/api.w.org\/{rel}","templated":true}]}}