{"id":105846,"date":"2017-06-27T14:21:20","date_gmt":"2017-06-27T13:21:20","guid":{"rendered":"http:\/\/www.visit-ulcinj.com\/blog\/?p=105846"},"modified":"2017-06-27T14:21:20","modified_gmt":"2017-06-27T13:21:20","slug":"vijesti-je-li-bilo-prekoracenja-tokom-racija-u-ulcinju","status":"publish","type":"post","link":"https:\/\/www.visit-ulcinj.com\/blog\/2017\/06\/27\/vijesti-je-li-bilo-prekoracenja-tokom-racija-u-ulcinju\/","title":{"rendered":"Vijesti: Je li bilo prekora\u010denja tokom racija u Ulcinju?"},"content":{"rendered":"<p><strong><a href=\"http:\/\/www.visit-ulcinj.com\/blog\/wp-content\/uploads\/2017\/06\/Nj\u00ebsia-Speciale-e-Tivarit-zbarkon-n\u00eb-Ulqin-shtetas-amerikan-i-maltretuar.jpg\"><img loading=\"lazy\" class=\"alignleft wp-image-105641\" src=\"http:\/\/www.visit-ulcinj.com\/blog\/wp-content\/uploads\/2017\/06\/Nj\u00ebsia-Speciale-e-Tivarit-zbarkon-n\u00eb-Ulqin-shtetas-amerikan-i-maltretuar.jpg\" alt=\"\" width=\"508\" height=\"342\" srcset=\"https:\/\/www.visit-ulcinj.com\/blog\/wp-content\/uploads\/2017\/06\/Nj\u00ebsia-Speciale-e-Tivarit-zbarkon-n\u00eb-Ulqin-shtetas-amerikan-i-maltretuar.jpg 1245w, https:\/\/www.visit-ulcinj.com\/blog\/wp-content\/uploads\/2017\/06\/Nj\u00ebsia-Speciale-e-Tivarit-zbarkon-n\u00eb-Ulqin-shtetas-amerikan-i-maltretuar-300x202.jpg 300w, https:\/\/www.visit-ulcinj.com\/blog\/wp-content\/uploads\/2017\/06\/Nj\u00ebsia-Speciale-e-Tivarit-zbarkon-n\u00eb-Ulqin-shtetas-amerikan-i-maltretuar-768x518.jpg 768w, https:\/\/www.visit-ulcinj.com\/blog\/wp-content\/uploads\/2017\/06\/Nj\u00ebsia-Speciale-e-Tivarit-zbarkon-n\u00eb-Ulqin-shtetas-amerikan-i-maltretuar-1024x690.jpg 1024w\" sizes=\"(max-width: 508px) 100vw, 508px\" \/><\/a>Advokat u ime 11 osoba tra\u017ei da Unutra\u0161nja kontrola utvrdi da li su policijski slu\u017ebenici tokom racije 17. juna u \u0160toju prekora\u010dili ovla\u0161\u0107enja<\/strong><\/p>\n<p><span class=\"credits__author\"> <strong>Autor:<\/strong> <a href=\"http:\/\/www.vijesti.me\/autori\/samir-adrovic-85\/profil\"><strong>Samir Adrovi\u0107<\/strong><\/a> <\/span><\/p>\n<p>Racija u ve\u010dernjim satima u subotu 17. juna, koja je izazvala otvoreni bunt stotinak Ulcinjana predvo\u0111enih lokalnim politi\u010darima ispred zgrade ispostave policije, bi\u0107e predmet provjere Unutra\u0161nje kontrole policije.<\/p>\n<p>Advokat\u00a0Gzim Had\u017eibeti\u00a0u ime osam punoljetnih i tri maloljetne osobe, podnio je pritu\u017ebe Ministarstvu unutra\u0161njih poslova na rad policijskih slu\u017ebenika tokom pretresa u lokalima Montenegro, Opijum i Capitol u centru grada i Di Tevi u Donjem \u0160toju.<\/p>\n<p>Policija je dan nakon racije saop\u0161tila da je radila svoj posao a da \u0107e ukoliko se utvrdi da je bilo ko od pripadnika interventne jedinice Bar u raciji prekora\u010dio ovla\u0161\u0107enja, za to odgovarati.<\/p>\n<p>Pritu\u017ebe su podnijeli\u00a0Viktor Luki\u0107,\u00a0Adrijan Rudovi\u0107,\u00a0Jakup Katana,\u00a0Admir Ljajka,\u00a0Enis Cungi\u0107,\u00a0Mirsad \u010cobovi\u0107,\u00a0Gentijan Ali\u0107,\u00a0Muhamed Lamoja\u00a0i maloljetnici\u00a0E.V.,\u00a0M.U.\u00a0i\u00a0D\u017e.V.\u00a0U pritu\u017ebi, u koju su \u201cVijesti\u201d imale uvid, smatra se \u201eda je do\u0161lo do prekomjerne upotrebe sile ovla\u0161\u0107enih policijskih slu\u017ebenika iako pritom niko od prisutnih nije pru\u017eao bilo kakav otpor, niti se neprimjerno pona\u0161ao, a niti naru\u0161avao javni red i mir\u201c. Podnosioci pritu\u017ebi tra\u017ee \u201eda se u postupku utvrdi da li je radnjama policijskih slu\u017ebenika nanijeta \u0161teta nekom od njih i da li je izvr\u0161eno neko djelo koje se goni po slu\u017ebenoj du\u017enosti\u201c.<\/p>\n<p>\u201cOdnosno, da li su postojali uslovi i da li su po\u0161tovane procedure koje bi opravdale preduzimanje radnji na na\u010din kako je to u\u010dinjeno 17. juna\u201d, pi\u0161e u pritu\u017ebi kojom podnosioci zahtijevaju da im se preko advokata \u201comogu\u0107i u\u010de\u0161\u0107e u postupku provjere i utvr\u0111ivanju \u010dinjeni\u010dnog stanja\u201d.<\/p>\n<p>Iz Uprave policije (UP) tada su saop\u0161tili da su njihovi slu\u017ebenici iz barske i ulcinjske policije \u201cizveli poja\u010danu kontrolu lica u ugostiteljskim objekatima\u201d da bi prona\u0161li one koje tra\u017ee jer su po\u010dinili krivi\u010dna djela.<\/p>\n<p>Policija je tokom racije prona\u0161la i dovela u slu\u017ebene prostorije Rudovi\u0107a i Luki\u0107a, dok je \u010cobaj do\u0161ao sam nakon telefonskog poziva. Njih trojica su, kako su naveli u saop\u0161tenju UP, direktno povezani sa slu\u010dajem napada na policijskog slu\u017ebenika OB Ulcinj\u00a0Jusufa Metanovi\u0107a.<\/p>\n<p>Metanovi\u0107a je, sumnja se, napao Ulcinjanin\u00a0Igor Matunovi\u0107, kojeg je tu\u017eilac nakon saslu\u0161anja pustio da se brani sa slobode. On je, navodno, pred tu\u017eiocem negirao da je namjerno udario policajca i pravdao se da je to u\u010dinio nehotice, iako se na video snimku vidi da nije tako.<\/p>\n<p>U policiji su naglasili da su \u201cpredmet policijskih aktivnosti bila isklju\u010divo lica za koje postoji indicija da se bave nedozvoljenim radnjama ili da su bliska bezbjednosno interesantnim licima\u201d. Istakli su da su njihove aktivnosti uslijedile nakon fizi\u010dkog napada na Metanovi\u0107a i nakon poku\u0161aja pripadnika organizovane kriminalne grupe iz Bara, da iznude od Ulcinjanina novac.<\/p>\n<p>\u201cJedan od njih je uhap\u0161en dok se tri lica potra\u017euju. Prema na\u0161im saznanjima, postoji mogu\u0107nost i da se ova lica skrivaju na podru\u010dju Ulcinja\u201d, saop\u0161tili su dan nakon racije iz UP.<\/p>\n<p>Rudovi\u0107, Luki\u0107 i \u010cobaj reagovali su na navode Uprave policije isti\u010du\u0107i da su uzorni gra\u0111ani a ne po\u010dinioci krivi\u010dnih djela ili lica bliska sa bezbjednosno interesantnim licima.<\/p>\n<p><strong>URA tra\u017eila izvinjenje, \u0160krelja se\u00a0kupao\u00a0<\/strong><\/p>\n<p>Ispred stanice policije odmah nakon racije, okupili su se ministar za ljudska i manjinska prava\u00a0Mehmed Zenka, gradona\u010delnik Ulcinja\u00a0Nazif Cungu\u00a0i poslanici\u00a0Genci Nimanbegu,\u00a0Ljui\u0111 \u0160krelja\u00a0i\u00a0Dritan Abazovi\u0107. Oni su tra\u017eili obja\u0161njenje za policijsku akciju.<\/p>\n<p>Zenka i Cungu su kazali gra\u0111anima da odmah dokumentuju sve slu\u010dajeve neprimjerene intervencije nad gra\u0111anima \u201ckako bi advokat ulo\u017eio tu\u017ebu i da dokaze proslijede i drugim nadle\u017enim organima\u201d.<\/p>\n<p>Abazovi\u0107 je rekao da je akcija Interventne jedinice bila bespotrebna, ocjenjuju\u0107i da se radilo o demonstraciji sile.<\/p>\n<p>Dan nakon racije, Vijesti su poku\u0161ale da uzmu i komentar od \u0160krelje.<\/p>\n<p>\u201cNe mogu sad da pri\u010dam, na bazenu sam, kupam se, \u010du\u0107emo se kasnije\u201d, kazao je \u0160krelja.<\/p>\n<p>URA je u saop\u0161tenju nakon racije pozvala policiju da se izvini gra\u0111anima zbog neprimjerene akcije.<\/p>\n<p><strong>Izvor: Vijesti Online<\/strong><\/p>\n<p>&nbsp;<\/p>\n","protected":false},"excerpt":{"rendered":"<p>Advokat u ime 11 osoba tra\u017ei da Unutra\u0161nja kontrola utvrdi da li su policijski slu\u017ebenici tokom racije 17. juna u \u0160toju prekora\u010dili ovla\u0161\u0107enja Autor: Samir Adrovi\u0107 Racija u ve\u010dernjim satima u subotu 17. juna, koja je izazvala otvoreni bunt stotinak Ulcinjana predvo\u0111enih lokalnim politi\u010darima ispred zgrade ispostave policije, bi\u0107e predmet provjere Unutra\u0161nje kontrole policije. Advokat\u00a0Gzim [&hellip;]<\/p>\n","protected":false},"author":1,"featured_media":0,"comment_status":"closed","ping_status":"closed","sticky":false,"template":"","format":"standard","meta":{"spay_email":"","jetpack_publicize_message":"","jetpack_is_tweetstorm":false,"jetpack_publicize_feature_enabled":true},"categories":[6950],"tags":[],"jetpack_publicize_connections":[],"yoast_head":"<!-- This site is optimized with the Yoast SEO plugin v19.1 - https:\/\/yoast.com\/wordpress\/plugins\/seo\/ -->\n<title>Vijesti: Je li bilo prekora\u010denja tokom racija u Ulcinju? - Lajme nga Ulqini<\/title>\n<meta name=\"description\" content=\"Advokat u ime 11 osoba tra\u017ei da Unutra\u0161nja kontrola utvrdi da li su policijski slu\u017ebenici tokom racije 17. juna u \u0160toju prekora\u010dili ovla\u0161\u0107enja Autor:\" \/>\n<meta name=\"robots\" content=\"index, follow, max-snippet:-1, max-image-preview:large, max-video-preview:-1\" \/>\n<link rel=\"canonical\" href=\"https:\/\/www.visit-ulcinj.com\/blog\/2017\/06\/27\/vijesti-je-li-bilo-prekoracenja-tokom-racija-u-ulcinju\/\" \/>\n<meta property=\"og:locale\" content=\"en_US\" \/>\n<meta property=\"og:type\" content=\"article\" \/>\n<meta property=\"og:title\" content=\"Vijesti: Je li bilo prekora\u010denja tokom racija u Ulcinju? - Lajme nga Ulqini\" \/>\n<meta property=\"og:description\" content=\"Advokat u ime 11 osoba tra\u017ei da Unutra\u0161nja kontrola utvrdi da li su policijski slu\u017ebenici tokom racije 17. juna u \u0160toju prekora\u010dili ovla\u0161\u0107enja Autor:\" \/>\n<meta property=\"og:url\" content=\"https:\/\/www.visit-ulcinj.com\/blog\/2017\/06\/27\/vijesti-je-li-bilo-prekoracenja-tokom-racija-u-ulcinju\/\" \/>\n<meta property=\"og:site_name\" content=\"Lajme nga Ulqini\" \/>\n<meta property=\"article:published_time\" content=\"2017-06-27T13:21:20+00:00\" \/>\n<meta name=\"twitter:label1\" content=\"Written by\" \/>\n\t<meta name=\"twitter:data1\" content=\"ulqini\" \/>\n\t<meta name=\"twitter:label2\" content=\"Est. reading time\" \/>\n\t<meta name=\"twitter:data2\" content=\"4 minutes\" \/>\n<script type=\"application\/ld+json\" class=\"yoast-schema-graph\">{\"@context\":\"https:\/\/schema.org\",\"@graph\":[{\"@type\":\"WebSite\",\"@id\":\"https:\/\/www.visit-ulcinj.com\/blog\/#website\",\"url\":\"https:\/\/www.visit-ulcinj.com\/blog\/\",\"name\":\"Lajme nga Ulqini\",\"description\":\"Lajme,Vijesti,Ulqini,Ulqin,Crna Gora,Mali i Zi\",\"potentialAction\":[{\"@type\":\"SearchAction\",\"target\":{\"@type\":\"EntryPoint\",\"urlTemplate\":\"https:\/\/www.visit-ulcinj.com\/blog\/?s={search_term_string}\"},\"query-input\":\"required name=search_term_string\"}],\"inLanguage\":\"en-US\"},{\"@type\":\"WebPage\",\"@id\":\"https:\/\/www.visit-ulcinj.com\/blog\/2017\/06\/27\/vijesti-je-li-bilo-prekoracenja-tokom-racija-u-ulcinju\/#webpage\",\"url\":\"https:\/\/www.visit-ulcinj.com\/blog\/2017\/06\/27\/vijesti-je-li-bilo-prekoracenja-tokom-racija-u-ulcinju\/\",\"name\":\"Vijesti: Je li bilo prekora\u010denja tokom racija u Ulcinju? - Lajme nga Ulqini\",\"isPartOf\":{\"@id\":\"https:\/\/www.visit-ulcinj.com\/blog\/#website\"},\"datePublished\":\"2017-06-27T13:21:20+00:00\",\"dateModified\":\"2017-06-27T13:21:20+00:00\",\"author\":{\"@id\":\"https:\/\/www.visit-ulcinj.com\/blog\/#\/schema\/person\/dcab619c614d3038751c63bc2aadc06d\"},\"description\":\"Advokat u ime 11 osoba tra\u017ei da Unutra\u0161nja kontrola utvrdi da li su policijski slu\u017ebenici tokom racije 17. juna u \u0160toju prekora\u010dili ovla\u0161\u0107enja Autor:\",\"breadcrumb\":{\"@id\":\"https:\/\/www.visit-ulcinj.com\/blog\/2017\/06\/27\/vijesti-je-li-bilo-prekoracenja-tokom-racija-u-ulcinju\/#breadcrumb\"},\"inLanguage\":\"en-US\",\"potentialAction\":[{\"@type\":\"ReadAction\",\"target\":[\"https:\/\/www.visit-ulcinj.com\/blog\/2017\/06\/27\/vijesti-je-li-bilo-prekoracenja-tokom-racija-u-ulcinju\/\"]}]},{\"@type\":\"BreadcrumbList\",\"@id\":\"https:\/\/www.visit-ulcinj.com\/blog\/2017\/06\/27\/vijesti-je-li-bilo-prekoracenja-tokom-racija-u-ulcinju\/#breadcrumb\",\"itemListElement\":[{\"@type\":\"ListItem\",\"position\":1,\"name\":\"Vijesti: Je li bilo prekora\u010denja tokom racija u Ulcinju?\"}]},{\"@type\":\"Person\",\"@id\":\"https:\/\/www.visit-ulcinj.com\/blog\/#\/schema\/person\/dcab619c614d3038751c63bc2aadc06d\",\"name\":\"ulqini\",\"sameAs\":[\"http:\/\/www.visit-ulcinj.com\"],\"url\":\"https:\/\/www.visit-ulcinj.com\/blog\/author\/admin\/\"}]}<\/script>\n<!-- \/ Yoast SEO plugin. -->","yoast_head_json":{"title":"Vijesti: Je li bilo prekora\u010denja tokom racija u Ulcinju? - Lajme nga Ulqini","description":"Advokat u ime 11 osoba tra\u017ei da Unutra\u0161nja kontrola utvrdi da li su policijski slu\u017ebenici tokom racije 17. juna u \u0160toju prekora\u010dili ovla\u0161\u0107enja Autor:","robots":{"index":"index","follow":"follow","max-snippet":"max-snippet:-1","max-image-preview":"max-image-preview:large","max-video-preview":"max-video-preview:-1"},"canonical":"https:\/\/www.visit-ulcinj.com\/blog\/2017\/06\/27\/vijesti-je-li-bilo-prekoracenja-tokom-racija-u-ulcinju\/","og_locale":"en_US","og_type":"article","og_title":"Vijesti: Je li bilo prekora\u010denja tokom racija u Ulcinju? - Lajme nga Ulqini","og_description":"Advokat u ime 11 osoba tra\u017ei da Unutra\u0161nja kontrola utvrdi da li su policijski slu\u017ebenici tokom racije 17. juna u \u0160toju prekora\u010dili ovla\u0161\u0107enja Autor:","og_url":"https:\/\/www.visit-ulcinj.com\/blog\/2017\/06\/27\/vijesti-je-li-bilo-prekoracenja-tokom-racija-u-ulcinju\/","og_site_name":"Lajme nga Ulqini","article_published_time":"2017-06-27T13:21:20+00:00","twitter_misc":{"Written by":"ulqini","Est. reading time":"4 minutes"},"schema":{"@context":"https:\/\/schema.org","@graph":[{"@type":"WebSite","@id":"https:\/\/www.visit-ulcinj.com\/blog\/#website","url":"https:\/\/www.visit-ulcinj.com\/blog\/","name":"Lajme nga Ulqini","description":"Lajme,Vijesti,Ulqini,Ulqin,Crna Gora,Mali i Zi","potentialAction":[{"@type":"SearchAction","target":{"@type":"EntryPoint","urlTemplate":"https:\/\/www.visit-ulcinj.com\/blog\/?s={search_term_string}"},"query-input":"required name=search_term_string"}],"inLanguage":"en-US"},{"@type":"WebPage","@id":"https:\/\/www.visit-ulcinj.com\/blog\/2017\/06\/27\/vijesti-je-li-bilo-prekoracenja-tokom-racija-u-ulcinju\/#webpage","url":"https:\/\/www.visit-ulcinj.com\/blog\/2017\/06\/27\/vijesti-je-li-bilo-prekoracenja-tokom-racija-u-ulcinju\/","name":"Vijesti: Je li bilo prekora\u010denja tokom racija u Ulcinju? - Lajme nga Ulqini","isPartOf":{"@id":"https:\/\/www.visit-ulcinj.com\/blog\/#website"},"datePublished":"2017-06-27T13:21:20+00:00","dateModified":"2017-06-27T13:21:20+00:00","author":{"@id":"https:\/\/www.visit-ulcinj.com\/blog\/#\/schema\/person\/dcab619c614d3038751c63bc2aadc06d"},"description":"Advokat u ime 11 osoba tra\u017ei da Unutra\u0161nja kontrola utvrdi da li su policijski slu\u017ebenici tokom racije 17. juna u \u0160toju prekora\u010dili ovla\u0161\u0107enja Autor:","breadcrumb":{"@id":"https:\/\/www.visit-ulcinj.com\/blog\/2017\/06\/27\/vijesti-je-li-bilo-prekoracenja-tokom-racija-u-ulcinju\/#breadcrumb"},"inLanguage":"en-US","potentialAction":[{"@type":"ReadAction","target":["https:\/\/www.visit-ulcinj.com\/blog\/2017\/06\/27\/vijesti-je-li-bilo-prekoracenja-tokom-racija-u-ulcinju\/"]}]},{"@type":"BreadcrumbList","@id":"https:\/\/www.visit-ulcinj.com\/blog\/2017\/06\/27\/vijesti-je-li-bilo-prekoracenja-tokom-racija-u-ulcinju\/#breadcrumb","itemListElement":[{"@type":"ListItem","position":1,"name":"Vijesti: Je li bilo prekora\u010denja tokom racija u Ulcinju?"}]},{"@type":"Person","@id":"https:\/\/www.visit-ulcinj.com\/blog\/#\/schema\/person\/dcab619c614d3038751c63bc2aadc06d","name":"ulqini","sameAs":["http:\/\/www.visit-ulcinj.com"],"url":"https:\/\/www.visit-ulcinj.com\/blog\/author\/admin\/"}]}},"jetpack_featured_media_url":"","jetpack_sharing_enabled":true,"jetpack_shortlink":"https:\/\/wp.me\/pe6lTn-rxc","_links":{"self":[{"href":"https:\/\/www.visit-ulcinj.com\/blog\/wp-json\/wp\/v2\/posts\/105846"}],"collection":[{"href":"https:\/\/www.visit-ulcinj.com\/blog\/wp-json\/wp\/v2\/posts"}],"about":[{"href":"https:\/\/www.visit-ulcinj.com\/blog\/wp-json\/wp\/v2\/types\/post"}],"author":[{"embeddable":true,"href":"https:\/\/www.visit-ulcinj.com\/blog\/wp-json\/wp\/v2\/users\/1"}],"replies":[{"embeddable":true,"href":"https:\/\/www.visit-ulcinj.com\/blog\/wp-json\/wp\/v2\/comments?post=105846"}],"version-history":[{"count":1,"href":"https:\/\/www.visit-ulcinj.com\/blog\/wp-json\/wp\/v2\/posts\/105846\/revisions"}],"predecessor-version":[{"id":105847,"href":"https:\/\/www.visit-ulcinj.com\/blog\/wp-json\/wp\/v2\/posts\/105846\/revisions\/105847"}],"wp:attachment":[{"href":"https:\/\/www.visit-ulcinj.com\/blog\/wp-json\/wp\/v2\/media?parent=105846"}],"wp:term":[{"taxonomy":"category","embeddable":true,"href":"https:\/\/www.visit-ulcinj.com\/blog\/wp-json\/wp\/v2\/categories?post=105846"},{"taxonomy":"post_tag","embeddable":true,"href":"https:\/\/www.visit-ulcinj.com\/blog\/wp-json\/wp\/v2\/tags?post=105846"}],"curies":[{"name":"wp","href":"https:\/\/api.w.org\/{rel}","templated":true}]}}