{"id":105857,"date":"2017-06-28T12:37:33","date_gmt":"2017-06-28T11:37:33","guid":{"rendered":"http:\/\/www.visit-ulcinj.com\/blog\/?p=105857"},"modified":"2017-06-29T19:00:03","modified_gmt":"2017-06-29T18:00:03","slug":"cungu-uron-kryeministrin-rama-per-fitoren-ne-zgjedhje","status":"publish","type":"post","link":"https:\/\/www.visit-ulcinj.com\/blog\/2017\/06\/28\/cungu-uron-kryeministrin-rama-per-fitoren-ne-zgjedhje\/","title":{"rendered":"Cungu uron kryeministrin Rama p\u00ebr fitoren n\u00eb zgjedhje"},"content":{"rendered":"<p><strong><a href=\"http:\/\/www.visit-ulcinj.com\/blog\/wp-content\/uploads\/2017\/06\/Nazif-Cungu-uron-kryeministrin-Rama-p\u00ebr-fitoren-n\u00eb-zgjedhje.jpg\"><img loading=\"lazy\" class=\"alignleft wp-image-105858\" src=\"http:\/\/www.visit-ulcinj.com\/blog\/wp-content\/uploads\/2017\/06\/Nazif-Cungu-uron-kryeministrin-Rama-p\u00ebr-fitoren-n\u00eb-zgjedhje.jpg\" alt=\"\" width=\"508\" height=\"420\" srcset=\"https:\/\/www.visit-ulcinj.com\/blog\/wp-content\/uploads\/2017\/06\/Nazif-Cungu-uron-kryeministrin-Rama-p\u00ebr-fitoren-n\u00eb-zgjedhje.jpg 720w, https:\/\/www.visit-ulcinj.com\/blog\/wp-content\/uploads\/2017\/06\/Nazif-Cungu-uron-kryeministrin-Rama-p\u00ebr-fitoren-n\u00eb-zgjedhje-300x248.jpg 300w\" sizes=\"(max-width: 508px) 100vw, 508px\" \/><\/a>Kryetari i Ulqinit z.Nazif Cungu, ka uruar kryeministrin e Shqip\u00ebris\u00eb dhe nj\u00ebkoh\u00ebsisht kreun e partis\u00eb Socialiste t\u00eb Shqip\u00ebris\u00eb, Edi Rama, p\u00ebr fitoren n\u00eb zgjedhjet parlamentare t\u00eb 25 qershorit.<\/strong><\/p>\n<p><strong><span id=\"ctl00_ContentPlaceHolder1_gvNews_ctl08_lblSnippet\">Ai n\u00eb nj\u00eb postim n\u00eb proflilin e tij n\u00eb Facebook shkruan<\/span>:<\/strong><\/p>\n<p>Uroj p\u00ebrzem\u00ebrsisht kryeministrin Edi Rama p\u00ebr fitoren e thell\u00eb q\u00eb ka korrur n\u00eb zgjedhjet parlamentare. Gjithashtu, p\u00ebrg\u00ebzoj t\u00eb gjith\u00eb bashk\u00ebkombasit tan\u00eb n\u00eb Shqip\u00ebri p\u00ebr zgjedhjet e lira e t\u00eb ndershme q\u00eb sapo u organizuan atje, t\u00eb cilat jan\u00eb d\u00ebshmi e forcimit t\u00eb institucioneve demokratike n\u00eb vend.<\/p>\n<p>I d\u00ebshiroj kryeministrit Rama sa m\u00eb shum\u00eb sukses n\u00eb qeverisjen e tij t\u00eb kat\u00ebr viteve t\u00eb ardhshme. Jam I bindur se ai do t\u00eb vazhdoj\u00eb t\u00eb kujdeset p\u00ebr shqiptar\u00ebt jasht\u00eb Republik\u00ebs n\u00eb p\u00ebrgjith\u00ebsi duke p\u00ebrfshir\u00eb k\u00ebtu edhe shqiptar\u00ebt e Malit t\u00eb Zi.<\/p>\n<p>P\u00ebrpos k\u00ebsaj, besoj se qeveria e drejtuar prej tij do t\u00eb forcoj edhe m\u00eb tutje marr\u00ebdh\u00ebniet dypal\u00ebshe mes Shqip\u00ebris\u00eb dhe Malit t\u00eb Zi duke kontribuar n\u00eb p\u00ebrmir\u00ebsimin e fqinj\u00ebsis\u00eb s\u00eb mir\u00eb dhe stabilitetit n\u00eb rajon, <span class=\"st\">thuhet n\u00eb faqen e Facebookut t\u00eb kryetarit t\u00eb Ulqinit Nazif Cungu<\/span><\/p>\n<p>&nbsp;<\/p>\n<p>&nbsp;<\/p>\n<p><strong>Telegram Urimi nga Forc\u00ebs s\u00eb Re Demokratike<\/strong><\/p>\n<p>Ulqin, 28.06.2017<\/p>\n<p style=\"text-align: center;\"><strong>PARTIA SOCIALISTE E SHQIP\u00cbRIS\u00cb<\/strong><\/p>\n<p>&nbsp;<\/p>\n<p><strong>I nderuar zot\u00ebri \u00a0Edi Rama,<\/strong><\/p>\n<p>Kam\u00a0 nderin dhe k\u00ebnaqesine q\u00eb n\u00eb em\u00ebr te Forc\u00ebs s\u00eb Re Demokratike-Ulqin dhe n\u00eb emrin tim personal t\u2019ju\u00a0 uroj fitoren e madhe t\u00eb cilen e keni arritur n\u00eb zgjedhjet parlamentare t\u00eb 25 qershorit .<\/p>\n<p>Votat e popullit shqiptar n\u00eb k\u00ebt\u00eb mas\u00eb\u00a0 ndaj partis\u00eb Tuaj, tregojn\u00eb nj\u00eb lojalitet t\u00eb mir\u00ebfillt\u00eb dhe pun\u00eb t\u00eb palodhshme p\u00ebr t\u00eb ndryshuar vendin dhe p\u00ebr ta \u00e7uar at\u00eb sa m\u00eb pran\u00eb Bashkimit Europian, aty ku synojn\u00eb t\u00eb gjith\u00eb vendet e rajonit.<\/p>\n<p>Ne shqiptar\u00ebt n\u00eb Mal t\u00eb Zi kemi nevoj\u00eb p\u00ebr mb\u00ebshtetje dhe bashkepunim me shtetin am\u00eb, kemi nevoj\u00eb q\u00eb bashk\u00eb n\u00eb m\u00ebnyr\u00eb strategjike t\u00eb veprojm\u00eb p\u00ebr t\u00eb mir\u00ebn e popullit shqiptar\u00eb, dhe k\u00ebt\u00eb partneritet do ta gjeni \u00e7do her\u00eb tek subjekti yn\u00eb politik &#8211; Forca.<\/p>\n<p>Ju uroj pun\u00eb t\u00eb mbar\u00eb dhe suksese ne qeverisje .<\/p>\n<p>&nbsp;<\/p>\n<p style=\"text-align: right;\"><strong>Me respekt, \u00a0\u00a0\u00a0\u00a0\u00a0\u00a0<\/strong><\/p>\n<p style=\"text-align: right;\"><strong>\u00a0 Kryetar<\/strong><\/p>\n<p style=\"text-align: right;\"><strong>Nazif Cungu<\/strong><\/p>\n<p>&nbsp;<\/p>\n","protected":false},"excerpt":{"rendered":"<p>Kryetari i Ulqinit z.Nazif Cungu, ka uruar kryeministrin e Shqip\u00ebris\u00eb dhe nj\u00ebkoh\u00ebsisht kreun e partis\u00eb Socialiste t\u00eb Shqip\u00ebris\u00eb, Edi Rama, p\u00ebr fitoren n\u00eb zgjedhjet parlamentare t\u00eb 25 qershorit. Ai n\u00eb nj\u00eb postim n\u00eb proflilin e tij n\u00eb Facebook shkruan: Uroj p\u00ebrzem\u00ebrsisht kryeministrin Edi Rama p\u00ebr fitoren e thell\u00eb q\u00eb ka korrur n\u00eb zgjedhjet parlamentare. Gjithashtu, [&hellip;]<\/p>\n","protected":false},"author":1,"featured_media":0,"comment_status":"closed","ping_status":"closed","sticky":false,"template":"","format":"standard","meta":{"spay_email":"","jetpack_publicize_message":"","jetpack_is_tweetstorm":false,"jetpack_publicize_feature_enabled":true},"categories":[1],"tags":[],"jetpack_publicize_connections":[],"yoast_head":"<!-- This site is optimized with the Yoast SEO plugin v19.1 - https:\/\/yoast.com\/wordpress\/plugins\/seo\/ -->\n<title>Cungu uron kryeministrin Rama p\u00ebr fitoren n\u00eb zgjedhje - Lajme nga Ulqini<\/title>\n<meta name=\"description\" content=\"Kryetari i Ulqinit z.Nazif Cungu, ka uruar kryeministrin e Shqip\u00ebris\u00eb dhe nj\u00ebkoh\u00ebsisht kreun e partis\u00eb Socialiste t\u00eb Shqip\u00ebris\u00eb, Edi Rama, p\u00ebr fitoren n\u00eb\" \/>\n<meta name=\"robots\" content=\"index, follow, max-snippet:-1, max-image-preview:large, max-video-preview:-1\" \/>\n<link rel=\"canonical\" href=\"https:\/\/www.visit-ulcinj.com\/blog\/2017\/06\/28\/cungu-uron-kryeministrin-rama-per-fitoren-ne-zgjedhje\/\" \/>\n<meta property=\"og:locale\" content=\"en_US\" \/>\n<meta property=\"og:type\" content=\"article\" \/>\n<meta property=\"og:title\" content=\"Cungu uron kryeministrin Rama p\u00ebr fitoren n\u00eb zgjedhje - Lajme nga Ulqini\" \/>\n<meta property=\"og:description\" content=\"Kryetari i Ulqinit z.Nazif Cungu, ka uruar kryeministrin e Shqip\u00ebris\u00eb dhe nj\u00ebkoh\u00ebsisht kreun e partis\u00eb Socialiste t\u00eb Shqip\u00ebris\u00eb, Edi Rama, p\u00ebr fitoren n\u00eb\" \/>\n<meta property=\"og:url\" content=\"https:\/\/www.visit-ulcinj.com\/blog\/2017\/06\/28\/cungu-uron-kryeministrin-rama-per-fitoren-ne-zgjedhje\/\" \/>\n<meta property=\"og:site_name\" content=\"Lajme nga Ulqini\" \/>\n<meta property=\"article:published_time\" content=\"2017-06-28T11:37:33+00:00\" \/>\n<meta property=\"article:modified_time\" content=\"2017-06-29T18:00:03+00:00\" \/>\n<meta name=\"twitter:label1\" content=\"Written by\" \/>\n\t<meta name=\"twitter:data1\" content=\"ulqini\" \/>\n\t<meta name=\"twitter:label2\" content=\"Est. reading time\" \/>\n\t<meta name=\"twitter:data2\" content=\"2 minutes\" \/>\n<script type=\"application\/ld+json\" class=\"yoast-schema-graph\">{\"@context\":\"https:\/\/schema.org\",\"@graph\":[{\"@type\":\"WebSite\",\"@id\":\"https:\/\/www.visit-ulcinj.com\/blog\/#website\",\"url\":\"https:\/\/www.visit-ulcinj.com\/blog\/\",\"name\":\"Lajme nga Ulqini\",\"description\":\"Lajme,Vijesti,Ulqini,Ulqin,Crna Gora,Mali i Zi\",\"potentialAction\":[{\"@type\":\"SearchAction\",\"target\":{\"@type\":\"EntryPoint\",\"urlTemplate\":\"https:\/\/www.visit-ulcinj.com\/blog\/?s={search_term_string}\"},\"query-input\":\"required name=search_term_string\"}],\"inLanguage\":\"en-US\"},{\"@type\":\"WebPage\",\"@id\":\"https:\/\/www.visit-ulcinj.com\/blog\/2017\/06\/28\/cungu-uron-kryeministrin-rama-per-fitoren-ne-zgjedhje\/#webpage\",\"url\":\"https:\/\/www.visit-ulcinj.com\/blog\/2017\/06\/28\/cungu-uron-kryeministrin-rama-per-fitoren-ne-zgjedhje\/\",\"name\":\"Cungu uron kryeministrin Rama p\u00ebr fitoren n\u00eb zgjedhje - Lajme nga Ulqini\",\"isPartOf\":{\"@id\":\"https:\/\/www.visit-ulcinj.com\/blog\/#website\"},\"datePublished\":\"2017-06-28T11:37:33+00:00\",\"dateModified\":\"2017-06-29T18:00:03+00:00\",\"author\":{\"@id\":\"https:\/\/www.visit-ulcinj.com\/blog\/#\/schema\/person\/dcab619c614d3038751c63bc2aadc06d\"},\"description\":\"Kryetari i Ulqinit z.Nazif Cungu, ka uruar kryeministrin e Shqip\u00ebris\u00eb dhe nj\u00ebkoh\u00ebsisht kreun e partis\u00eb Socialiste t\u00eb Shqip\u00ebris\u00eb, Edi Rama, p\u00ebr fitoren n\u00eb\",\"breadcrumb\":{\"@id\":\"https:\/\/www.visit-ulcinj.com\/blog\/2017\/06\/28\/cungu-uron-kryeministrin-rama-per-fitoren-ne-zgjedhje\/#breadcrumb\"},\"inLanguage\":\"en-US\",\"potentialAction\":[{\"@type\":\"ReadAction\",\"target\":[\"https:\/\/www.visit-ulcinj.com\/blog\/2017\/06\/28\/cungu-uron-kryeministrin-rama-per-fitoren-ne-zgjedhje\/\"]}]},{\"@type\":\"BreadcrumbList\",\"@id\":\"https:\/\/www.visit-ulcinj.com\/blog\/2017\/06\/28\/cungu-uron-kryeministrin-rama-per-fitoren-ne-zgjedhje\/#breadcrumb\",\"itemListElement\":[{\"@type\":\"ListItem\",\"position\":1,\"name\":\"Cungu uron kryeministrin Rama p\u00ebr fitoren n\u00eb zgjedhje\"}]},{\"@type\":\"Person\",\"@id\":\"https:\/\/www.visit-ulcinj.com\/blog\/#\/schema\/person\/dcab619c614d3038751c63bc2aadc06d\",\"name\":\"ulqini\",\"sameAs\":[\"http:\/\/www.visit-ulcinj.com\"],\"url\":\"https:\/\/www.visit-ulcinj.com\/blog\/author\/admin\/\"}]}<\/script>\n<!-- \/ Yoast SEO plugin. -->","yoast_head_json":{"title":"Cungu uron kryeministrin Rama p\u00ebr fitoren n\u00eb zgjedhje - Lajme nga Ulqini","description":"Kryetari i Ulqinit z.Nazif Cungu, ka uruar kryeministrin e Shqip\u00ebris\u00eb dhe nj\u00ebkoh\u00ebsisht kreun e partis\u00eb Socialiste t\u00eb Shqip\u00ebris\u00eb, Edi Rama, p\u00ebr fitoren n\u00eb","robots":{"index":"index","follow":"follow","max-snippet":"max-snippet:-1","max-image-preview":"max-image-preview:large","max-video-preview":"max-video-preview:-1"},"canonical":"https:\/\/www.visit-ulcinj.com\/blog\/2017\/06\/28\/cungu-uron-kryeministrin-rama-per-fitoren-ne-zgjedhje\/","og_locale":"en_US","og_type":"article","og_title":"Cungu uron kryeministrin Rama p\u00ebr fitoren n\u00eb zgjedhje - Lajme nga Ulqini","og_description":"Kryetari i Ulqinit z.Nazif Cungu, ka uruar kryeministrin e Shqip\u00ebris\u00eb dhe nj\u00ebkoh\u00ebsisht kreun e partis\u00eb Socialiste t\u00eb Shqip\u00ebris\u00eb, Edi Rama, p\u00ebr fitoren n\u00eb","og_url":"https:\/\/www.visit-ulcinj.com\/blog\/2017\/06\/28\/cungu-uron-kryeministrin-rama-per-fitoren-ne-zgjedhje\/","og_site_name":"Lajme nga Ulqini","article_published_time":"2017-06-28T11:37:33+00:00","article_modified_time":"2017-06-29T18:00:03+00:00","twitter_misc":{"Written by":"ulqini","Est. reading time":"2 minutes"},"schema":{"@context":"https:\/\/schema.org","@graph":[{"@type":"WebSite","@id":"https:\/\/www.visit-ulcinj.com\/blog\/#website","url":"https:\/\/www.visit-ulcinj.com\/blog\/","name":"Lajme nga Ulqini","description":"Lajme,Vijesti,Ulqini,Ulqin,Crna Gora,Mali i Zi","potentialAction":[{"@type":"SearchAction","target":{"@type":"EntryPoint","urlTemplate":"https:\/\/www.visit-ulcinj.com\/blog\/?s={search_term_string}"},"query-input":"required name=search_term_string"}],"inLanguage":"en-US"},{"@type":"WebPage","@id":"https:\/\/www.visit-ulcinj.com\/blog\/2017\/06\/28\/cungu-uron-kryeministrin-rama-per-fitoren-ne-zgjedhje\/#webpage","url":"https:\/\/www.visit-ulcinj.com\/blog\/2017\/06\/28\/cungu-uron-kryeministrin-rama-per-fitoren-ne-zgjedhje\/","name":"Cungu uron kryeministrin Rama p\u00ebr fitoren n\u00eb zgjedhje - Lajme nga Ulqini","isPartOf":{"@id":"https:\/\/www.visit-ulcinj.com\/blog\/#website"},"datePublished":"2017-06-28T11:37:33+00:00","dateModified":"2017-06-29T18:00:03+00:00","author":{"@id":"https:\/\/www.visit-ulcinj.com\/blog\/#\/schema\/person\/dcab619c614d3038751c63bc2aadc06d"},"description":"Kryetari i Ulqinit z.Nazif Cungu, ka uruar kryeministrin e Shqip\u00ebris\u00eb dhe nj\u00ebkoh\u00ebsisht kreun e partis\u00eb Socialiste t\u00eb Shqip\u00ebris\u00eb, Edi Rama, p\u00ebr fitoren n\u00eb","breadcrumb":{"@id":"https:\/\/www.visit-ulcinj.com\/blog\/2017\/06\/28\/cungu-uron-kryeministrin-rama-per-fitoren-ne-zgjedhje\/#breadcrumb"},"inLanguage":"en-US","potentialAction":[{"@type":"ReadAction","target":["https:\/\/www.visit-ulcinj.com\/blog\/2017\/06\/28\/cungu-uron-kryeministrin-rama-per-fitoren-ne-zgjedhje\/"]}]},{"@type":"BreadcrumbList","@id":"https:\/\/www.visit-ulcinj.com\/blog\/2017\/06\/28\/cungu-uron-kryeministrin-rama-per-fitoren-ne-zgjedhje\/#breadcrumb","itemListElement":[{"@type":"ListItem","position":1,"name":"Cungu uron kryeministrin Rama p\u00ebr fitoren n\u00eb zgjedhje"}]},{"@type":"Person","@id":"https:\/\/www.visit-ulcinj.com\/blog\/#\/schema\/person\/dcab619c614d3038751c63bc2aadc06d","name":"ulqini","sameAs":["http:\/\/www.visit-ulcinj.com"],"url":"https:\/\/www.visit-ulcinj.com\/blog\/author\/admin\/"}]}},"jetpack_featured_media_url":"","jetpack_sharing_enabled":true,"jetpack_shortlink":"https:\/\/wp.me\/pe6lTn-rxn","_links":{"self":[{"href":"https:\/\/www.visit-ulcinj.com\/blog\/wp-json\/wp\/v2\/posts\/105857"}],"collection":[{"href":"https:\/\/www.visit-ulcinj.com\/blog\/wp-json\/wp\/v2\/posts"}],"about":[{"href":"https:\/\/www.visit-ulcinj.com\/blog\/wp-json\/wp\/v2\/types\/post"}],"author":[{"embeddable":true,"href":"https:\/\/www.visit-ulcinj.com\/blog\/wp-json\/wp\/v2\/users\/1"}],"replies":[{"embeddable":true,"href":"https:\/\/www.visit-ulcinj.com\/blog\/wp-json\/wp\/v2\/comments?post=105857"}],"version-history":[{"count":3,"href":"https:\/\/www.visit-ulcinj.com\/blog\/wp-json\/wp\/v2\/posts\/105857\/revisions"}],"predecessor-version":[{"id":105874,"href":"https:\/\/www.visit-ulcinj.com\/blog\/wp-json\/wp\/v2\/posts\/105857\/revisions\/105874"}],"wp:attachment":[{"href":"https:\/\/www.visit-ulcinj.com\/blog\/wp-json\/wp\/v2\/media?parent=105857"}],"wp:term":[{"taxonomy":"category","embeddable":true,"href":"https:\/\/www.visit-ulcinj.com\/blog\/wp-json\/wp\/v2\/categories?post=105857"},{"taxonomy":"post_tag","embeddable":true,"href":"https:\/\/www.visit-ulcinj.com\/blog\/wp-json\/wp\/v2\/tags?post=105857"}],"curies":[{"name":"wp","href":"https:\/\/api.w.org\/{rel}","templated":true}]}}