{"id":105861,"date":"2017-06-28T12:47:34","date_gmt":"2017-06-28T11:47:34","guid":{"rendered":"http:\/\/www.visit-ulcinj.com\/blog\/?p=105861"},"modified":"2017-06-28T12:47:34","modified_gmt":"2017-06-28T11:47:34","slug":"nika-akti-policor-17-qershorit-provokoi-fillimin-e-guximit-te-revoltes-institucionale-te-qytetareve-ne-ulqin","status":"publish","type":"post","link":"https:\/\/www.visit-ulcinj.com\/blog\/2017\/06\/28\/nika-akti-policor-17-qershorit-provokoi-fillimin-e-guximit-te-revoltes-institucionale-te-qytetareve-ne-ulqin\/","title":{"rendered":"Nika: Akti policor i 17 qershorit provokoi fillimin e guximit t\u00eb revoltes institucionale t\u00eb qytetareve n\u00eb Ulqin?!"},"content":{"rendered":"<p><strong><a href=\"http:\/\/www.visit-ulcinj.com\/blog\/wp-content\/uploads\/2014\/11\/Muhamet-Nika.jpg\"><img loading=\"lazy\" class=\"alignleft wp-image-86143 size-full\" src=\"http:\/\/www.visit-ulcinj.com\/blog\/wp-content\/uploads\/2014\/11\/Muhamet-Nika.jpg\" alt=\"\" width=\"256\" height=\"319\" srcset=\"https:\/\/www.visit-ulcinj.com\/blog\/wp-content\/uploads\/2014\/11\/Muhamet-Nika.jpg 256w, https:\/\/www.visit-ulcinj.com\/blog\/wp-content\/uploads\/2014\/11\/Muhamet-Nika-240x300.jpg 240w\" sizes=\"(max-width: 256px) 100vw, 256px\" \/><\/a>Shkruan Muhamet Nika<\/strong><\/p>\n<p>Opinioni tash m\u00eb \u00ebsht\u00eb i njohur p\u00ebr rastin e maltretimeve t\u00eb minoren\u00ebve t\u00eb qytetit pa arsye nga ana e policis\u00eb, me 17 qershor t\u00eb k\u00ebtij viti .<\/p>\n<p>P\u00ebr rastin dol\u00ebn me q\u00ebndrime duke shprehur\u00a0 shqet\u00ebsim : subjektet politike, individ\u00eb dhe shoqata t\u00eb ndryshme deri n\u00eb diaspor\u00eb, por\u00a0 dhe vet\u00eb policia\u00a0 e cila k\u00ebrkoi\u201dq\u00eb politika\u00a0 t\u00eb\u00a0 mos p\u00ebrzihen n\u00eb k\u00ebt\u00eb pun\u00eb\u201d?!<\/p>\n<p>Nd\u00ebrsa\u00a0 nga ana\u00a0 tij p\u00ebr rastin e ndodhur , deputeti, Luigj Shkreli,\u00a0 nuk u hamend t\u00eb\u00a0 faj\u00ebsoj\u00eb\u00a0 disa\u00a0 nga mediat \u00a0t\u00eb cilat n\u00eb m\u00ebnyr\u00eb tendencioze\u00a0 shkruajn\u00eb p\u00ebr situat\u00ebn dramatike\u00a0 t\u00eb krijuar pas nd\u00ebrhyrjes s\u00eb policis\u00eb , por edhe m\u00eb her\u00ebt,duke mbrojtur\u00a0 pik\u00ebpamjen\u00a0 se\u00a0 po teprohet n\u00eb k\u00ebt\u00eb pun\u00eb- kur thuhet\u00a0 se politikan\u00ebt shqiptar\u00eb p\u00ebrmbajn\u00eb qytetar\u00ebt e\u201d maltretuar\u201d&#8230;?!<\/p>\n<p>Por\u00a0 gjithashtu , duhet shtuar\u00a0 q\u00eb deri sa pal\u00ebt e cekura , \u00e7do nj\u00ebra\u00a0 nga prizmi i vet dhe p\u00ebr poena\u00a0\u00a0 politike , u pozicionuan si dit\u00ebn dhe desh\u00ebn atyre q\u00eb u dhembte\u00a0 kurrizi , zemra dhe ishin t\u00eb fyer n\u00eb sed\u00ebr,\u00a0 filluan me\u00a0 mbledhjen e n\u00ebnshkrimeve p\u00ebr\u00a0 si thuhej<em>\u201d shkarkimin e z\u00ebvend\u00ebs komandantit t\u00eb policis\u00eb s\u00eb qytetit p\u00ebr shkak t\u00eb p\u00ebrgjegj\u00ebsis\u00eb s\u00eb tij n\u00eb lidhje me nd\u00ebrhyrjet e dhunshme policore q\u00eb u kryen n\u00eb klube t\u00eb nat\u00ebs ku gravitojn\u00eb t\u00eb rinjt\u00eb\u201d.<\/em><\/p>\n<p>N\u00eb\u00a0\u00a0 fund\u00a0 cekim se duke\u00a0 u shqet\u00ebsuar\u00a0 p\u00ebr fatin e protest\u00ebs qytetare\u00a0 t\u00eb cil\u00ebn edhe ne e n\u00ebnshkruam si peticion, m\u00ebsuam\u00a0 se\u00a0 \u00e7\u00ebshtja\u00a0 e\u00a0 peticionit t\u00eb k\u00ebtill\u00eb edhe pse nuk u kap nga media p\u00ebrfundoi me sukses( rreth 1000 n\u00ebnshkrime )q\u00eb do nis\u00ebn\u00a0 n\u00eb adres\u00ebn e duhur, ministris\u00eb p\u00ebrkat\u00ebse\u00a0 p\u00ebr t\u00eb reaguar .<\/p>\n<p><em>Ja edhe nj\u00eb kopje e formularit q\u00eb qarkulloi n\u00eb Ulqin<\/em><\/p>\n<p><a href=\"http:\/\/www.visit-ulcinj.com\/blog\/wp-content\/uploads\/2017\/06\/Ulqinak\u00ebt-k\u00ebrkojn\u00eb-shkarkimin-e-zadhenes-komandantit-t\u00eb-policis\u00eb.jpg\"><img loading=\"lazy\" class=\"alignleft wp-image-105709\" src=\"http:\/\/www.visit-ulcinj.com\/blog\/wp-content\/uploads\/2017\/06\/Ulqinak\u00ebt-k\u00ebrkojn\u00eb-shkarkimin-e-zadhenes-komandantit-t\u00eb-policis\u00eb.jpg\" alt=\"\" width=\"508\" height=\"510\" srcset=\"https:\/\/www.visit-ulcinj.com\/blog\/wp-content\/uploads\/2017\/06\/Ulqinak\u00ebt-k\u00ebrkojn\u00eb-shkarkimin-e-zadhenes-komandantit-t\u00eb-policis\u00eb.jpg 596w, https:\/\/www.visit-ulcinj.com\/blog\/wp-content\/uploads\/2017\/06\/Ulqinak\u00ebt-k\u00ebrkojn\u00eb-shkarkimin-e-zadhenes-komandantit-t\u00eb-policis\u00eb-150x150.jpg 150w, https:\/\/www.visit-ulcinj.com\/blog\/wp-content\/uploads\/2017\/06\/Ulqinak\u00ebt-k\u00ebrkojn\u00eb-shkarkimin-e-zadhenes-komandantit-t\u00eb-policis\u00eb-300x300.jpg 300w\" sizes=\"(max-width: 508px) 100vw, 508px\" \/><\/a><\/p>\n","protected":false},"excerpt":{"rendered":"<p>Shkruan Muhamet Nika Opinioni tash m\u00eb \u00ebsht\u00eb i njohur p\u00ebr rastin e maltretimeve t\u00eb minoren\u00ebve t\u00eb qytetit pa arsye nga ana e policis\u00eb, me 17 qershor t\u00eb k\u00ebtij viti . P\u00ebr rastin dol\u00ebn me q\u00ebndrime duke shprehur\u00a0 shqet\u00ebsim : subjektet politike, individ\u00eb dhe shoqata t\u00eb ndryshme deri n\u00eb diaspor\u00eb, por\u00a0 dhe vet\u00eb policia\u00a0 e cila [&hellip;]<\/p>\n","protected":false},"author":1,"featured_media":0,"comment_status":"closed","ping_status":"closed","sticky":false,"template":"","format":"standard","meta":{"spay_email":"","jetpack_publicize_message":"","jetpack_is_tweetstorm":false,"jetpack_publicize_feature_enabled":true},"categories":[14249],"tags":[],"jetpack_publicize_connections":[],"yoast_head":"<!-- This site is optimized with the Yoast SEO plugin v19.1 - https:\/\/yoast.com\/wordpress\/plugins\/seo\/ -->\n<title>Nika: Akti policor i 17 qershorit provokoi fillimin e guximit t\u00eb revoltes institucionale t\u00eb qytetareve n\u00eb Ulqin?! - Lajme nga Ulqini<\/title>\n<meta name=\"description\" content=\"Shkruan Muhamet Nika Opinioni tash m\u00eb \u00ebsht\u00eb i njohur p\u00ebr rastin e maltretimeve t\u00eb minoren\u00ebve t\u00eb qytetit pa arsye nga ana e policis\u00eb, me 17 qershor t\u00eb\" \/>\n<meta name=\"robots\" content=\"index, follow, max-snippet:-1, max-image-preview:large, max-video-preview:-1\" \/>\n<link rel=\"canonical\" href=\"https:\/\/www.visit-ulcinj.com\/blog\/2017\/06\/28\/nika-akti-policor-17-qershorit-provokoi-fillimin-e-guximit-te-revoltes-institucionale-te-qytetareve-ne-ulqin\/\" \/>\n<meta property=\"og:locale\" content=\"en_US\" \/>\n<meta property=\"og:type\" content=\"article\" \/>\n<meta property=\"og:title\" content=\"Nika: Akti policor i 17 qershorit provokoi fillimin e guximit t\u00eb revoltes institucionale t\u00eb qytetareve n\u00eb Ulqin?! - Lajme nga Ulqini\" \/>\n<meta property=\"og:description\" content=\"Shkruan Muhamet Nika Opinioni tash m\u00eb \u00ebsht\u00eb i njohur p\u00ebr rastin e maltretimeve t\u00eb minoren\u00ebve t\u00eb qytetit pa arsye nga ana e policis\u00eb, me 17 qershor t\u00eb\" \/>\n<meta property=\"og:url\" content=\"https:\/\/www.visit-ulcinj.com\/blog\/2017\/06\/28\/nika-akti-policor-17-qershorit-provokoi-fillimin-e-guximit-te-revoltes-institucionale-te-qytetareve-ne-ulqin\/\" \/>\n<meta property=\"og:site_name\" content=\"Lajme nga Ulqini\" \/>\n<meta property=\"article:published_time\" content=\"2017-06-28T11:47:34+00:00\" \/>\n<meta property=\"og:image\" content=\"http:\/\/www.visit-ulcinj.com\/blog\/wp-content\/uploads\/2014\/11\/Muhamet-Nika.jpg\" \/>\n<meta name=\"twitter:label1\" content=\"Written by\" \/>\n\t<meta name=\"twitter:data1\" content=\"ulqini\" \/>\n\t<meta name=\"twitter:label2\" content=\"Est. reading time\" \/>\n\t<meta name=\"twitter:data2\" content=\"2 minutes\" \/>\n<script type=\"application\/ld+json\" class=\"yoast-schema-graph\">{\"@context\":\"https:\/\/schema.org\",\"@graph\":[{\"@type\":\"WebSite\",\"@id\":\"https:\/\/www.visit-ulcinj.com\/blog\/#website\",\"url\":\"https:\/\/www.visit-ulcinj.com\/blog\/\",\"name\":\"Lajme nga Ulqini\",\"description\":\"Lajme,Vijesti,Ulqini,Ulqin,Crna Gora,Mali i Zi\",\"potentialAction\":[{\"@type\":\"SearchAction\",\"target\":{\"@type\":\"EntryPoint\",\"urlTemplate\":\"https:\/\/www.visit-ulcinj.com\/blog\/?s={search_term_string}\"},\"query-input\":\"required name=search_term_string\"}],\"inLanguage\":\"en-US\"},{\"@type\":\"ImageObject\",\"inLanguage\":\"en-US\",\"@id\":\"https:\/\/www.visit-ulcinj.com\/blog\/2017\/06\/28\/nika-akti-policor-17-qershorit-provokoi-fillimin-e-guximit-te-revoltes-institucionale-te-qytetareve-ne-ulqin\/#primaryimage\",\"url\":\"https:\/\/www.visit-ulcinj.com\/blog\/wp-content\/uploads\/2014\/11\/Muhamet-Nika.jpg\",\"contentUrl\":\"https:\/\/www.visit-ulcinj.com\/blog\/wp-content\/uploads\/2014\/11\/Muhamet-Nika.jpg\",\"width\":256,\"height\":319},{\"@type\":\"WebPage\",\"@id\":\"https:\/\/www.visit-ulcinj.com\/blog\/2017\/06\/28\/nika-akti-policor-17-qershorit-provokoi-fillimin-e-guximit-te-revoltes-institucionale-te-qytetareve-ne-ulqin\/#webpage\",\"url\":\"https:\/\/www.visit-ulcinj.com\/blog\/2017\/06\/28\/nika-akti-policor-17-qershorit-provokoi-fillimin-e-guximit-te-revoltes-institucionale-te-qytetareve-ne-ulqin\/\",\"name\":\"Nika: Akti policor i 17 qershorit provokoi fillimin e guximit t\u00eb revoltes institucionale t\u00eb qytetareve n\u00eb Ulqin?! - Lajme nga Ulqini\",\"isPartOf\":{\"@id\":\"https:\/\/www.visit-ulcinj.com\/blog\/#website\"},\"primaryImageOfPage\":{\"@id\":\"https:\/\/www.visit-ulcinj.com\/blog\/2017\/06\/28\/nika-akti-policor-17-qershorit-provokoi-fillimin-e-guximit-te-revoltes-institucionale-te-qytetareve-ne-ulqin\/#primaryimage\"},\"datePublished\":\"2017-06-28T11:47:34+00:00\",\"dateModified\":\"2017-06-28T11:47:34+00:00\",\"author\":{\"@id\":\"https:\/\/www.visit-ulcinj.com\/blog\/#\/schema\/person\/dcab619c614d3038751c63bc2aadc06d\"},\"description\":\"Shkruan Muhamet Nika Opinioni tash m\u00eb \u00ebsht\u00eb i njohur p\u00ebr rastin e maltretimeve t\u00eb minoren\u00ebve t\u00eb qytetit pa arsye nga ana e policis\u00eb, me 17 qershor t\u00eb\",\"breadcrumb\":{\"@id\":\"https:\/\/www.visit-ulcinj.com\/blog\/2017\/06\/28\/nika-akti-policor-17-qershorit-provokoi-fillimin-e-guximit-te-revoltes-institucionale-te-qytetareve-ne-ulqin\/#breadcrumb\"},\"inLanguage\":\"en-US\",\"potentialAction\":[{\"@type\":\"ReadAction\",\"target\":[\"https:\/\/www.visit-ulcinj.com\/blog\/2017\/06\/28\/nika-akti-policor-17-qershorit-provokoi-fillimin-e-guximit-te-revoltes-institucionale-te-qytetareve-ne-ulqin\/\"]}]},{\"@type\":\"BreadcrumbList\",\"@id\":\"https:\/\/www.visit-ulcinj.com\/blog\/2017\/06\/28\/nika-akti-policor-17-qershorit-provokoi-fillimin-e-guximit-te-revoltes-institucionale-te-qytetareve-ne-ulqin\/#breadcrumb\",\"itemListElement\":[{\"@type\":\"ListItem\",\"position\":1,\"name\":\"Nika: Akti policor i 17 qershorit provokoi fillimin e guximit t\u00eb revoltes institucionale t\u00eb qytetareve n\u00eb Ulqin?!\"}]},{\"@type\":\"Person\",\"@id\":\"https:\/\/www.visit-ulcinj.com\/blog\/#\/schema\/person\/dcab619c614d3038751c63bc2aadc06d\",\"name\":\"ulqini\",\"sameAs\":[\"http:\/\/www.visit-ulcinj.com\"],\"url\":\"https:\/\/www.visit-ulcinj.com\/blog\/author\/admin\/\"}]}<\/script>\n<!-- \/ Yoast SEO plugin. -->","yoast_head_json":{"title":"Nika: Akti policor i 17 qershorit provokoi fillimin e guximit t\u00eb revoltes institucionale t\u00eb qytetareve n\u00eb Ulqin?! - Lajme nga Ulqini","description":"Shkruan Muhamet Nika Opinioni tash m\u00eb \u00ebsht\u00eb i njohur p\u00ebr rastin e maltretimeve t\u00eb minoren\u00ebve t\u00eb qytetit pa arsye nga ana e policis\u00eb, me 17 qershor t\u00eb","robots":{"index":"index","follow":"follow","max-snippet":"max-snippet:-1","max-image-preview":"max-image-preview:large","max-video-preview":"max-video-preview:-1"},"canonical":"https:\/\/www.visit-ulcinj.com\/blog\/2017\/06\/28\/nika-akti-policor-17-qershorit-provokoi-fillimin-e-guximit-te-revoltes-institucionale-te-qytetareve-ne-ulqin\/","og_locale":"en_US","og_type":"article","og_title":"Nika: Akti policor i 17 qershorit provokoi fillimin e guximit t\u00eb revoltes institucionale t\u00eb qytetareve n\u00eb Ulqin?! - Lajme nga Ulqini","og_description":"Shkruan Muhamet Nika Opinioni tash m\u00eb \u00ebsht\u00eb i njohur p\u00ebr rastin e maltretimeve t\u00eb minoren\u00ebve t\u00eb qytetit pa arsye nga ana e policis\u00eb, me 17 qershor t\u00eb","og_url":"https:\/\/www.visit-ulcinj.com\/blog\/2017\/06\/28\/nika-akti-policor-17-qershorit-provokoi-fillimin-e-guximit-te-revoltes-institucionale-te-qytetareve-ne-ulqin\/","og_site_name":"Lajme nga Ulqini","article_published_time":"2017-06-28T11:47:34+00:00","og_image":[{"url":"http:\/\/www.visit-ulcinj.com\/blog\/wp-content\/uploads\/2014\/11\/Muhamet-Nika.jpg"}],"twitter_misc":{"Written by":"ulqini","Est. reading time":"2 minutes"},"schema":{"@context":"https:\/\/schema.org","@graph":[{"@type":"WebSite","@id":"https:\/\/www.visit-ulcinj.com\/blog\/#website","url":"https:\/\/www.visit-ulcinj.com\/blog\/","name":"Lajme nga Ulqini","description":"Lajme,Vijesti,Ulqini,Ulqin,Crna Gora,Mali i Zi","potentialAction":[{"@type":"SearchAction","target":{"@type":"EntryPoint","urlTemplate":"https:\/\/www.visit-ulcinj.com\/blog\/?s={search_term_string}"},"query-input":"required name=search_term_string"}],"inLanguage":"en-US"},{"@type":"ImageObject","inLanguage":"en-US","@id":"https:\/\/www.visit-ulcinj.com\/blog\/2017\/06\/28\/nika-akti-policor-17-qershorit-provokoi-fillimin-e-guximit-te-revoltes-institucionale-te-qytetareve-ne-ulqin\/#primaryimage","url":"https:\/\/www.visit-ulcinj.com\/blog\/wp-content\/uploads\/2014\/11\/Muhamet-Nika.jpg","contentUrl":"https:\/\/www.visit-ulcinj.com\/blog\/wp-content\/uploads\/2014\/11\/Muhamet-Nika.jpg","width":256,"height":319},{"@type":"WebPage","@id":"https:\/\/www.visit-ulcinj.com\/blog\/2017\/06\/28\/nika-akti-policor-17-qershorit-provokoi-fillimin-e-guximit-te-revoltes-institucionale-te-qytetareve-ne-ulqin\/#webpage","url":"https:\/\/www.visit-ulcinj.com\/blog\/2017\/06\/28\/nika-akti-policor-17-qershorit-provokoi-fillimin-e-guximit-te-revoltes-institucionale-te-qytetareve-ne-ulqin\/","name":"Nika: Akti policor i 17 qershorit provokoi fillimin e guximit t\u00eb revoltes institucionale t\u00eb qytetareve n\u00eb Ulqin?! - Lajme nga Ulqini","isPartOf":{"@id":"https:\/\/www.visit-ulcinj.com\/blog\/#website"},"primaryImageOfPage":{"@id":"https:\/\/www.visit-ulcinj.com\/blog\/2017\/06\/28\/nika-akti-policor-17-qershorit-provokoi-fillimin-e-guximit-te-revoltes-institucionale-te-qytetareve-ne-ulqin\/#primaryimage"},"datePublished":"2017-06-28T11:47:34+00:00","dateModified":"2017-06-28T11:47:34+00:00","author":{"@id":"https:\/\/www.visit-ulcinj.com\/blog\/#\/schema\/person\/dcab619c614d3038751c63bc2aadc06d"},"description":"Shkruan Muhamet Nika Opinioni tash m\u00eb \u00ebsht\u00eb i njohur p\u00ebr rastin e maltretimeve t\u00eb minoren\u00ebve t\u00eb qytetit pa arsye nga ana e policis\u00eb, me 17 qershor t\u00eb","breadcrumb":{"@id":"https:\/\/www.visit-ulcinj.com\/blog\/2017\/06\/28\/nika-akti-policor-17-qershorit-provokoi-fillimin-e-guximit-te-revoltes-institucionale-te-qytetareve-ne-ulqin\/#breadcrumb"},"inLanguage":"en-US","potentialAction":[{"@type":"ReadAction","target":["https:\/\/www.visit-ulcinj.com\/blog\/2017\/06\/28\/nika-akti-policor-17-qershorit-provokoi-fillimin-e-guximit-te-revoltes-institucionale-te-qytetareve-ne-ulqin\/"]}]},{"@type":"BreadcrumbList","@id":"https:\/\/www.visit-ulcinj.com\/blog\/2017\/06\/28\/nika-akti-policor-17-qershorit-provokoi-fillimin-e-guximit-te-revoltes-institucionale-te-qytetareve-ne-ulqin\/#breadcrumb","itemListElement":[{"@type":"ListItem","position":1,"name":"Nika: Akti policor i 17 qershorit provokoi fillimin e guximit t\u00eb revoltes institucionale t\u00eb qytetareve n\u00eb Ulqin?!"}]},{"@type":"Person","@id":"https:\/\/www.visit-ulcinj.com\/blog\/#\/schema\/person\/dcab619c614d3038751c63bc2aadc06d","name":"ulqini","sameAs":["http:\/\/www.visit-ulcinj.com"],"url":"https:\/\/www.visit-ulcinj.com\/blog\/author\/admin\/"}]}},"jetpack_featured_media_url":"","jetpack_sharing_enabled":true,"jetpack_shortlink":"https:\/\/wp.me\/pe6lTn-rxr","_links":{"self":[{"href":"https:\/\/www.visit-ulcinj.com\/blog\/wp-json\/wp\/v2\/posts\/105861"}],"collection":[{"href":"https:\/\/www.visit-ulcinj.com\/blog\/wp-json\/wp\/v2\/posts"}],"about":[{"href":"https:\/\/www.visit-ulcinj.com\/blog\/wp-json\/wp\/v2\/types\/post"}],"author":[{"embeddable":true,"href":"https:\/\/www.visit-ulcinj.com\/blog\/wp-json\/wp\/v2\/users\/1"}],"replies":[{"embeddable":true,"href":"https:\/\/www.visit-ulcinj.com\/blog\/wp-json\/wp\/v2\/comments?post=105861"}],"version-history":[{"count":1,"href":"https:\/\/www.visit-ulcinj.com\/blog\/wp-json\/wp\/v2\/posts\/105861\/revisions"}],"predecessor-version":[{"id":105862,"href":"https:\/\/www.visit-ulcinj.com\/blog\/wp-json\/wp\/v2\/posts\/105861\/revisions\/105862"}],"wp:attachment":[{"href":"https:\/\/www.visit-ulcinj.com\/blog\/wp-json\/wp\/v2\/media?parent=105861"}],"wp:term":[{"taxonomy":"category","embeddable":true,"href":"https:\/\/www.visit-ulcinj.com\/blog\/wp-json\/wp\/v2\/categories?post=105861"},{"taxonomy":"post_tag","embeddable":true,"href":"https:\/\/www.visit-ulcinj.com\/blog\/wp-json\/wp\/v2\/tags?post=105861"}],"curies":[{"name":"wp","href":"https:\/\/api.w.org\/{rel}","templated":true}]}}