{"id":105863,"date":"2017-06-28T17:20:14","date_gmt":"2017-06-28T16:20:14","guid":{"rendered":"http:\/\/www.visit-ulcinj.com\/blog\/?p=105863"},"modified":"2017-06-28T18:50:13","modified_gmt":"2017-06-28T17:50:13","slug":"markoviq-apel-politikaneve-mos-pengoni-punen-e-policise","status":"publish","type":"post","link":"https:\/\/www.visit-ulcinj.com\/blog\/2017\/06\/28\/markoviq-apel-politikaneve-mos-pengoni-punen-e-policise\/","title":{"rendered":"Markoviq apel politikan\u00ebve: Mos pengoni pun\u00ebn e policis\u00eb &#8211; Video"},"content":{"rendered":"<p><a href=\"http:\/\/www.visit-ulcinj.com\/blog\/wp-content\/uploads\/2017\/02\/Premijer-Dusko-Markovic.jpg\"><img loading=\"lazy\" class=\"alignleft wp-image-102833\" src=\"http:\/\/www.visit-ulcinj.com\/blog\/wp-content\/uploads\/2017\/02\/Premijer-Dusko-Markovic.jpg\" alt=\"\" width=\"508\" height=\"338\" srcset=\"https:\/\/www.visit-ulcinj.com\/blog\/wp-content\/uploads\/2017\/02\/Premijer-Dusko-Markovic.jpg 721w, https:\/\/www.visit-ulcinj.com\/blog\/wp-content\/uploads\/2017\/02\/Premijer-Dusko-Markovic-300x200.jpg 300w\" sizes=\"(max-width: 508px) 100vw, 508px\" \/><\/a>Kryeministri Dushko Markoviq ka th\u00ebn\u00eb se duhet t\u00eb m\u00ebsohet q\u00eb n\u00ebn moton e demokracis\u00eb s\u00eb supozuar mos t\u00eb pengohet puna e organeve shtet\u00ebrore dhe mos t\u00eb ftohen qytetar\u00ebt n\u00eb protesta kund\u00ebr policis\u00eb, raporton portali Ul.info.<\/p>\n<p>Ai porositi politikan\u00ebt q\u00eb nuk mundet dhe nuk duhet lejuar q\u00eb t\u00eb ftohen qytetar\u00ebt q\u00eb n\u00eb vendin publik, n\u00eb rrug\u00eb ose kudo tjet\u00ebr t\u00eb vler\u00ebsojn\u00eb a e kryen policia pun\u00ebn e vet si\u00e7 duhet.<\/p>\n<p>\u201cKush do q\u00eb gabon, do t\u00eb jap p\u00ebrgjegj\u00ebsi. Kush do q\u00eb nuk \u00ebsht\u00eb i denj p\u00ebr uniform\u00ebn policore, do t\u00eb shkoj\u00eb nga policia\u201d, tha Markoviq.<\/p>\n<p>Ai nj\u00ebkoh\u00ebsisht tha se n\u00ebse cilido qytetar\u00eb mendon q\u00eb gjat\u00eb aktiviteteve policore u c\u00ebnua cila do e drejt\u00eb t\u00eb cil\u00ebn ia garanton kushtetuta dhe ligjet e k\u00ebtij vendi, n\u00eb dispozicion ka mekanizmet e brendshme dhe t\u00eb jashtme t\u00eb kontrollit t\u00eb pun\u00ebs s\u00eb policis\u00eb dhe \u00e7do punonj\u00ebsi policor.<\/p>\n<p>Nga ana tjet\u00ebr, shteti, si\u00e7 tha, nuk do t\u00eb k\u00ebrkoj\u00eb falje p\u00ebr shkak se policia b\u00ebn\u00eb pun\u00ebn e vet n\u00eb pajtim me ligjin.<\/p>\n<p>Markoviq shtoi se nuk do t\u00eb ket\u00eb objekte dhe hap\u00ebsira t\u00eb privilegjuara hotelerike, e as qytete t\u00eb privilegjuara n\u00eb Mal t\u00eb Zi.<\/p>\n<!--YouTube Error: bad URL entered-->\n","protected":false},"excerpt":{"rendered":"<p>Kryeministri Dushko Markoviq ka th\u00ebn\u00eb se duhet t\u00eb m\u00ebsohet q\u00eb n\u00ebn moton e demokracis\u00eb s\u00eb supozuar mos t\u00eb pengohet puna e organeve shtet\u00ebrore dhe mos t\u00eb ftohen qytetar\u00ebt n\u00eb protesta kund\u00ebr policis\u00eb, raporton portali Ul.info. Ai porositi politikan\u00ebt q\u00eb nuk mundet dhe nuk duhet lejuar q\u00eb t\u00eb ftohen qytetar\u00ebt q\u00eb n\u00eb vendin publik, n\u00eb rrug\u00eb [&hellip;]<\/p>\n","protected":false},"author":1,"featured_media":0,"comment_status":"closed","ping_status":"closed","sticky":false,"template":"","format":"standard","meta":{"spay_email":"","jetpack_publicize_message":"","jetpack_is_tweetstorm":false,"jetpack_publicize_feature_enabled":true},"categories":[12],"tags":[],"jetpack_publicize_connections":[],"yoast_head":"<!-- This site is optimized with the Yoast SEO plugin v19.1 - https:\/\/yoast.com\/wordpress\/plugins\/seo\/ -->\n<title>Markoviq apel politikan\u00ebve: Mos pengoni pun\u00ebn e policis\u00eb - Video - Lajme nga Ulqini<\/title>\n<meta name=\"description\" content=\"Kryeministri Dushko Markoviq ka th\u00ebn\u00eb se duhet t\u00eb m\u00ebsohet q\u00eb n\u00ebn moton e demokracis\u00eb s\u00eb supozuar mos t\u00eb pengohet puna e organeve shtet\u00ebrore dhe mos t\u00eb\" \/>\n<meta name=\"robots\" content=\"index, follow, max-snippet:-1, max-image-preview:large, max-video-preview:-1\" \/>\n<link rel=\"canonical\" href=\"https:\/\/www.visit-ulcinj.com\/blog\/2017\/06\/28\/markoviq-apel-politikaneve-mos-pengoni-punen-e-policise\/\" \/>\n<meta property=\"og:locale\" content=\"en_US\" \/>\n<meta property=\"og:type\" content=\"article\" \/>\n<meta property=\"og:title\" content=\"Markoviq apel politikan\u00ebve: Mos pengoni pun\u00ebn e policis\u00eb - Video - Lajme nga Ulqini\" \/>\n<meta property=\"og:description\" content=\"Kryeministri Dushko Markoviq ka th\u00ebn\u00eb se duhet t\u00eb m\u00ebsohet q\u00eb n\u00ebn moton e demokracis\u00eb s\u00eb supozuar mos t\u00eb pengohet puna e organeve shtet\u00ebrore dhe mos t\u00eb\" \/>\n<meta property=\"og:url\" content=\"https:\/\/www.visit-ulcinj.com\/blog\/2017\/06\/28\/markoviq-apel-politikaneve-mos-pengoni-punen-e-policise\/\" \/>\n<meta property=\"og:site_name\" content=\"Lajme nga Ulqini\" \/>\n<meta property=\"article:published_time\" content=\"2017-06-28T16:20:14+00:00\" \/>\n<meta property=\"article:modified_time\" content=\"2017-06-28T17:50:13+00:00\" \/>\n<meta property=\"og:image\" content=\"http:\/\/www.visit-ulcinj.com\/blog\/wp-content\/uploads\/2017\/02\/Premijer-Dusko-Markovic.jpg\" \/>\n<meta name=\"twitter:label1\" content=\"Written by\" \/>\n\t<meta name=\"twitter:data1\" content=\"ulqini\" \/>\n\t<meta name=\"twitter:label2\" content=\"Est. reading time\" \/>\n\t<meta name=\"twitter:data2\" content=\"1 minute\" \/>\n<script type=\"application\/ld+json\" class=\"yoast-schema-graph\">{\"@context\":\"https:\/\/schema.org\",\"@graph\":[{\"@type\":\"WebSite\",\"@id\":\"https:\/\/www.visit-ulcinj.com\/blog\/#website\",\"url\":\"https:\/\/www.visit-ulcinj.com\/blog\/\",\"name\":\"Lajme nga Ulqini\",\"description\":\"Lajme,Vijesti,Ulqini,Ulqin,Crna Gora,Mali i Zi\",\"potentialAction\":[{\"@type\":\"SearchAction\",\"target\":{\"@type\":\"EntryPoint\",\"urlTemplate\":\"https:\/\/www.visit-ulcinj.com\/blog\/?s={search_term_string}\"},\"query-input\":\"required name=search_term_string\"}],\"inLanguage\":\"en-US\"},{\"@type\":\"ImageObject\",\"inLanguage\":\"en-US\",\"@id\":\"https:\/\/www.visit-ulcinj.com\/blog\/2017\/06\/28\/markoviq-apel-politikaneve-mos-pengoni-punen-e-policise\/#primaryimage\",\"url\":\"https:\/\/www.visit-ulcinj.com\/blog\/wp-content\/uploads\/2017\/02\/Premijer-Dusko-Markovic.jpg\",\"contentUrl\":\"https:\/\/www.visit-ulcinj.com\/blog\/wp-content\/uploads\/2017\/02\/Premijer-Dusko-Markovic.jpg\",\"width\":721,\"height\":480},{\"@type\":\"WebPage\",\"@id\":\"https:\/\/www.visit-ulcinj.com\/blog\/2017\/06\/28\/markoviq-apel-politikaneve-mos-pengoni-punen-e-policise\/#webpage\",\"url\":\"https:\/\/www.visit-ulcinj.com\/blog\/2017\/06\/28\/markoviq-apel-politikaneve-mos-pengoni-punen-e-policise\/\",\"name\":\"Markoviq apel politikan\u00ebve: Mos pengoni pun\u00ebn e policis\u00eb - Video - Lajme nga Ulqini\",\"isPartOf\":{\"@id\":\"https:\/\/www.visit-ulcinj.com\/blog\/#website\"},\"primaryImageOfPage\":{\"@id\":\"https:\/\/www.visit-ulcinj.com\/blog\/2017\/06\/28\/markoviq-apel-politikaneve-mos-pengoni-punen-e-policise\/#primaryimage\"},\"datePublished\":\"2017-06-28T16:20:14+00:00\",\"dateModified\":\"2017-06-28T17:50:13+00:00\",\"author\":{\"@id\":\"https:\/\/www.visit-ulcinj.com\/blog\/#\/schema\/person\/dcab619c614d3038751c63bc2aadc06d\"},\"description\":\"Kryeministri Dushko Markoviq ka th\u00ebn\u00eb se duhet t\u00eb m\u00ebsohet q\u00eb n\u00ebn moton e demokracis\u00eb s\u00eb supozuar mos t\u00eb pengohet puna e organeve shtet\u00ebrore dhe mos t\u00eb\",\"breadcrumb\":{\"@id\":\"https:\/\/www.visit-ulcinj.com\/blog\/2017\/06\/28\/markoviq-apel-politikaneve-mos-pengoni-punen-e-policise\/#breadcrumb\"},\"inLanguage\":\"en-US\",\"potentialAction\":[{\"@type\":\"ReadAction\",\"target\":[\"https:\/\/www.visit-ulcinj.com\/blog\/2017\/06\/28\/markoviq-apel-politikaneve-mos-pengoni-punen-e-policise\/\"]}]},{\"@type\":\"BreadcrumbList\",\"@id\":\"https:\/\/www.visit-ulcinj.com\/blog\/2017\/06\/28\/markoviq-apel-politikaneve-mos-pengoni-punen-e-policise\/#breadcrumb\",\"itemListElement\":[{\"@type\":\"ListItem\",\"position\":1,\"name\":\"Markoviq apel politikan\u00ebve: Mos pengoni pun\u00ebn e policis\u00eb &#8211; Video\"}]},{\"@type\":\"Person\",\"@id\":\"https:\/\/www.visit-ulcinj.com\/blog\/#\/schema\/person\/dcab619c614d3038751c63bc2aadc06d\",\"name\":\"ulqini\",\"sameAs\":[\"http:\/\/www.visit-ulcinj.com\"],\"url\":\"https:\/\/www.visit-ulcinj.com\/blog\/author\/admin\/\"}]}<\/script>\n<!-- \/ Yoast SEO plugin. -->","yoast_head_json":{"title":"Markoviq apel politikan\u00ebve: Mos pengoni pun\u00ebn e policis\u00eb - Video - Lajme nga Ulqini","description":"Kryeministri Dushko Markoviq ka th\u00ebn\u00eb se duhet t\u00eb m\u00ebsohet q\u00eb n\u00ebn moton e demokracis\u00eb s\u00eb supozuar mos t\u00eb pengohet puna e organeve shtet\u00ebrore dhe mos t\u00eb","robots":{"index":"index","follow":"follow","max-snippet":"max-snippet:-1","max-image-preview":"max-image-preview:large","max-video-preview":"max-video-preview:-1"},"canonical":"https:\/\/www.visit-ulcinj.com\/blog\/2017\/06\/28\/markoviq-apel-politikaneve-mos-pengoni-punen-e-policise\/","og_locale":"en_US","og_type":"article","og_title":"Markoviq apel politikan\u00ebve: Mos pengoni pun\u00ebn e policis\u00eb - Video - Lajme nga Ulqini","og_description":"Kryeministri Dushko Markoviq ka th\u00ebn\u00eb se duhet t\u00eb m\u00ebsohet q\u00eb n\u00ebn moton e demokracis\u00eb s\u00eb supozuar mos t\u00eb pengohet puna e organeve shtet\u00ebrore dhe mos t\u00eb","og_url":"https:\/\/www.visit-ulcinj.com\/blog\/2017\/06\/28\/markoviq-apel-politikaneve-mos-pengoni-punen-e-policise\/","og_site_name":"Lajme nga Ulqini","article_published_time":"2017-06-28T16:20:14+00:00","article_modified_time":"2017-06-28T17:50:13+00:00","og_image":[{"url":"http:\/\/www.visit-ulcinj.com\/blog\/wp-content\/uploads\/2017\/02\/Premijer-Dusko-Markovic.jpg"}],"twitter_misc":{"Written by":"ulqini","Est. reading time":"1 minute"},"schema":{"@context":"https:\/\/schema.org","@graph":[{"@type":"WebSite","@id":"https:\/\/www.visit-ulcinj.com\/blog\/#website","url":"https:\/\/www.visit-ulcinj.com\/blog\/","name":"Lajme nga Ulqini","description":"Lajme,Vijesti,Ulqini,Ulqin,Crna Gora,Mali i Zi","potentialAction":[{"@type":"SearchAction","target":{"@type":"EntryPoint","urlTemplate":"https:\/\/www.visit-ulcinj.com\/blog\/?s={search_term_string}"},"query-input":"required name=search_term_string"}],"inLanguage":"en-US"},{"@type":"ImageObject","inLanguage":"en-US","@id":"https:\/\/www.visit-ulcinj.com\/blog\/2017\/06\/28\/markoviq-apel-politikaneve-mos-pengoni-punen-e-policise\/#primaryimage","url":"https:\/\/www.visit-ulcinj.com\/blog\/wp-content\/uploads\/2017\/02\/Premijer-Dusko-Markovic.jpg","contentUrl":"https:\/\/www.visit-ulcinj.com\/blog\/wp-content\/uploads\/2017\/02\/Premijer-Dusko-Markovic.jpg","width":721,"height":480},{"@type":"WebPage","@id":"https:\/\/www.visit-ulcinj.com\/blog\/2017\/06\/28\/markoviq-apel-politikaneve-mos-pengoni-punen-e-policise\/#webpage","url":"https:\/\/www.visit-ulcinj.com\/blog\/2017\/06\/28\/markoviq-apel-politikaneve-mos-pengoni-punen-e-policise\/","name":"Markoviq apel politikan\u00ebve: Mos pengoni pun\u00ebn e policis\u00eb - Video - Lajme nga Ulqini","isPartOf":{"@id":"https:\/\/www.visit-ulcinj.com\/blog\/#website"},"primaryImageOfPage":{"@id":"https:\/\/www.visit-ulcinj.com\/blog\/2017\/06\/28\/markoviq-apel-politikaneve-mos-pengoni-punen-e-policise\/#primaryimage"},"datePublished":"2017-06-28T16:20:14+00:00","dateModified":"2017-06-28T17:50:13+00:00","author":{"@id":"https:\/\/www.visit-ulcinj.com\/blog\/#\/schema\/person\/dcab619c614d3038751c63bc2aadc06d"},"description":"Kryeministri Dushko Markoviq ka th\u00ebn\u00eb se duhet t\u00eb m\u00ebsohet q\u00eb n\u00ebn moton e demokracis\u00eb s\u00eb supozuar mos t\u00eb pengohet puna e organeve shtet\u00ebrore dhe mos t\u00eb","breadcrumb":{"@id":"https:\/\/www.visit-ulcinj.com\/blog\/2017\/06\/28\/markoviq-apel-politikaneve-mos-pengoni-punen-e-policise\/#breadcrumb"},"inLanguage":"en-US","potentialAction":[{"@type":"ReadAction","target":["https:\/\/www.visit-ulcinj.com\/blog\/2017\/06\/28\/markoviq-apel-politikaneve-mos-pengoni-punen-e-policise\/"]}]},{"@type":"BreadcrumbList","@id":"https:\/\/www.visit-ulcinj.com\/blog\/2017\/06\/28\/markoviq-apel-politikaneve-mos-pengoni-punen-e-policise\/#breadcrumb","itemListElement":[{"@type":"ListItem","position":1,"name":"Markoviq apel politikan\u00ebve: Mos pengoni pun\u00ebn e policis\u00eb &#8211; Video"}]},{"@type":"Person","@id":"https:\/\/www.visit-ulcinj.com\/blog\/#\/schema\/person\/dcab619c614d3038751c63bc2aadc06d","name":"ulqini","sameAs":["http:\/\/www.visit-ulcinj.com"],"url":"https:\/\/www.visit-ulcinj.com\/blog\/author\/admin\/"}]}},"jetpack_featured_media_url":"","jetpack_sharing_enabled":true,"jetpack_shortlink":"https:\/\/wp.me\/pe6lTn-rxt","_links":{"self":[{"href":"https:\/\/www.visit-ulcinj.com\/blog\/wp-json\/wp\/v2\/posts\/105863"}],"collection":[{"href":"https:\/\/www.visit-ulcinj.com\/blog\/wp-json\/wp\/v2\/posts"}],"about":[{"href":"https:\/\/www.visit-ulcinj.com\/blog\/wp-json\/wp\/v2\/types\/post"}],"author":[{"embeddable":true,"href":"https:\/\/www.visit-ulcinj.com\/blog\/wp-json\/wp\/v2\/users\/1"}],"replies":[{"embeddable":true,"href":"https:\/\/www.visit-ulcinj.com\/blog\/wp-json\/wp\/v2\/comments?post=105863"}],"version-history":[{"count":3,"href":"https:\/\/www.visit-ulcinj.com\/blog\/wp-json\/wp\/v2\/posts\/105863\/revisions"}],"predecessor-version":[{"id":105870,"href":"https:\/\/www.visit-ulcinj.com\/blog\/wp-json\/wp\/v2\/posts\/105863\/revisions\/105870"}],"wp:attachment":[{"href":"https:\/\/www.visit-ulcinj.com\/blog\/wp-json\/wp\/v2\/media?parent=105863"}],"wp:term":[{"taxonomy":"category","embeddable":true,"href":"https:\/\/www.visit-ulcinj.com\/blog\/wp-json\/wp\/v2\/categories?post=105863"},{"taxonomy":"post_tag","embeddable":true,"href":"https:\/\/www.visit-ulcinj.com\/blog\/wp-json\/wp\/v2\/tags?post=105863"}],"curies":[{"name":"wp","href":"https:\/\/api.w.org\/{rel}","templated":true}]}}