{"id":105865,"date":"2017-06-28T17:57:49","date_gmt":"2017-06-28T16:57:49","guid":{"rendered":"http:\/\/www.visit-ulcinj.com\/blog\/?p=105865"},"modified":"2017-06-28T17:57:49","modified_gmt":"2017-06-28T16:57:49","slug":"u-promovimi-librit-ne-dere-te-oborrit-nga-dr-gani-karamanaga","status":"publish","type":"post","link":"https:\/\/www.visit-ulcinj.com\/blog\/2017\/06\/28\/u-promovimi-librit-ne-dere-te-oborrit-nga-dr-gani-karamanaga\/","title":{"rendered":"U b\u00eb promovimi i librit &#8221; N\u00eb der\u00eb t\u00eb oborrit&#8221; nga Dr. Gani Karamanaga"},"content":{"rendered":"<p><strong><a href=\"http:\/\/www.visit-ulcinj.com\/blog\/wp-content\/uploads\/2017\/06\/Promovohet-libri-.-N\u00eb-der\u00eb-t\u00eb-oborrit-nga-Dr.-Gani-Karamanaga-Ulqin.jpg\"><img loading=\"lazy\" class=\"alignleft wp-image-105866\" src=\"http:\/\/www.visit-ulcinj.com\/blog\/wp-content\/uploads\/2017\/06\/Promovohet-libri-.-N\u00eb-der\u00eb-t\u00eb-oborrit-nga-Dr.-Gani-Karamanaga-Ulqin.jpg\" alt=\"\" width=\"508\" height=\"381\" srcset=\"https:\/\/www.visit-ulcinj.com\/blog\/wp-content\/uploads\/2017\/06\/Promovohet-libri-.-N\u00eb-der\u00eb-t\u00eb-oborrit-nga-Dr.-Gani-Karamanaga-Ulqin.jpg 960w, https:\/\/www.visit-ulcinj.com\/blog\/wp-content\/uploads\/2017\/06\/Promovohet-libri-.-N\u00eb-der\u00eb-t\u00eb-oborrit-nga-Dr.-Gani-Karamanaga-Ulqin-300x225.jpg 300w, https:\/\/www.visit-ulcinj.com\/blog\/wp-content\/uploads\/2017\/06\/Promovohet-libri-.-N\u00eb-der\u00eb-t\u00eb-oborrit-nga-Dr.-Gani-Karamanaga-Ulqin-768x576.jpg 768w\" sizes=\"(max-width: 508px) 100vw, 508px\" \/><\/a>Promovohet libri\u00a0&#8221; N\u00eb der\u00eb t\u00eb oborrit&#8221; nga Dr. Gani Karamanaga<\/strong><\/p>\n<p><strong>Nga <\/strong><span class=\"fwn fcg\"><span class=\"fcg\"><span class=\"fwb\"><a id=\"js_1no\" class=\"profileLink\" href=\"https:\/\/www.facebook.com\/ismet.karamanaga?ref=br_rs&amp;hc_ref=SEARCH\" data-ft=\"{&quot;tn&quot;:&quot;l&quot;}\" data-hovercard=\"\/ajax\/hovercard\/user.php?id=1359492972&amp;extragetparams=%7B%22hc_ref%22%3A%22SEARCH%22%7D\" data-hovercard-prefer-more-content-show=\"1\" data-hovercard-referer=\"SEARCH\" aria-controls=\"js_1nm\" aria-haspopup=\"true\" aria-describedby=\"js_1nn\"><strong>Ismet Karamanaga<\/strong><\/a><\/span><\/span><\/span><\/p>\n<p>Mbr\u00ebm\u00eb brenda mureve t\u00eb Kalas\u00eb n\u00eb \u201cPallatin Venezia\u201d, n\u00eb vendin t\u00eb cilin ne \u201cKalalit\u00eb\u201d gjithmon\u00eb e kemi quajtur \u201cTabje\u201d, Qendra p\u00ebr kultur\u00eb, Biblioteka e Ulqint dhe Bashkimi i Krijuesve n\u00eb Mal t\u00eb Zi ka b\u00ebr\u00eb p\u00ebrurimin e librit m\u00eb t\u00eb ri t\u00eb Gani KARAMANAG\u00cbS, \u201cN\u00eb der\u00ebn e Oborit\u201d.<\/p>\n<p>Ishte kjo nj\u00eb mbr\u00ebmje solemne ku ishin prezent shum\u00eb intelektual\u00eb t\u00eb ftuar, shkrimtar\u00eb dhe publicist\u00eb, t\u00eb af\u00ebrmit e autorit, si edhe shum\u00eb mysafir\u00eb nga Podgorica dhe Shqip\u00ebria. Nd\u00ebrmjert tyre ishin edhe shum\u00eb aktor\u00eb t\u00eb ngjarjeve dhe tregimeve, p\u00ebr t\u00eb cil\u00ebt autori shkruan n\u00eb lib\u00ebr, t\u00eb cil\u00ebt i dhen\u00eb k\u00ebsaj mbr\u00ebmje nj\u00eb pesh\u00eb t\u00eb ve\u00e7ant\u00eb.<br \/>\nHysejn Kapllanbegu 88, Avdo Nimanbegu 87, Ali Peshku 87, Shefki Nimnanegu 81, dhe t\u00eb tjer\u00ebt t\u00eb cil\u00ebt ishin aktor\u00eb e disa tregimeve apo, \u201dkallximeve\u201d, si\u00e7 i quan autori ishin prezent n\u00eb k\u00ebt\u00eb mbr\u00ebmje kaq\u00eb t\u00eb bukur.<br \/>\nShum\u00eb prej tyre nuk jetojn\u00eb m\u00eb, por autori n\u00eb k\u00ebto tregime i ka nxjerrurr nga harresa, p\u00ebr gjenerata t\u00eb cil\u00ebt do t\u00eb vin pas nesh.<\/p>\n<p>Ishte ky p\u00ebrurimi i dyt\u00eb t\u00eb cil\u00ebn autori e b\u00ebri n\u00eb Kala, nj\u00eb shembull pozitiv edhe p\u00ebr t\u00eb gjith\u00eb ato t\u00eb tjer\u00ebt, t\u00eb cil\u00ebt duhen t\u00eb mundohen q\u00eb artin, n\u00eb ve\u00e7anti fjal\u00ebn e shkruar ta qesin nga sallat, n\u00eb hapsira publike, n\u00eb Sheshe t\u00eb Kalas\u00eb, n\u00eb vendet nga ku edhe shum\u00eb ato e marrin inspirimin. K\u00ebshtu ka qen\u00eb edhe n\u00eb civilizimet t\u00eb m\u00ebdha bot\u00ebrore, n\u00eb Greqin\u00eb e vjet\u00ebr dhe n\u00eb Rom\u00eb.<br \/>\nM\u00eb n\u00eb fund, si pas mendimit tim modest, kjo vlen\u00eb edhe p\u00ebr organizator\u00ebt e \u201cPanairit t\u00eb librit\u201d i cili nuk e ka vendin n\u00eb Ran\u00eb, n\u00eb mesin e \u201chamburgerave\u201d dhe \u201cshundit\u201d i cili \u00ebsht\u00eb prezent n\u00eb Ran\u00eb gjat\u00eb sezonit turistik. Kultura e ka vendin brenda bedenave t\u00eb Kalas\u00eb, n\u00eb sheshe dhe n\u00eb rrugica t\u00eb ngushta, aty ku \u00ebsht\u00eb burimi dhe shpirti i kultur\u00ebs, tradit\u00ebs dhe trash\u00ebgimis\u00eb ton\u00eb 2500 vje\u00e7are. Autori Gani Karamanaga k\u00ebt\u00eb e ka kuptuar, dhe \u00ebsht\u00eb sjellur me shkrime, por edhe me shpirt vendlindjes s\u00eb tij Kalas\u00eb.<\/p>\n<p>Libri \u201cN\u00eb der\u00ebn e oborit\u201d \u00ebsht\u00eb nj\u00eb p\u00ebrmledhje e tregimeve t\u00eb \u201cKalalive\u201d t\u00eb cilat kan\u00eb ndodhur n\u00eb Kala, gjat\u00eb nj\u00eb periudhe e cila i kujtohet autorit, por edhe t\u00eb cilat autori i ka degjuar nga t\u00eb par\u00ebt tan\u00eb. Shum\u00eb nga k\u00ebto personalitete t\u00eb cil\u00ebt ishin aktor\u00ebt e k\u00ebtyre ngjarjeve nuk jetojn\u00eb m\u00eb, mir\u00ebpo, ato kan\u00eb l\u00ebn\u00eb gjurm\u00eb t\u00eb pashlyera n\u00eb trash\u00ebgimin\u00eb ton\u00eb.<\/p>\n<p>Ishte kjo nj\u00eb mbr\u00ebmje mir\u00eb e organizuar, e bukur, solemne n\u00eb fillim t\u00eb sezonit turistik, nj\u00eb ngjarje e cila duhet t\u00eb jet\u00eb nj\u00eb shenj i mir\u00eb p\u00ebr nj\u00eb sezon t\u00eb suksessh\u00ebm i cili gjithashtu do t\u00eb na sjell\u00eb edhe m\u00eb tep\u00ebr ngjarje nga kultura. P\u00ebr autorin dhe p\u00ebr librin e tij, fol\u00ebn, Hajro Ulqinaku, Ardita Rama, Gjek Gjonaj, Ana Zhivanoviq, Asllan Bisha, Zuvdija Hoxhiq dhe drejtori i Fondit i cili e ndihmoj botimin e librit, Safet Kurtagiqi.<\/p>\n<p>Mbr\u00ebmjen e p\u00ebrcjell\u00ebn edhe mediat t\u00eb shkruara si edhe ata elektronike. Disa foto i kam b\u00ebr\u00eb edhe un\u00eb. Ky shkrim modest i dedikur vllau tim Ganiut, \u00ebsht\u00eb nj\u00eb d\u00ebshir\u00eb p\u00ebr shkrime edhe t\u00eb tjera, pasi q\u00eb Ganiu nuk lodhet kurr\u00eb. M\u00eb n\u00eb fund mua m\u00eb g\u00ebzon fakti se ai me shkrime t\u00eb tilla, po i kthehet Kalas\u00eb, vendlindjes ton\u00eb, me shpirt\u00eb, me pen dhe me mend&#8230;<\/p>\n<p><strong>Nga <\/strong><span class=\"fwn fcg\"><span class=\"fcg\"><span class=\"fwb\"><a id=\"js_1no\" class=\"profileLink\" href=\"https:\/\/www.facebook.com\/ismet.karamanaga?ref=br_rs&amp;hc_ref=SEARCH\" data-ft=\"{&quot;tn&quot;:&quot;l&quot;}\" data-hovercard=\"\/ajax\/hovercard\/user.php?id=1359492972&amp;extragetparams=%7B%22hc_ref%22%3A%22SEARCH%22%7D\" data-hovercard-prefer-more-content-show=\"1\" data-hovercard-referer=\"SEARCH\" aria-controls=\"js_1nm\" aria-haspopup=\"true\" aria-describedby=\"js_1nn\"><strong>Ismet Karamanaga<\/strong><\/a><\/span><\/span><\/span><\/p>\n<p><a href=\"http:\/\/www.visit-ulcinj.com\/blog\/wp-content\/uploads\/2017\/06\/Promovohet-libri-.-N\u00eb-der\u00eb-t\u00eb-oborrit-nga-Dr.-Gani-Karamanaga-Ulqin.1.jpg\"><img loading=\"lazy\" class=\"alignleft wp-image-105867\" src=\"http:\/\/www.visit-ulcinj.com\/blog\/wp-content\/uploads\/2017\/06\/Promovohet-libri-.-N\u00eb-der\u00eb-t\u00eb-oborrit-nga-Dr.-Gani-Karamanaga-Ulqin.1.jpg\" alt=\"\" width=\"508\" height=\"740\" srcset=\"https:\/\/www.visit-ulcinj.com\/blog\/wp-content\/uploads\/2017\/06\/Promovohet-libri-.-N\u00eb-der\u00eb-t\u00eb-oborrit-nga-Dr.-Gani-Karamanaga-Ulqin.1.jpg 592w, https:\/\/www.visit-ulcinj.com\/blog\/wp-content\/uploads\/2017\/06\/Promovohet-libri-.-N\u00eb-der\u00eb-t\u00eb-oborrit-nga-Dr.-Gani-Karamanaga-Ulqin.1-206x300.jpg 206w\" sizes=\"(max-width: 508px) 100vw, 508px\" \/><\/a><\/p>\n<p>&nbsp;<\/p>\n","protected":false},"excerpt":{"rendered":"<p>Promovohet libri\u00a0&#8221; N\u00eb der\u00eb t\u00eb oborrit&#8221; nga Dr. Gani Karamanaga Nga Ismet Karamanaga Mbr\u00ebm\u00eb brenda mureve t\u00eb Kalas\u00eb n\u00eb \u201cPallatin Venezia\u201d, n\u00eb vendin t\u00eb cilin ne \u201cKalalit\u00eb\u201d gjithmon\u00eb e kemi quajtur \u201cTabje\u201d, Qendra p\u00ebr kultur\u00eb, Biblioteka e Ulqint dhe Bashkimi i Krijuesve n\u00eb Mal t\u00eb Zi ka b\u00ebr\u00eb p\u00ebrurimin e librit m\u00eb t\u00eb ri t\u00eb [&hellip;]<\/p>\n","protected":false},"author":1,"featured_media":0,"comment_status":"closed","ping_status":"closed","sticky":false,"template":"","format":"standard","meta":{"spay_email":"","jetpack_publicize_message":"","jetpack_is_tweetstorm":false,"jetpack_publicize_feature_enabled":true},"categories":[4],"tags":[],"jetpack_publicize_connections":[],"yoast_head":"<!-- This site is optimized with the Yoast SEO plugin v19.1 - https:\/\/yoast.com\/wordpress\/plugins\/seo\/ -->\n<title>U b\u00eb promovimi i librit &quot; N\u00eb der\u00eb t\u00eb oborrit&quot; nga Dr. Gani Karamanaga - Lajme nga Ulqini<\/title>\n<meta name=\"description\" content=\"Promovohet libri\u00a0&quot; N\u00eb der\u00eb t\u00eb oborrit&quot; nga Dr. Gani Karamanaga Nga Ismet Karamanaga Mbr\u00ebm\u00eb brenda mureve t\u00eb Kalas\u00eb n\u00eb \u201cPallatin Venezia\u201d, n\u00eb vendin t\u00eb\" \/>\n<meta name=\"robots\" content=\"index, follow, max-snippet:-1, max-image-preview:large, max-video-preview:-1\" \/>\n<link rel=\"canonical\" href=\"https:\/\/www.visit-ulcinj.com\/blog\/2017\/06\/28\/u-promovimi-librit-ne-dere-te-oborrit-nga-dr-gani-karamanaga\/\" \/>\n<meta property=\"og:locale\" content=\"en_US\" \/>\n<meta property=\"og:type\" content=\"article\" \/>\n<meta property=\"og:title\" content=\"U b\u00eb promovimi i librit &quot; N\u00eb der\u00eb t\u00eb oborrit&quot; nga Dr. Gani Karamanaga - Lajme nga Ulqini\" \/>\n<meta property=\"og:description\" content=\"Promovohet libri\u00a0&quot; N\u00eb der\u00eb t\u00eb oborrit&quot; nga Dr. Gani Karamanaga Nga Ismet Karamanaga Mbr\u00ebm\u00eb brenda mureve t\u00eb Kalas\u00eb n\u00eb \u201cPallatin Venezia\u201d, n\u00eb vendin t\u00eb\" \/>\n<meta property=\"og:url\" content=\"https:\/\/www.visit-ulcinj.com\/blog\/2017\/06\/28\/u-promovimi-librit-ne-dere-te-oborrit-nga-dr-gani-karamanaga\/\" \/>\n<meta property=\"og:site_name\" content=\"Lajme nga Ulqini\" \/>\n<meta property=\"article:published_time\" content=\"2017-06-28T16:57:49+00:00\" \/>\n<meta name=\"twitter:label1\" content=\"Written by\" \/>\n\t<meta name=\"twitter:data1\" content=\"ulqini\" \/>\n\t<meta name=\"twitter:label2\" content=\"Est. reading time\" \/>\n\t<meta name=\"twitter:data2\" content=\"3 minutes\" \/>\n<script type=\"application\/ld+json\" class=\"yoast-schema-graph\">{\"@context\":\"https:\/\/schema.org\",\"@graph\":[{\"@type\":\"WebSite\",\"@id\":\"https:\/\/www.visit-ulcinj.com\/blog\/#website\",\"url\":\"https:\/\/www.visit-ulcinj.com\/blog\/\",\"name\":\"Lajme nga Ulqini\",\"description\":\"Lajme,Vijesti,Ulqini,Ulqin,Crna Gora,Mali i Zi\",\"potentialAction\":[{\"@type\":\"SearchAction\",\"target\":{\"@type\":\"EntryPoint\",\"urlTemplate\":\"https:\/\/www.visit-ulcinj.com\/blog\/?s={search_term_string}\"},\"query-input\":\"required name=search_term_string\"}],\"inLanguage\":\"en-US\"},{\"@type\":\"WebPage\",\"@id\":\"https:\/\/www.visit-ulcinj.com\/blog\/2017\/06\/28\/u-promovimi-librit-ne-dere-te-oborrit-nga-dr-gani-karamanaga\/#webpage\",\"url\":\"https:\/\/www.visit-ulcinj.com\/blog\/2017\/06\/28\/u-promovimi-librit-ne-dere-te-oborrit-nga-dr-gani-karamanaga\/\",\"name\":\"U b\u00eb promovimi i librit \\\" N\u00eb der\u00eb t\u00eb oborrit\\\" nga Dr. Gani Karamanaga - Lajme nga Ulqini\",\"isPartOf\":{\"@id\":\"https:\/\/www.visit-ulcinj.com\/blog\/#website\"},\"datePublished\":\"2017-06-28T16:57:49+00:00\",\"dateModified\":\"2017-06-28T16:57:49+00:00\",\"author\":{\"@id\":\"https:\/\/www.visit-ulcinj.com\/blog\/#\/schema\/person\/dcab619c614d3038751c63bc2aadc06d\"},\"description\":\"Promovohet libri\u00a0\\\" N\u00eb der\u00eb t\u00eb oborrit\\\" nga Dr. Gani Karamanaga Nga Ismet Karamanaga Mbr\u00ebm\u00eb brenda mureve t\u00eb Kalas\u00eb n\u00eb \u201cPallatin Venezia\u201d, n\u00eb vendin t\u00eb\",\"breadcrumb\":{\"@id\":\"https:\/\/www.visit-ulcinj.com\/blog\/2017\/06\/28\/u-promovimi-librit-ne-dere-te-oborrit-nga-dr-gani-karamanaga\/#breadcrumb\"},\"inLanguage\":\"en-US\",\"potentialAction\":[{\"@type\":\"ReadAction\",\"target\":[\"https:\/\/www.visit-ulcinj.com\/blog\/2017\/06\/28\/u-promovimi-librit-ne-dere-te-oborrit-nga-dr-gani-karamanaga\/\"]}]},{\"@type\":\"BreadcrumbList\",\"@id\":\"https:\/\/www.visit-ulcinj.com\/blog\/2017\/06\/28\/u-promovimi-librit-ne-dere-te-oborrit-nga-dr-gani-karamanaga\/#breadcrumb\",\"itemListElement\":[{\"@type\":\"ListItem\",\"position\":1,\"name\":\"U b\u00eb promovimi i librit &#8221; N\u00eb der\u00eb t\u00eb oborrit&#8221; nga Dr. Gani Karamanaga\"}]},{\"@type\":\"Person\",\"@id\":\"https:\/\/www.visit-ulcinj.com\/blog\/#\/schema\/person\/dcab619c614d3038751c63bc2aadc06d\",\"name\":\"ulqini\",\"sameAs\":[\"http:\/\/www.visit-ulcinj.com\"],\"url\":\"https:\/\/www.visit-ulcinj.com\/blog\/author\/admin\/\"}]}<\/script>\n<!-- \/ Yoast SEO plugin. -->","yoast_head_json":{"title":"U b\u00eb promovimi i librit \" N\u00eb der\u00eb t\u00eb oborrit\" nga Dr. Gani Karamanaga - Lajme nga Ulqini","description":"Promovohet libri\u00a0\" N\u00eb der\u00eb t\u00eb oborrit\" nga Dr. Gani Karamanaga Nga Ismet Karamanaga Mbr\u00ebm\u00eb brenda mureve t\u00eb Kalas\u00eb n\u00eb \u201cPallatin Venezia\u201d, n\u00eb vendin t\u00eb","robots":{"index":"index","follow":"follow","max-snippet":"max-snippet:-1","max-image-preview":"max-image-preview:large","max-video-preview":"max-video-preview:-1"},"canonical":"https:\/\/www.visit-ulcinj.com\/blog\/2017\/06\/28\/u-promovimi-librit-ne-dere-te-oborrit-nga-dr-gani-karamanaga\/","og_locale":"en_US","og_type":"article","og_title":"U b\u00eb promovimi i librit \" N\u00eb der\u00eb t\u00eb oborrit\" nga Dr. Gani Karamanaga - Lajme nga Ulqini","og_description":"Promovohet libri\u00a0\" N\u00eb der\u00eb t\u00eb oborrit\" nga Dr. Gani Karamanaga Nga Ismet Karamanaga Mbr\u00ebm\u00eb brenda mureve t\u00eb Kalas\u00eb n\u00eb \u201cPallatin Venezia\u201d, n\u00eb vendin t\u00eb","og_url":"https:\/\/www.visit-ulcinj.com\/blog\/2017\/06\/28\/u-promovimi-librit-ne-dere-te-oborrit-nga-dr-gani-karamanaga\/","og_site_name":"Lajme nga Ulqini","article_published_time":"2017-06-28T16:57:49+00:00","twitter_misc":{"Written by":"ulqini","Est. reading time":"3 minutes"},"schema":{"@context":"https:\/\/schema.org","@graph":[{"@type":"WebSite","@id":"https:\/\/www.visit-ulcinj.com\/blog\/#website","url":"https:\/\/www.visit-ulcinj.com\/blog\/","name":"Lajme nga Ulqini","description":"Lajme,Vijesti,Ulqini,Ulqin,Crna Gora,Mali i Zi","potentialAction":[{"@type":"SearchAction","target":{"@type":"EntryPoint","urlTemplate":"https:\/\/www.visit-ulcinj.com\/blog\/?s={search_term_string}"},"query-input":"required name=search_term_string"}],"inLanguage":"en-US"},{"@type":"WebPage","@id":"https:\/\/www.visit-ulcinj.com\/blog\/2017\/06\/28\/u-promovimi-librit-ne-dere-te-oborrit-nga-dr-gani-karamanaga\/#webpage","url":"https:\/\/www.visit-ulcinj.com\/blog\/2017\/06\/28\/u-promovimi-librit-ne-dere-te-oborrit-nga-dr-gani-karamanaga\/","name":"U b\u00eb promovimi i librit \" N\u00eb der\u00eb t\u00eb oborrit\" nga Dr. Gani Karamanaga - Lajme nga Ulqini","isPartOf":{"@id":"https:\/\/www.visit-ulcinj.com\/blog\/#website"},"datePublished":"2017-06-28T16:57:49+00:00","dateModified":"2017-06-28T16:57:49+00:00","author":{"@id":"https:\/\/www.visit-ulcinj.com\/blog\/#\/schema\/person\/dcab619c614d3038751c63bc2aadc06d"},"description":"Promovohet libri\u00a0\" N\u00eb der\u00eb t\u00eb oborrit\" nga Dr. Gani Karamanaga Nga Ismet Karamanaga Mbr\u00ebm\u00eb brenda mureve t\u00eb Kalas\u00eb n\u00eb \u201cPallatin Venezia\u201d, n\u00eb vendin t\u00eb","breadcrumb":{"@id":"https:\/\/www.visit-ulcinj.com\/blog\/2017\/06\/28\/u-promovimi-librit-ne-dere-te-oborrit-nga-dr-gani-karamanaga\/#breadcrumb"},"inLanguage":"en-US","potentialAction":[{"@type":"ReadAction","target":["https:\/\/www.visit-ulcinj.com\/blog\/2017\/06\/28\/u-promovimi-librit-ne-dere-te-oborrit-nga-dr-gani-karamanaga\/"]}]},{"@type":"BreadcrumbList","@id":"https:\/\/www.visit-ulcinj.com\/blog\/2017\/06\/28\/u-promovimi-librit-ne-dere-te-oborrit-nga-dr-gani-karamanaga\/#breadcrumb","itemListElement":[{"@type":"ListItem","position":1,"name":"U b\u00eb promovimi i librit &#8221; N\u00eb der\u00eb t\u00eb oborrit&#8221; nga Dr. Gani Karamanaga"}]},{"@type":"Person","@id":"https:\/\/www.visit-ulcinj.com\/blog\/#\/schema\/person\/dcab619c614d3038751c63bc2aadc06d","name":"ulqini","sameAs":["http:\/\/www.visit-ulcinj.com"],"url":"https:\/\/www.visit-ulcinj.com\/blog\/author\/admin\/"}]}},"jetpack_featured_media_url":"","jetpack_sharing_enabled":true,"jetpack_shortlink":"https:\/\/wp.me\/pe6lTn-rxv","_links":{"self":[{"href":"https:\/\/www.visit-ulcinj.com\/blog\/wp-json\/wp\/v2\/posts\/105865"}],"collection":[{"href":"https:\/\/www.visit-ulcinj.com\/blog\/wp-json\/wp\/v2\/posts"}],"about":[{"href":"https:\/\/www.visit-ulcinj.com\/blog\/wp-json\/wp\/v2\/types\/post"}],"author":[{"embeddable":true,"href":"https:\/\/www.visit-ulcinj.com\/blog\/wp-json\/wp\/v2\/users\/1"}],"replies":[{"embeddable":true,"href":"https:\/\/www.visit-ulcinj.com\/blog\/wp-json\/wp\/v2\/comments?post=105865"}],"version-history":[{"count":1,"href":"https:\/\/www.visit-ulcinj.com\/blog\/wp-json\/wp\/v2\/posts\/105865\/revisions"}],"predecessor-version":[{"id":105868,"href":"https:\/\/www.visit-ulcinj.com\/blog\/wp-json\/wp\/v2\/posts\/105865\/revisions\/105868"}],"wp:attachment":[{"href":"https:\/\/www.visit-ulcinj.com\/blog\/wp-json\/wp\/v2\/media?parent=105865"}],"wp:term":[{"taxonomy":"category","embeddable":true,"href":"https:\/\/www.visit-ulcinj.com\/blog\/wp-json\/wp\/v2\/categories?post=105865"},{"taxonomy":"post_tag","embeddable":true,"href":"https:\/\/www.visit-ulcinj.com\/blog\/wp-json\/wp\/v2\/tags?post=105865"}],"curies":[{"name":"wp","href":"https:\/\/api.w.org\/{rel}","templated":true}]}}