{"id":105871,"date":"2017-06-29T11:08:20","date_gmt":"2017-06-29T10:08:20","guid":{"rendered":"http:\/\/www.visit-ulcinj.com\/blog\/?p=105871"},"modified":"2017-06-29T11:08:20","modified_gmt":"2017-06-29T10:08:20","slug":"ura-ulcinjsku-rivijeru-niko-ozbiljan-nece-htjeti","status":"publish","type":"post","link":"https:\/\/www.visit-ulcinj.com\/blog\/2017\/06\/29\/ura-ulcinjsku-rivijeru-niko-ozbiljan-nece-htjeti\/","title":{"rendered":"URA: Ulcinjsku rivijeru niko ozbiljan ne\u0107e htjeti"},"content":{"rendered":"<p><strong><a href=\"http:\/\/www.visit-ulcinj.com\/blog\/wp-content\/uploads\/2017\/05\/Ulcinjska-Rivijera.jpg\"><img loading=\"lazy\" class=\"alignleft wp-image-104814\" src=\"http:\/\/www.visit-ulcinj.com\/blog\/wp-content\/uploads\/2017\/05\/Ulcinjska-Rivijera.jpg\" alt=\"\" width=\"508\" height=\"319\" srcset=\"https:\/\/www.visit-ulcinj.com\/blog\/wp-content\/uploads\/2017\/05\/Ulcinjska-Rivijera.jpg 780w, https:\/\/www.visit-ulcinj.com\/blog\/wp-content\/uploads\/2017\/05\/Ulcinjska-Rivijera-300x188.jpg 300w, https:\/\/www.visit-ulcinj.com\/blog\/wp-content\/uploads\/2017\/05\/Ulcinjska-Rivijera-768x482.jpg 768w\" sizes=\"(max-width: 508px) 100vw, 508px\" \/><\/a>Iz Gra\u0111anskog pokreta URA napominju da nijesu protiv privatizacije jer su svjesni da se jedino uz anga\u017eman stranog kapitala i znanja mo\u017ee ubrzati razvoj i otvoriti nova radna mjesta<\/strong><\/p>\n<p><span class=\"img_overlay\"><strong>\u201cZa mjesec niko ozbiljan ne mo\u017ee pripremiti projekat\u201d: Hotel Olimpik<\/strong> <\/span><\/p>\n<p><span class=\"credits__author\"> <strong>Autor:<\/strong> <a href=\"http:\/\/www.vijesti.me\/autori\/milorad-milosevic-58\/profil\"><strong>Milorad Milo\u0161evi\u0107<\/strong><\/a> <\/span><\/p>\n<p>Vlada ne tra\u017ei kredibilnog i ozbiljnog investitora za dugoro\u010dni zakup Ulcinjske rivijere, nego \u017eeli da nastavi \u0161tetni privatizacioni ritam koji je davno uhvatila, smatraju u Gra\u0111anskom pokretu URA.<\/p>\n<p>\u201cTo potvr\u0111uju i kvalifikacioni uslovi iz tendera u kojem se navodi da investicioni program mora da iznosi najmanje 10 miliona eura. Sr\u017e ovog javnog poziva, koji ne nosi epitet ni me\u0111unarodnog, jeste da Vlada daje u zakup 122.000 kvadratnih metara najvrednijeg zemlji\u0161ta na Velikoj pla\u017ei, 33.000 kavadrata zemlji\u0161ta u zoni Morskog dobra i \u010ditavu Ulcinjsku rivijeru, osim objekata na Adi Bojani, uz pora\u017eavaju\u0107i investicioni uslov\u201d, naveli su iz URA.<\/p>\n<p>Dodaju da godi\u0161nja renta od 3,5 odsto ukupnih projetkovanih prihoda zvu\u010di prili\u010dno smije\u0161no.<\/p>\n<p>\u201cNajvi\u0161e od svega zabrinjava rok prijavljivanja na tender koji isti\u010de 21. jula. Za mjesec niko ozbiljan ne mo\u017ee pripremiti projekat i to usred ljeta, osim onih koji ih u tajnosti pripremaju godinama i za koje se vjerovatno i otvorio tender\u201d, dodali su iz ove partije.<\/p>\n<p>Napominju da nijesu protiv privatizacije jer su svjesni da se jedino uz anga\u017eman stranog kapitala i znanja mo\u017ee ubrzati razvoj i otvoriti nova radna mjesta.<\/p>\n<p>\u201cIpak, nakon svih proma\u0161aja koje je DPS napravio sa privredom Ulcinja, a koje skupo pla\u0107aju gra\u0111ani, ne mo\u017eemo imati nadu da \u0107emo uskoro do\u017eivjeti ekonomski preokret\u201d, kazali su iz URA.<\/p>\n<p>Dodaju da je Ulcinjska rivijera samo jedna od velikih ulcinjskih kompanija koja je zahvaljuju\u0107i vladinoj privatizacionoj politici \u201cpro\u0161la put od giganta do prosjaka turisti\u010dke privrede, iako je rasprodala skoro sve hotele i imovinu u periodu u kojem je bila u ste\u010daju\u201d.<\/p>\n<p>Podsje\u0107aju da iako se u svim izvje\u0161tajima Savjeta za privatizaciju napominje da je u cilju rje\u0161avanja otvorenih pitanja neophodno da se razrije\u0161i pitanje statusa zemlji\u0161ta, ovaj status ni danas nije rije\u0161en.<\/p>\n<p>\u201cZato imamo jedan \u010dudan i sumnjiv javni poziv kojim se izdaju zemlji\u0161te u dr\u017eavnoj svojini i u zoni morskog dobra i objekti firme u dr\u017eavnoj svojini. Namjera ovoga je jasna, a to jest da Ulcinjska rivijera ostane i dalje prosjak turisti\u010dke privrede i da ne\u0107e na\u0107i pravog strate\u0161kog partnera jer niko ozbiljan i kredibilan ne bi se opustio u ovakve vladine avanture osim unaprijed poznatih investitora koji su u principu doma\u0107i Englezi, Rusi ili Arapi\u201d, zaklju\u010dili su iz URA.<\/p>\n<p><strong>Izvor: Vijesti Online<\/strong><\/p>\n","protected":false},"excerpt":{"rendered":"<p>Iz Gra\u0111anskog pokreta URA napominju da nijesu protiv privatizacije jer su svjesni da se jedino uz anga\u017eman stranog kapitala i znanja mo\u017ee ubrzati razvoj i otvoriti nova radna mjesta \u201cZa mjesec niko ozbiljan ne mo\u017ee pripremiti projekat\u201d: Hotel Olimpik Autor: Milorad Milo\u0161evi\u0107 Vlada ne tra\u017ei kredibilnog i ozbiljnog investitora za dugoro\u010dni zakup Ulcinjske rivijere, nego [&hellip;]<\/p>\n","protected":false},"author":1,"featured_media":0,"comment_status":"closed","ping_status":"closed","sticky":false,"template":"","format":"standard","meta":{"spay_email":"","jetpack_publicize_message":"","jetpack_is_tweetstorm":false,"jetpack_publicize_feature_enabled":true},"categories":[8337],"tags":[],"jetpack_publicize_connections":[],"yoast_head":"<!-- This site is optimized with the Yoast SEO plugin v19.1 - https:\/\/yoast.com\/wordpress\/plugins\/seo\/ -->\n<title>URA: Ulcinjsku rivijeru niko ozbiljan ne\u0107e htjeti - Lajme nga Ulqini<\/title>\n<meta name=\"description\" content=\"Iz Gra\u0111anskog pokreta URA napominju da nijesu protiv privatizacije jer su svjesni da se jedino uz anga\u017eman stranog kapitala i znanja mo\u017ee ubrzati razvoj i\" \/>\n<meta name=\"robots\" content=\"index, follow, max-snippet:-1, max-image-preview:large, max-video-preview:-1\" \/>\n<link rel=\"canonical\" href=\"https:\/\/www.visit-ulcinj.com\/blog\/2017\/06\/29\/ura-ulcinjsku-rivijeru-niko-ozbiljan-nece-htjeti\/\" \/>\n<meta property=\"og:locale\" content=\"en_US\" \/>\n<meta property=\"og:type\" content=\"article\" \/>\n<meta property=\"og:title\" content=\"URA: Ulcinjsku rivijeru niko ozbiljan ne\u0107e htjeti - Lajme nga Ulqini\" \/>\n<meta property=\"og:description\" content=\"Iz Gra\u0111anskog pokreta URA napominju da nijesu protiv privatizacije jer su svjesni da se jedino uz anga\u017eman stranog kapitala i znanja mo\u017ee ubrzati razvoj i\" \/>\n<meta property=\"og:url\" content=\"https:\/\/www.visit-ulcinj.com\/blog\/2017\/06\/29\/ura-ulcinjsku-rivijeru-niko-ozbiljan-nece-htjeti\/\" \/>\n<meta property=\"og:site_name\" content=\"Lajme nga Ulqini\" \/>\n<meta property=\"article:published_time\" content=\"2017-06-29T10:08:20+00:00\" \/>\n<meta property=\"og:image\" content=\"http:\/\/www.visit-ulcinj.com\/blog\/wp-content\/uploads\/2017\/05\/Ulcinjska-Rivijera.jpg\" \/>\n<meta name=\"twitter:label1\" content=\"Written by\" \/>\n\t<meta name=\"twitter:data1\" content=\"ulqini\" \/>\n\t<meta name=\"twitter:label2\" content=\"Est. reading time\" \/>\n\t<meta name=\"twitter:data2\" content=\"2 minutes\" \/>\n<script type=\"application\/ld+json\" class=\"yoast-schema-graph\">{\"@context\":\"https:\/\/schema.org\",\"@graph\":[{\"@type\":\"WebSite\",\"@id\":\"https:\/\/www.visit-ulcinj.com\/blog\/#website\",\"url\":\"https:\/\/www.visit-ulcinj.com\/blog\/\",\"name\":\"Lajme nga Ulqini\",\"description\":\"Lajme,Vijesti,Ulqini,Ulqin,Crna Gora,Mali i Zi\",\"potentialAction\":[{\"@type\":\"SearchAction\",\"target\":{\"@type\":\"EntryPoint\",\"urlTemplate\":\"https:\/\/www.visit-ulcinj.com\/blog\/?s={search_term_string}\"},\"query-input\":\"required name=search_term_string\"}],\"inLanguage\":\"en-US\"},{\"@type\":\"ImageObject\",\"inLanguage\":\"en-US\",\"@id\":\"https:\/\/www.visit-ulcinj.com\/blog\/2017\/06\/29\/ura-ulcinjsku-rivijeru-niko-ozbiljan-nece-htjeti\/#primaryimage\",\"url\":\"https:\/\/www.visit-ulcinj.com\/blog\/wp-content\/uploads\/2017\/05\/Ulcinjska-Rivijera.jpg\",\"contentUrl\":\"https:\/\/www.visit-ulcinj.com\/blog\/wp-content\/uploads\/2017\/05\/Ulcinjska-Rivijera.jpg\",\"width\":780,\"height\":490},{\"@type\":\"WebPage\",\"@id\":\"https:\/\/www.visit-ulcinj.com\/blog\/2017\/06\/29\/ura-ulcinjsku-rivijeru-niko-ozbiljan-nece-htjeti\/#webpage\",\"url\":\"https:\/\/www.visit-ulcinj.com\/blog\/2017\/06\/29\/ura-ulcinjsku-rivijeru-niko-ozbiljan-nece-htjeti\/\",\"name\":\"URA: Ulcinjsku rivijeru niko ozbiljan ne\u0107e htjeti - Lajme nga Ulqini\",\"isPartOf\":{\"@id\":\"https:\/\/www.visit-ulcinj.com\/blog\/#website\"},\"primaryImageOfPage\":{\"@id\":\"https:\/\/www.visit-ulcinj.com\/blog\/2017\/06\/29\/ura-ulcinjsku-rivijeru-niko-ozbiljan-nece-htjeti\/#primaryimage\"},\"datePublished\":\"2017-06-29T10:08:20+00:00\",\"dateModified\":\"2017-06-29T10:08:20+00:00\",\"author\":{\"@id\":\"https:\/\/www.visit-ulcinj.com\/blog\/#\/schema\/person\/dcab619c614d3038751c63bc2aadc06d\"},\"description\":\"Iz Gra\u0111anskog pokreta URA napominju da nijesu protiv privatizacije jer su svjesni da se jedino uz anga\u017eman stranog kapitala i znanja mo\u017ee ubrzati razvoj i\",\"breadcrumb\":{\"@id\":\"https:\/\/www.visit-ulcinj.com\/blog\/2017\/06\/29\/ura-ulcinjsku-rivijeru-niko-ozbiljan-nece-htjeti\/#breadcrumb\"},\"inLanguage\":\"en-US\",\"potentialAction\":[{\"@type\":\"ReadAction\",\"target\":[\"https:\/\/www.visit-ulcinj.com\/blog\/2017\/06\/29\/ura-ulcinjsku-rivijeru-niko-ozbiljan-nece-htjeti\/\"]}]},{\"@type\":\"BreadcrumbList\",\"@id\":\"https:\/\/www.visit-ulcinj.com\/blog\/2017\/06\/29\/ura-ulcinjsku-rivijeru-niko-ozbiljan-nece-htjeti\/#breadcrumb\",\"itemListElement\":[{\"@type\":\"ListItem\",\"position\":1,\"name\":\"URA: Ulcinjsku rivijeru niko ozbiljan ne\u0107e htjeti\"}]},{\"@type\":\"Person\",\"@id\":\"https:\/\/www.visit-ulcinj.com\/blog\/#\/schema\/person\/dcab619c614d3038751c63bc2aadc06d\",\"name\":\"ulqini\",\"sameAs\":[\"http:\/\/www.visit-ulcinj.com\"],\"url\":\"https:\/\/www.visit-ulcinj.com\/blog\/author\/admin\/\"}]}<\/script>\n<!-- \/ Yoast SEO plugin. -->","yoast_head_json":{"title":"URA: Ulcinjsku rivijeru niko ozbiljan ne\u0107e htjeti - Lajme nga Ulqini","description":"Iz Gra\u0111anskog pokreta URA napominju da nijesu protiv privatizacije jer su svjesni da se jedino uz anga\u017eman stranog kapitala i znanja mo\u017ee ubrzati razvoj i","robots":{"index":"index","follow":"follow","max-snippet":"max-snippet:-1","max-image-preview":"max-image-preview:large","max-video-preview":"max-video-preview:-1"},"canonical":"https:\/\/www.visit-ulcinj.com\/blog\/2017\/06\/29\/ura-ulcinjsku-rivijeru-niko-ozbiljan-nece-htjeti\/","og_locale":"en_US","og_type":"article","og_title":"URA: Ulcinjsku rivijeru niko ozbiljan ne\u0107e htjeti - Lajme nga Ulqini","og_description":"Iz Gra\u0111anskog pokreta URA napominju da nijesu protiv privatizacije jer su svjesni da se jedino uz anga\u017eman stranog kapitala i znanja mo\u017ee ubrzati razvoj i","og_url":"https:\/\/www.visit-ulcinj.com\/blog\/2017\/06\/29\/ura-ulcinjsku-rivijeru-niko-ozbiljan-nece-htjeti\/","og_site_name":"Lajme nga Ulqini","article_published_time":"2017-06-29T10:08:20+00:00","og_image":[{"url":"http:\/\/www.visit-ulcinj.com\/blog\/wp-content\/uploads\/2017\/05\/Ulcinjska-Rivijera.jpg"}],"twitter_misc":{"Written by":"ulqini","Est. reading time":"2 minutes"},"schema":{"@context":"https:\/\/schema.org","@graph":[{"@type":"WebSite","@id":"https:\/\/www.visit-ulcinj.com\/blog\/#website","url":"https:\/\/www.visit-ulcinj.com\/blog\/","name":"Lajme nga Ulqini","description":"Lajme,Vijesti,Ulqini,Ulqin,Crna Gora,Mali i Zi","potentialAction":[{"@type":"SearchAction","target":{"@type":"EntryPoint","urlTemplate":"https:\/\/www.visit-ulcinj.com\/blog\/?s={search_term_string}"},"query-input":"required name=search_term_string"}],"inLanguage":"en-US"},{"@type":"ImageObject","inLanguage":"en-US","@id":"https:\/\/www.visit-ulcinj.com\/blog\/2017\/06\/29\/ura-ulcinjsku-rivijeru-niko-ozbiljan-nece-htjeti\/#primaryimage","url":"https:\/\/www.visit-ulcinj.com\/blog\/wp-content\/uploads\/2017\/05\/Ulcinjska-Rivijera.jpg","contentUrl":"https:\/\/www.visit-ulcinj.com\/blog\/wp-content\/uploads\/2017\/05\/Ulcinjska-Rivijera.jpg","width":780,"height":490},{"@type":"WebPage","@id":"https:\/\/www.visit-ulcinj.com\/blog\/2017\/06\/29\/ura-ulcinjsku-rivijeru-niko-ozbiljan-nece-htjeti\/#webpage","url":"https:\/\/www.visit-ulcinj.com\/blog\/2017\/06\/29\/ura-ulcinjsku-rivijeru-niko-ozbiljan-nece-htjeti\/","name":"URA: Ulcinjsku rivijeru niko ozbiljan ne\u0107e htjeti - Lajme nga Ulqini","isPartOf":{"@id":"https:\/\/www.visit-ulcinj.com\/blog\/#website"},"primaryImageOfPage":{"@id":"https:\/\/www.visit-ulcinj.com\/blog\/2017\/06\/29\/ura-ulcinjsku-rivijeru-niko-ozbiljan-nece-htjeti\/#primaryimage"},"datePublished":"2017-06-29T10:08:20+00:00","dateModified":"2017-06-29T10:08:20+00:00","author":{"@id":"https:\/\/www.visit-ulcinj.com\/blog\/#\/schema\/person\/dcab619c614d3038751c63bc2aadc06d"},"description":"Iz Gra\u0111anskog pokreta URA napominju da nijesu protiv privatizacije jer su svjesni da se jedino uz anga\u017eman stranog kapitala i znanja mo\u017ee ubrzati razvoj i","breadcrumb":{"@id":"https:\/\/www.visit-ulcinj.com\/blog\/2017\/06\/29\/ura-ulcinjsku-rivijeru-niko-ozbiljan-nece-htjeti\/#breadcrumb"},"inLanguage":"en-US","potentialAction":[{"@type":"ReadAction","target":["https:\/\/www.visit-ulcinj.com\/blog\/2017\/06\/29\/ura-ulcinjsku-rivijeru-niko-ozbiljan-nece-htjeti\/"]}]},{"@type":"BreadcrumbList","@id":"https:\/\/www.visit-ulcinj.com\/blog\/2017\/06\/29\/ura-ulcinjsku-rivijeru-niko-ozbiljan-nece-htjeti\/#breadcrumb","itemListElement":[{"@type":"ListItem","position":1,"name":"URA: Ulcinjsku rivijeru niko ozbiljan ne\u0107e htjeti"}]},{"@type":"Person","@id":"https:\/\/www.visit-ulcinj.com\/blog\/#\/schema\/person\/dcab619c614d3038751c63bc2aadc06d","name":"ulqini","sameAs":["http:\/\/www.visit-ulcinj.com"],"url":"https:\/\/www.visit-ulcinj.com\/blog\/author\/admin\/"}]}},"jetpack_featured_media_url":"","jetpack_sharing_enabled":true,"jetpack_shortlink":"https:\/\/wp.me\/pe6lTn-rxB","_links":{"self":[{"href":"https:\/\/www.visit-ulcinj.com\/blog\/wp-json\/wp\/v2\/posts\/105871"}],"collection":[{"href":"https:\/\/www.visit-ulcinj.com\/blog\/wp-json\/wp\/v2\/posts"}],"about":[{"href":"https:\/\/www.visit-ulcinj.com\/blog\/wp-json\/wp\/v2\/types\/post"}],"author":[{"embeddable":true,"href":"https:\/\/www.visit-ulcinj.com\/blog\/wp-json\/wp\/v2\/users\/1"}],"replies":[{"embeddable":true,"href":"https:\/\/www.visit-ulcinj.com\/blog\/wp-json\/wp\/v2\/comments?post=105871"}],"version-history":[{"count":1,"href":"https:\/\/www.visit-ulcinj.com\/blog\/wp-json\/wp\/v2\/posts\/105871\/revisions"}],"predecessor-version":[{"id":105872,"href":"https:\/\/www.visit-ulcinj.com\/blog\/wp-json\/wp\/v2\/posts\/105871\/revisions\/105872"}],"wp:attachment":[{"href":"https:\/\/www.visit-ulcinj.com\/blog\/wp-json\/wp\/v2\/media?parent=105871"}],"wp:term":[{"taxonomy":"category","embeddable":true,"href":"https:\/\/www.visit-ulcinj.com\/blog\/wp-json\/wp\/v2\/categories?post=105871"},{"taxonomy":"post_tag","embeddable":true,"href":"https:\/\/www.visit-ulcinj.com\/blog\/wp-json\/wp\/v2\/tags?post=105871"}],"curies":[{"name":"wp","href":"https:\/\/api.w.org\/{rel}","templated":true}]}}