{"id":105876,"date":"2017-07-01T14:26:58","date_gmt":"2017-07-01T13:26:58","guid":{"rendered":"http:\/\/www.visit-ulcinj.com\/blog\/?p=105876"},"modified":"2017-07-02T12:00:06","modified_gmt":"2017-07-02T11:00:06","slug":"nazif-cungu-nje-selfi-per-qejfi-me-bashkeshorten-gazmiren-ne-koncertin-southern-soul-festival","status":"publish","type":"post","link":"https:\/\/www.visit-ulcinj.com\/blog\/2017\/07\/01\/nazif-cungu-nje-selfi-per-qejfi-me-bashkeshorten-gazmiren-ne-koncertin-southern-soul-festival\/","title":{"rendered":"Nazif Cungu nj\u00eb selfi p\u00ebr qejfi me bashk\u00ebshorten Gazmiren n\u00eb koncertin Southern Soul Festival"},"content":{"rendered":"<p><a href=\"http:\/\/www.visit-ulcinj.com\/blog\/wp-content\/uploads\/2017\/07\/Nazif-Cungu-nj\u00eb-selfi-p\u00ebr-qejfi-me-bashk\u00ebshorten.jpg\"><img loading=\"lazy\" class=\"alignleft wp-image-105877\" src=\"http:\/\/www.visit-ulcinj.com\/blog\/wp-content\/uploads\/2017\/07\/Nazif-Cungu-nj\u00eb-selfi-p\u00ebr-qejfi-me-bashk\u00ebshorten.jpg\" alt=\"\" width=\"508\" height=\"677\" srcset=\"https:\/\/www.visit-ulcinj.com\/blog\/wp-content\/uploads\/2017\/07\/Nazif-Cungu-nj\u00eb-selfi-p\u00ebr-qejfi-me-bashk\u00ebshorten.jpg 720w, https:\/\/www.visit-ulcinj.com\/blog\/wp-content\/uploads\/2017\/07\/Nazif-Cungu-nj\u00eb-selfi-p\u00ebr-qejfi-me-bashk\u00ebshorten-225x300.jpg 225w\" sizes=\"(max-width: 508px) 100vw, 508px\" \/><\/a>Kryetari i Ulqinit Nazif Cungu dhe bashk\u00ebshortja e tij Gazmirja, p\u00ebrve\u00e7 angazhimeve t\u00eb m\u00ebdha n\u00eb pun\u00eb, dhe pas takimeve t\u00eb ndryshme n\u00eb komun\u00ebn e Ulqinit, ata kan\u00eb gjetur koh\u00eb edhe p\u00ebr pak \u2018relaks\u2019, ku ata gjithashtu jan\u00eb t\u00eb p\u00ebrkushtuar edhe ndaj jet\u00ebs s\u00eb tyre private.<\/p>\n<p>Koh\u00ebn e lir\u00eb cifti kan\u00eb zgjedhur plazhin e Dolcinium Kite Surf Club q\u00eb t\u00eb pushojn\u00eb dhe t\u00eb arg\u00ebtohen n\u00eb koncertin Southern Soul Festival.<\/p>\n<p>Nj\u00eb\u00a0 foto q\u00eb ka postuar kryetari i Ulqinit Nazif Cungu n\u00eb rrjetet sociale t\u00eb Facebookut, shihet se ata kan\u00eb realizuar edhe nj\u00eb selfi p\u00ebr qejfi me bashk\u00ebshorten Gazmiren.<\/p>\n<p>Me r\u00ebnd\u00ebsi \u00ebsht\u00eb q\u00eb ata po k\u00ebnaqen dhe kjo reflekton edhe n\u00eb fytyrat e tyre t\u00eb buz\u00ebqeshura, ku kryetari shprehet n\u00eb faqen e Facebookut:<\/p>\n<p>&#8220;Southern Soul Festival \u00ebsht\u00eb b\u00ebr\u00eb nj\u00eb tradit\u00eb e bukur q\u00eb pasuron ofert\u00ebn turistike t\u00eb Ulqinit dhe ka fituar nj\u00eb reputacion t\u00eb shk\u00eblqyer nd\u00ebrkomb\u00ebtar duke u konsideruar si nj\u00eb nga festivalet m\u00eb t\u00eb r\u00ebnd\u00ebsish\u00ebm n\u00eb Evrop\u00eb. Sivjet vijn\u00eb serish muzikant\u00ebve t\u00eb shumt\u00eb e t\u00eb njohur si Amp Fidler, John Gomez, Shuriken, Volcov etj&#8221;,\u00a0 t<span class=\"st\">huhet n\u00eb faqen e Facebookut t\u00eb kryetarit t\u00eb Ulqinit Nazif Cungu.<\/span><\/p>\n\n\t\t<style type=\"text\/css\">\n\t\t\t#gallery-1 {\n\t\t\t\tmargin: auto;\n\t\t\t}\n\t\t\t#gallery-1 .gallery-item {\n\t\t\t\tfloat: left;\n\t\t\t\tmargin-top: 10px;\n\t\t\t\ttext-align: center;\n\t\t\t\twidth: 33%;\n\t\t\t}\n\t\t\t#gallery-1 img {\n\t\t\t\tborder: 2px solid #cfcfcf;\n\t\t\t}\n\t\t\t#gallery-1 .gallery-caption {\n\t\t\t\tmargin-left: 0;\n\t\t\t}\n\t\t\t\/* see gallery_shortcode() in wp-includes\/media.php *\/\n\t\t<\/style>\n\t\t<div id='gallery-1' class='gallery galleryid-105876 gallery-columns-3 gallery-size-thumbnail'><dl class='gallery-item'>\n\t\t\t<dt class='gallery-icon landscape'>\n\t\t\t\t<a href='https:\/\/www.visit-ulcinj.com\/blog\/2017\/07\/01\/nazif-cungu-nje-selfi-per-qejfi-me-bashkeshorten-gazmiren-ne-koncertin-southern-soul-festival\/southern-soul-festival-ulqin-ulcinj-2\/'><img width=\"150\" height=\"150\" src=\"https:\/\/www.visit-ulcinj.com\/blog\/wp-content\/uploads\/2017\/07\/Southern-Soul-Festival-Ulqin-Ulcinj-2-150x150.jpg\" class=\"attachment-thumbnail size-thumbnail\" alt=\"\" loading=\"lazy\" \/><\/a>\n\t\t\t<\/dt><\/dl><dl class='gallery-item'>\n\t\t\t<dt class='gallery-icon landscape'>\n\t\t\t\t<a href='https:\/\/www.visit-ulcinj.com\/blog\/2017\/07\/01\/nazif-cungu-nje-selfi-per-qejfi-me-bashkeshorten-gazmiren-ne-koncertin-southern-soul-festival\/southern-soul-festival-ulqin-ulcinj\/'><img width=\"150\" height=\"150\" src=\"https:\/\/www.visit-ulcinj.com\/blog\/wp-content\/uploads\/2017\/07\/Southern-Soul-Festival-Ulqin-Ulcinj-150x150.jpg\" class=\"attachment-thumbnail size-thumbnail\" alt=\"\" loading=\"lazy\" \/><\/a>\n\t\t\t<\/dt><\/dl><dl class='gallery-item'>\n\t\t\t<dt class='gallery-icon portrait'>\n\t\t\t\t<a href='https:\/\/www.visit-ulcinj.com\/blog\/2017\/07\/01\/nazif-cungu-nje-selfi-per-qejfi-me-bashkeshorten-gazmiren-ne-koncertin-southern-soul-festival\/southern-soul-festival-ulqin-ulcinj-1\/'><img width=\"150\" height=\"150\" src=\"https:\/\/www.visit-ulcinj.com\/blog\/wp-content\/uploads\/2017\/07\/Southern-Soul-Festival-Ulqin-Ulcinj-1-150x150.jpg\" class=\"attachment-thumbnail size-thumbnail\" alt=\"\" loading=\"lazy\" \/><\/a>\n\t\t\t<\/dt><\/dl><br style=\"clear: both\" \/>\n\t\t<\/div>\n\n","protected":false},"excerpt":{"rendered":"<p>Kryetari i Ulqinit Nazif Cungu dhe bashk\u00ebshortja e tij Gazmirja, p\u00ebrve\u00e7 angazhimeve t\u00eb m\u00ebdha n\u00eb pun\u00eb, dhe pas takimeve t\u00eb ndryshme n\u00eb komun\u00ebn e Ulqinit, ata kan\u00eb gjetur koh\u00eb edhe p\u00ebr pak \u2018relaks\u2019, ku ata gjithashtu jan\u00eb t\u00eb p\u00ebrkushtuar edhe ndaj jet\u00ebs s\u00eb tyre private. Koh\u00ebn e lir\u00eb cifti kan\u00eb zgjedhur plazhin e Dolcinium Kite [&hellip;]<\/p>\n","protected":false},"author":1,"featured_media":0,"comment_status":"closed","ping_status":"closed","sticky":false,"template":"","format":"standard","meta":{"spay_email":"","jetpack_publicize_message":"","jetpack_is_tweetstorm":false,"jetpack_publicize_feature_enabled":true},"categories":[1],"tags":[],"jetpack_publicize_connections":[],"yoast_head":"<!-- This site is optimized with the Yoast SEO plugin v19.1 - https:\/\/yoast.com\/wordpress\/plugins\/seo\/ -->\n<title>Nazif Cungu nj\u00eb selfi p\u00ebr qejfi me bashk\u00ebshorten Gazmiren n\u00eb koncertin Southern Soul Festival - Lajme nga Ulqini<\/title>\n<meta name=\"description\" content=\"Kryetari i Ulqinit Nazif Cungu dhe bashk\u00ebshortja e tij Gazmirja, p\u00ebrve\u00e7 angazhimeve t\u00eb m\u00ebdha n\u00eb pun\u00eb, dhe pas takimeve t\u00eb ndryshme n\u00eb komun\u00ebn e Ulqinit,\" \/>\n<meta name=\"robots\" content=\"index, follow, max-snippet:-1, max-image-preview:large, max-video-preview:-1\" \/>\n<link rel=\"canonical\" href=\"https:\/\/www.visit-ulcinj.com\/blog\/2017\/07\/01\/nazif-cungu-nje-selfi-per-qejfi-me-bashkeshorten-gazmiren-ne-koncertin-southern-soul-festival\/\" \/>\n<meta property=\"og:locale\" content=\"en_US\" \/>\n<meta property=\"og:type\" content=\"article\" \/>\n<meta property=\"og:title\" content=\"Nazif Cungu nj\u00eb selfi p\u00ebr qejfi me bashk\u00ebshorten Gazmiren n\u00eb koncertin Southern Soul Festival - Lajme nga Ulqini\" \/>\n<meta property=\"og:description\" content=\"Kryetari i Ulqinit Nazif Cungu dhe bashk\u00ebshortja e tij Gazmirja, p\u00ebrve\u00e7 angazhimeve t\u00eb m\u00ebdha n\u00eb pun\u00eb, dhe pas takimeve t\u00eb ndryshme n\u00eb komun\u00ebn e Ulqinit,\" \/>\n<meta property=\"og:url\" content=\"https:\/\/www.visit-ulcinj.com\/blog\/2017\/07\/01\/nazif-cungu-nje-selfi-per-qejfi-me-bashkeshorten-gazmiren-ne-koncertin-southern-soul-festival\/\" \/>\n<meta property=\"og:site_name\" content=\"Lajme nga Ulqini\" \/>\n<meta property=\"article:published_time\" content=\"2017-07-01T13:26:58+00:00\" \/>\n<meta property=\"article:modified_time\" content=\"2017-07-02T11:00:06+00:00\" \/>\n<meta property=\"og:image\" content=\"https:\/\/www.visit-ulcinj.com\/blog\/wp-content\/uploads\/2017\/07\/Southern-Soul-Festival-Ulqin-Ulcinj-2-150x150.jpg\" \/>\n<meta name=\"twitter:label1\" content=\"Written by\" \/>\n\t<meta name=\"twitter:data1\" content=\"ulqini\" \/>\n\t<meta name=\"twitter:label2\" content=\"Est. reading time\" \/>\n\t<meta name=\"twitter:data2\" content=\"1 minute\" \/>\n<script type=\"application\/ld+json\" class=\"yoast-schema-graph\">{\"@context\":\"https:\/\/schema.org\",\"@graph\":[{\"@type\":\"WebSite\",\"@id\":\"https:\/\/www.visit-ulcinj.com\/blog\/#website\",\"url\":\"https:\/\/www.visit-ulcinj.com\/blog\/\",\"name\":\"Lajme nga Ulqini\",\"description\":\"Lajme,Vijesti,Ulqini,Ulqin,Crna Gora,Mali i Zi\",\"potentialAction\":[{\"@type\":\"SearchAction\",\"target\":{\"@type\":\"EntryPoint\",\"urlTemplate\":\"https:\/\/www.visit-ulcinj.com\/blog\/?s={search_term_string}\"},\"query-input\":\"required name=search_term_string\"}],\"inLanguage\":\"en-US\"},{\"@type\":\"WebPage\",\"@id\":\"https:\/\/www.visit-ulcinj.com\/blog\/2017\/07\/01\/nazif-cungu-nje-selfi-per-qejfi-me-bashkeshorten-gazmiren-ne-koncertin-southern-soul-festival\/#webpage\",\"url\":\"https:\/\/www.visit-ulcinj.com\/blog\/2017\/07\/01\/nazif-cungu-nje-selfi-per-qejfi-me-bashkeshorten-gazmiren-ne-koncertin-southern-soul-festival\/\",\"name\":\"Nazif Cungu nj\u00eb selfi p\u00ebr qejfi me bashk\u00ebshorten Gazmiren n\u00eb koncertin Southern Soul Festival - Lajme nga Ulqini\",\"isPartOf\":{\"@id\":\"https:\/\/www.visit-ulcinj.com\/blog\/#website\"},\"datePublished\":\"2017-07-01T13:26:58+00:00\",\"dateModified\":\"2017-07-02T11:00:06+00:00\",\"author\":{\"@id\":\"https:\/\/www.visit-ulcinj.com\/blog\/#\/schema\/person\/dcab619c614d3038751c63bc2aadc06d\"},\"description\":\"Kryetari i Ulqinit Nazif Cungu dhe bashk\u00ebshortja e tij Gazmirja, p\u00ebrve\u00e7 angazhimeve t\u00eb m\u00ebdha n\u00eb pun\u00eb, dhe pas takimeve t\u00eb ndryshme n\u00eb komun\u00ebn e Ulqinit,\",\"breadcrumb\":{\"@id\":\"https:\/\/www.visit-ulcinj.com\/blog\/2017\/07\/01\/nazif-cungu-nje-selfi-per-qejfi-me-bashkeshorten-gazmiren-ne-koncertin-southern-soul-festival\/#breadcrumb\"},\"inLanguage\":\"en-US\",\"potentialAction\":[{\"@type\":\"ReadAction\",\"target\":[\"https:\/\/www.visit-ulcinj.com\/blog\/2017\/07\/01\/nazif-cungu-nje-selfi-per-qejfi-me-bashkeshorten-gazmiren-ne-koncertin-southern-soul-festival\/\"]}]},{\"@type\":\"BreadcrumbList\",\"@id\":\"https:\/\/www.visit-ulcinj.com\/blog\/2017\/07\/01\/nazif-cungu-nje-selfi-per-qejfi-me-bashkeshorten-gazmiren-ne-koncertin-southern-soul-festival\/#breadcrumb\",\"itemListElement\":[{\"@type\":\"ListItem\",\"position\":1,\"name\":\"Nazif Cungu nj\u00eb selfi p\u00ebr qejfi me bashk\u00ebshorten Gazmiren n\u00eb koncertin Southern Soul Festival\"}]},{\"@type\":\"Person\",\"@id\":\"https:\/\/www.visit-ulcinj.com\/blog\/#\/schema\/person\/dcab619c614d3038751c63bc2aadc06d\",\"name\":\"ulqini\",\"sameAs\":[\"http:\/\/www.visit-ulcinj.com\"],\"url\":\"https:\/\/www.visit-ulcinj.com\/blog\/author\/admin\/\"}]}<\/script>\n<!-- \/ Yoast SEO plugin. -->","yoast_head_json":{"title":"Nazif Cungu nj\u00eb selfi p\u00ebr qejfi me bashk\u00ebshorten Gazmiren n\u00eb koncertin Southern Soul Festival - Lajme nga Ulqini","description":"Kryetari i Ulqinit Nazif Cungu dhe bashk\u00ebshortja e tij Gazmirja, p\u00ebrve\u00e7 angazhimeve t\u00eb m\u00ebdha n\u00eb pun\u00eb, dhe pas takimeve t\u00eb ndryshme n\u00eb komun\u00ebn e Ulqinit,","robots":{"index":"index","follow":"follow","max-snippet":"max-snippet:-1","max-image-preview":"max-image-preview:large","max-video-preview":"max-video-preview:-1"},"canonical":"https:\/\/www.visit-ulcinj.com\/blog\/2017\/07\/01\/nazif-cungu-nje-selfi-per-qejfi-me-bashkeshorten-gazmiren-ne-koncertin-southern-soul-festival\/","og_locale":"en_US","og_type":"article","og_title":"Nazif Cungu nj\u00eb selfi p\u00ebr qejfi me bashk\u00ebshorten Gazmiren n\u00eb koncertin Southern Soul Festival - Lajme nga Ulqini","og_description":"Kryetari i Ulqinit Nazif Cungu dhe bashk\u00ebshortja e tij Gazmirja, p\u00ebrve\u00e7 angazhimeve t\u00eb m\u00ebdha n\u00eb pun\u00eb, dhe pas takimeve t\u00eb ndryshme n\u00eb komun\u00ebn e Ulqinit,","og_url":"https:\/\/www.visit-ulcinj.com\/blog\/2017\/07\/01\/nazif-cungu-nje-selfi-per-qejfi-me-bashkeshorten-gazmiren-ne-koncertin-southern-soul-festival\/","og_site_name":"Lajme nga Ulqini","article_published_time":"2017-07-01T13:26:58+00:00","article_modified_time":"2017-07-02T11:00:06+00:00","og_image":[{"url":"https:\/\/www.visit-ulcinj.com\/blog\/wp-content\/uploads\/2017\/07\/Southern-Soul-Festival-Ulqin-Ulcinj-2-150x150.jpg"}],"twitter_misc":{"Written by":"ulqini","Est. reading time":"1 minute"},"schema":{"@context":"https:\/\/schema.org","@graph":[{"@type":"WebSite","@id":"https:\/\/www.visit-ulcinj.com\/blog\/#website","url":"https:\/\/www.visit-ulcinj.com\/blog\/","name":"Lajme nga Ulqini","description":"Lajme,Vijesti,Ulqini,Ulqin,Crna Gora,Mali i Zi","potentialAction":[{"@type":"SearchAction","target":{"@type":"EntryPoint","urlTemplate":"https:\/\/www.visit-ulcinj.com\/blog\/?s={search_term_string}"},"query-input":"required name=search_term_string"}],"inLanguage":"en-US"},{"@type":"WebPage","@id":"https:\/\/www.visit-ulcinj.com\/blog\/2017\/07\/01\/nazif-cungu-nje-selfi-per-qejfi-me-bashkeshorten-gazmiren-ne-koncertin-southern-soul-festival\/#webpage","url":"https:\/\/www.visit-ulcinj.com\/blog\/2017\/07\/01\/nazif-cungu-nje-selfi-per-qejfi-me-bashkeshorten-gazmiren-ne-koncertin-southern-soul-festival\/","name":"Nazif Cungu nj\u00eb selfi p\u00ebr qejfi me bashk\u00ebshorten Gazmiren n\u00eb koncertin Southern Soul Festival - Lajme nga Ulqini","isPartOf":{"@id":"https:\/\/www.visit-ulcinj.com\/blog\/#website"},"datePublished":"2017-07-01T13:26:58+00:00","dateModified":"2017-07-02T11:00:06+00:00","author":{"@id":"https:\/\/www.visit-ulcinj.com\/blog\/#\/schema\/person\/dcab619c614d3038751c63bc2aadc06d"},"description":"Kryetari i Ulqinit Nazif Cungu dhe bashk\u00ebshortja e tij Gazmirja, p\u00ebrve\u00e7 angazhimeve t\u00eb m\u00ebdha n\u00eb pun\u00eb, dhe pas takimeve t\u00eb ndryshme n\u00eb komun\u00ebn e Ulqinit,","breadcrumb":{"@id":"https:\/\/www.visit-ulcinj.com\/blog\/2017\/07\/01\/nazif-cungu-nje-selfi-per-qejfi-me-bashkeshorten-gazmiren-ne-koncertin-southern-soul-festival\/#breadcrumb"},"inLanguage":"en-US","potentialAction":[{"@type":"ReadAction","target":["https:\/\/www.visit-ulcinj.com\/blog\/2017\/07\/01\/nazif-cungu-nje-selfi-per-qejfi-me-bashkeshorten-gazmiren-ne-koncertin-southern-soul-festival\/"]}]},{"@type":"BreadcrumbList","@id":"https:\/\/www.visit-ulcinj.com\/blog\/2017\/07\/01\/nazif-cungu-nje-selfi-per-qejfi-me-bashkeshorten-gazmiren-ne-koncertin-southern-soul-festival\/#breadcrumb","itemListElement":[{"@type":"ListItem","position":1,"name":"Nazif Cungu nj\u00eb selfi p\u00ebr qejfi me bashk\u00ebshorten Gazmiren n\u00eb koncertin Southern Soul Festival"}]},{"@type":"Person","@id":"https:\/\/www.visit-ulcinj.com\/blog\/#\/schema\/person\/dcab619c614d3038751c63bc2aadc06d","name":"ulqini","sameAs":["http:\/\/www.visit-ulcinj.com"],"url":"https:\/\/www.visit-ulcinj.com\/blog\/author\/admin\/"}]}},"jetpack_featured_media_url":"","jetpack_sharing_enabled":true,"jetpack_shortlink":"https:\/\/wp.me\/pe6lTn-rxG","_links":{"self":[{"href":"https:\/\/www.visit-ulcinj.com\/blog\/wp-json\/wp\/v2\/posts\/105876"}],"collection":[{"href":"https:\/\/www.visit-ulcinj.com\/blog\/wp-json\/wp\/v2\/posts"}],"about":[{"href":"https:\/\/www.visit-ulcinj.com\/blog\/wp-json\/wp\/v2\/types\/post"}],"author":[{"embeddable":true,"href":"https:\/\/www.visit-ulcinj.com\/blog\/wp-json\/wp\/v2\/users\/1"}],"replies":[{"embeddable":true,"href":"https:\/\/www.visit-ulcinj.com\/blog\/wp-json\/wp\/v2\/comments?post=105876"}],"version-history":[{"count":6,"href":"https:\/\/www.visit-ulcinj.com\/blog\/wp-json\/wp\/v2\/posts\/105876\/revisions"}],"predecessor-version":[{"id":105886,"href":"https:\/\/www.visit-ulcinj.com\/blog\/wp-json\/wp\/v2\/posts\/105876\/revisions\/105886"}],"wp:attachment":[{"href":"https:\/\/www.visit-ulcinj.com\/blog\/wp-json\/wp\/v2\/media?parent=105876"}],"wp:term":[{"taxonomy":"category","embeddable":true,"href":"https:\/\/www.visit-ulcinj.com\/blog\/wp-json\/wp\/v2\/categories?post=105876"},{"taxonomy":"post_tag","embeddable":true,"href":"https:\/\/www.visit-ulcinj.com\/blog\/wp-json\/wp\/v2\/tags?post=105876"}],"curies":[{"name":"wp","href":"https:\/\/api.w.org\/{rel}","templated":true}]}}