{"id":105887,"date":"2017-07-01T14:59:43","date_gmt":"2017-07-01T13:59:43","guid":{"rendered":"http:\/\/www.visit-ulcinj.com\/blog\/?p=105887"},"modified":"2017-07-01T17:45:44","modified_gmt":"2017-07-01T16:45:44","slug":"edhe-sot-kolona-te-gjata-ne-kufirin-kroaci-mali-zi","status":"publish","type":"post","link":"https:\/\/www.visit-ulcinj.com\/blog\/2017\/07\/01\/edhe-sot-kolona-te-gjata-ne-kufirin-kroaci-mali-zi\/","title":{"rendered":"Edhe sot kolona t\u00eb gjata n\u00eb kufirin Kroaci &#8211; Mali Zi"},"content":{"rendered":"<p class=\"description\"><strong><a href=\"http:\/\/www.visit-ulcinj.com\/blog\/wp-content\/uploads\/2011\/07\/Kufiri-i-Malit-te-Zi_Debeli-Brijeg.jpg\"><img loading=\"lazy\" class=\"alignleft wp-image-49037\" src=\"http:\/\/www.visit-ulcinj.com\/blog\/wp-content\/uploads\/2011\/07\/Kufiri-i-Malit-te-Zi_Debeli-Brijeg.jpg\" alt=\"\" width=\"508\" height=\"340\" srcset=\"https:\/\/www.visit-ulcinj.com\/blog\/wp-content\/uploads\/2011\/07\/Kufiri-i-Malit-te-Zi_Debeli-Brijeg.jpg 800w, https:\/\/www.visit-ulcinj.com\/blog\/wp-content\/uploads\/2011\/07\/Kufiri-i-Malit-te-Zi_Debeli-Brijeg-300x201.jpg 300w\" sizes=\"(max-width: 508px) 100vw, 508px\" \/><\/a>Edhe sot gjat\u00eb vikendit jan\u00eb krijuar p\u00ebrs\u00ebri kolona me pritje prej koh\u00ebzgjatjeve t\u00eb ndryshme n\u00eb pik\u00eb-kalime kufitare me Kroaci p\u00ebr n\u00eb Mal t\u00eb Zi.<br \/>\n<\/strong><\/p>\n<p>Ulqini q\u00eb sot shenon dhe fillimin e pikut te sezonit, persa i perket fluksit te hyrjeve, ne kufirin kryesor Debeli Brjeg eshte rritur ndjeshem numri i emigranteve nga diaspora qe mberrijne ne vend per te kaluar pushimet prane familjeve te tyre. Jane te shumte dhe emigrantet kosovare qe pasi mberrijne ne vend, zhvendosen pak dite qendrimi ne trojet e tyre, drejt plazheve t\u00eb Ulqinit dhe atyre shqiptare per te pushuar.<br \/>\nDuke pritur n\u00eb kufi t\u00eb kroacis\u00eb pahet rijeshti i automjeteve q\u00eb nuk mbaron kurr\u00eb.N\u00eb pritje jan jo vet\u00ebm shqipetaret por edhe turiste gjermane, italiane, zviceriane, austriake, e franceze,dhe gjithashtu ka edhe turista te organizuar ne grupe ose dhe individualisht q\u00eb kane preferuar te zbulojne misterin e bukurise se vendit te Malit t\u00eb Zi dhe bregdetit te tij.<\/p>\n<p>Sipas nj\u00eb njoftimi t\u00eb Policis\u00eb s\u00eb Malit t\u00eb Zi p\u00ebr televizionin e Malit t\u00eb Zi (TVCG), si vazhdim\u00ebsi e njoftimit t\u00eb qytetar\u00ebve dhe gjith\u00eb opinionit t\u00eb gjer\u00eb, lidhur me gjendjen sa i p\u00ebrket pritjeve n\u00eb disa pik\u00eb-kalime kufitare q\u00eb lidhin Republik\u00ebn e Malit t\u00eb Zi me Kroacin\u00eb, &#8220;ju informojm\u00eb se edhe sot gjat\u00eb vikendit jan\u00eb krijuar p\u00ebrs\u00ebri kolona me pritje prej koh\u00ebzgjatjeve t\u00eb ndryshme.<\/p>\n<p>Gjithnje po presim ne kufi, mendoj se duhet t\u2019i jepet fund pritjeve te gjata nga disa or\u00eb.Shume bashkatdhetare, qe per te shmangur pritjet e gjata ne kufi, kane preferuar te qendrojne ne Caftat t\u00eb Kroacis\u00eb,shprehen familjar\u00ebt nga Kosova. \u201cPer te gjithe diasporen, pritja ne kufi eshte kthyer ne stres, pasi duhet te presesh edhe nese je me femije te vegjel\u201d, shprehen disa familjar kosovar\u00eb.<\/p>\n<p>Kolonat e gjata kan\u00eb filluar q\u00eb nga or\u00ebt e para t\u00eb m\u00ebngjesit p\u00ebr shkak t\u00eb numrit t\u00eb madh t\u00eb turist\u00ebve q\u00eb kalojn\u00eb n\u00ebp\u00ebr autostrad\u00ebn Split \u2013 Dubrovnik \u2013 Debeli Brjeg, andaj edhe k\u00ebshillohen q\u00eb udh\u00ebtar\u00ebt t\u00eb drejtohen drejt pikave kufitare alternative.N\u00eb vendkalimin kufitar n\u00eb Sukubin\u00eb \u2013 Muriqan drejt Shqiris\u00eb nuk jan\u00eb shenuar turma t\u00eb m\u00ebdha, ku pritja nuk kalon m\u00eb shum\u00eb se 30 minuta.<\/p>\n<p>Radh\u00ebt e gjata n\u00eb kufirin Kroaci \u2013 Mali i Zi e till\u00eb do t\u00eb paraqitet gjat\u00eb dit\u00ebs s\u00eb djeshme dhe t\u00eb neserme dhe gith\u00eb vikendit,ku situata n\u00eb dy pikat doganore,ku radh\u00ebt n\u00eb kufirin kroat n\u00eb pritje p\u00ebr t\u00eb hyr\u00eb n\u00eb territorin e Malit t\u00eb Zi ishin kilometrike.<\/p>\n<p>15 mij\u00eb \u00ebsht\u00eb aktualisht numri i mysafir\u00ebve q\u00eb k\u00ebto dit\u00eb jan\u00eb duke pushuar n\u00eb Rivier\u00ebn ton\u00eb t\u00eb Ulqinit,sipas statistik\u00ebs t\u00eb disa gazetave vendore dhe atyre Kosovare. T\u00eb dh\u00ebnat statistikore flasin p\u00ebr nj\u00eb rritje t\u00eb numrit t\u00eb mysafir\u00ebve n\u00eb krahasim me vitin e kaluar n\u00eb t\u00eb nj\u00ebjt\u00ebn periudh\u00eb, dhe at\u00eb p\u00ebr 30%. K\u00ebt\u00eb vit dominojn\u00eb turist t\u00eb huaj, numri i i tyre sipas t\u00eb dh\u00ebnave zyrtare\u00a0 ende nuk kemi t\u00eb dh\u00ebna t\u00eb sakta.<\/p>\n<p>Autoritetet e pik\u00ebs kufitare t\u00eb Kroacis\u00eb parashikojn\u00eb se n\u00eb dit\u00ebt n\u00eb vijim pritet q\u00eb fluksi i personave q\u00eb hyjn\u00eb n\u00eb Mal t\u00eb Zi t\u00eb rritet.<\/p>\n<!--YouTube Error: bad URL entered-->\n<p><span class=\"vvqbox vvqyoutube\">\u00a0<\/span><\/p>\n","protected":false},"excerpt":{"rendered":"<p>Edhe sot gjat\u00eb vikendit jan\u00eb krijuar p\u00ebrs\u00ebri kolona me pritje prej koh\u00ebzgjatjeve t\u00eb ndryshme n\u00eb pik\u00eb-kalime kufitare me Kroaci p\u00ebr n\u00eb Mal t\u00eb Zi. Ulqini q\u00eb sot shenon dhe fillimin e pikut te sezonit, persa i perket fluksit te hyrjeve, ne kufirin kryesor Debeli Brjeg eshte rritur ndjeshem numri i emigranteve nga diaspora qe mberrijne [&hellip;]<\/p>\n","protected":false},"author":1,"featured_media":0,"comment_status":"closed","ping_status":"closed","sticky":false,"template":"","format":"standard","meta":{"spay_email":"","jetpack_publicize_message":"","jetpack_is_tweetstorm":false,"jetpack_publicize_feature_enabled":true},"categories":[15],"tags":[],"jetpack_publicize_connections":[],"yoast_head":"<!-- This site is optimized with the Yoast SEO plugin v19.1 - https:\/\/yoast.com\/wordpress\/plugins\/seo\/ -->\n<title>Edhe sot kolona t\u00eb gjata n\u00eb kufirin Kroaci - Mali Zi - Lajme nga Ulqini<\/title>\n<meta name=\"description\" content=\"Edhe sot gjat\u00eb vikendit jan\u00eb krijuar p\u00ebrs\u00ebri kolona me pritje prej koh\u00ebzgjatjeve t\u00eb ndryshme n\u00eb pik\u00eb-kalime kufitare me Kroaci p\u00ebr n\u00eb Mal t\u00eb Zi. Ulqini q\u00eb\" \/>\n<meta name=\"robots\" content=\"index, follow, max-snippet:-1, max-image-preview:large, max-video-preview:-1\" \/>\n<link rel=\"canonical\" href=\"https:\/\/www.visit-ulcinj.com\/blog\/2017\/07\/01\/edhe-sot-kolona-te-gjata-ne-kufirin-kroaci-mali-zi\/\" \/>\n<meta property=\"og:locale\" content=\"en_US\" \/>\n<meta property=\"og:type\" content=\"article\" \/>\n<meta property=\"og:title\" content=\"Edhe sot kolona t\u00eb gjata n\u00eb kufirin Kroaci - Mali Zi - Lajme nga Ulqini\" \/>\n<meta property=\"og:description\" content=\"Edhe sot gjat\u00eb vikendit jan\u00eb krijuar p\u00ebrs\u00ebri kolona me pritje prej koh\u00ebzgjatjeve t\u00eb ndryshme n\u00eb pik\u00eb-kalime kufitare me Kroaci p\u00ebr n\u00eb Mal t\u00eb Zi. Ulqini q\u00eb\" \/>\n<meta property=\"og:url\" content=\"https:\/\/www.visit-ulcinj.com\/blog\/2017\/07\/01\/edhe-sot-kolona-te-gjata-ne-kufirin-kroaci-mali-zi\/\" \/>\n<meta property=\"og:site_name\" content=\"Lajme nga Ulqini\" \/>\n<meta property=\"article:published_time\" content=\"2017-07-01T13:59:43+00:00\" \/>\n<meta property=\"article:modified_time\" content=\"2017-07-01T16:45:44+00:00\" \/>\n<meta property=\"og:image\" content=\"http:\/\/www.visit-ulcinj.com\/blog\/wp-content\/uploads\/2011\/07\/Kufiri-i-Malit-te-Zi_Debeli-Brijeg.jpg\" \/>\n<meta name=\"twitter:label1\" content=\"Written by\" \/>\n\t<meta name=\"twitter:data1\" content=\"ulqini\" \/>\n\t<meta name=\"twitter:label2\" content=\"Est. reading time\" \/>\n\t<meta name=\"twitter:data2\" content=\"3 minutes\" \/>\n<script type=\"application\/ld+json\" class=\"yoast-schema-graph\">{\"@context\":\"https:\/\/schema.org\",\"@graph\":[{\"@type\":\"WebSite\",\"@id\":\"https:\/\/www.visit-ulcinj.com\/blog\/#website\",\"url\":\"https:\/\/www.visit-ulcinj.com\/blog\/\",\"name\":\"Lajme nga Ulqini\",\"description\":\"Lajme,Vijesti,Ulqini,Ulqin,Crna Gora,Mali i Zi\",\"potentialAction\":[{\"@type\":\"SearchAction\",\"target\":{\"@type\":\"EntryPoint\",\"urlTemplate\":\"https:\/\/www.visit-ulcinj.com\/blog\/?s={search_term_string}\"},\"query-input\":\"required name=search_term_string\"}],\"inLanguage\":\"en-US\"},{\"@type\":\"ImageObject\",\"inLanguage\":\"en-US\",\"@id\":\"https:\/\/www.visit-ulcinj.com\/blog\/2017\/07\/01\/edhe-sot-kolona-te-gjata-ne-kufirin-kroaci-mali-zi\/#primaryimage\",\"url\":\"https:\/\/www.visit-ulcinj.com\/blog\/wp-content\/uploads\/2011\/07\/Kufiri-i-Malit-te-Zi_Debeli-Brijeg.jpg\",\"contentUrl\":\"https:\/\/www.visit-ulcinj.com\/blog\/wp-content\/uploads\/2011\/07\/Kufiri-i-Malit-te-Zi_Debeli-Brijeg.jpg\",\"width\":\"800\",\"height\":\"536\"},{\"@type\":\"WebPage\",\"@id\":\"https:\/\/www.visit-ulcinj.com\/blog\/2017\/07\/01\/edhe-sot-kolona-te-gjata-ne-kufirin-kroaci-mali-zi\/#webpage\",\"url\":\"https:\/\/www.visit-ulcinj.com\/blog\/2017\/07\/01\/edhe-sot-kolona-te-gjata-ne-kufirin-kroaci-mali-zi\/\",\"name\":\"Edhe sot kolona t\u00eb gjata n\u00eb kufirin Kroaci - Mali Zi - Lajme nga Ulqini\",\"isPartOf\":{\"@id\":\"https:\/\/www.visit-ulcinj.com\/blog\/#website\"},\"primaryImageOfPage\":{\"@id\":\"https:\/\/www.visit-ulcinj.com\/blog\/2017\/07\/01\/edhe-sot-kolona-te-gjata-ne-kufirin-kroaci-mali-zi\/#primaryimage\"},\"datePublished\":\"2017-07-01T13:59:43+00:00\",\"dateModified\":\"2017-07-01T16:45:44+00:00\",\"author\":{\"@id\":\"https:\/\/www.visit-ulcinj.com\/blog\/#\/schema\/person\/dcab619c614d3038751c63bc2aadc06d\"},\"description\":\"Edhe sot gjat\u00eb vikendit jan\u00eb krijuar p\u00ebrs\u00ebri kolona me pritje prej koh\u00ebzgjatjeve t\u00eb ndryshme n\u00eb pik\u00eb-kalime kufitare me Kroaci p\u00ebr n\u00eb Mal t\u00eb Zi. Ulqini q\u00eb\",\"breadcrumb\":{\"@id\":\"https:\/\/www.visit-ulcinj.com\/blog\/2017\/07\/01\/edhe-sot-kolona-te-gjata-ne-kufirin-kroaci-mali-zi\/#breadcrumb\"},\"inLanguage\":\"en-US\",\"potentialAction\":[{\"@type\":\"ReadAction\",\"target\":[\"https:\/\/www.visit-ulcinj.com\/blog\/2017\/07\/01\/edhe-sot-kolona-te-gjata-ne-kufirin-kroaci-mali-zi\/\"]}]},{\"@type\":\"BreadcrumbList\",\"@id\":\"https:\/\/www.visit-ulcinj.com\/blog\/2017\/07\/01\/edhe-sot-kolona-te-gjata-ne-kufirin-kroaci-mali-zi\/#breadcrumb\",\"itemListElement\":[{\"@type\":\"ListItem\",\"position\":1,\"name\":\"Edhe sot kolona t\u00eb gjata n\u00eb kufirin Kroaci &#8211; Mali Zi\"}]},{\"@type\":\"Person\",\"@id\":\"https:\/\/www.visit-ulcinj.com\/blog\/#\/schema\/person\/dcab619c614d3038751c63bc2aadc06d\",\"name\":\"ulqini\",\"sameAs\":[\"http:\/\/www.visit-ulcinj.com\"],\"url\":\"https:\/\/www.visit-ulcinj.com\/blog\/author\/admin\/\"}]}<\/script>\n<!-- \/ Yoast SEO plugin. -->","yoast_head_json":{"title":"Edhe sot kolona t\u00eb gjata n\u00eb kufirin Kroaci - Mali Zi - Lajme nga Ulqini","description":"Edhe sot gjat\u00eb vikendit jan\u00eb krijuar p\u00ebrs\u00ebri kolona me pritje prej koh\u00ebzgjatjeve t\u00eb ndryshme n\u00eb pik\u00eb-kalime kufitare me Kroaci p\u00ebr n\u00eb Mal t\u00eb Zi. Ulqini q\u00eb","robots":{"index":"index","follow":"follow","max-snippet":"max-snippet:-1","max-image-preview":"max-image-preview:large","max-video-preview":"max-video-preview:-1"},"canonical":"https:\/\/www.visit-ulcinj.com\/blog\/2017\/07\/01\/edhe-sot-kolona-te-gjata-ne-kufirin-kroaci-mali-zi\/","og_locale":"en_US","og_type":"article","og_title":"Edhe sot kolona t\u00eb gjata n\u00eb kufirin Kroaci - Mali Zi - Lajme nga Ulqini","og_description":"Edhe sot gjat\u00eb vikendit jan\u00eb krijuar p\u00ebrs\u00ebri kolona me pritje prej koh\u00ebzgjatjeve t\u00eb ndryshme n\u00eb pik\u00eb-kalime kufitare me Kroaci p\u00ebr n\u00eb Mal t\u00eb Zi. Ulqini q\u00eb","og_url":"https:\/\/www.visit-ulcinj.com\/blog\/2017\/07\/01\/edhe-sot-kolona-te-gjata-ne-kufirin-kroaci-mali-zi\/","og_site_name":"Lajme nga Ulqini","article_published_time":"2017-07-01T13:59:43+00:00","article_modified_time":"2017-07-01T16:45:44+00:00","og_image":[{"url":"http:\/\/www.visit-ulcinj.com\/blog\/wp-content\/uploads\/2011\/07\/Kufiri-i-Malit-te-Zi_Debeli-Brijeg.jpg"}],"twitter_misc":{"Written by":"ulqini","Est. reading time":"3 minutes"},"schema":{"@context":"https:\/\/schema.org","@graph":[{"@type":"WebSite","@id":"https:\/\/www.visit-ulcinj.com\/blog\/#website","url":"https:\/\/www.visit-ulcinj.com\/blog\/","name":"Lajme nga Ulqini","description":"Lajme,Vijesti,Ulqini,Ulqin,Crna Gora,Mali i Zi","potentialAction":[{"@type":"SearchAction","target":{"@type":"EntryPoint","urlTemplate":"https:\/\/www.visit-ulcinj.com\/blog\/?s={search_term_string}"},"query-input":"required name=search_term_string"}],"inLanguage":"en-US"},{"@type":"ImageObject","inLanguage":"en-US","@id":"https:\/\/www.visit-ulcinj.com\/blog\/2017\/07\/01\/edhe-sot-kolona-te-gjata-ne-kufirin-kroaci-mali-zi\/#primaryimage","url":"https:\/\/www.visit-ulcinj.com\/blog\/wp-content\/uploads\/2011\/07\/Kufiri-i-Malit-te-Zi_Debeli-Brijeg.jpg","contentUrl":"https:\/\/www.visit-ulcinj.com\/blog\/wp-content\/uploads\/2011\/07\/Kufiri-i-Malit-te-Zi_Debeli-Brijeg.jpg","width":"800","height":"536"},{"@type":"WebPage","@id":"https:\/\/www.visit-ulcinj.com\/blog\/2017\/07\/01\/edhe-sot-kolona-te-gjata-ne-kufirin-kroaci-mali-zi\/#webpage","url":"https:\/\/www.visit-ulcinj.com\/blog\/2017\/07\/01\/edhe-sot-kolona-te-gjata-ne-kufirin-kroaci-mali-zi\/","name":"Edhe sot kolona t\u00eb gjata n\u00eb kufirin Kroaci - Mali Zi - Lajme nga Ulqini","isPartOf":{"@id":"https:\/\/www.visit-ulcinj.com\/blog\/#website"},"primaryImageOfPage":{"@id":"https:\/\/www.visit-ulcinj.com\/blog\/2017\/07\/01\/edhe-sot-kolona-te-gjata-ne-kufirin-kroaci-mali-zi\/#primaryimage"},"datePublished":"2017-07-01T13:59:43+00:00","dateModified":"2017-07-01T16:45:44+00:00","author":{"@id":"https:\/\/www.visit-ulcinj.com\/blog\/#\/schema\/person\/dcab619c614d3038751c63bc2aadc06d"},"description":"Edhe sot gjat\u00eb vikendit jan\u00eb krijuar p\u00ebrs\u00ebri kolona me pritje prej koh\u00ebzgjatjeve t\u00eb ndryshme n\u00eb pik\u00eb-kalime kufitare me Kroaci p\u00ebr n\u00eb Mal t\u00eb Zi. Ulqini q\u00eb","breadcrumb":{"@id":"https:\/\/www.visit-ulcinj.com\/blog\/2017\/07\/01\/edhe-sot-kolona-te-gjata-ne-kufirin-kroaci-mali-zi\/#breadcrumb"},"inLanguage":"en-US","potentialAction":[{"@type":"ReadAction","target":["https:\/\/www.visit-ulcinj.com\/blog\/2017\/07\/01\/edhe-sot-kolona-te-gjata-ne-kufirin-kroaci-mali-zi\/"]}]},{"@type":"BreadcrumbList","@id":"https:\/\/www.visit-ulcinj.com\/blog\/2017\/07\/01\/edhe-sot-kolona-te-gjata-ne-kufirin-kroaci-mali-zi\/#breadcrumb","itemListElement":[{"@type":"ListItem","position":1,"name":"Edhe sot kolona t\u00eb gjata n\u00eb kufirin Kroaci &#8211; Mali Zi"}]},{"@type":"Person","@id":"https:\/\/www.visit-ulcinj.com\/blog\/#\/schema\/person\/dcab619c614d3038751c63bc2aadc06d","name":"ulqini","sameAs":["http:\/\/www.visit-ulcinj.com"],"url":"https:\/\/www.visit-ulcinj.com\/blog\/author\/admin\/"}]}},"jetpack_featured_media_url":"","jetpack_sharing_enabled":true,"jetpack_shortlink":"https:\/\/wp.me\/pe6lTn-rxR","_links":{"self":[{"href":"https:\/\/www.visit-ulcinj.com\/blog\/wp-json\/wp\/v2\/posts\/105887"}],"collection":[{"href":"https:\/\/www.visit-ulcinj.com\/blog\/wp-json\/wp\/v2\/posts"}],"about":[{"href":"https:\/\/www.visit-ulcinj.com\/blog\/wp-json\/wp\/v2\/types\/post"}],"author":[{"embeddable":true,"href":"https:\/\/www.visit-ulcinj.com\/blog\/wp-json\/wp\/v2\/users\/1"}],"replies":[{"embeddable":true,"href":"https:\/\/www.visit-ulcinj.com\/blog\/wp-json\/wp\/v2\/comments?post=105887"}],"version-history":[{"count":2,"href":"https:\/\/www.visit-ulcinj.com\/blog\/wp-json\/wp\/v2\/posts\/105887\/revisions"}],"predecessor-version":[{"id":105889,"href":"https:\/\/www.visit-ulcinj.com\/blog\/wp-json\/wp\/v2\/posts\/105887\/revisions\/105889"}],"wp:attachment":[{"href":"https:\/\/www.visit-ulcinj.com\/blog\/wp-json\/wp\/v2\/media?parent=105887"}],"wp:term":[{"taxonomy":"category","embeddable":true,"href":"https:\/\/www.visit-ulcinj.com\/blog\/wp-json\/wp\/v2\/categories?post=105887"},{"taxonomy":"post_tag","embeddable":true,"href":"https:\/\/www.visit-ulcinj.com\/blog\/wp-json\/wp\/v2\/tags?post=105887"}],"curies":[{"name":"wp","href":"https:\/\/api.w.org\/{rel}","templated":true}]}}