{"id":105900,"date":"2017-07-02T11:55:34","date_gmt":"2017-07-02T10:55:34","guid":{"rendered":"http:\/\/www.visit-ulcinj.com\/blog\/?p=105900"},"modified":"2017-07-02T12:48:03","modified_gmt":"2017-07-02T11:48:03","slug":"gjonaj-mysafiret-e-padeshiruar-demtojne-imazhin-e-ulqinit","status":"publish","type":"post","link":"https:\/\/www.visit-ulcinj.com\/blog\/2017\/07\/02\/gjonaj-mysafiret-e-padeshiruar-demtojne-imazhin-e-ulqinit\/","title":{"rendered":"Gjonaj: \u201c Mysafir\u00ebt\u201d e pad\u00ebshiruar d\u00ebmtojn\u00eb imazhin e Ulqinit"},"content":{"rendered":"<p><strong><a href=\"http:\/\/www.visit-ulcinj.com\/blog\/wp-content\/uploads\/2017\/07\/Mysafir\u00ebte-pad\u00ebshiruar-d\u00ebmtojn\u00eb-imazhin-e-Ulqinit.jpg\"><img loading=\"lazy\" class=\"alignleft wp-image-105901\" src=\"http:\/\/www.visit-ulcinj.com\/blog\/wp-content\/uploads\/2017\/07\/Mysafir\u00ebte-pad\u00ebshiruar-d\u00ebmtojn\u00eb-imazhin-e-Ulqinit.jpg\" alt=\"\" width=\"508\" height=\"358\" srcset=\"https:\/\/www.visit-ulcinj.com\/blog\/wp-content\/uploads\/2017\/07\/Mysafir\u00ebte-pad\u00ebshiruar-d\u00ebmtojn\u00eb-imazhin-e-Ulqinit.jpg 422w, https:\/\/www.visit-ulcinj.com\/blog\/wp-content\/uploads\/2017\/07\/Mysafir\u00ebte-pad\u00ebshiruar-d\u00ebmtojn\u00eb-imazhin-e-Ulqinit-300x211.jpg 300w\" sizes=\"(max-width: 508px) 100vw, 508px\" \/><\/a>Gjek\u00eb Gjonaj<\/strong><\/p>\n<p>Ulqini si\u00e7 dihet tashm\u00eb \u00ebsht\u00eb nj\u00eb nd\u00ebr qytetet m\u00eb t\u00eb r\u00ebnd\u00ebsishme turistike n\u00eb Malin e Zi, me nj\u00eb pasuri t\u00eb madhe kulturore, historike, natyrore si dhe nj\u00eb nga destinacionet kryesore p\u00ebr turist\u00ebt nga Kosova, Shqip\u00ebria,\u00a0 rajoni Ballkani dhe nga vende t\u00eb ndryshme t\u00eb Europ\u00ebs dhe Bot\u00ebs. Pritshm\u00ebria e qytetar\u00ebve, repektivisht e punonj\u00ebsve turistik\u00eb\u00a0 t\u00eb\u00a0 k\u00ebtij qyteti p\u00ebr k\u00ebt\u00eb stin\u00eb\u00a0 verore \u00ebsht\u00eb e madhe. Ata me t\u00eb drejt\u00eb presin\u00a0 q\u00eb\u00a0\u00a0 k\u00ebsaj ver\u00eb numri i pushueve t\u00eb jet\u00eb m\u00eb i madh se ver\u00ebn e kaluar. N\u00eb k\u00ebt\u00eb drejtim\u00a0 jan\u00eb b\u00ebr\u00eb p\u00ebrgatitjet p\u00ebr t\u00eb pasur nj\u00eb sezon t\u00eb mir\u00eb. \u00cbsht\u00eb fromuar nj\u00eb trup q\u00eb do t\u00eb koordinoj\u00eb mbar\u00ebvajtjen\u00a0 dhe p\u00ebrcjelljen e sezonit t\u00eb sivjetsh\u00ebm tuiristik. T\u00eb dh\u00ebnat statistikore \u00a0q\u00eb disponojm\u00eb\u00a0\u00a0 tregojn\u00eb se nga muaji maj e deri m\u00eb sot n\u00eb Ulqin ka pasur nj\u00eb num\u00ebr m\u00eb t\u00eb madh t\u00eb mysafir\u00ebve se\u00a0 n\u00eb t\u00eb nj\u00ebjt\u00ebn periudh\u00eb t\u00eb vitit t\u00eb kaluar. \u00a0Kjo i g\u00ebzon t\u00eb gjith\u00eb. Mir\u00ebpo ata \u00a0i shqet\u00ebson\u00a0 fakkti i hidhur se bashk\u00eb me turist\u00ebt\u00a0\u00a0 sivjet n\u00eb Ulqin\u00a0 erdh\u00ebn edhe qent\u00eb endacak\u00eb. K\u00ebta \u201c mysafir\u00eb \u201c t\u00eb pad\u00ebshiruar\u00a0 jan\u00eb t\u00eb pranish\u00ebm me shumic\u00eb \u00a0\u00a0n\u00ebp\u00ebr rrug\u00ebt e Ulqinit q\u00eb\u00a0 nga\u00a0 fillimi i muajit maj, dhe \u00a0vazhdojn\u00eb t\u00eb jen\u00eb\u00a0 rrezik i madh p\u00ebr mjedisin, banor\u00ebt dhe turist\u00ebt.<\/p>\n<p>Qytetar\u00ebt q\u00eb e kan\u00eb p\u00ebrjetuar tmerrin\u00a0 e turm\u00ebs s\u00eb k\u00ebtyre\u00a0 qenve k\u00ebrkojn\u00eb\u00a0 m\u00ebnjnimin e menj\u00ebhersh\u00ebm t\u00eb \u00a0tyre nga rrug\u00ebt e k\u00ebtij qyteti me rrethin\u00eb. Edhe autori i k\u00ebtyre rreshtave ka qen\u00eb\u00a0 nj\u00ebri nd\u00ebr personat q\u00eb ka luftuar \u201c fyt me fyt\u201d me\u00a0 qent\u00eb endacak. Por fatmir\u00ebsisht fal\u00eb shkatht\u00ebsis\u00eb dhe p\u00ebrvoj\u00ebs \u00a0ka shp\u00ebtuar mjaft mir\u00eb nga sulmi i tyre,\u00a0 p\u00ebr dallim nga\u00a0 nj\u00eb grua e cila\u00a0 koh\u00eb m\u00eb par\u00eb ka marr\u00eb plag\u00eb t\u00eb konsiderushme n\u00eb k\u00ebmb\u00eb. Imagjinoni\u00a0 vet\u00ebm n\u00eb k\u00ebto dy raste po t\u00eb kishte kaluar ndonj\u00eb f\u00ebmij\u00eb ky grup i qenve do t\u00eb mund ta b\u00ebnin cop\u00eb e th\u00ebrrime.<\/p>\n<p>Prurjet \u00a0me shumic\u00eb t\u00eb \u00a0qenve nga qytete t\u00eb tjera \u00a0n\u00eb Ulqin \u00e7udit\u00ebrisht \u00a0nuk jan\u00eb t\u00eb rralla. Muajin\u00a0 e fundit v\u00ebrehen\u00a0\u00a0 grupe ( turma) t\u00eb reja t\u00eb qenve t\u00eb cil\u00ebt jan\u00eb b\u00ebr\u00eb problem serioz. Shoqata p\u00ebr kafsh\u00ebt e psatreha \u201c Panda \u201c n\u00eb Ulqin\u00a0 jav\u00ebn q\u00eb shkoi ka publikuar nj\u00eb video ku shihet qart\u00eb \u00a0se\u00a0 nj\u00eb automjet pa targa\u00a0 zbarkon\u00a0 n\u00eb\u00a0 fshatin ( lagjen) Ga\u00e7\u00a0 nj\u00eb num\u00ebr t\u00eb madh\u00a0 t\u00eb qenve\u00a0 endacak\u00eb.<br \/>\n<iframe loading=\"lazy\" style=\"border: none; overflow: hidden;\" src=\"https:\/\/www.facebook.com\/plugins\/video.php?href=https%3A%2F%2Fwww.facebook.com%2Fpanda.ulcinj%2Fvideos%2F469878580014148%2F&amp;show_text=0&amp;width=508\" width=\"508\" height=\"332\" frameborder=\"0\" scrolling=\"no\" allowfullscreen=\"allowfullscreen\"><\/iframe><br \/>\nPrania e \u00a0qenve rruga\u00e7 n\u00ebp\u00ebr \u00a0rrug\u00eb, trotuare, parqe e hap\u00ebsira t\u00eb ndryshme publike, prishja e qet\u00ebsis\u00eb publike me t\u00eb lehurat e tyre,\u00a0 rreziku nga kafshimi,\u00a0 frika nga bartja e s\u00ebmundjeve t\u00eb ndryshme\u00a0\u00a0 pa m\u00ebdyshje d\u00ebmtojn\u00eb imazhin e qytetit t\u00eb Ulqinit n\u00eb syt\u00eb\u00a0 e shqiptar\u00ebve dhe tursit\u00ebve\u00a0 q\u00eb\u00a0 do t\u00eb verojn\u00eb sivjet\u00a0 n\u00eb plazhet e bukura t\u00eb k\u00ebtij qyteti.<\/p>\n<p>Autoritete lokale\u00a0 e pranojn\u00eb se problemi me qent\u00eb endacak\u00eb mbetet shqet\u00ebsues p\u00ebr Komun\u00ebn e Ulqinit , duke marr\u00eb parasysh rrezikun e vazhduesh\u00ebm q\u00eb u kanoset qytetar\u00ebve dhe turist\u00ebve\u00a0 \u00e7do dit\u00eb. Ata\u00a0 si institucion\u00a0 kan\u00eb b\u00ebr\u00eb p\u00ebrpjekje p\u00ebr zgjidhjen e k\u00ebtij problemi \u00a0t\u00eb r\u00ebnd\u00ebsih\u00ebm \u00a0n\u00eb t\u00ebr\u00eb territorin e komun\u00ebs, duke e ngritur nj\u00eb qend\u00ebr strehimore e cila p\u00ebr shkak t\u00eb kapaciteteve t\u00eb pamjaftueshme\u00a0\u00a0\u00a0 nuk mund t\u00eb\u00a0 pranoj\u00eb\u00a0 k\u00ebt\u00eb num\u00ebr enorm t\u00eb qenve.\u00a0 P\u00ebr k\u00ebt\u00eb arsye p\u00ebrgjegj\u00ebsit n\u00eb nivel vendor e q\u00ebndror\u00a0\u00a0\u00a0 n\u00eb bashk\u00ebpunim me shoqatat p\u00ebr mbrojtjen e kafsh\u00ebve\u00a0\u00a0 duhet q\u00eb seriozisht t\u00eb ndryshojn\u00eb m\u00ebnyr\u00ebn e manxhimit t\u00eb rrezikut nga qent\u00eb endacak\u00eb, p\u00ebr t\u00eb gjetur nj\u00eb zgjidhje efikase, konkrete\u00a0 dhe mjete q\u00eb k\u00ebto kafsh\u00eb t\u00eb p\u00ebrfitojn\u00eb kujdesin e duhur dhe q\u00eb atyre t\u2019u pamund\u00ebsohet q\u00eb t\u00eb frik\u00ebsojn\u00eb, l\u00ebndojn\u00eb apo larg qoft\u00eb \u00a0rrezkojn\u00eb jet\u00eb njer\u00ebzish.<\/p>\n<!--YouTube Error: bad URL entered-->\n","protected":false},"excerpt":{"rendered":"<p>Gjek\u00eb Gjonaj Ulqini si\u00e7 dihet tashm\u00eb \u00ebsht\u00eb nj\u00eb nd\u00ebr qytetet m\u00eb t\u00eb r\u00ebnd\u00ebsishme turistike n\u00eb Malin e Zi, me nj\u00eb pasuri t\u00eb madhe kulturore, historike, natyrore si dhe nj\u00eb nga destinacionet kryesore p\u00ebr turist\u00ebt nga Kosova, Shqip\u00ebria,\u00a0 rajoni Ballkani dhe nga vende t\u00eb ndryshme t\u00eb Europ\u00ebs dhe Bot\u00ebs. Pritshm\u00ebria e qytetar\u00ebve, repektivisht e punonj\u00ebsve turistik\u00eb\u00a0 [&hellip;]<\/p>\n","protected":false},"author":1,"featured_media":0,"comment_status":"closed","ping_status":"closed","sticky":false,"template":"","format":"standard","meta":{"spay_email":"","jetpack_publicize_message":"","jetpack_is_tweetstorm":false,"jetpack_publicize_feature_enabled":true},"categories":[1,11],"tags":[],"jetpack_publicize_connections":[],"yoast_head":"<!-- This site is optimized with the Yoast SEO plugin v19.1 - https:\/\/yoast.com\/wordpress\/plugins\/seo\/ -->\n<title>Gjonaj: \u201c Mysafir\u00ebt\u201d e pad\u00ebshiruar d\u00ebmtojn\u00eb imazhin e Ulqinit - Lajme nga Ulqini<\/title>\n<meta name=\"description\" content=\"Gjek\u00eb Gjonaj Ulqini si\u00e7 dihet tashm\u00eb \u00ebsht\u00eb nj\u00eb nd\u00ebr qytetet m\u00eb t\u00eb r\u00ebnd\u00ebsishme turistike n\u00eb Malin e Zi, me nj\u00eb pasuri t\u00eb madhe kulturore, historike,\" \/>\n<meta name=\"robots\" content=\"index, follow, max-snippet:-1, max-image-preview:large, max-video-preview:-1\" \/>\n<link rel=\"canonical\" href=\"https:\/\/www.visit-ulcinj.com\/blog\/2017\/07\/02\/gjonaj-mysafiret-e-padeshiruar-demtojne-imazhin-e-ulqinit\/\" \/>\n<meta property=\"og:locale\" content=\"en_US\" \/>\n<meta property=\"og:type\" content=\"article\" \/>\n<meta property=\"og:title\" content=\"Gjonaj: \u201c Mysafir\u00ebt\u201d e pad\u00ebshiruar d\u00ebmtojn\u00eb imazhin e Ulqinit - Lajme nga Ulqini\" \/>\n<meta property=\"og:description\" content=\"Gjek\u00eb Gjonaj Ulqini si\u00e7 dihet tashm\u00eb \u00ebsht\u00eb nj\u00eb nd\u00ebr qytetet m\u00eb t\u00eb r\u00ebnd\u00ebsishme turistike n\u00eb Malin e Zi, me nj\u00eb pasuri t\u00eb madhe kulturore, historike,\" \/>\n<meta property=\"og:url\" content=\"https:\/\/www.visit-ulcinj.com\/blog\/2017\/07\/02\/gjonaj-mysafiret-e-padeshiruar-demtojne-imazhin-e-ulqinit\/\" \/>\n<meta property=\"og:site_name\" content=\"Lajme nga Ulqini\" \/>\n<meta property=\"article:published_time\" content=\"2017-07-02T10:55:34+00:00\" \/>\n<meta property=\"article:modified_time\" content=\"2017-07-02T11:48:03+00:00\" \/>\n<meta name=\"twitter:label1\" content=\"Written by\" \/>\n\t<meta name=\"twitter:data1\" content=\"ulqini\" \/>\n\t<meta name=\"twitter:label2\" content=\"Est. reading time\" \/>\n\t<meta name=\"twitter:data2\" content=\"3 minutes\" \/>\n<script type=\"application\/ld+json\" class=\"yoast-schema-graph\">{\"@context\":\"https:\/\/schema.org\",\"@graph\":[{\"@type\":\"WebSite\",\"@id\":\"https:\/\/www.visit-ulcinj.com\/blog\/#website\",\"url\":\"https:\/\/www.visit-ulcinj.com\/blog\/\",\"name\":\"Lajme nga Ulqini\",\"description\":\"Lajme,Vijesti,Ulqini,Ulqin,Crna Gora,Mali i Zi\",\"potentialAction\":[{\"@type\":\"SearchAction\",\"target\":{\"@type\":\"EntryPoint\",\"urlTemplate\":\"https:\/\/www.visit-ulcinj.com\/blog\/?s={search_term_string}\"},\"query-input\":\"required name=search_term_string\"}],\"inLanguage\":\"en-US\"},{\"@type\":\"WebPage\",\"@id\":\"https:\/\/www.visit-ulcinj.com\/blog\/2017\/07\/02\/gjonaj-mysafiret-e-padeshiruar-demtojne-imazhin-e-ulqinit\/#webpage\",\"url\":\"https:\/\/www.visit-ulcinj.com\/blog\/2017\/07\/02\/gjonaj-mysafiret-e-padeshiruar-demtojne-imazhin-e-ulqinit\/\",\"name\":\"Gjonaj: \u201c Mysafir\u00ebt\u201d e pad\u00ebshiruar d\u00ebmtojn\u00eb imazhin e Ulqinit - Lajme nga Ulqini\",\"isPartOf\":{\"@id\":\"https:\/\/www.visit-ulcinj.com\/blog\/#website\"},\"datePublished\":\"2017-07-02T10:55:34+00:00\",\"dateModified\":\"2017-07-02T11:48:03+00:00\",\"author\":{\"@id\":\"https:\/\/www.visit-ulcinj.com\/blog\/#\/schema\/person\/dcab619c614d3038751c63bc2aadc06d\"},\"description\":\"Gjek\u00eb Gjonaj Ulqini si\u00e7 dihet tashm\u00eb \u00ebsht\u00eb nj\u00eb nd\u00ebr qytetet m\u00eb t\u00eb r\u00ebnd\u00ebsishme turistike n\u00eb Malin e Zi, me nj\u00eb pasuri t\u00eb madhe kulturore, historike,\",\"breadcrumb\":{\"@id\":\"https:\/\/www.visit-ulcinj.com\/blog\/2017\/07\/02\/gjonaj-mysafiret-e-padeshiruar-demtojne-imazhin-e-ulqinit\/#breadcrumb\"},\"inLanguage\":\"en-US\",\"potentialAction\":[{\"@type\":\"ReadAction\",\"target\":[\"https:\/\/www.visit-ulcinj.com\/blog\/2017\/07\/02\/gjonaj-mysafiret-e-padeshiruar-demtojne-imazhin-e-ulqinit\/\"]}]},{\"@type\":\"BreadcrumbList\",\"@id\":\"https:\/\/www.visit-ulcinj.com\/blog\/2017\/07\/02\/gjonaj-mysafiret-e-padeshiruar-demtojne-imazhin-e-ulqinit\/#breadcrumb\",\"itemListElement\":[{\"@type\":\"ListItem\",\"position\":1,\"name\":\"Gjonaj: \u201c Mysafir\u00ebt\u201d e pad\u00ebshiruar d\u00ebmtojn\u00eb imazhin e Ulqinit\"}]},{\"@type\":\"Person\",\"@id\":\"https:\/\/www.visit-ulcinj.com\/blog\/#\/schema\/person\/dcab619c614d3038751c63bc2aadc06d\",\"name\":\"ulqini\",\"sameAs\":[\"http:\/\/www.visit-ulcinj.com\"],\"url\":\"https:\/\/www.visit-ulcinj.com\/blog\/author\/admin\/\"}]}<\/script>\n<!-- \/ Yoast SEO plugin. -->","yoast_head_json":{"title":"Gjonaj: \u201c Mysafir\u00ebt\u201d e pad\u00ebshiruar d\u00ebmtojn\u00eb imazhin e Ulqinit - Lajme nga Ulqini","description":"Gjek\u00eb Gjonaj Ulqini si\u00e7 dihet tashm\u00eb \u00ebsht\u00eb nj\u00eb nd\u00ebr qytetet m\u00eb t\u00eb r\u00ebnd\u00ebsishme turistike n\u00eb Malin e Zi, me nj\u00eb pasuri t\u00eb madhe kulturore, historike,","robots":{"index":"index","follow":"follow","max-snippet":"max-snippet:-1","max-image-preview":"max-image-preview:large","max-video-preview":"max-video-preview:-1"},"canonical":"https:\/\/www.visit-ulcinj.com\/blog\/2017\/07\/02\/gjonaj-mysafiret-e-padeshiruar-demtojne-imazhin-e-ulqinit\/","og_locale":"en_US","og_type":"article","og_title":"Gjonaj: \u201c Mysafir\u00ebt\u201d e pad\u00ebshiruar d\u00ebmtojn\u00eb imazhin e Ulqinit - Lajme nga Ulqini","og_description":"Gjek\u00eb Gjonaj Ulqini si\u00e7 dihet tashm\u00eb \u00ebsht\u00eb nj\u00eb nd\u00ebr qytetet m\u00eb t\u00eb r\u00ebnd\u00ebsishme turistike n\u00eb Malin e Zi, me nj\u00eb pasuri t\u00eb madhe kulturore, historike,","og_url":"https:\/\/www.visit-ulcinj.com\/blog\/2017\/07\/02\/gjonaj-mysafiret-e-padeshiruar-demtojne-imazhin-e-ulqinit\/","og_site_name":"Lajme nga Ulqini","article_published_time":"2017-07-02T10:55:34+00:00","article_modified_time":"2017-07-02T11:48:03+00:00","twitter_misc":{"Written by":"ulqini","Est. reading time":"3 minutes"},"schema":{"@context":"https:\/\/schema.org","@graph":[{"@type":"WebSite","@id":"https:\/\/www.visit-ulcinj.com\/blog\/#website","url":"https:\/\/www.visit-ulcinj.com\/blog\/","name":"Lajme nga Ulqini","description":"Lajme,Vijesti,Ulqini,Ulqin,Crna Gora,Mali i Zi","potentialAction":[{"@type":"SearchAction","target":{"@type":"EntryPoint","urlTemplate":"https:\/\/www.visit-ulcinj.com\/blog\/?s={search_term_string}"},"query-input":"required name=search_term_string"}],"inLanguage":"en-US"},{"@type":"WebPage","@id":"https:\/\/www.visit-ulcinj.com\/blog\/2017\/07\/02\/gjonaj-mysafiret-e-padeshiruar-demtojne-imazhin-e-ulqinit\/#webpage","url":"https:\/\/www.visit-ulcinj.com\/blog\/2017\/07\/02\/gjonaj-mysafiret-e-padeshiruar-demtojne-imazhin-e-ulqinit\/","name":"Gjonaj: \u201c Mysafir\u00ebt\u201d e pad\u00ebshiruar d\u00ebmtojn\u00eb imazhin e Ulqinit - Lajme nga Ulqini","isPartOf":{"@id":"https:\/\/www.visit-ulcinj.com\/blog\/#website"},"datePublished":"2017-07-02T10:55:34+00:00","dateModified":"2017-07-02T11:48:03+00:00","author":{"@id":"https:\/\/www.visit-ulcinj.com\/blog\/#\/schema\/person\/dcab619c614d3038751c63bc2aadc06d"},"description":"Gjek\u00eb Gjonaj Ulqini si\u00e7 dihet tashm\u00eb \u00ebsht\u00eb nj\u00eb nd\u00ebr qytetet m\u00eb t\u00eb r\u00ebnd\u00ebsishme turistike n\u00eb Malin e Zi, me nj\u00eb pasuri t\u00eb madhe kulturore, historike,","breadcrumb":{"@id":"https:\/\/www.visit-ulcinj.com\/blog\/2017\/07\/02\/gjonaj-mysafiret-e-padeshiruar-demtojne-imazhin-e-ulqinit\/#breadcrumb"},"inLanguage":"en-US","potentialAction":[{"@type":"ReadAction","target":["https:\/\/www.visit-ulcinj.com\/blog\/2017\/07\/02\/gjonaj-mysafiret-e-padeshiruar-demtojne-imazhin-e-ulqinit\/"]}]},{"@type":"BreadcrumbList","@id":"https:\/\/www.visit-ulcinj.com\/blog\/2017\/07\/02\/gjonaj-mysafiret-e-padeshiruar-demtojne-imazhin-e-ulqinit\/#breadcrumb","itemListElement":[{"@type":"ListItem","position":1,"name":"Gjonaj: \u201c Mysafir\u00ebt\u201d e pad\u00ebshiruar d\u00ebmtojn\u00eb imazhin e Ulqinit"}]},{"@type":"Person","@id":"https:\/\/www.visit-ulcinj.com\/blog\/#\/schema\/person\/dcab619c614d3038751c63bc2aadc06d","name":"ulqini","sameAs":["http:\/\/www.visit-ulcinj.com"],"url":"https:\/\/www.visit-ulcinj.com\/blog\/author\/admin\/"}]}},"jetpack_featured_media_url":"","jetpack_sharing_enabled":true,"jetpack_shortlink":"https:\/\/wp.me\/pe6lTn-ry4","_links":{"self":[{"href":"https:\/\/www.visit-ulcinj.com\/blog\/wp-json\/wp\/v2\/posts\/105900"}],"collection":[{"href":"https:\/\/www.visit-ulcinj.com\/blog\/wp-json\/wp\/v2\/posts"}],"about":[{"href":"https:\/\/www.visit-ulcinj.com\/blog\/wp-json\/wp\/v2\/types\/post"}],"author":[{"embeddable":true,"href":"https:\/\/www.visit-ulcinj.com\/blog\/wp-json\/wp\/v2\/users\/1"}],"replies":[{"embeddable":true,"href":"https:\/\/www.visit-ulcinj.com\/blog\/wp-json\/wp\/v2\/comments?post=105900"}],"version-history":[{"count":5,"href":"https:\/\/www.visit-ulcinj.com\/blog\/wp-json\/wp\/v2\/posts\/105900\/revisions"}],"predecessor-version":[{"id":105906,"href":"https:\/\/www.visit-ulcinj.com\/blog\/wp-json\/wp\/v2\/posts\/105900\/revisions\/105906"}],"wp:attachment":[{"href":"https:\/\/www.visit-ulcinj.com\/blog\/wp-json\/wp\/v2\/media?parent=105900"}],"wp:term":[{"taxonomy":"category","embeddable":true,"href":"https:\/\/www.visit-ulcinj.com\/blog\/wp-json\/wp\/v2\/categories?post=105900"},{"taxonomy":"post_tag","embeddable":true,"href":"https:\/\/www.visit-ulcinj.com\/blog\/wp-json\/wp\/v2\/tags?post=105900"}],"curies":[{"name":"wp","href":"https:\/\/api.w.org\/{rel}","templated":true}]}}