{"id":105907,"date":"2017-07-02T12:15:41","date_gmt":"2017-07-02T11:15:41","guid":{"rendered":"http:\/\/www.visit-ulcinj.com\/blog\/?p=105907"},"modified":"2017-07-02T12:15:41","modified_gmt":"2017-07-02T11:15:41","slug":"ministri-malazez-mali-zi-si-anetar-nato-s-ta-mbronte-kosoven","status":"publish","type":"post","link":"https:\/\/www.visit-ulcinj.com\/blog\/2017\/07\/02\/ministri-malazez-mali-zi-si-anetar-nato-s-ta-mbronte-kosoven\/","title":{"rendered":"Ministri malazez: Mali i Zi si an\u00ebtar i NATO-s, do ta mbronte Kosov\u00ebn"},"content":{"rendered":"<p><a href=\"http:\/\/www.visit-ulcinj.com\/blog\/wp-content\/uploads\/2017\/07\/Ministri-Boshkoviq.jpg\"><img loading=\"lazy\" class=\"alignleft wp-image-105908\" src=\"http:\/\/www.visit-ulcinj.com\/blog\/wp-content\/uploads\/2017\/07\/Ministri-Boshkoviq.jpg\" alt=\"\" width=\"508\" height=\"285\" srcset=\"https:\/\/www.visit-ulcinj.com\/blog\/wp-content\/uploads\/2017\/07\/Ministri-Boshkoviq.jpg 620w, https:\/\/www.visit-ulcinj.com\/blog\/wp-content\/uploads\/2017\/07\/Ministri-Boshkoviq-300x168.jpg 300w\" sizes=\"(max-width: 508px) 100vw, 508px\" \/><\/a>Ministri i Mbrojtjes i Malit t\u00eb Zi, Predrag Boskoviq, ka th\u00ebn\u00eb n\u00eb nj\u00eb intervist\u00eb p\u00ebr Tanjug se Mali i Zi do ta ndihmonte Kosov\u00ebn, p\u00ebrmes ndonj\u00eb operacioni t\u00eb NATO-s n\u00eb Kosov\u00eb, n\u00ebse do t\u00eb ishte nevoja p\u00ebr nj\u00eb gj\u00eb t\u00eb till\u00eb, njofton Klan Kosova.<\/p>\n<p>Sipas ministrit malazias, shteti i tij do ta b\u00ebnte k\u00ebt\u00eb pasi me futjen n\u00eb aleanc\u00ebn ushtarake m\u00eb t\u00eb fort\u00eb n\u00eb bot\u00eb ka marr\u00eb obligime t\u00eb caktuara t\u00eb cilave u q\u00ebndron.<\/p>\n<p>I pyetur se a do ta mendonte Mali i Zi refuzimin e marrjes pjes\u00eb n\u00eb ndonj\u00eb operacion t\u00eb NATO-s, si\u00e7 do t\u00eb ishte p\u00ebr shembull n\u00eb Kosov\u00eb, Boskoviq \u00ebsht\u00eb p\u00ebrgjigjur shkurt; \u201cjo\u201d.<\/p>\n<p>\u201cN\u00eb marr\u00ebveshje me aleat\u00ebt ton\u00eb, ne sigurisht se n\u00eb \u00e7do variant do t\u00eb b\u00ebheshim pjes\u00eb e aksionit t\u00eb NATO-s. Edhe n\u00ebse \u00ebsht\u00eb n\u00eb Kosov\u00eb, apo n\u00eb ndonj\u00eb pjes\u00eb tjet\u00ebr t\u00eb globit, pavar\u00ebsisht politikave tona t\u00eb brendshme\u201d, ka b\u00ebr\u00eb t\u00eb qart\u00eb Boskoviq.<\/p>\n<p>Ai shtoi se Mali i Zi duhet t\u00eb tregohet partner kredibil, q\u00eb n\u00eb an\u00ebn tjet\u00ebr, edhe po q\u00eb se sulmohet Mali i Zi, t\u00eb tjer\u00ebt ta mbrojn\u00eb.<\/p>\n<p>Periskopi<\/p>\n","protected":false},"excerpt":{"rendered":"<p>Ministri i Mbrojtjes i Malit t\u00eb Zi, Predrag Boskoviq, ka th\u00ebn\u00eb n\u00eb nj\u00eb intervist\u00eb p\u00ebr Tanjug se Mali i Zi do ta ndihmonte Kosov\u00ebn, p\u00ebrmes ndonj\u00eb operacioni t\u00eb NATO-s n\u00eb Kosov\u00eb, n\u00ebse do t\u00eb ishte nevoja p\u00ebr nj\u00eb gj\u00eb t\u00eb till\u00eb, njofton Klan Kosova. Sipas ministrit malazias, shteti i tij do ta b\u00ebnte k\u00ebt\u00eb pasi [&hellip;]<\/p>\n","protected":false},"author":1,"featured_media":0,"comment_status":"closed","ping_status":"closed","sticky":false,"template":"","format":"standard","meta":{"spay_email":"","jetpack_publicize_message":"","jetpack_is_tweetstorm":false,"jetpack_publicize_feature_enabled":true},"categories":[6],"tags":[],"jetpack_publicize_connections":[],"yoast_head":"<!-- This site is optimized with the Yoast SEO plugin v19.1 - https:\/\/yoast.com\/wordpress\/plugins\/seo\/ -->\n<title>Ministri malazez: Mali i Zi si an\u00ebtar i NATO-s, do ta mbronte Kosov\u00ebn - Lajme nga Ulqini<\/title>\n<meta name=\"description\" content=\"Ministri i Mbrojtjes i Malit t\u00eb Zi, Predrag Boskoviq, ka th\u00ebn\u00eb n\u00eb nj\u00eb intervist\u00eb p\u00ebr Tanjug se Mali i Zi do ta ndihmonte Kosov\u00ebn, p\u00ebrmes ndonj\u00eb operacioni\" \/>\n<meta name=\"robots\" content=\"index, follow, max-snippet:-1, max-image-preview:large, max-video-preview:-1\" \/>\n<link rel=\"canonical\" href=\"https:\/\/www.visit-ulcinj.com\/blog\/2017\/07\/02\/ministri-malazez-mali-zi-si-anetar-nato-s-ta-mbronte-kosoven\/\" \/>\n<meta property=\"og:locale\" content=\"en_US\" \/>\n<meta property=\"og:type\" content=\"article\" \/>\n<meta property=\"og:title\" content=\"Ministri malazez: Mali i Zi si an\u00ebtar i NATO-s, do ta mbronte Kosov\u00ebn - Lajme nga Ulqini\" \/>\n<meta property=\"og:description\" content=\"Ministri i Mbrojtjes i Malit t\u00eb Zi, Predrag Boskoviq, ka th\u00ebn\u00eb n\u00eb nj\u00eb intervist\u00eb p\u00ebr Tanjug se Mali i Zi do ta ndihmonte Kosov\u00ebn, p\u00ebrmes ndonj\u00eb operacioni\" \/>\n<meta property=\"og:url\" content=\"https:\/\/www.visit-ulcinj.com\/blog\/2017\/07\/02\/ministri-malazez-mali-zi-si-anetar-nato-s-ta-mbronte-kosoven\/\" \/>\n<meta property=\"og:site_name\" content=\"Lajme nga Ulqini\" \/>\n<meta property=\"article:published_time\" content=\"2017-07-02T11:15:41+00:00\" \/>\n<meta property=\"og:image\" content=\"http:\/\/www.visit-ulcinj.com\/blog\/wp-content\/uploads\/2017\/07\/Ministri-Boshkoviq.jpg\" \/>\n<meta name=\"twitter:label1\" content=\"Written by\" \/>\n\t<meta name=\"twitter:data1\" content=\"ulqini\" \/>\n\t<meta name=\"twitter:label2\" content=\"Est. reading time\" \/>\n\t<meta name=\"twitter:data2\" content=\"1 minute\" \/>\n<script type=\"application\/ld+json\" class=\"yoast-schema-graph\">{\"@context\":\"https:\/\/schema.org\",\"@graph\":[{\"@type\":\"WebSite\",\"@id\":\"https:\/\/www.visit-ulcinj.com\/blog\/#website\",\"url\":\"https:\/\/www.visit-ulcinj.com\/blog\/\",\"name\":\"Lajme nga Ulqini\",\"description\":\"Lajme,Vijesti,Ulqini,Ulqin,Crna Gora,Mali i Zi\",\"potentialAction\":[{\"@type\":\"SearchAction\",\"target\":{\"@type\":\"EntryPoint\",\"urlTemplate\":\"https:\/\/www.visit-ulcinj.com\/blog\/?s={search_term_string}\"},\"query-input\":\"required name=search_term_string\"}],\"inLanguage\":\"en-US\"},{\"@type\":\"ImageObject\",\"inLanguage\":\"en-US\",\"@id\":\"https:\/\/www.visit-ulcinj.com\/blog\/2017\/07\/02\/ministri-malazez-mali-zi-si-anetar-nato-s-ta-mbronte-kosoven\/#primaryimage\",\"url\":\"https:\/\/www.visit-ulcinj.com\/blog\/wp-content\/uploads\/2017\/07\/Ministri-Boshkoviq.jpg\",\"contentUrl\":\"https:\/\/www.visit-ulcinj.com\/blog\/wp-content\/uploads\/2017\/07\/Ministri-Boshkoviq.jpg\",\"width\":620,\"height\":348},{\"@type\":\"WebPage\",\"@id\":\"https:\/\/www.visit-ulcinj.com\/blog\/2017\/07\/02\/ministri-malazez-mali-zi-si-anetar-nato-s-ta-mbronte-kosoven\/#webpage\",\"url\":\"https:\/\/www.visit-ulcinj.com\/blog\/2017\/07\/02\/ministri-malazez-mali-zi-si-anetar-nato-s-ta-mbronte-kosoven\/\",\"name\":\"Ministri malazez: Mali i Zi si an\u00ebtar i NATO-s, do ta mbronte Kosov\u00ebn - Lajme nga Ulqini\",\"isPartOf\":{\"@id\":\"https:\/\/www.visit-ulcinj.com\/blog\/#website\"},\"primaryImageOfPage\":{\"@id\":\"https:\/\/www.visit-ulcinj.com\/blog\/2017\/07\/02\/ministri-malazez-mali-zi-si-anetar-nato-s-ta-mbronte-kosoven\/#primaryimage\"},\"datePublished\":\"2017-07-02T11:15:41+00:00\",\"dateModified\":\"2017-07-02T11:15:41+00:00\",\"author\":{\"@id\":\"https:\/\/www.visit-ulcinj.com\/blog\/#\/schema\/person\/dcab619c614d3038751c63bc2aadc06d\"},\"description\":\"Ministri i Mbrojtjes i Malit t\u00eb Zi, Predrag Boskoviq, ka th\u00ebn\u00eb n\u00eb nj\u00eb intervist\u00eb p\u00ebr Tanjug se Mali i Zi do ta ndihmonte Kosov\u00ebn, p\u00ebrmes ndonj\u00eb operacioni\",\"breadcrumb\":{\"@id\":\"https:\/\/www.visit-ulcinj.com\/blog\/2017\/07\/02\/ministri-malazez-mali-zi-si-anetar-nato-s-ta-mbronte-kosoven\/#breadcrumb\"},\"inLanguage\":\"en-US\",\"potentialAction\":[{\"@type\":\"ReadAction\",\"target\":[\"https:\/\/www.visit-ulcinj.com\/blog\/2017\/07\/02\/ministri-malazez-mali-zi-si-anetar-nato-s-ta-mbronte-kosoven\/\"]}]},{\"@type\":\"BreadcrumbList\",\"@id\":\"https:\/\/www.visit-ulcinj.com\/blog\/2017\/07\/02\/ministri-malazez-mali-zi-si-anetar-nato-s-ta-mbronte-kosoven\/#breadcrumb\",\"itemListElement\":[{\"@type\":\"ListItem\",\"position\":1,\"name\":\"Ministri malazez: Mali i Zi si an\u00ebtar i NATO-s, do ta mbronte Kosov\u00ebn\"}]},{\"@type\":\"Person\",\"@id\":\"https:\/\/www.visit-ulcinj.com\/blog\/#\/schema\/person\/dcab619c614d3038751c63bc2aadc06d\",\"name\":\"ulqini\",\"sameAs\":[\"http:\/\/www.visit-ulcinj.com\"],\"url\":\"https:\/\/www.visit-ulcinj.com\/blog\/author\/admin\/\"}]}<\/script>\n<!-- \/ Yoast SEO plugin. -->","yoast_head_json":{"title":"Ministri malazez: Mali i Zi si an\u00ebtar i NATO-s, do ta mbronte Kosov\u00ebn - Lajme nga Ulqini","description":"Ministri i Mbrojtjes i Malit t\u00eb Zi, Predrag Boskoviq, ka th\u00ebn\u00eb n\u00eb nj\u00eb intervist\u00eb p\u00ebr Tanjug se Mali i Zi do ta ndihmonte Kosov\u00ebn, p\u00ebrmes ndonj\u00eb operacioni","robots":{"index":"index","follow":"follow","max-snippet":"max-snippet:-1","max-image-preview":"max-image-preview:large","max-video-preview":"max-video-preview:-1"},"canonical":"https:\/\/www.visit-ulcinj.com\/blog\/2017\/07\/02\/ministri-malazez-mali-zi-si-anetar-nato-s-ta-mbronte-kosoven\/","og_locale":"en_US","og_type":"article","og_title":"Ministri malazez: Mali i Zi si an\u00ebtar i NATO-s, do ta mbronte Kosov\u00ebn - Lajme nga Ulqini","og_description":"Ministri i Mbrojtjes i Malit t\u00eb Zi, Predrag Boskoviq, ka th\u00ebn\u00eb n\u00eb nj\u00eb intervist\u00eb p\u00ebr Tanjug se Mali i Zi do ta ndihmonte Kosov\u00ebn, p\u00ebrmes ndonj\u00eb operacioni","og_url":"https:\/\/www.visit-ulcinj.com\/blog\/2017\/07\/02\/ministri-malazez-mali-zi-si-anetar-nato-s-ta-mbronte-kosoven\/","og_site_name":"Lajme nga Ulqini","article_published_time":"2017-07-02T11:15:41+00:00","og_image":[{"url":"http:\/\/www.visit-ulcinj.com\/blog\/wp-content\/uploads\/2017\/07\/Ministri-Boshkoviq.jpg"}],"twitter_misc":{"Written by":"ulqini","Est. reading time":"1 minute"},"schema":{"@context":"https:\/\/schema.org","@graph":[{"@type":"WebSite","@id":"https:\/\/www.visit-ulcinj.com\/blog\/#website","url":"https:\/\/www.visit-ulcinj.com\/blog\/","name":"Lajme nga Ulqini","description":"Lajme,Vijesti,Ulqini,Ulqin,Crna Gora,Mali i Zi","potentialAction":[{"@type":"SearchAction","target":{"@type":"EntryPoint","urlTemplate":"https:\/\/www.visit-ulcinj.com\/blog\/?s={search_term_string}"},"query-input":"required name=search_term_string"}],"inLanguage":"en-US"},{"@type":"ImageObject","inLanguage":"en-US","@id":"https:\/\/www.visit-ulcinj.com\/blog\/2017\/07\/02\/ministri-malazez-mali-zi-si-anetar-nato-s-ta-mbronte-kosoven\/#primaryimage","url":"https:\/\/www.visit-ulcinj.com\/blog\/wp-content\/uploads\/2017\/07\/Ministri-Boshkoviq.jpg","contentUrl":"https:\/\/www.visit-ulcinj.com\/blog\/wp-content\/uploads\/2017\/07\/Ministri-Boshkoviq.jpg","width":620,"height":348},{"@type":"WebPage","@id":"https:\/\/www.visit-ulcinj.com\/blog\/2017\/07\/02\/ministri-malazez-mali-zi-si-anetar-nato-s-ta-mbronte-kosoven\/#webpage","url":"https:\/\/www.visit-ulcinj.com\/blog\/2017\/07\/02\/ministri-malazez-mali-zi-si-anetar-nato-s-ta-mbronte-kosoven\/","name":"Ministri malazez: Mali i Zi si an\u00ebtar i NATO-s, do ta mbronte Kosov\u00ebn - Lajme nga Ulqini","isPartOf":{"@id":"https:\/\/www.visit-ulcinj.com\/blog\/#website"},"primaryImageOfPage":{"@id":"https:\/\/www.visit-ulcinj.com\/blog\/2017\/07\/02\/ministri-malazez-mali-zi-si-anetar-nato-s-ta-mbronte-kosoven\/#primaryimage"},"datePublished":"2017-07-02T11:15:41+00:00","dateModified":"2017-07-02T11:15:41+00:00","author":{"@id":"https:\/\/www.visit-ulcinj.com\/blog\/#\/schema\/person\/dcab619c614d3038751c63bc2aadc06d"},"description":"Ministri i Mbrojtjes i Malit t\u00eb Zi, Predrag Boskoviq, ka th\u00ebn\u00eb n\u00eb nj\u00eb intervist\u00eb p\u00ebr Tanjug se Mali i Zi do ta ndihmonte Kosov\u00ebn, p\u00ebrmes ndonj\u00eb operacioni","breadcrumb":{"@id":"https:\/\/www.visit-ulcinj.com\/blog\/2017\/07\/02\/ministri-malazez-mali-zi-si-anetar-nato-s-ta-mbronte-kosoven\/#breadcrumb"},"inLanguage":"en-US","potentialAction":[{"@type":"ReadAction","target":["https:\/\/www.visit-ulcinj.com\/blog\/2017\/07\/02\/ministri-malazez-mali-zi-si-anetar-nato-s-ta-mbronte-kosoven\/"]}]},{"@type":"BreadcrumbList","@id":"https:\/\/www.visit-ulcinj.com\/blog\/2017\/07\/02\/ministri-malazez-mali-zi-si-anetar-nato-s-ta-mbronte-kosoven\/#breadcrumb","itemListElement":[{"@type":"ListItem","position":1,"name":"Ministri malazez: Mali i Zi si an\u00ebtar i NATO-s, do ta mbronte Kosov\u00ebn"}]},{"@type":"Person","@id":"https:\/\/www.visit-ulcinj.com\/blog\/#\/schema\/person\/dcab619c614d3038751c63bc2aadc06d","name":"ulqini","sameAs":["http:\/\/www.visit-ulcinj.com"],"url":"https:\/\/www.visit-ulcinj.com\/blog\/author\/admin\/"}]}},"jetpack_featured_media_url":"","jetpack_sharing_enabled":true,"jetpack_shortlink":"https:\/\/wp.me\/pe6lTn-ryb","_links":{"self":[{"href":"https:\/\/www.visit-ulcinj.com\/blog\/wp-json\/wp\/v2\/posts\/105907"}],"collection":[{"href":"https:\/\/www.visit-ulcinj.com\/blog\/wp-json\/wp\/v2\/posts"}],"about":[{"href":"https:\/\/www.visit-ulcinj.com\/blog\/wp-json\/wp\/v2\/types\/post"}],"author":[{"embeddable":true,"href":"https:\/\/www.visit-ulcinj.com\/blog\/wp-json\/wp\/v2\/users\/1"}],"replies":[{"embeddable":true,"href":"https:\/\/www.visit-ulcinj.com\/blog\/wp-json\/wp\/v2\/comments?post=105907"}],"version-history":[{"count":1,"href":"https:\/\/www.visit-ulcinj.com\/blog\/wp-json\/wp\/v2\/posts\/105907\/revisions"}],"predecessor-version":[{"id":105909,"href":"https:\/\/www.visit-ulcinj.com\/blog\/wp-json\/wp\/v2\/posts\/105907\/revisions\/105909"}],"wp:attachment":[{"href":"https:\/\/www.visit-ulcinj.com\/blog\/wp-json\/wp\/v2\/media?parent=105907"}],"wp:term":[{"taxonomy":"category","embeddable":true,"href":"https:\/\/www.visit-ulcinj.com\/blog\/wp-json\/wp\/v2\/categories?post=105907"},{"taxonomy":"post_tag","embeddable":true,"href":"https:\/\/www.visit-ulcinj.com\/blog\/wp-json\/wp\/v2\/tags?post=105907"}],"curies":[{"name":"wp","href":"https:\/\/api.w.org\/{rel}","templated":true}]}}