{"id":105910,"date":"2017-07-02T12:20:33","date_gmt":"2017-07-02T11:20:33","guid":{"rendered":"http:\/\/www.visit-ulcinj.com\/blog\/?p=105910"},"modified":"2017-07-02T12:20:33","modified_gmt":"2017-07-02T11:20:33","slug":"presidenti-serb-vuciq-i-pergjigjet-ministrit-malazias","status":"publish","type":"post","link":"https:\/\/www.visit-ulcinj.com\/blog\/2017\/07\/02\/presidenti-serb-vuciq-i-pergjigjet-ministrit-malazias\/","title":{"rendered":"Presidenti serb Vu\u00e7iq i p\u00ebrgjigjet ministrit malazias"},"content":{"rendered":"<p><strong><a href=\"http:\/\/www.visit-ulcinj.com\/blog\/wp-content\/uploads\/2017\/07\/Presidenti-serb-Vu\u00e7iq-i-p\u00ebrgjigjet-ministrit-malazias.jpg\"><img loading=\"lazy\" class=\"alignleft wp-image-105911\" src=\"http:\/\/www.visit-ulcinj.com\/blog\/wp-content\/uploads\/2017\/07\/Presidenti-serb-Vu\u00e7iq-i-p\u00ebrgjigjet-ministrit-malazias.jpg\" alt=\"\" width=\"508\" height=\"339\" srcset=\"https:\/\/www.visit-ulcinj.com\/blog\/wp-content\/uploads\/2017\/07\/Presidenti-serb-Vu\u00e7iq-i-p\u00ebrgjigjet-ministrit-malazias.jpg 750w, https:\/\/www.visit-ulcinj.com\/blog\/wp-content\/uploads\/2017\/07\/Presidenti-serb-Vu\u00e7iq-i-p\u00ebrgjigjet-ministrit-malazias-300x200.jpg 300w\" sizes=\"(max-width: 508px) 100vw, 508px\" \/><\/a>Presidenti serb, Aleksand\u00ebr Vu\u00e7iq, ka th\u00ebn\u00eb se disa deklaratave, si ajo e ministrit malazias, Predrag Boskoviq,\u00a0q\u00eb tha se Mali i Zi si an\u00ebtar i NATO-s do ta mbronte Kosov\u00ebn n\u00eb rast t\u00eb ndonj\u00eb konflikti, m\u00eb mir\u00eb \u00ebsht\u00eb t\u2019u p\u00ebrgjigjesh ve\u00e7 me heshtje.<\/strong><\/p>\n<p>Por, megjithat\u00eb Vuciq s\u2019u durua pa folur, njofton Klan Kosova.<\/p>\n<p>I pyetur p\u00ebr k\u00ebt\u00eb \u00e7\u00ebshtje nga RTS n\u00eb Dubrovnik, ku po q\u00ebndron p\u00ebr Forumin nd\u00ebrkomb\u00ebtar, tha se asnj\u00eb serb nuk do ta sulmonte Kosov\u00ebn, NATO-n, apo Malin e Zi,<\/p>\n<p>\u201cMua m\u00eb duket se m\u00ebnyra m\u00eb e mir\u00eb p\u00ebr Republik\u00ebn e Serbis\u00eb \u00ebsht\u00eb q\u00eb t\u00eb reagoj\u00eb me heshtje\u201d, pohoi Vu\u00e7iq.<\/p>\n<p>\u201cSerb\u00ebt nuk do ta sulmojn\u00eb Kosov\u00ebn, por as NATO-n e Malin e Zi dhe jo vet\u00ebm se kemi raporte t\u00eb mira, marr\u00ebveshje e bashk\u00ebpunim t\u00eb mir\u00eb me KFOR-in e NATO-n, por edhe p\u00ebr disa arsye t\u00eb tjera, p\u00ebr t\u00eb cilat po i l\u00eb ata t\u00eb mendojn\u00eb se cilat jan\u00eb\u201d.<\/p>\n<p>Monitor<\/p>\n","protected":false},"excerpt":{"rendered":"<p>Presidenti serb, Aleksand\u00ebr Vu\u00e7iq, ka th\u00ebn\u00eb se disa deklaratave, si ajo e ministrit malazias, Predrag Boskoviq,\u00a0q\u00eb tha se Mali i Zi si an\u00ebtar i NATO-s do ta mbronte Kosov\u00ebn n\u00eb rast t\u00eb ndonj\u00eb konflikti, m\u00eb mir\u00eb \u00ebsht\u00eb t\u2019u p\u00ebrgjigjesh ve\u00e7 me heshtje. Por, megjithat\u00eb Vuciq s\u2019u durua pa folur, njofton Klan Kosova. I pyetur p\u00ebr [&hellip;]<\/p>\n","protected":false},"author":1,"featured_media":0,"comment_status":"closed","ping_status":"closed","sticky":false,"template":"","format":"standard","meta":{"spay_email":"","jetpack_publicize_message":"","jetpack_is_tweetstorm":false,"jetpack_publicize_feature_enabled":true},"categories":[14],"tags":[],"jetpack_publicize_connections":[],"yoast_head":"<!-- This site is optimized with the Yoast SEO plugin v19.1 - https:\/\/yoast.com\/wordpress\/plugins\/seo\/ -->\n<title>Presidenti serb Vu\u00e7iq i p\u00ebrgjigjet ministrit malazias - Lajme nga Ulqini<\/title>\n<meta name=\"description\" content=\"Presidenti serb, Aleksand\u00ebr Vu\u00e7iq, ka th\u00ebn\u00eb se disa deklaratave, si ajo e ministrit malazias, Predrag Boskoviq,\u00a0q\u00eb tha se Mali i Zi si an\u00ebtar i NATO-s do\" \/>\n<meta name=\"robots\" content=\"index, follow, max-snippet:-1, max-image-preview:large, max-video-preview:-1\" \/>\n<link rel=\"canonical\" href=\"https:\/\/www.visit-ulcinj.com\/blog\/2017\/07\/02\/presidenti-serb-vuciq-i-pergjigjet-ministrit-malazias\/\" \/>\n<meta property=\"og:locale\" content=\"en_US\" \/>\n<meta property=\"og:type\" content=\"article\" \/>\n<meta property=\"og:title\" content=\"Presidenti serb Vu\u00e7iq i p\u00ebrgjigjet ministrit malazias - Lajme nga Ulqini\" \/>\n<meta property=\"og:description\" content=\"Presidenti serb, Aleksand\u00ebr Vu\u00e7iq, ka th\u00ebn\u00eb se disa deklaratave, si ajo e ministrit malazias, Predrag Boskoviq,\u00a0q\u00eb tha se Mali i Zi si an\u00ebtar i NATO-s do\" \/>\n<meta property=\"og:url\" content=\"https:\/\/www.visit-ulcinj.com\/blog\/2017\/07\/02\/presidenti-serb-vuciq-i-pergjigjet-ministrit-malazias\/\" \/>\n<meta property=\"og:site_name\" content=\"Lajme nga Ulqini\" \/>\n<meta property=\"article:published_time\" content=\"2017-07-02T11:20:33+00:00\" \/>\n<meta name=\"twitter:label1\" content=\"Written by\" \/>\n\t<meta name=\"twitter:data1\" content=\"ulqini\" \/>\n\t<meta name=\"twitter:label2\" content=\"Est. reading time\" \/>\n\t<meta name=\"twitter:data2\" content=\"1 minute\" \/>\n<script type=\"application\/ld+json\" class=\"yoast-schema-graph\">{\"@context\":\"https:\/\/schema.org\",\"@graph\":[{\"@type\":\"WebSite\",\"@id\":\"https:\/\/www.visit-ulcinj.com\/blog\/#website\",\"url\":\"https:\/\/www.visit-ulcinj.com\/blog\/\",\"name\":\"Lajme nga Ulqini\",\"description\":\"Lajme,Vijesti,Ulqini,Ulqin,Crna Gora,Mali i Zi\",\"potentialAction\":[{\"@type\":\"SearchAction\",\"target\":{\"@type\":\"EntryPoint\",\"urlTemplate\":\"https:\/\/www.visit-ulcinj.com\/blog\/?s={search_term_string}\"},\"query-input\":\"required name=search_term_string\"}],\"inLanguage\":\"en-US\"},{\"@type\":\"WebPage\",\"@id\":\"https:\/\/www.visit-ulcinj.com\/blog\/2017\/07\/02\/presidenti-serb-vuciq-i-pergjigjet-ministrit-malazias\/#webpage\",\"url\":\"https:\/\/www.visit-ulcinj.com\/blog\/2017\/07\/02\/presidenti-serb-vuciq-i-pergjigjet-ministrit-malazias\/\",\"name\":\"Presidenti serb Vu\u00e7iq i p\u00ebrgjigjet ministrit malazias - Lajme nga Ulqini\",\"isPartOf\":{\"@id\":\"https:\/\/www.visit-ulcinj.com\/blog\/#website\"},\"datePublished\":\"2017-07-02T11:20:33+00:00\",\"dateModified\":\"2017-07-02T11:20:33+00:00\",\"author\":{\"@id\":\"https:\/\/www.visit-ulcinj.com\/blog\/#\/schema\/person\/dcab619c614d3038751c63bc2aadc06d\"},\"description\":\"Presidenti serb, Aleksand\u00ebr Vu\u00e7iq, ka th\u00ebn\u00eb se disa deklaratave, si ajo e ministrit malazias, Predrag Boskoviq,\u00a0q\u00eb tha se Mali i Zi si an\u00ebtar i NATO-s do\",\"breadcrumb\":{\"@id\":\"https:\/\/www.visit-ulcinj.com\/blog\/2017\/07\/02\/presidenti-serb-vuciq-i-pergjigjet-ministrit-malazias\/#breadcrumb\"},\"inLanguage\":\"en-US\",\"potentialAction\":[{\"@type\":\"ReadAction\",\"target\":[\"https:\/\/www.visit-ulcinj.com\/blog\/2017\/07\/02\/presidenti-serb-vuciq-i-pergjigjet-ministrit-malazias\/\"]}]},{\"@type\":\"BreadcrumbList\",\"@id\":\"https:\/\/www.visit-ulcinj.com\/blog\/2017\/07\/02\/presidenti-serb-vuciq-i-pergjigjet-ministrit-malazias\/#breadcrumb\",\"itemListElement\":[{\"@type\":\"ListItem\",\"position\":1,\"name\":\"Presidenti serb Vu\u00e7iq i p\u00ebrgjigjet ministrit malazias\"}]},{\"@type\":\"Person\",\"@id\":\"https:\/\/www.visit-ulcinj.com\/blog\/#\/schema\/person\/dcab619c614d3038751c63bc2aadc06d\",\"name\":\"ulqini\",\"sameAs\":[\"http:\/\/www.visit-ulcinj.com\"],\"url\":\"https:\/\/www.visit-ulcinj.com\/blog\/author\/admin\/\"}]}<\/script>\n<!-- \/ Yoast SEO plugin. -->","yoast_head_json":{"title":"Presidenti serb Vu\u00e7iq i p\u00ebrgjigjet ministrit malazias - Lajme nga Ulqini","description":"Presidenti serb, Aleksand\u00ebr Vu\u00e7iq, ka th\u00ebn\u00eb se disa deklaratave, si ajo e ministrit malazias, Predrag Boskoviq,\u00a0q\u00eb tha se Mali i Zi si an\u00ebtar i NATO-s do","robots":{"index":"index","follow":"follow","max-snippet":"max-snippet:-1","max-image-preview":"max-image-preview:large","max-video-preview":"max-video-preview:-1"},"canonical":"https:\/\/www.visit-ulcinj.com\/blog\/2017\/07\/02\/presidenti-serb-vuciq-i-pergjigjet-ministrit-malazias\/","og_locale":"en_US","og_type":"article","og_title":"Presidenti serb Vu\u00e7iq i p\u00ebrgjigjet ministrit malazias - Lajme nga Ulqini","og_description":"Presidenti serb, Aleksand\u00ebr Vu\u00e7iq, ka th\u00ebn\u00eb se disa deklaratave, si ajo e ministrit malazias, Predrag Boskoviq,\u00a0q\u00eb tha se Mali i Zi si an\u00ebtar i NATO-s do","og_url":"https:\/\/www.visit-ulcinj.com\/blog\/2017\/07\/02\/presidenti-serb-vuciq-i-pergjigjet-ministrit-malazias\/","og_site_name":"Lajme nga Ulqini","article_published_time":"2017-07-02T11:20:33+00:00","twitter_misc":{"Written by":"ulqini","Est. reading time":"1 minute"},"schema":{"@context":"https:\/\/schema.org","@graph":[{"@type":"WebSite","@id":"https:\/\/www.visit-ulcinj.com\/blog\/#website","url":"https:\/\/www.visit-ulcinj.com\/blog\/","name":"Lajme nga Ulqini","description":"Lajme,Vijesti,Ulqini,Ulqin,Crna Gora,Mali i Zi","potentialAction":[{"@type":"SearchAction","target":{"@type":"EntryPoint","urlTemplate":"https:\/\/www.visit-ulcinj.com\/blog\/?s={search_term_string}"},"query-input":"required name=search_term_string"}],"inLanguage":"en-US"},{"@type":"WebPage","@id":"https:\/\/www.visit-ulcinj.com\/blog\/2017\/07\/02\/presidenti-serb-vuciq-i-pergjigjet-ministrit-malazias\/#webpage","url":"https:\/\/www.visit-ulcinj.com\/blog\/2017\/07\/02\/presidenti-serb-vuciq-i-pergjigjet-ministrit-malazias\/","name":"Presidenti serb Vu\u00e7iq i p\u00ebrgjigjet ministrit malazias - Lajme nga Ulqini","isPartOf":{"@id":"https:\/\/www.visit-ulcinj.com\/blog\/#website"},"datePublished":"2017-07-02T11:20:33+00:00","dateModified":"2017-07-02T11:20:33+00:00","author":{"@id":"https:\/\/www.visit-ulcinj.com\/blog\/#\/schema\/person\/dcab619c614d3038751c63bc2aadc06d"},"description":"Presidenti serb, Aleksand\u00ebr Vu\u00e7iq, ka th\u00ebn\u00eb se disa deklaratave, si ajo e ministrit malazias, Predrag Boskoviq,\u00a0q\u00eb tha se Mali i Zi si an\u00ebtar i NATO-s do","breadcrumb":{"@id":"https:\/\/www.visit-ulcinj.com\/blog\/2017\/07\/02\/presidenti-serb-vuciq-i-pergjigjet-ministrit-malazias\/#breadcrumb"},"inLanguage":"en-US","potentialAction":[{"@type":"ReadAction","target":["https:\/\/www.visit-ulcinj.com\/blog\/2017\/07\/02\/presidenti-serb-vuciq-i-pergjigjet-ministrit-malazias\/"]}]},{"@type":"BreadcrumbList","@id":"https:\/\/www.visit-ulcinj.com\/blog\/2017\/07\/02\/presidenti-serb-vuciq-i-pergjigjet-ministrit-malazias\/#breadcrumb","itemListElement":[{"@type":"ListItem","position":1,"name":"Presidenti serb Vu\u00e7iq i p\u00ebrgjigjet ministrit malazias"}]},{"@type":"Person","@id":"https:\/\/www.visit-ulcinj.com\/blog\/#\/schema\/person\/dcab619c614d3038751c63bc2aadc06d","name":"ulqini","sameAs":["http:\/\/www.visit-ulcinj.com"],"url":"https:\/\/www.visit-ulcinj.com\/blog\/author\/admin\/"}]}},"jetpack_featured_media_url":"","jetpack_sharing_enabled":true,"jetpack_shortlink":"https:\/\/wp.me\/pe6lTn-rye","_links":{"self":[{"href":"https:\/\/www.visit-ulcinj.com\/blog\/wp-json\/wp\/v2\/posts\/105910"}],"collection":[{"href":"https:\/\/www.visit-ulcinj.com\/blog\/wp-json\/wp\/v2\/posts"}],"about":[{"href":"https:\/\/www.visit-ulcinj.com\/blog\/wp-json\/wp\/v2\/types\/post"}],"author":[{"embeddable":true,"href":"https:\/\/www.visit-ulcinj.com\/blog\/wp-json\/wp\/v2\/users\/1"}],"replies":[{"embeddable":true,"href":"https:\/\/www.visit-ulcinj.com\/blog\/wp-json\/wp\/v2\/comments?post=105910"}],"version-history":[{"count":1,"href":"https:\/\/www.visit-ulcinj.com\/blog\/wp-json\/wp\/v2\/posts\/105910\/revisions"}],"predecessor-version":[{"id":105912,"href":"https:\/\/www.visit-ulcinj.com\/blog\/wp-json\/wp\/v2\/posts\/105910\/revisions\/105912"}],"wp:attachment":[{"href":"https:\/\/www.visit-ulcinj.com\/blog\/wp-json\/wp\/v2\/media?parent=105910"}],"wp:term":[{"taxonomy":"category","embeddable":true,"href":"https:\/\/www.visit-ulcinj.com\/blog\/wp-json\/wp\/v2\/categories?post=105910"},{"taxonomy":"post_tag","embeddable":true,"href":"https:\/\/www.visit-ulcinj.com\/blog\/wp-json\/wp\/v2\/tags?post=105910"}],"curies":[{"name":"wp","href":"https:\/\/api.w.org\/{rel}","templated":true}]}}