{"id":105913,"date":"2017-07-02T12:45:20","date_gmt":"2017-07-02T11:45:20","guid":{"rendered":"http:\/\/www.visit-ulcinj.com\/blog\/?p=105913"},"modified":"2017-07-02T13:51:45","modified_gmt":"2017-07-02T12:51:45","slug":"ministri-hoxhaj-ne-ulqin-takon-nazif-cungun","status":"publish","type":"post","link":"https:\/\/www.visit-ulcinj.com\/blog\/2017\/07\/02\/ministri-hoxhaj-ne-ulqin-takon-nazif-cungun\/","title":{"rendered":"Ministri Hoxhaj n\u00eb Ulqin, takon Nazif Cungun"},"content":{"rendered":"<p><strong><a href=\"http:\/\/www.visit-ulcinj.com\/blog\/wp-content\/uploads\/2017\/07\/Ministri-Hoxhaj-n\u00eb-Ulqin-takon-Nazif-Cungun-dhe-Genci-Nimanbegun.jpg\"><img loading=\"lazy\" class=\"alignleft wp-image-105914\" src=\"http:\/\/www.visit-ulcinj.com\/blog\/wp-content\/uploads\/2017\/07\/Ministri-Hoxhaj-n\u00eb-Ulqin-takon-Nazif-Cungun-dhe-Genci-Nimanbegun.jpg\" alt=\"\" width=\"508\" height=\"506\" srcset=\"https:\/\/www.visit-ulcinj.com\/blog\/wp-content\/uploads\/2017\/07\/Ministri-Hoxhaj-n\u00eb-Ulqin-takon-Nazif-Cungun-dhe-Genci-Nimanbegun.jpg 720w, https:\/\/www.visit-ulcinj.com\/blog\/wp-content\/uploads\/2017\/07\/Ministri-Hoxhaj-n\u00eb-Ulqin-takon-Nazif-Cungun-dhe-Genci-Nimanbegun-150x150.jpg 150w, https:\/\/www.visit-ulcinj.com\/blog\/wp-content\/uploads\/2017\/07\/Ministri-Hoxhaj-n\u00eb-Ulqin-takon-Nazif-Cungun-dhe-Genci-Nimanbegun-300x300.jpg 300w\" sizes=\"(max-width: 508px) 100vw, 508px\" \/><\/a>P\u00ebr dy dit\u00eb me radh\u00eb, Enver Hoxhaj ka q\u00ebndruar n\u00eb Dubrovnik t\u00eb Kroacis\u00eb ku p\u00ebrve\u00e7 Forumit t\u00eb Dubrovnikut sot, ka marr\u00eb pjes\u00eb n\u00eb Samitin e SEECP-s\u00eb gjat\u00eb dit\u00ebs s\u00eb djeshme, si dhe ka vizituar komun\u00ebn e Ulqinit<\/strong><\/p>\n<p>N\u00eb foto q\u00eb ka postuar kryetari i Ulqinit Nazif Cungu n\u00eb rrjetet sociale t\u00eb Facebookut, shprehet q\u00eb:<\/p>\n<p>&#8221; Dje pat\u00ebm mysafir Ministrin e Jasht\u00ebm t\u00eb Republik\u00ebs s\u00eb Kosov\u00ebs, z. Enver Hoxhaj. S\u00eb bashku diskutuam p\u00ebr zhvillimet e fundit n\u00eb Malin e Zi dhe rajon. Prej tij mor\u00ebm p\u00ebrg\u00ebzime dhe inkurajime qoft\u00eb p\u00ebr arritjet e fundit n\u00eb t\u00eb drejtat e shqiptar\u00ebve si\u00e7 ishte formimi i komun\u00ebs s\u00eb Tuzit e qoft\u00eb p\u00ebr angazhimin e pal\u00ebkundur t\u00eb shqiptar\u00ebve n\u00eb mb\u00ebshtetje t\u00eb an\u00ebtar\u00ebsimit n\u00eb NATO. Me t\u00eb biseduam gjithashtu edhe p\u00ebr mund\u00ebsit\u00eb p\u00ebr ta thelluar akoma m\u00eb tep\u00ebr bashk\u00ebpunimin midis shtetit t\u00eb Kosov\u00ebs dhe atij t\u00eb Malit t\u00eb Zi&#8221;, t<span class=\"st\">huhet n\u00eb faqen e Facebookut t\u00eb kryetarit t\u00eb Ulqinit Nazif Cungu.<\/span><\/p>\n<p><a href=\"http:\/\/www.visit-ulcinj.com\/blog\/wp-content\/uploads\/2017\/07\/Ministri-Hoxhaj-n\u00eb-Ulqin-takon-Nazif-Cungun-dhe-Genci-Nimanbegun-1.jpg\"><img loading=\"lazy\" class=\"alignleft wp-image-105915\" src=\"http:\/\/www.visit-ulcinj.com\/blog\/wp-content\/uploads\/2017\/07\/Ministri-Hoxhaj-n\u00eb-Ulqin-takon-Nazif-Cungun-dhe-Genci-Nimanbegun-1.jpg\" alt=\"\" width=\"508\" height=\"677\" srcset=\"https:\/\/www.visit-ulcinj.com\/blog\/wp-content\/uploads\/2017\/07\/Ministri-Hoxhaj-n\u00eb-Ulqin-takon-Nazif-Cungun-dhe-Genci-Nimanbegun-1.jpg 720w, https:\/\/www.visit-ulcinj.com\/blog\/wp-content\/uploads\/2017\/07\/Ministri-Hoxhaj-n\u00eb-Ulqin-takon-Nazif-Cungun-dhe-Genci-Nimanbegun-1-225x300.jpg 225w\" sizes=\"(max-width: 508px) 100vw, 508px\" \/><\/a> <a href=\"http:\/\/www.visit-ulcinj.com\/blog\/wp-content\/uploads\/2017\/07\/Ministri-Hoxhaj-n\u00eb-Ulqin-takon-Nazif-Cungun-dhe-Genci-Nimanbegun-2.jpg\"><img loading=\"lazy\" class=\"alignleft wp-image-105916\" src=\"http:\/\/www.visit-ulcinj.com\/blog\/wp-content\/uploads\/2017\/07\/Ministri-Hoxhaj-n\u00eb-Ulqin-takon-Nazif-Cungun-dhe-Genci-Nimanbegun-2.jpg\" alt=\"\" width=\"508\" height=\"677\" srcset=\"https:\/\/www.visit-ulcinj.com\/blog\/wp-content\/uploads\/2017\/07\/Ministri-Hoxhaj-n\u00eb-Ulqin-takon-Nazif-Cungun-dhe-Genci-Nimanbegun-2.jpg 720w, https:\/\/www.visit-ulcinj.com\/blog\/wp-content\/uploads\/2017\/07\/Ministri-Hoxhaj-n\u00eb-Ulqin-takon-Nazif-Cungun-dhe-Genci-Nimanbegun-2-225x300.jpg 225w\" sizes=\"(max-width: 508px) 100vw, 508px\" \/><\/a><\/p>\n","protected":false},"excerpt":{"rendered":"<p>P\u00ebr dy dit\u00eb me radh\u00eb, Enver Hoxhaj ka q\u00ebndruar n\u00eb Dubrovnik t\u00eb Kroacis\u00eb ku p\u00ebrve\u00e7 Forumit t\u00eb Dubrovnikut sot, ka marr\u00eb pjes\u00eb n\u00eb Samitin e SEECP-s\u00eb gjat\u00eb dit\u00ebs s\u00eb djeshme, si dhe ka vizituar komun\u00ebn e Ulqinit N\u00eb foto q\u00eb ka postuar kryetari i Ulqinit Nazif Cungu n\u00eb rrjetet sociale t\u00eb Facebookut, shprehet q\u00eb: &#8221; [&hellip;]<\/p>\n","protected":false},"author":1,"featured_media":0,"comment_status":"closed","ping_status":"closed","sticky":false,"template":"","format":"standard","meta":{"spay_email":"","jetpack_publicize_message":"","jetpack_is_tweetstorm":false,"jetpack_publicize_feature_enabled":true},"categories":[1,13],"tags":[],"jetpack_publicize_connections":[],"yoast_head":"<!-- This site is optimized with the Yoast SEO plugin v19.1 - https:\/\/yoast.com\/wordpress\/plugins\/seo\/ -->\n<title>Ministri Hoxhaj n\u00eb Ulqin, takon Nazif Cungun - Lajme nga Ulqini<\/title>\n<meta name=\"description\" content=\"P\u00ebr dy dit\u00eb me radh\u00eb, Enver Hoxhaj ka q\u00ebndruar n\u00eb Dubrovnik t\u00eb Kroacis\u00eb ku p\u00ebrve\u00e7 Forumit t\u00eb Dubrovnikut sot, ka marr\u00eb pjes\u00eb n\u00eb Samitin e SEECP-s\u00eb gjat\u00eb\" \/>\n<meta name=\"robots\" content=\"index, follow, max-snippet:-1, max-image-preview:large, max-video-preview:-1\" \/>\n<link rel=\"canonical\" href=\"https:\/\/www.visit-ulcinj.com\/blog\/2017\/07\/02\/ministri-hoxhaj-ne-ulqin-takon-nazif-cungun\/\" \/>\n<meta property=\"og:locale\" content=\"en_US\" \/>\n<meta property=\"og:type\" content=\"article\" \/>\n<meta property=\"og:title\" content=\"Ministri Hoxhaj n\u00eb Ulqin, takon Nazif Cungun - Lajme nga Ulqini\" \/>\n<meta property=\"og:description\" content=\"P\u00ebr dy dit\u00eb me radh\u00eb, Enver Hoxhaj ka q\u00ebndruar n\u00eb Dubrovnik t\u00eb Kroacis\u00eb ku p\u00ebrve\u00e7 Forumit t\u00eb Dubrovnikut sot, ka marr\u00eb pjes\u00eb n\u00eb Samitin e SEECP-s\u00eb gjat\u00eb\" \/>\n<meta property=\"og:url\" content=\"https:\/\/www.visit-ulcinj.com\/blog\/2017\/07\/02\/ministri-hoxhaj-ne-ulqin-takon-nazif-cungun\/\" \/>\n<meta property=\"og:site_name\" content=\"Lajme nga Ulqini\" \/>\n<meta property=\"article:published_time\" content=\"2017-07-02T11:45:20+00:00\" \/>\n<meta property=\"article:modified_time\" content=\"2017-07-02T12:51:45+00:00\" \/>\n<meta name=\"twitter:label1\" content=\"Written by\" \/>\n\t<meta name=\"twitter:data1\" content=\"ulqini\" \/>\n\t<meta name=\"twitter:label2\" content=\"Est. reading time\" \/>\n\t<meta name=\"twitter:data2\" content=\"1 minute\" \/>\n<script type=\"application\/ld+json\" class=\"yoast-schema-graph\">{\"@context\":\"https:\/\/schema.org\",\"@graph\":[{\"@type\":\"WebSite\",\"@id\":\"https:\/\/www.visit-ulcinj.com\/blog\/#website\",\"url\":\"https:\/\/www.visit-ulcinj.com\/blog\/\",\"name\":\"Lajme nga Ulqini\",\"description\":\"Lajme,Vijesti,Ulqini,Ulqin,Crna Gora,Mali i Zi\",\"potentialAction\":[{\"@type\":\"SearchAction\",\"target\":{\"@type\":\"EntryPoint\",\"urlTemplate\":\"https:\/\/www.visit-ulcinj.com\/blog\/?s={search_term_string}\"},\"query-input\":\"required name=search_term_string\"}],\"inLanguage\":\"en-US\"},{\"@type\":\"WebPage\",\"@id\":\"https:\/\/www.visit-ulcinj.com\/blog\/2017\/07\/02\/ministri-hoxhaj-ne-ulqin-takon-nazif-cungun\/#webpage\",\"url\":\"https:\/\/www.visit-ulcinj.com\/blog\/2017\/07\/02\/ministri-hoxhaj-ne-ulqin-takon-nazif-cungun\/\",\"name\":\"Ministri Hoxhaj n\u00eb Ulqin, takon Nazif Cungun - Lajme nga Ulqini\",\"isPartOf\":{\"@id\":\"https:\/\/www.visit-ulcinj.com\/blog\/#website\"},\"datePublished\":\"2017-07-02T11:45:20+00:00\",\"dateModified\":\"2017-07-02T12:51:45+00:00\",\"author\":{\"@id\":\"https:\/\/www.visit-ulcinj.com\/blog\/#\/schema\/person\/dcab619c614d3038751c63bc2aadc06d\"},\"description\":\"P\u00ebr dy dit\u00eb me radh\u00eb, Enver Hoxhaj ka q\u00ebndruar n\u00eb Dubrovnik t\u00eb Kroacis\u00eb ku p\u00ebrve\u00e7 Forumit t\u00eb Dubrovnikut sot, ka marr\u00eb pjes\u00eb n\u00eb Samitin e SEECP-s\u00eb gjat\u00eb\",\"breadcrumb\":{\"@id\":\"https:\/\/www.visit-ulcinj.com\/blog\/2017\/07\/02\/ministri-hoxhaj-ne-ulqin-takon-nazif-cungun\/#breadcrumb\"},\"inLanguage\":\"en-US\",\"potentialAction\":[{\"@type\":\"ReadAction\",\"target\":[\"https:\/\/www.visit-ulcinj.com\/blog\/2017\/07\/02\/ministri-hoxhaj-ne-ulqin-takon-nazif-cungun\/\"]}]},{\"@type\":\"BreadcrumbList\",\"@id\":\"https:\/\/www.visit-ulcinj.com\/blog\/2017\/07\/02\/ministri-hoxhaj-ne-ulqin-takon-nazif-cungun\/#breadcrumb\",\"itemListElement\":[{\"@type\":\"ListItem\",\"position\":1,\"name\":\"Ministri Hoxhaj n\u00eb Ulqin, takon Nazif Cungun\"}]},{\"@type\":\"Person\",\"@id\":\"https:\/\/www.visit-ulcinj.com\/blog\/#\/schema\/person\/dcab619c614d3038751c63bc2aadc06d\",\"name\":\"ulqini\",\"sameAs\":[\"http:\/\/www.visit-ulcinj.com\"],\"url\":\"https:\/\/www.visit-ulcinj.com\/blog\/author\/admin\/\"}]}<\/script>\n<!-- \/ Yoast SEO plugin. -->","yoast_head_json":{"title":"Ministri Hoxhaj n\u00eb Ulqin, takon Nazif Cungun - Lajme nga Ulqini","description":"P\u00ebr dy dit\u00eb me radh\u00eb, Enver Hoxhaj ka q\u00ebndruar n\u00eb Dubrovnik t\u00eb Kroacis\u00eb ku p\u00ebrve\u00e7 Forumit t\u00eb Dubrovnikut sot, ka marr\u00eb pjes\u00eb n\u00eb Samitin e SEECP-s\u00eb gjat\u00eb","robots":{"index":"index","follow":"follow","max-snippet":"max-snippet:-1","max-image-preview":"max-image-preview:large","max-video-preview":"max-video-preview:-1"},"canonical":"https:\/\/www.visit-ulcinj.com\/blog\/2017\/07\/02\/ministri-hoxhaj-ne-ulqin-takon-nazif-cungun\/","og_locale":"en_US","og_type":"article","og_title":"Ministri Hoxhaj n\u00eb Ulqin, takon Nazif Cungun - Lajme nga Ulqini","og_description":"P\u00ebr dy dit\u00eb me radh\u00eb, Enver Hoxhaj ka q\u00ebndruar n\u00eb Dubrovnik t\u00eb Kroacis\u00eb ku p\u00ebrve\u00e7 Forumit t\u00eb Dubrovnikut sot, ka marr\u00eb pjes\u00eb n\u00eb Samitin e SEECP-s\u00eb gjat\u00eb","og_url":"https:\/\/www.visit-ulcinj.com\/blog\/2017\/07\/02\/ministri-hoxhaj-ne-ulqin-takon-nazif-cungun\/","og_site_name":"Lajme nga Ulqini","article_published_time":"2017-07-02T11:45:20+00:00","article_modified_time":"2017-07-02T12:51:45+00:00","twitter_misc":{"Written by":"ulqini","Est. reading time":"1 minute"},"schema":{"@context":"https:\/\/schema.org","@graph":[{"@type":"WebSite","@id":"https:\/\/www.visit-ulcinj.com\/blog\/#website","url":"https:\/\/www.visit-ulcinj.com\/blog\/","name":"Lajme nga Ulqini","description":"Lajme,Vijesti,Ulqini,Ulqin,Crna Gora,Mali i Zi","potentialAction":[{"@type":"SearchAction","target":{"@type":"EntryPoint","urlTemplate":"https:\/\/www.visit-ulcinj.com\/blog\/?s={search_term_string}"},"query-input":"required name=search_term_string"}],"inLanguage":"en-US"},{"@type":"WebPage","@id":"https:\/\/www.visit-ulcinj.com\/blog\/2017\/07\/02\/ministri-hoxhaj-ne-ulqin-takon-nazif-cungun\/#webpage","url":"https:\/\/www.visit-ulcinj.com\/blog\/2017\/07\/02\/ministri-hoxhaj-ne-ulqin-takon-nazif-cungun\/","name":"Ministri Hoxhaj n\u00eb Ulqin, takon Nazif Cungun - Lajme nga Ulqini","isPartOf":{"@id":"https:\/\/www.visit-ulcinj.com\/blog\/#website"},"datePublished":"2017-07-02T11:45:20+00:00","dateModified":"2017-07-02T12:51:45+00:00","author":{"@id":"https:\/\/www.visit-ulcinj.com\/blog\/#\/schema\/person\/dcab619c614d3038751c63bc2aadc06d"},"description":"P\u00ebr dy dit\u00eb me radh\u00eb, Enver Hoxhaj ka q\u00ebndruar n\u00eb Dubrovnik t\u00eb Kroacis\u00eb ku p\u00ebrve\u00e7 Forumit t\u00eb Dubrovnikut sot, ka marr\u00eb pjes\u00eb n\u00eb Samitin e SEECP-s\u00eb gjat\u00eb","breadcrumb":{"@id":"https:\/\/www.visit-ulcinj.com\/blog\/2017\/07\/02\/ministri-hoxhaj-ne-ulqin-takon-nazif-cungun\/#breadcrumb"},"inLanguage":"en-US","potentialAction":[{"@type":"ReadAction","target":["https:\/\/www.visit-ulcinj.com\/blog\/2017\/07\/02\/ministri-hoxhaj-ne-ulqin-takon-nazif-cungun\/"]}]},{"@type":"BreadcrumbList","@id":"https:\/\/www.visit-ulcinj.com\/blog\/2017\/07\/02\/ministri-hoxhaj-ne-ulqin-takon-nazif-cungun\/#breadcrumb","itemListElement":[{"@type":"ListItem","position":1,"name":"Ministri Hoxhaj n\u00eb Ulqin, takon Nazif Cungun"}]},{"@type":"Person","@id":"https:\/\/www.visit-ulcinj.com\/blog\/#\/schema\/person\/dcab619c614d3038751c63bc2aadc06d","name":"ulqini","sameAs":["http:\/\/www.visit-ulcinj.com"],"url":"https:\/\/www.visit-ulcinj.com\/blog\/author\/admin\/"}]}},"jetpack_featured_media_url":"","jetpack_sharing_enabled":true,"jetpack_shortlink":"https:\/\/wp.me\/pe6lTn-ryh","_links":{"self":[{"href":"https:\/\/www.visit-ulcinj.com\/blog\/wp-json\/wp\/v2\/posts\/105913"}],"collection":[{"href":"https:\/\/www.visit-ulcinj.com\/blog\/wp-json\/wp\/v2\/posts"}],"about":[{"href":"https:\/\/www.visit-ulcinj.com\/blog\/wp-json\/wp\/v2\/types\/post"}],"author":[{"embeddable":true,"href":"https:\/\/www.visit-ulcinj.com\/blog\/wp-json\/wp\/v2\/users\/1"}],"replies":[{"embeddable":true,"href":"https:\/\/www.visit-ulcinj.com\/blog\/wp-json\/wp\/v2\/comments?post=105913"}],"version-history":[{"count":2,"href":"https:\/\/www.visit-ulcinj.com\/blog\/wp-json\/wp\/v2\/posts\/105913\/revisions"}],"predecessor-version":[{"id":105918,"href":"https:\/\/www.visit-ulcinj.com\/blog\/wp-json\/wp\/v2\/posts\/105913\/revisions\/105918"}],"wp:attachment":[{"href":"https:\/\/www.visit-ulcinj.com\/blog\/wp-json\/wp\/v2\/media?parent=105913"}],"wp:term":[{"taxonomy":"category","embeddable":true,"href":"https:\/\/www.visit-ulcinj.com\/blog\/wp-json\/wp\/v2\/categories?post=105913"},{"taxonomy":"post_tag","embeddable":true,"href":"https:\/\/www.visit-ulcinj.com\/blog\/wp-json\/wp\/v2\/tags?post=105913"}],"curies":[{"name":"wp","href":"https:\/\/api.w.org\/{rel}","templated":true}]}}