{"id":105919,"date":"2017-07-02T13:05:56","date_gmt":"2017-07-02T12:05:56","guid":{"rendered":"http:\/\/www.visit-ulcinj.com\/blog\/?p=105919"},"modified":"2017-07-02T15:08:57","modified_gmt":"2017-07-02T14:08:57","slug":"cungu-avdiu-si-drejtor-mban-pergjegjesi-per-situaten-e-krijuarcungu-avdiu-si-drejtor-mban-pergjegjes-per-situaten-e-krijuar","status":"publish","type":"post","link":"https:\/\/www.visit-ulcinj.com\/blog\/2017\/07\/02\/cungu-avdiu-si-drejtor-mban-pergjegjesi-per-situaten-e-krijuarcungu-avdiu-si-drejtor-mban-pergjegjes-per-situaten-e-krijuar\/","title":{"rendered":"Cungu: Avdiu si drejtor mban p\u00ebrgjegj\u00ebsi p\u00ebr situat\u00ebn e krijuar &#8211; Video"},"content":{"rendered":"<p><a href=\"http:\/\/www.visit-ulcinj.com\/blog\/wp-content\/uploads\/2017\/02\/Nazif-Cungu-kryetari-Ulqinit.jpg\"><img loading=\"lazy\" class=\"alignleft wp-image-103004\" src=\"http:\/\/www.visit-ulcinj.com\/blog\/wp-content\/uploads\/2017\/02\/Nazif-Cungu-kryetari-Ulqinit.jpg\" alt=\"\" width=\"508\" height=\"286\" srcset=\"https:\/\/www.visit-ulcinj.com\/blog\/wp-content\/uploads\/2017\/02\/Nazif-Cungu-kryetari-Ulqinit.jpg 780w, https:\/\/www.visit-ulcinj.com\/blog\/wp-content\/uploads\/2017\/02\/Nazif-Cungu-kryetari-Ulqinit-300x169.jpg 300w, https:\/\/www.visit-ulcinj.com\/blog\/wp-content\/uploads\/2017\/02\/Nazif-Cungu-kryetari-Ulqinit-768x432.jpg 768w\" sizes=\"(max-width: 508px) 100vw, 508px\" \/><\/a>I pyetur nga TV Teuta, Kryetari i komun\u00ebs s\u00eb Ulqinit Nazif Cungu i hodhi posht\u00eb t\u00eb gjitha akuzat q\u00eb vijn\u00eb nga drejtori i nd\u00ebrmarrjes komunale \u201cUj\u00ebsjell\u00ebs-Kanalizime\u201d Fehim Avdiu , duke u shprehur se nd\u00ebrmarrjet publike kan\u00eb probleme t\u00eb shumta, sidomos \u201cUj\u00ebsjell\u00ebs Kanalizime\u201d ,me funksionimin t\u00eb cil\u00ebs ai nuk \u00ebsht\u00eb i k\u00ebnaqur .\u201cP\u00ebrgatitjet q\u00eb jemi duke i b\u00ebr\u00eb p\u00ebr investime n\u00eb p\u00ebrmirsimin e infrastruktur\u00ebs s\u00eb kanalizimit dhe furnizimit me uj\u00eb jan\u00eb shum\u00eb t\u00eb m\u00ebdha,nd\u00ebrsa kapacitetet e nd\u00ebrmarrjes n\u00eb fjal\u00eb jan\u00eb shum\u00eb t\u00eb kufizuara, kjo mund t\u00eb ndikoj\u00eb edhe n\u00eb mosbesim nd\u00ebrmjet dy institucioneve \u201c-shprehet Cungu.<\/p>\n<p>Problemet n\u00eb k\u00ebt\u00eb nd\u00ebrmarrje sipas Cungut kan\u00eb filluar q\u00eb m\u00eb her\u00ebt kur kan\u00eb filluar t\u00eb furnizohen me uj\u00eb shtes\u00eb nga \u201cUj\u00ebsjell\u00ebsit Regjional\u201d, pasi ato nuk kan\u00eb mundur t\u2019i paguajn\u00eb rregullisht faturat, p\u00ebr \u00e7ka \u00ebsht\u00eb d\u00ebmtuar buxheti i Komun\u00ebs s\u00eb Ulqinit. Kryetari Cungu faj\u00ebson drejtorin Avdiu dhe K\u00ebshillin Drejtues t\u00eb k\u00ebsaj Nd\u00ebrmarrje p\u00ebr situat\u00ebn e krijuar dhe se p\u00ebrgatitjet p\u00ebr sezon duhej t\u00eb ishin b\u00ebr\u00eb me koh\u00eb. \u201cNd\u00ebrmarrja komunale \u201cUj\u00ebsjell\u00ebs Kanalizime\u201d nuk ka n\u00ebnshkruar akoma marr\u00ebveshjen p\u00ebr furnizim me uj\u00eb , kjo \u00ebsht\u00eb arsyeja pse ju \u00ebsht\u00eb bllokuar xhirollogaria\u201d,shprehet Cungu dhe shtoi se askush nuk ka drejt askush q\u00eb t\u00eb ndal\u00eb furnizimin me uj\u00eb t\u00eb pijsh\u00ebm,as p\u00ebr qytetar,as p\u00ebr turist\u00eb.<\/p>\n<p><iframe loading=\"lazy\" frameborder=\"0\" width=\"508\" height=\"330\" src=\"\/\/www.dailymotion.com\/embed\/video\/x5s97ya?autoPlay=1\" allowfullscreen><\/iframe><\/p>\n","protected":false},"excerpt":{"rendered":"<p>I pyetur nga TV Teuta, Kryetari i komun\u00ebs s\u00eb Ulqinit Nazif Cungu i hodhi posht\u00eb t\u00eb gjitha akuzat q\u00eb vijn\u00eb nga drejtori i nd\u00ebrmarrjes komunale \u201cUj\u00ebsjell\u00ebs-Kanalizime\u201d Fehim Avdiu , duke u shprehur se nd\u00ebrmarrjet publike kan\u00eb probleme t\u00eb shumta, sidomos \u201cUj\u00ebsjell\u00ebs Kanalizime\u201d ,me funksionimin t\u00eb cil\u00ebs ai nuk \u00ebsht\u00eb i k\u00ebnaqur .\u201cP\u00ebrgatitjet q\u00eb jemi duke [&hellip;]<\/p>\n","protected":false},"author":1,"featured_media":0,"comment_status":"closed","ping_status":"closed","sticky":false,"template":"","format":"standard","meta":{"spay_email":"","jetpack_publicize_message":"","jetpack_is_tweetstorm":false,"jetpack_publicize_feature_enabled":true},"categories":[10],"tags":[],"jetpack_publicize_connections":[],"yoast_head":"<!-- This site is optimized with the Yoast SEO plugin v19.1 - https:\/\/yoast.com\/wordpress\/plugins\/seo\/ -->\n<title>Cungu: Avdiu si drejtor mban p\u00ebrgjegj\u00ebsi p\u00ebr situat\u00ebn e krijuar - Video - Lajme nga Ulqini<\/title>\n<meta name=\"description\" content=\"I pyetur nga TV Teuta, Kryetari i komun\u00ebs s\u00eb Ulqinit Nazif Cungu i hodhi posht\u00eb t\u00eb gjitha akuzat q\u00eb vijn\u00eb nga drejtori i nd\u00ebrmarrjes komunale\" \/>\n<meta name=\"robots\" content=\"index, follow, max-snippet:-1, max-image-preview:large, max-video-preview:-1\" \/>\n<link rel=\"canonical\" href=\"https:\/\/www.visit-ulcinj.com\/blog\/2017\/07\/02\/cungu-avdiu-si-drejtor-mban-pergjegjesi-per-situaten-e-krijuarcungu-avdiu-si-drejtor-mban-pergjegjes-per-situaten-e-krijuar\/\" \/>\n<meta property=\"og:locale\" content=\"en_US\" \/>\n<meta property=\"og:type\" content=\"article\" \/>\n<meta property=\"og:title\" content=\"Cungu: Avdiu si drejtor mban p\u00ebrgjegj\u00ebsi p\u00ebr situat\u00ebn e krijuar - Video - Lajme nga Ulqini\" \/>\n<meta property=\"og:description\" content=\"I pyetur nga TV Teuta, Kryetari i komun\u00ebs s\u00eb Ulqinit Nazif Cungu i hodhi posht\u00eb t\u00eb gjitha akuzat q\u00eb vijn\u00eb nga drejtori i nd\u00ebrmarrjes komunale\" \/>\n<meta property=\"og:url\" content=\"https:\/\/www.visit-ulcinj.com\/blog\/2017\/07\/02\/cungu-avdiu-si-drejtor-mban-pergjegjesi-per-situaten-e-krijuarcungu-avdiu-si-drejtor-mban-pergjegjes-per-situaten-e-krijuar\/\" \/>\n<meta property=\"og:site_name\" content=\"Lajme nga Ulqini\" \/>\n<meta property=\"article:published_time\" content=\"2017-07-02T12:05:56+00:00\" \/>\n<meta property=\"article:modified_time\" content=\"2017-07-02T14:08:57+00:00\" \/>\n<meta property=\"og:image\" content=\"http:\/\/www.visit-ulcinj.com\/blog\/wp-content\/uploads\/2017\/02\/Nazif-Cungu-kryetari-Ulqinit.jpg\" \/>\n<meta name=\"twitter:label1\" content=\"Written by\" \/>\n\t<meta name=\"twitter:data1\" content=\"ulqini\" \/>\n\t<meta name=\"twitter:label2\" content=\"Est. reading time\" \/>\n\t<meta name=\"twitter:data2\" content=\"1 minute\" \/>\n<script type=\"application\/ld+json\" class=\"yoast-schema-graph\">{\"@context\":\"https:\/\/schema.org\",\"@graph\":[{\"@type\":\"WebSite\",\"@id\":\"https:\/\/www.visit-ulcinj.com\/blog\/#website\",\"url\":\"https:\/\/www.visit-ulcinj.com\/blog\/\",\"name\":\"Lajme nga Ulqini\",\"description\":\"Lajme,Vijesti,Ulqini,Ulqin,Crna Gora,Mali i Zi\",\"potentialAction\":[{\"@type\":\"SearchAction\",\"target\":{\"@type\":\"EntryPoint\",\"urlTemplate\":\"https:\/\/www.visit-ulcinj.com\/blog\/?s={search_term_string}\"},\"query-input\":\"required name=search_term_string\"}],\"inLanguage\":\"en-US\"},{\"@type\":\"ImageObject\",\"inLanguage\":\"en-US\",\"@id\":\"https:\/\/www.visit-ulcinj.com\/blog\/2017\/07\/02\/cungu-avdiu-si-drejtor-mban-pergjegjesi-per-situaten-e-krijuarcungu-avdiu-si-drejtor-mban-pergjegjes-per-situaten-e-krijuar\/#primaryimage\",\"url\":\"https:\/\/www.visit-ulcinj.com\/blog\/wp-content\/uploads\/2017\/02\/Nazif-Cungu-kryetari-Ulqinit.jpg\",\"contentUrl\":\"https:\/\/www.visit-ulcinj.com\/blog\/wp-content\/uploads\/2017\/02\/Nazif-Cungu-kryetari-Ulqinit.jpg\",\"width\":780,\"height\":439},{\"@type\":\"WebPage\",\"@id\":\"https:\/\/www.visit-ulcinj.com\/blog\/2017\/07\/02\/cungu-avdiu-si-drejtor-mban-pergjegjesi-per-situaten-e-krijuarcungu-avdiu-si-drejtor-mban-pergjegjes-per-situaten-e-krijuar\/#webpage\",\"url\":\"https:\/\/www.visit-ulcinj.com\/blog\/2017\/07\/02\/cungu-avdiu-si-drejtor-mban-pergjegjesi-per-situaten-e-krijuarcungu-avdiu-si-drejtor-mban-pergjegjes-per-situaten-e-krijuar\/\",\"name\":\"Cungu: Avdiu si drejtor mban p\u00ebrgjegj\u00ebsi p\u00ebr situat\u00ebn e krijuar - Video - Lajme nga Ulqini\",\"isPartOf\":{\"@id\":\"https:\/\/www.visit-ulcinj.com\/blog\/#website\"},\"primaryImageOfPage\":{\"@id\":\"https:\/\/www.visit-ulcinj.com\/blog\/2017\/07\/02\/cungu-avdiu-si-drejtor-mban-pergjegjesi-per-situaten-e-krijuarcungu-avdiu-si-drejtor-mban-pergjegjes-per-situaten-e-krijuar\/#primaryimage\"},\"datePublished\":\"2017-07-02T12:05:56+00:00\",\"dateModified\":\"2017-07-02T14:08:57+00:00\",\"author\":{\"@id\":\"https:\/\/www.visit-ulcinj.com\/blog\/#\/schema\/person\/dcab619c614d3038751c63bc2aadc06d\"},\"description\":\"I pyetur nga TV Teuta, Kryetari i komun\u00ebs s\u00eb Ulqinit Nazif Cungu i hodhi posht\u00eb t\u00eb gjitha akuzat q\u00eb vijn\u00eb nga drejtori i nd\u00ebrmarrjes komunale\",\"breadcrumb\":{\"@id\":\"https:\/\/www.visit-ulcinj.com\/blog\/2017\/07\/02\/cungu-avdiu-si-drejtor-mban-pergjegjesi-per-situaten-e-krijuarcungu-avdiu-si-drejtor-mban-pergjegjes-per-situaten-e-krijuar\/#breadcrumb\"},\"inLanguage\":\"en-US\",\"potentialAction\":[{\"@type\":\"ReadAction\",\"target\":[\"https:\/\/www.visit-ulcinj.com\/blog\/2017\/07\/02\/cungu-avdiu-si-drejtor-mban-pergjegjesi-per-situaten-e-krijuarcungu-avdiu-si-drejtor-mban-pergjegjes-per-situaten-e-krijuar\/\"]}]},{\"@type\":\"BreadcrumbList\",\"@id\":\"https:\/\/www.visit-ulcinj.com\/blog\/2017\/07\/02\/cungu-avdiu-si-drejtor-mban-pergjegjesi-per-situaten-e-krijuarcungu-avdiu-si-drejtor-mban-pergjegjes-per-situaten-e-krijuar\/#breadcrumb\",\"itemListElement\":[{\"@type\":\"ListItem\",\"position\":1,\"name\":\"Cungu: Avdiu si drejtor mban p\u00ebrgjegj\u00ebsi p\u00ebr situat\u00ebn e krijuar &#8211; Video\"}]},{\"@type\":\"Person\",\"@id\":\"https:\/\/www.visit-ulcinj.com\/blog\/#\/schema\/person\/dcab619c614d3038751c63bc2aadc06d\",\"name\":\"ulqini\",\"sameAs\":[\"http:\/\/www.visit-ulcinj.com\"],\"url\":\"https:\/\/www.visit-ulcinj.com\/blog\/author\/admin\/\"}]}<\/script>\n<!-- \/ Yoast SEO plugin. -->","yoast_head_json":{"title":"Cungu: Avdiu si drejtor mban p\u00ebrgjegj\u00ebsi p\u00ebr situat\u00ebn e krijuar - Video - Lajme nga Ulqini","description":"I pyetur nga TV Teuta, Kryetari i komun\u00ebs s\u00eb Ulqinit Nazif Cungu i hodhi posht\u00eb t\u00eb gjitha akuzat q\u00eb vijn\u00eb nga drejtori i nd\u00ebrmarrjes komunale","robots":{"index":"index","follow":"follow","max-snippet":"max-snippet:-1","max-image-preview":"max-image-preview:large","max-video-preview":"max-video-preview:-1"},"canonical":"https:\/\/www.visit-ulcinj.com\/blog\/2017\/07\/02\/cungu-avdiu-si-drejtor-mban-pergjegjesi-per-situaten-e-krijuarcungu-avdiu-si-drejtor-mban-pergjegjes-per-situaten-e-krijuar\/","og_locale":"en_US","og_type":"article","og_title":"Cungu: Avdiu si drejtor mban p\u00ebrgjegj\u00ebsi p\u00ebr situat\u00ebn e krijuar - Video - Lajme nga Ulqini","og_description":"I pyetur nga TV Teuta, Kryetari i komun\u00ebs s\u00eb Ulqinit Nazif Cungu i hodhi posht\u00eb t\u00eb gjitha akuzat q\u00eb vijn\u00eb nga drejtori i nd\u00ebrmarrjes komunale","og_url":"https:\/\/www.visit-ulcinj.com\/blog\/2017\/07\/02\/cungu-avdiu-si-drejtor-mban-pergjegjesi-per-situaten-e-krijuarcungu-avdiu-si-drejtor-mban-pergjegjes-per-situaten-e-krijuar\/","og_site_name":"Lajme nga Ulqini","article_published_time":"2017-07-02T12:05:56+00:00","article_modified_time":"2017-07-02T14:08:57+00:00","og_image":[{"url":"http:\/\/www.visit-ulcinj.com\/blog\/wp-content\/uploads\/2017\/02\/Nazif-Cungu-kryetari-Ulqinit.jpg"}],"twitter_misc":{"Written by":"ulqini","Est. reading time":"1 minute"},"schema":{"@context":"https:\/\/schema.org","@graph":[{"@type":"WebSite","@id":"https:\/\/www.visit-ulcinj.com\/blog\/#website","url":"https:\/\/www.visit-ulcinj.com\/blog\/","name":"Lajme nga Ulqini","description":"Lajme,Vijesti,Ulqini,Ulqin,Crna Gora,Mali i Zi","potentialAction":[{"@type":"SearchAction","target":{"@type":"EntryPoint","urlTemplate":"https:\/\/www.visit-ulcinj.com\/blog\/?s={search_term_string}"},"query-input":"required name=search_term_string"}],"inLanguage":"en-US"},{"@type":"ImageObject","inLanguage":"en-US","@id":"https:\/\/www.visit-ulcinj.com\/blog\/2017\/07\/02\/cungu-avdiu-si-drejtor-mban-pergjegjesi-per-situaten-e-krijuarcungu-avdiu-si-drejtor-mban-pergjegjes-per-situaten-e-krijuar\/#primaryimage","url":"https:\/\/www.visit-ulcinj.com\/blog\/wp-content\/uploads\/2017\/02\/Nazif-Cungu-kryetari-Ulqinit.jpg","contentUrl":"https:\/\/www.visit-ulcinj.com\/blog\/wp-content\/uploads\/2017\/02\/Nazif-Cungu-kryetari-Ulqinit.jpg","width":780,"height":439},{"@type":"WebPage","@id":"https:\/\/www.visit-ulcinj.com\/blog\/2017\/07\/02\/cungu-avdiu-si-drejtor-mban-pergjegjesi-per-situaten-e-krijuarcungu-avdiu-si-drejtor-mban-pergjegjes-per-situaten-e-krijuar\/#webpage","url":"https:\/\/www.visit-ulcinj.com\/blog\/2017\/07\/02\/cungu-avdiu-si-drejtor-mban-pergjegjesi-per-situaten-e-krijuarcungu-avdiu-si-drejtor-mban-pergjegjes-per-situaten-e-krijuar\/","name":"Cungu: Avdiu si drejtor mban p\u00ebrgjegj\u00ebsi p\u00ebr situat\u00ebn e krijuar - Video - Lajme nga Ulqini","isPartOf":{"@id":"https:\/\/www.visit-ulcinj.com\/blog\/#website"},"primaryImageOfPage":{"@id":"https:\/\/www.visit-ulcinj.com\/blog\/2017\/07\/02\/cungu-avdiu-si-drejtor-mban-pergjegjesi-per-situaten-e-krijuarcungu-avdiu-si-drejtor-mban-pergjegjes-per-situaten-e-krijuar\/#primaryimage"},"datePublished":"2017-07-02T12:05:56+00:00","dateModified":"2017-07-02T14:08:57+00:00","author":{"@id":"https:\/\/www.visit-ulcinj.com\/blog\/#\/schema\/person\/dcab619c614d3038751c63bc2aadc06d"},"description":"I pyetur nga TV Teuta, Kryetari i komun\u00ebs s\u00eb Ulqinit Nazif Cungu i hodhi posht\u00eb t\u00eb gjitha akuzat q\u00eb vijn\u00eb nga drejtori i nd\u00ebrmarrjes komunale","breadcrumb":{"@id":"https:\/\/www.visit-ulcinj.com\/blog\/2017\/07\/02\/cungu-avdiu-si-drejtor-mban-pergjegjesi-per-situaten-e-krijuarcungu-avdiu-si-drejtor-mban-pergjegjes-per-situaten-e-krijuar\/#breadcrumb"},"inLanguage":"en-US","potentialAction":[{"@type":"ReadAction","target":["https:\/\/www.visit-ulcinj.com\/blog\/2017\/07\/02\/cungu-avdiu-si-drejtor-mban-pergjegjesi-per-situaten-e-krijuarcungu-avdiu-si-drejtor-mban-pergjegjes-per-situaten-e-krijuar\/"]}]},{"@type":"BreadcrumbList","@id":"https:\/\/www.visit-ulcinj.com\/blog\/2017\/07\/02\/cungu-avdiu-si-drejtor-mban-pergjegjesi-per-situaten-e-krijuarcungu-avdiu-si-drejtor-mban-pergjegjes-per-situaten-e-krijuar\/#breadcrumb","itemListElement":[{"@type":"ListItem","position":1,"name":"Cungu: Avdiu si drejtor mban p\u00ebrgjegj\u00ebsi p\u00ebr situat\u00ebn e krijuar &#8211; Video"}]},{"@type":"Person","@id":"https:\/\/www.visit-ulcinj.com\/blog\/#\/schema\/person\/dcab619c614d3038751c63bc2aadc06d","name":"ulqini","sameAs":["http:\/\/www.visit-ulcinj.com"],"url":"https:\/\/www.visit-ulcinj.com\/blog\/author\/admin\/"}]}},"jetpack_featured_media_url":"","jetpack_sharing_enabled":true,"jetpack_shortlink":"https:\/\/wp.me\/pe6lTn-ryn","_links":{"self":[{"href":"https:\/\/www.visit-ulcinj.com\/blog\/wp-json\/wp\/v2\/posts\/105919"}],"collection":[{"href":"https:\/\/www.visit-ulcinj.com\/blog\/wp-json\/wp\/v2\/posts"}],"about":[{"href":"https:\/\/www.visit-ulcinj.com\/blog\/wp-json\/wp\/v2\/types\/post"}],"author":[{"embeddable":true,"href":"https:\/\/www.visit-ulcinj.com\/blog\/wp-json\/wp\/v2\/users\/1"}],"replies":[{"embeddable":true,"href":"https:\/\/www.visit-ulcinj.com\/blog\/wp-json\/wp\/v2\/comments?post=105919"}],"version-history":[{"count":4,"href":"https:\/\/www.visit-ulcinj.com\/blog\/wp-json\/wp\/v2\/posts\/105919\/revisions"}],"predecessor-version":[{"id":105936,"href":"https:\/\/www.visit-ulcinj.com\/blog\/wp-json\/wp\/v2\/posts\/105919\/revisions\/105936"}],"wp:attachment":[{"href":"https:\/\/www.visit-ulcinj.com\/blog\/wp-json\/wp\/v2\/media?parent=105919"}],"wp:term":[{"taxonomy":"category","embeddable":true,"href":"https:\/\/www.visit-ulcinj.com\/blog\/wp-json\/wp\/v2\/categories?post=105919"},{"taxonomy":"post_tag","embeddable":true,"href":"https:\/\/www.visit-ulcinj.com\/blog\/wp-json\/wp\/v2\/tags?post=105919"}],"curies":[{"name":"wp","href":"https:\/\/api.w.org\/{rel}","templated":true}]}}