{"id":105925,"date":"2017-07-02T13:49:58","date_gmt":"2017-07-02T12:49:58","guid":{"rendered":"http:\/\/www.visit-ulcinj.com\/blog\/?p=105925"},"modified":"2017-07-02T19:52:41","modified_gmt":"2017-07-02T18:52:41","slug":"sot-kolona-dhe-pritje-ne-kufirin-muriqan-sukobin-1-ore-video","status":"publish","type":"post","link":"https:\/\/www.visit-ulcinj.com\/blog\/2017\/07\/02\/sot-kolona-dhe-pritje-ne-kufirin-muriqan-sukobin-1-ore-video\/","title":{"rendered":"Sot kolona dhe pritje n\u00eb kufirin Muriqan &#8211; Sukobin -1 or\u00eb &#8211; Video"},"content":{"rendered":"<p><strong><a href=\"http:\/\/www.visit-ulcinj.com\/blog\/wp-content\/uploads\/2017\/07\/Sot-kolona-dhe-pritje-n\u00eb-kufirin-Muriqan-Sukobin-1-or\u00eb.jpg\"><img loading=\"lazy\" class=\"alignleft wp-image-105926\" src=\"http:\/\/www.visit-ulcinj.com\/blog\/wp-content\/uploads\/2017\/07\/Sot-kolona-dhe-pritje-n\u00eb-kufirin-Muriqan-Sukobin-1-or\u00eb.jpg\" alt=\"\" width=\"508\" height=\"331\" srcset=\"https:\/\/www.visit-ulcinj.com\/blog\/wp-content\/uploads\/2017\/07\/Sot-kolona-dhe-pritje-n\u00eb-kufirin-Muriqan-Sukobin-1-or\u00eb.jpg 480w, https:\/\/www.visit-ulcinj.com\/blog\/wp-content\/uploads\/2017\/07\/Sot-kolona-dhe-pritje-n\u00eb-kufirin-Muriqan-Sukobin-1-or\u00eb-300x196.jpg 300w\" sizes=\"(max-width: 508px) 100vw, 508px\" \/><\/a>Sipas videos n\u00eb pik\u00ebkalimin kufitar n\u00eb Muriqan &#8211; Sukobin, n\u00eb hyrje me Malin e Zi kolona \u00ebsht\u00eb e gjat\u00eb rreth 1 km), ku pritjet jan\u00eb 1 or\u00eb, nd\u00ebrsa n\u00eb dalje kolona \u00ebsht\u00eb m\u00eb pak se 1 km, dhe pritjet zgjasin 1 deri n\u00eb 1 or\u00eb e gjysm\u00eb, var\u00ebsisht prej frekuentimit t\u00eb automjeteve, transmeton TV1 CHANNEL.<\/strong><\/p>\n<div>\n<p>Oret e paradrekes se dites se diele jan\u00eb shoqeruar me radhe te gjata deri ne rreth 1 km, nga dy anet e vendkalimit kufitar Muriqan. Kjo detyroi sh\u00ebrbimin e policise ne ket\u00eb pike, si te pales shqiptare ashtu dhe malazeze, qe te punojne me maksimumin e kapacitetit te p\u00ebrpunimit, me 8 sportele dhe procedura leht\u00ebsuese.\u00a0 Nje mase e tille beri qe pas nje ore te bjeri fluksi ne pritje.<\/p>\n<p>Rritja e fluksit te hyrje \u2013 daljeve nga vendekalimi kufitar Muriqan, ka filluar pasdreken e dites se premte p\u00ebr tu pasuar te shtunen dhe te dielen, si dite pushimi. Sipas te dhenave te peaferta nga personeli i kesaj pike, qe nga pasdrekja e dites se\u00a0 premte dhe deri ne oret e drekes se dites se diele kane kaluar rreth 19.500 qytetare dhe mbi 6500 automjete. Raporti hyrje \u2013 dalje si te qytetareve ashtu dhe mjeteve eshte thuajse i barabarte.<\/p>\n<!--YouTube Error: bad URL entered-->\n<\/div>\n","protected":false},"excerpt":{"rendered":"<p>Sipas videos n\u00eb pik\u00ebkalimin kufitar n\u00eb Muriqan &#8211; Sukobin, n\u00eb hyrje me Malin e Zi kolona \u00ebsht\u00eb e gjat\u00eb rreth 1 km), ku pritjet jan\u00eb 1 or\u00eb, nd\u00ebrsa n\u00eb dalje kolona \u00ebsht\u00eb m\u00eb pak se 1 km, dhe pritjet zgjasin 1 deri n\u00eb 1 or\u00eb e gjysm\u00eb, var\u00ebsisht prej frekuentimit t\u00eb automjeteve, transmeton TV1 CHANNEL. [&hellip;]<\/p>\n","protected":false},"author":1,"featured_media":0,"comment_status":"closed","ping_status":"closed","sticky":false,"template":"","format":"standard","meta":{"spay_email":"","jetpack_publicize_message":"","jetpack_is_tweetstorm":false,"jetpack_publicize_feature_enabled":true},"categories":[1,6950],"tags":[],"jetpack_publicize_connections":[],"yoast_head":"<!-- This site is optimized with the Yoast SEO plugin v19.1 - https:\/\/yoast.com\/wordpress\/plugins\/seo\/ -->\n<title>Sot kolona dhe pritje n\u00eb kufirin Muriqan - Sukobin -1 or\u00eb - Video - Lajme nga Ulqini<\/title>\n<meta name=\"description\" content=\"Sipas videos n\u00eb pik\u00ebkalimin kufitar n\u00eb Muriqan - Sukobin, n\u00eb hyrje me Malin e Zi kolona \u00ebsht\u00eb e gjat\u00eb rreth 1 km), ku pritjet jan\u00eb 1 or\u00eb, nd\u00ebrsa n\u00eb dalje\" \/>\n<meta name=\"robots\" content=\"index, follow, max-snippet:-1, max-image-preview:large, max-video-preview:-1\" \/>\n<link rel=\"canonical\" href=\"https:\/\/www.visit-ulcinj.com\/blog\/2017\/07\/02\/sot-kolona-dhe-pritje-ne-kufirin-muriqan-sukobin-1-ore-video\/\" \/>\n<meta property=\"og:locale\" content=\"en_US\" \/>\n<meta property=\"og:type\" content=\"article\" \/>\n<meta property=\"og:title\" content=\"Sot kolona dhe pritje n\u00eb kufirin Muriqan - Sukobin -1 or\u00eb - Video - Lajme nga Ulqini\" \/>\n<meta property=\"og:description\" content=\"Sipas videos n\u00eb pik\u00ebkalimin kufitar n\u00eb Muriqan - Sukobin, n\u00eb hyrje me Malin e Zi kolona \u00ebsht\u00eb e gjat\u00eb rreth 1 km), ku pritjet jan\u00eb 1 or\u00eb, nd\u00ebrsa n\u00eb dalje\" \/>\n<meta property=\"og:url\" content=\"https:\/\/www.visit-ulcinj.com\/blog\/2017\/07\/02\/sot-kolona-dhe-pritje-ne-kufirin-muriqan-sukobin-1-ore-video\/\" \/>\n<meta property=\"og:site_name\" content=\"Lajme nga Ulqini\" \/>\n<meta property=\"article:published_time\" content=\"2017-07-02T12:49:58+00:00\" \/>\n<meta property=\"article:modified_time\" content=\"2017-07-02T18:52:41+00:00\" \/>\n<meta name=\"twitter:label1\" content=\"Written by\" \/>\n\t<meta name=\"twitter:data1\" content=\"ulqini\" \/>\n\t<meta name=\"twitter:label2\" content=\"Est. reading time\" \/>\n\t<meta name=\"twitter:data2\" content=\"1 minute\" \/>\n<script type=\"application\/ld+json\" class=\"yoast-schema-graph\">{\"@context\":\"https:\/\/schema.org\",\"@graph\":[{\"@type\":\"WebSite\",\"@id\":\"https:\/\/www.visit-ulcinj.com\/blog\/#website\",\"url\":\"https:\/\/www.visit-ulcinj.com\/blog\/\",\"name\":\"Lajme nga Ulqini\",\"description\":\"Lajme,Vijesti,Ulqini,Ulqin,Crna Gora,Mali i Zi\",\"potentialAction\":[{\"@type\":\"SearchAction\",\"target\":{\"@type\":\"EntryPoint\",\"urlTemplate\":\"https:\/\/www.visit-ulcinj.com\/blog\/?s={search_term_string}\"},\"query-input\":\"required name=search_term_string\"}],\"inLanguage\":\"en-US\"},{\"@type\":\"WebPage\",\"@id\":\"https:\/\/www.visit-ulcinj.com\/blog\/2017\/07\/02\/sot-kolona-dhe-pritje-ne-kufirin-muriqan-sukobin-1-ore-video\/#webpage\",\"url\":\"https:\/\/www.visit-ulcinj.com\/blog\/2017\/07\/02\/sot-kolona-dhe-pritje-ne-kufirin-muriqan-sukobin-1-ore-video\/\",\"name\":\"Sot kolona dhe pritje n\u00eb kufirin Muriqan - Sukobin -1 or\u00eb - Video - Lajme nga Ulqini\",\"isPartOf\":{\"@id\":\"https:\/\/www.visit-ulcinj.com\/blog\/#website\"},\"datePublished\":\"2017-07-02T12:49:58+00:00\",\"dateModified\":\"2017-07-02T18:52:41+00:00\",\"author\":{\"@id\":\"https:\/\/www.visit-ulcinj.com\/blog\/#\/schema\/person\/dcab619c614d3038751c63bc2aadc06d\"},\"description\":\"Sipas videos n\u00eb pik\u00ebkalimin kufitar n\u00eb Muriqan - Sukobin, n\u00eb hyrje me Malin e Zi kolona \u00ebsht\u00eb e gjat\u00eb rreth 1 km), ku pritjet jan\u00eb 1 or\u00eb, nd\u00ebrsa n\u00eb dalje\",\"breadcrumb\":{\"@id\":\"https:\/\/www.visit-ulcinj.com\/blog\/2017\/07\/02\/sot-kolona-dhe-pritje-ne-kufirin-muriqan-sukobin-1-ore-video\/#breadcrumb\"},\"inLanguage\":\"en-US\",\"potentialAction\":[{\"@type\":\"ReadAction\",\"target\":[\"https:\/\/www.visit-ulcinj.com\/blog\/2017\/07\/02\/sot-kolona-dhe-pritje-ne-kufirin-muriqan-sukobin-1-ore-video\/\"]}]},{\"@type\":\"BreadcrumbList\",\"@id\":\"https:\/\/www.visit-ulcinj.com\/blog\/2017\/07\/02\/sot-kolona-dhe-pritje-ne-kufirin-muriqan-sukobin-1-ore-video\/#breadcrumb\",\"itemListElement\":[{\"@type\":\"ListItem\",\"position\":1,\"name\":\"Sot kolona dhe pritje n\u00eb kufirin Muriqan &#8211; Sukobin -1 or\u00eb &#8211; Video\"}]},{\"@type\":\"Person\",\"@id\":\"https:\/\/www.visit-ulcinj.com\/blog\/#\/schema\/person\/dcab619c614d3038751c63bc2aadc06d\",\"name\":\"ulqini\",\"sameAs\":[\"http:\/\/www.visit-ulcinj.com\"],\"url\":\"https:\/\/www.visit-ulcinj.com\/blog\/author\/admin\/\"}]}<\/script>\n<!-- \/ Yoast SEO plugin. -->","yoast_head_json":{"title":"Sot kolona dhe pritje n\u00eb kufirin Muriqan - Sukobin -1 or\u00eb - Video - Lajme nga Ulqini","description":"Sipas videos n\u00eb pik\u00ebkalimin kufitar n\u00eb Muriqan - Sukobin, n\u00eb hyrje me Malin e Zi kolona \u00ebsht\u00eb e gjat\u00eb rreth 1 km), ku pritjet jan\u00eb 1 or\u00eb, nd\u00ebrsa n\u00eb dalje","robots":{"index":"index","follow":"follow","max-snippet":"max-snippet:-1","max-image-preview":"max-image-preview:large","max-video-preview":"max-video-preview:-1"},"canonical":"https:\/\/www.visit-ulcinj.com\/blog\/2017\/07\/02\/sot-kolona-dhe-pritje-ne-kufirin-muriqan-sukobin-1-ore-video\/","og_locale":"en_US","og_type":"article","og_title":"Sot kolona dhe pritje n\u00eb kufirin Muriqan - Sukobin -1 or\u00eb - Video - Lajme nga Ulqini","og_description":"Sipas videos n\u00eb pik\u00ebkalimin kufitar n\u00eb Muriqan - Sukobin, n\u00eb hyrje me Malin e Zi kolona \u00ebsht\u00eb e gjat\u00eb rreth 1 km), ku pritjet jan\u00eb 1 or\u00eb, nd\u00ebrsa n\u00eb dalje","og_url":"https:\/\/www.visit-ulcinj.com\/blog\/2017\/07\/02\/sot-kolona-dhe-pritje-ne-kufirin-muriqan-sukobin-1-ore-video\/","og_site_name":"Lajme nga Ulqini","article_published_time":"2017-07-02T12:49:58+00:00","article_modified_time":"2017-07-02T18:52:41+00:00","twitter_misc":{"Written by":"ulqini","Est. reading time":"1 minute"},"schema":{"@context":"https:\/\/schema.org","@graph":[{"@type":"WebSite","@id":"https:\/\/www.visit-ulcinj.com\/blog\/#website","url":"https:\/\/www.visit-ulcinj.com\/blog\/","name":"Lajme nga Ulqini","description":"Lajme,Vijesti,Ulqini,Ulqin,Crna Gora,Mali i Zi","potentialAction":[{"@type":"SearchAction","target":{"@type":"EntryPoint","urlTemplate":"https:\/\/www.visit-ulcinj.com\/blog\/?s={search_term_string}"},"query-input":"required name=search_term_string"}],"inLanguage":"en-US"},{"@type":"WebPage","@id":"https:\/\/www.visit-ulcinj.com\/blog\/2017\/07\/02\/sot-kolona-dhe-pritje-ne-kufirin-muriqan-sukobin-1-ore-video\/#webpage","url":"https:\/\/www.visit-ulcinj.com\/blog\/2017\/07\/02\/sot-kolona-dhe-pritje-ne-kufirin-muriqan-sukobin-1-ore-video\/","name":"Sot kolona dhe pritje n\u00eb kufirin Muriqan - Sukobin -1 or\u00eb - Video - Lajme nga Ulqini","isPartOf":{"@id":"https:\/\/www.visit-ulcinj.com\/blog\/#website"},"datePublished":"2017-07-02T12:49:58+00:00","dateModified":"2017-07-02T18:52:41+00:00","author":{"@id":"https:\/\/www.visit-ulcinj.com\/blog\/#\/schema\/person\/dcab619c614d3038751c63bc2aadc06d"},"description":"Sipas videos n\u00eb pik\u00ebkalimin kufitar n\u00eb Muriqan - Sukobin, n\u00eb hyrje me Malin e Zi kolona \u00ebsht\u00eb e gjat\u00eb rreth 1 km), ku pritjet jan\u00eb 1 or\u00eb, nd\u00ebrsa n\u00eb dalje","breadcrumb":{"@id":"https:\/\/www.visit-ulcinj.com\/blog\/2017\/07\/02\/sot-kolona-dhe-pritje-ne-kufirin-muriqan-sukobin-1-ore-video\/#breadcrumb"},"inLanguage":"en-US","potentialAction":[{"@type":"ReadAction","target":["https:\/\/www.visit-ulcinj.com\/blog\/2017\/07\/02\/sot-kolona-dhe-pritje-ne-kufirin-muriqan-sukobin-1-ore-video\/"]}]},{"@type":"BreadcrumbList","@id":"https:\/\/www.visit-ulcinj.com\/blog\/2017\/07\/02\/sot-kolona-dhe-pritje-ne-kufirin-muriqan-sukobin-1-ore-video\/#breadcrumb","itemListElement":[{"@type":"ListItem","position":1,"name":"Sot kolona dhe pritje n\u00eb kufirin Muriqan &#8211; Sukobin -1 or\u00eb &#8211; Video"}]},{"@type":"Person","@id":"https:\/\/www.visit-ulcinj.com\/blog\/#\/schema\/person\/dcab619c614d3038751c63bc2aadc06d","name":"ulqini","sameAs":["http:\/\/www.visit-ulcinj.com"],"url":"https:\/\/www.visit-ulcinj.com\/blog\/author\/admin\/"}]}},"jetpack_featured_media_url":"","jetpack_sharing_enabled":true,"jetpack_shortlink":"https:\/\/wp.me\/pe6lTn-ryt","_links":{"self":[{"href":"https:\/\/www.visit-ulcinj.com\/blog\/wp-json\/wp\/v2\/posts\/105925"}],"collection":[{"href":"https:\/\/www.visit-ulcinj.com\/blog\/wp-json\/wp\/v2\/posts"}],"about":[{"href":"https:\/\/www.visit-ulcinj.com\/blog\/wp-json\/wp\/v2\/types\/post"}],"author":[{"embeddable":true,"href":"https:\/\/www.visit-ulcinj.com\/blog\/wp-json\/wp\/v2\/users\/1"}],"replies":[{"embeddable":true,"href":"https:\/\/www.visit-ulcinj.com\/blog\/wp-json\/wp\/v2\/comments?post=105925"}],"version-history":[{"count":2,"href":"https:\/\/www.visit-ulcinj.com\/blog\/wp-json\/wp\/v2\/posts\/105925\/revisions"}],"predecessor-version":[{"id":105928,"href":"https:\/\/www.visit-ulcinj.com\/blog\/wp-json\/wp\/v2\/posts\/105925\/revisions\/105928"}],"wp:attachment":[{"href":"https:\/\/www.visit-ulcinj.com\/blog\/wp-json\/wp\/v2\/media?parent=105925"}],"wp:term":[{"taxonomy":"category","embeddable":true,"href":"https:\/\/www.visit-ulcinj.com\/blog\/wp-json\/wp\/v2\/categories?post=105925"},{"taxonomy":"post_tag","embeddable":true,"href":"https:\/\/www.visit-ulcinj.com\/blog\/wp-json\/wp\/v2\/tags?post=105925"}],"curies":[{"name":"wp","href":"https:\/\/api.w.org\/{rel}","templated":true}]}}