{"id":105941,"date":"2017-07-02T18:20:48","date_gmt":"2017-07-02T17:20:48","guid":{"rendered":"http:\/\/www.visit-ulcinj.com\/blog\/?p=105941"},"modified":"2017-07-02T18:23:53","modified_gmt":"2017-07-02T17:23:53","slug":"ura-mediteranu-srecna-sezona-ali-izvrsite-vase-obaveze","status":"publish","type":"post","link":"https:\/\/www.visit-ulcinj.com\/blog\/2017\/07\/02\/ura-mediteranu-srecna-sezona-ali-izvrsite-vase-obaveze\/","title":{"rendered":"URA \u201cMediteranu\u201d: Srecna sezona, ali izvrsite vase obaveze"},"content":{"rendered":"<div id=\"attachment_105942\" style=\"width: 518px\" class=\"wp-caption alignleft\"><a href=\"http:\/\/www.visit-ulcinj.com\/blog\/wp-content\/uploads\/2017\/07\/Becovic-Management-Group-Hotel-Mediteran-Ulcinj-Montenegro.jpg\"><img aria-describedby=\"caption-attachment-105942\" loading=\"lazy\" class=\"wp-image-105942\" src=\"http:\/\/www.visit-ulcinj.com\/blog\/wp-content\/uploads\/2017\/07\/Becovic-Management-Group-Hotel-Mediteran-Ulcinj-Montenegro.jpg\" alt=\"Becovic Holdings announced today completion of a 3 Million Euro renovation of Hotel Mediteran Resort. The renovation work completed at this scenic Montenegrin coastal resort overlooking the Adriatic Sea included completely refurbished guest rooms, ballroom, and reception area., Ulcinj, Montenegro (PRWEB) June 28, 2007 Representatives of Becovic Holdings, Inc., and the hotel's management company, announced today the completion of a 3 Million Euro &quot;Phase 1&quot; renovation program at the Hotel Mediteran The work was completed in time for the resort's guests to enjoy during the busy high summer season along Montenegro's scenic coast. &quot;I'm proud of the quality we've achieved with this first phase of renovations at the resort,&quot; stated Mr. Isa Becovic, worldwide Managing Director of Becovic Holdings, Inc, &quot;it was important to the Becovic organization to show in this very first phase of renovation, our commitment to quality facilities and quality service, for our guests. Now we can focus on Phase 2 and Phase 3. We've begun.&quot; Becovic Holdings Inc. purchased the Hotel Mediteran Resort in July 2005 from the Bankruptcy Court of Podgorica (Montenegro), with plans to redevelop the property into a first-class coastal destination resort. Its Phase 1 renovation marks the completion of the company's first step towards this goal. The resort's guestroom refurbishment includes all-new solid wood furniture, including new wardrobes, desks, sitting chairs, mirrors, bed frames, and patio furniture. All new doors and windows have been installed. Finishing touches for the guest rooms include new heating and air conditioning systems, satellite television, draperies, and all new bedding and bath towels. The resort's reception area has been refurbished, including an Internet Cafe' in the lobby, and television viewing lounge adjacent to The Deck bar. The Hotel Mediteran Grand Ballroom boasts new carpeting, drapes, and lighting, and a refurbished catering kitchen. The ballroom, the largest clear-span event facility in the region, has already hosted wedding and other social gatherings involving more than 500 guests per event. &quot;As a new General Manager for the resort, I can't tell you how terrific it feels to see the Becovic commitment to guest service,&quot; said James T. Costa, General Manager of the Hotel Mediteran, &quot;and I've got a great story to tell with the additional amenities and facilities coming with Phase 2 and Phase 3 of the property's redevelopment. We're returning a grand old facility to its former glory.&quot; The Phase 2 and Phase 3 redevelopment program for the resort, includes a new guestroom tower with 4-star quality fittings, a spa offering natural treatments from the neighboring sea pine forests, a major casino complex, fitness center, and indoor-outdoor pool features. The Hotel Mediteran Resort at one time was a favorite of German, Italian, Russian and other European travelers. Among local residents, memories abound of nights filled with music on the hotel's terrace - now dubbed &quot;The Deck.&quot; Views of sunset over the Adriatic Sea from The Deck are well known in the region and considered by some as among the most spectacular in the greater Mediterranean coastal region. The resort also overlooks the beach, public promenade, and 2,000-year-old historic town of Ulcinj. Becovic Holdings, Inc. is a privately-held U.S.-based investment organization, based in Chicago, with diversified interests in real estate development, property services, media, apparel, and tourism. The firm is affiliated with Becovic Propeties and Becovic Management Group, related entities involved with real estate investment, development, and property management in the U.S., with portfolio concentrations in Illinois, Indiana and Arizona. Many of Becovic Properties' premium residential communities in the Chicago metropolitan area are situated just a short stroll from Lake Michigan, Lake Shore Drive, and downtown Chicago's entertainment, dining, and nightlife districts. Becovic Holdings, Inc. and related entities trace their roots back more than 30 years, when the Becovic family emigrated to the U.S. from what has now become the new nation of Montenegro. The Montenegro coastal resort region, centered in Ulcinj, is considered to be the world's #1 tour and travel growth market for the next decade, according to the World Travel Tourism Council.For more information or to make on-line reservations for summer 2007 at the Hotel Mediteran Resort, please call (in Montenegro) at +382 (0)85 403 124 or by visiting the resort's website (http:\/\/www.Hotel-Mediteran.com) Further information about Becovic Holdings Inc is available by visiting the company's website (http:\/\/www.becovicholdings.com). Contractors, vendors, and suppliers interested in bidding on next phases of the resort's redevelopment, should contact BHI owner's rep Stonecreek LLC for more information by visiting the firm's website (http:\/\/www.stonecreekllc.com). Queries concerning this media release may be made to BHI press representative Adventure Entertainment iMedia (http:\/\/www.adventureEC.com).\" width=\"508\" height=\"286\" srcset=\"https:\/\/www.visit-ulcinj.com\/blog\/wp-content\/uploads\/2017\/07\/Becovic-Management-Group-Hotel-Mediteran-Ulcinj-Montenegro.jpg 1100w, https:\/\/www.visit-ulcinj.com\/blog\/wp-content\/uploads\/2017\/07\/Becovic-Management-Group-Hotel-Mediteran-Ulcinj-Montenegro-300x169.jpg 300w, https:\/\/www.visit-ulcinj.com\/blog\/wp-content\/uploads\/2017\/07\/Becovic-Management-Group-Hotel-Mediteran-Ulcinj-Montenegro-768x432.jpg 768w, https:\/\/www.visit-ulcinj.com\/blog\/wp-content\/uploads\/2017\/07\/Becovic-Management-Group-Hotel-Mediteran-Ulcinj-Montenegro-1024x576.jpg 1024w\" sizes=\"(max-width: 508px) 100vw, 508px\" \/><\/a><p id=\"caption-attachment-105942\" class=\"wp-caption-text\"><a href=\"http:\/\/www.prweb.com\/releases\/2007\/6\/prweb535917.htm\"><strong> Becovic Holdings Completes 3 Million Euro Renovation of Guest Rooms and Banquet Hall at Hotel Mediteran in Ulcinj, Montenegro <\/strong><\/a><\/p><\/div>\n<p><strong>Saop\u0161tenje za javnost Op\u0161tinskog odbora Gra\u0111anskog pokreta Ulcinj, prenosi portal Ul.info.<\/strong><\/p>\n<p>Kao odgovoran politi\u010dki subjekt, u Ulcinju i u Crnoj Gori, GP URA se uvijek bavio i bavi\u0107e se privatizacionim temama. To nam name\u0107e realnost, jer je privatizacioni proces u na\u0161oj op\u0161tini bio neuspje\u0161an \u0161to zna\u010di da ima vi\u0161e nagativnih posljedica nego pozitivnih, bilo da se radi o privatizacijama u hotelskoj industriji, proizvodnji soli, tepiha ili u drugim djelatnostima.<\/p>\n<p>Nama je \u017eao \u0161to smo danas postali jedina partija koja se bavi neuspje\u0161nim privatizacijama u na\u0161oj opstini, ali to vi\u0161e govori o drugima nego o nama.<\/p>\n<p>Razlog \u0161to smo pomenuli hotel \u201cMediteran\u201d u na\u0161em saop\u0161tenju, a ne, kako ste Vi tvrdili, stavili u isti ko\u0161 sa hotelima koji su sru\u0161eni, jeste taj da prilikom kupovine pomenutog hotela obaveze kupca odnosno firme DOO \u201cBe\u0107ovi\u0107 Menagment\u201d su bile da se hotel renovira i prosiri na nivo od 4-5 ***** u roku od tri godine, \u0161to do danas nije uradjeno. Jedan od razloga jeste i taj da Op\u0161tina Ulcinj jo\u0161 nije usvojila planski dokument za Va\u0161u lokaciju odnosno UP \u201cMediteran\u201d za \u0161to ste i akontativno platili komunalije.<\/p>\n<p>Ovom prilikom priznajemo da i pored na\u0161eg insistiranja da se taj planski dokumenat \u0161to prije usvoji to do dan-danas nije uradjeno iz nama neobja\u0161njivih politi\u010dkih razloga. Saglasni smo da su Va\u0161a firma i hotel vanpoliti\u010dka opcija, ali i mi i Vi snosimo negativne posljedice \u0161to urbanisti\u010dki plan za Va\u0161u lokaciju, ali i \u0161to ostale lokacije godinama \u0161etaju od ormara do ormara ili od kancelarije do kancelarije \u0161to zna\u010di da \u017eivotna pitanja u na\u0161oj op\u0161tini postaju dio politi\u010dkih igara odredjenih politi\u010dkih partija.<\/p>\n<p>Rado bi smo bili Va\u0161i gosti i rado \u0107emo biti opet i u nadi da \u0161to prije budete u mogu\u0107nosti da izvr\u0161ite Va\u0161e preuzete obaveze kako biste unaprijedili hotelsku ponudu na\u0161eg grada.<\/p>\n<p>Takodje, \u017eelimo Vam uspje\u0161nu turisti\u010dku sezonu.<\/p>\n<p><a href=\"http:\/\/www.visit-ulcinj.com\/blog\/wp-content\/uploads\/2017\/07\/URA-Ulcinj-Ulqin.jpg\"><img loading=\"lazy\" class=\"alignleft wp-image-105945\" src=\"http:\/\/www.visit-ulcinj.com\/blog\/wp-content\/uploads\/2017\/07\/URA-Ulcinj-Ulqin.jpg\" alt=\"\" width=\"508\" height=\"286\" srcset=\"https:\/\/www.visit-ulcinj.com\/blog\/wp-content\/uploads\/2017\/07\/URA-Ulcinj-Ulqin.jpg 960w, https:\/\/www.visit-ulcinj.com\/blog\/wp-content\/uploads\/2017\/07\/URA-Ulcinj-Ulqin-300x169.jpg 300w, https:\/\/www.visit-ulcinj.com\/blog\/wp-content\/uploads\/2017\/07\/URA-Ulcinj-Ulqin-768x432.jpg 768w\" sizes=\"(max-width: 508px) 100vw, 508px\" \/><\/a><\/p>\n","protected":false},"excerpt":{"rendered":"<p>Saop\u0161tenje za javnost Op\u0161tinskog odbora Gra\u0111anskog pokreta Ulcinj, prenosi portal Ul.info. Kao odgovoran politi\u010dki subjekt, u Ulcinju i u Crnoj Gori, GP URA se uvijek bavio i bavi\u0107e se privatizacionim temama. To nam name\u0107e realnost, jer je privatizacioni proces u na\u0161oj op\u0161tini bio neuspje\u0161an \u0161to zna\u010di da ima vi\u0161e nagativnih posljedica nego pozitivnih, bilo da [&hellip;]<\/p>\n","protected":false},"author":1,"featured_media":0,"comment_status":"closed","ping_status":"closed","sticky":false,"template":"","format":"standard","meta":{"spay_email":"","jetpack_publicize_message":"","jetpack_is_tweetstorm":false,"jetpack_publicize_feature_enabled":true},"categories":[8337],"tags":[],"jetpack_publicize_connections":[],"yoast_head":"<!-- This site is optimized with the Yoast SEO plugin v19.1 - https:\/\/yoast.com\/wordpress\/plugins\/seo\/ -->\n<title>URA \u201cMediteranu\u201d: Srecna sezona, ali izvrsite vase obaveze - Lajme nga Ulqini<\/title>\n<meta name=\"description\" content=\"Saop\u0161tenje za javnost Op\u0161tinskog odbora Gra\u0111anskog pokreta Ulcinj, prenosi portal Ul.info. Kao odgovoran politi\u010dki subjekt, u Ulcinju i u Crnoj Gori, GP\" \/>\n<meta name=\"robots\" content=\"index, follow, max-snippet:-1, max-image-preview:large, max-video-preview:-1\" \/>\n<link rel=\"canonical\" href=\"https:\/\/www.visit-ulcinj.com\/blog\/2017\/07\/02\/ura-mediteranu-srecna-sezona-ali-izvrsite-vase-obaveze\/\" \/>\n<meta property=\"og:locale\" content=\"en_US\" \/>\n<meta property=\"og:type\" content=\"article\" \/>\n<meta property=\"og:title\" content=\"URA \u201cMediteranu\u201d: Srecna sezona, ali izvrsite vase obaveze - Lajme nga Ulqini\" \/>\n<meta property=\"og:description\" content=\"Saop\u0161tenje za javnost Op\u0161tinskog odbora Gra\u0111anskog pokreta Ulcinj, prenosi portal Ul.info. Kao odgovoran politi\u010dki subjekt, u Ulcinju i u Crnoj Gori, GP\" \/>\n<meta property=\"og:url\" content=\"https:\/\/www.visit-ulcinj.com\/blog\/2017\/07\/02\/ura-mediteranu-srecna-sezona-ali-izvrsite-vase-obaveze\/\" \/>\n<meta property=\"og:site_name\" content=\"Lajme nga Ulqini\" \/>\n<meta property=\"article:published_time\" content=\"2017-07-02T17:20:48+00:00\" \/>\n<meta property=\"article:modified_time\" content=\"2017-07-02T17:23:53+00:00\" \/>\n<meta property=\"og:image\" content=\"http:\/\/www.visit-ulcinj.com\/blog\/wp-content\/uploads\/2017\/07\/Becovic-Management-Group-Hotel-Mediteran-Ulcinj-Montenegro.jpg\" \/>\n<meta name=\"twitter:label1\" content=\"Written by\" \/>\n\t<meta name=\"twitter:data1\" content=\"ulqini\" \/>\n\t<meta name=\"twitter:label2\" content=\"Est. reading time\" \/>\n\t<meta name=\"twitter:data2\" content=\"2 minutes\" \/>\n<script type=\"application\/ld+json\" class=\"yoast-schema-graph\">{\"@context\":\"https:\/\/schema.org\",\"@graph\":[{\"@type\":\"WebSite\",\"@id\":\"https:\/\/www.visit-ulcinj.com\/blog\/#website\",\"url\":\"https:\/\/www.visit-ulcinj.com\/blog\/\",\"name\":\"Lajme nga Ulqini\",\"description\":\"Lajme,Vijesti,Ulqini,Ulqin,Crna Gora,Mali i Zi\",\"potentialAction\":[{\"@type\":\"SearchAction\",\"target\":{\"@type\":\"EntryPoint\",\"urlTemplate\":\"https:\/\/www.visit-ulcinj.com\/blog\/?s={search_term_string}\"},\"query-input\":\"required name=search_term_string\"}],\"inLanguage\":\"en-US\"},{\"@type\":\"ImageObject\",\"inLanguage\":\"en-US\",\"@id\":\"https:\/\/www.visit-ulcinj.com\/blog\/2017\/07\/02\/ura-mediteranu-srecna-sezona-ali-izvrsite-vase-obaveze\/#primaryimage\",\"url\":\"https:\/\/www.visit-ulcinj.com\/blog\/wp-content\/uploads\/2017\/07\/Becovic-Management-Group-Hotel-Mediteran-Ulcinj-Montenegro.jpg\",\"contentUrl\":\"https:\/\/www.visit-ulcinj.com\/blog\/wp-content\/uploads\/2017\/07\/Becovic-Management-Group-Hotel-Mediteran-Ulcinj-Montenegro.jpg\",\"width\":1100,\"height\":619},{\"@type\":\"WebPage\",\"@id\":\"https:\/\/www.visit-ulcinj.com\/blog\/2017\/07\/02\/ura-mediteranu-srecna-sezona-ali-izvrsite-vase-obaveze\/#webpage\",\"url\":\"https:\/\/www.visit-ulcinj.com\/blog\/2017\/07\/02\/ura-mediteranu-srecna-sezona-ali-izvrsite-vase-obaveze\/\",\"name\":\"URA \u201cMediteranu\u201d: Srecna sezona, ali izvrsite vase obaveze - Lajme nga Ulqini\",\"isPartOf\":{\"@id\":\"https:\/\/www.visit-ulcinj.com\/blog\/#website\"},\"primaryImageOfPage\":{\"@id\":\"https:\/\/www.visit-ulcinj.com\/blog\/2017\/07\/02\/ura-mediteranu-srecna-sezona-ali-izvrsite-vase-obaveze\/#primaryimage\"},\"datePublished\":\"2017-07-02T17:20:48+00:00\",\"dateModified\":\"2017-07-02T17:23:53+00:00\",\"author\":{\"@id\":\"https:\/\/www.visit-ulcinj.com\/blog\/#\/schema\/person\/dcab619c614d3038751c63bc2aadc06d\"},\"description\":\"Saop\u0161tenje za javnost Op\u0161tinskog odbora Gra\u0111anskog pokreta Ulcinj, prenosi portal Ul.info. Kao odgovoran politi\u010dki subjekt, u Ulcinju i u Crnoj Gori, GP\",\"breadcrumb\":{\"@id\":\"https:\/\/www.visit-ulcinj.com\/blog\/2017\/07\/02\/ura-mediteranu-srecna-sezona-ali-izvrsite-vase-obaveze\/#breadcrumb\"},\"inLanguage\":\"en-US\",\"potentialAction\":[{\"@type\":\"ReadAction\",\"target\":[\"https:\/\/www.visit-ulcinj.com\/blog\/2017\/07\/02\/ura-mediteranu-srecna-sezona-ali-izvrsite-vase-obaveze\/\"]}]},{\"@type\":\"BreadcrumbList\",\"@id\":\"https:\/\/www.visit-ulcinj.com\/blog\/2017\/07\/02\/ura-mediteranu-srecna-sezona-ali-izvrsite-vase-obaveze\/#breadcrumb\",\"itemListElement\":[{\"@type\":\"ListItem\",\"position\":1,\"name\":\"URA \u201cMediteranu\u201d: Srecna sezona, ali izvrsite vase obaveze\"}]},{\"@type\":\"Person\",\"@id\":\"https:\/\/www.visit-ulcinj.com\/blog\/#\/schema\/person\/dcab619c614d3038751c63bc2aadc06d\",\"name\":\"ulqini\",\"sameAs\":[\"http:\/\/www.visit-ulcinj.com\"],\"url\":\"https:\/\/www.visit-ulcinj.com\/blog\/author\/admin\/\"}]}<\/script>\n<!-- \/ Yoast SEO plugin. -->","yoast_head_json":{"title":"URA \u201cMediteranu\u201d: Srecna sezona, ali izvrsite vase obaveze - Lajme nga Ulqini","description":"Saop\u0161tenje za javnost Op\u0161tinskog odbora Gra\u0111anskog pokreta Ulcinj, prenosi portal Ul.info. Kao odgovoran politi\u010dki subjekt, u Ulcinju i u Crnoj Gori, GP","robots":{"index":"index","follow":"follow","max-snippet":"max-snippet:-1","max-image-preview":"max-image-preview:large","max-video-preview":"max-video-preview:-1"},"canonical":"https:\/\/www.visit-ulcinj.com\/blog\/2017\/07\/02\/ura-mediteranu-srecna-sezona-ali-izvrsite-vase-obaveze\/","og_locale":"en_US","og_type":"article","og_title":"URA \u201cMediteranu\u201d: Srecna sezona, ali izvrsite vase obaveze - Lajme nga Ulqini","og_description":"Saop\u0161tenje za javnost Op\u0161tinskog odbora Gra\u0111anskog pokreta Ulcinj, prenosi portal Ul.info. Kao odgovoran politi\u010dki subjekt, u Ulcinju i u Crnoj Gori, GP","og_url":"https:\/\/www.visit-ulcinj.com\/blog\/2017\/07\/02\/ura-mediteranu-srecna-sezona-ali-izvrsite-vase-obaveze\/","og_site_name":"Lajme nga Ulqini","article_published_time":"2017-07-02T17:20:48+00:00","article_modified_time":"2017-07-02T17:23:53+00:00","og_image":[{"url":"http:\/\/www.visit-ulcinj.com\/blog\/wp-content\/uploads\/2017\/07\/Becovic-Management-Group-Hotel-Mediteran-Ulcinj-Montenegro.jpg"}],"twitter_misc":{"Written by":"ulqini","Est. reading time":"2 minutes"},"schema":{"@context":"https:\/\/schema.org","@graph":[{"@type":"WebSite","@id":"https:\/\/www.visit-ulcinj.com\/blog\/#website","url":"https:\/\/www.visit-ulcinj.com\/blog\/","name":"Lajme nga Ulqini","description":"Lajme,Vijesti,Ulqini,Ulqin,Crna Gora,Mali i Zi","potentialAction":[{"@type":"SearchAction","target":{"@type":"EntryPoint","urlTemplate":"https:\/\/www.visit-ulcinj.com\/blog\/?s={search_term_string}"},"query-input":"required name=search_term_string"}],"inLanguage":"en-US"},{"@type":"ImageObject","inLanguage":"en-US","@id":"https:\/\/www.visit-ulcinj.com\/blog\/2017\/07\/02\/ura-mediteranu-srecna-sezona-ali-izvrsite-vase-obaveze\/#primaryimage","url":"https:\/\/www.visit-ulcinj.com\/blog\/wp-content\/uploads\/2017\/07\/Becovic-Management-Group-Hotel-Mediteran-Ulcinj-Montenegro.jpg","contentUrl":"https:\/\/www.visit-ulcinj.com\/blog\/wp-content\/uploads\/2017\/07\/Becovic-Management-Group-Hotel-Mediteran-Ulcinj-Montenegro.jpg","width":1100,"height":619},{"@type":"WebPage","@id":"https:\/\/www.visit-ulcinj.com\/blog\/2017\/07\/02\/ura-mediteranu-srecna-sezona-ali-izvrsite-vase-obaveze\/#webpage","url":"https:\/\/www.visit-ulcinj.com\/blog\/2017\/07\/02\/ura-mediteranu-srecna-sezona-ali-izvrsite-vase-obaveze\/","name":"URA \u201cMediteranu\u201d: Srecna sezona, ali izvrsite vase obaveze - Lajme nga Ulqini","isPartOf":{"@id":"https:\/\/www.visit-ulcinj.com\/blog\/#website"},"primaryImageOfPage":{"@id":"https:\/\/www.visit-ulcinj.com\/blog\/2017\/07\/02\/ura-mediteranu-srecna-sezona-ali-izvrsite-vase-obaveze\/#primaryimage"},"datePublished":"2017-07-02T17:20:48+00:00","dateModified":"2017-07-02T17:23:53+00:00","author":{"@id":"https:\/\/www.visit-ulcinj.com\/blog\/#\/schema\/person\/dcab619c614d3038751c63bc2aadc06d"},"description":"Saop\u0161tenje za javnost Op\u0161tinskog odbora Gra\u0111anskog pokreta Ulcinj, prenosi portal Ul.info. Kao odgovoran politi\u010dki subjekt, u Ulcinju i u Crnoj Gori, GP","breadcrumb":{"@id":"https:\/\/www.visit-ulcinj.com\/blog\/2017\/07\/02\/ura-mediteranu-srecna-sezona-ali-izvrsite-vase-obaveze\/#breadcrumb"},"inLanguage":"en-US","potentialAction":[{"@type":"ReadAction","target":["https:\/\/www.visit-ulcinj.com\/blog\/2017\/07\/02\/ura-mediteranu-srecna-sezona-ali-izvrsite-vase-obaveze\/"]}]},{"@type":"BreadcrumbList","@id":"https:\/\/www.visit-ulcinj.com\/blog\/2017\/07\/02\/ura-mediteranu-srecna-sezona-ali-izvrsite-vase-obaveze\/#breadcrumb","itemListElement":[{"@type":"ListItem","position":1,"name":"URA \u201cMediteranu\u201d: Srecna sezona, ali izvrsite vase obaveze"}]},{"@type":"Person","@id":"https:\/\/www.visit-ulcinj.com\/blog\/#\/schema\/person\/dcab619c614d3038751c63bc2aadc06d","name":"ulqini","sameAs":["http:\/\/www.visit-ulcinj.com"],"url":"https:\/\/www.visit-ulcinj.com\/blog\/author\/admin\/"}]}},"jetpack_featured_media_url":"","jetpack_sharing_enabled":true,"jetpack_shortlink":"https:\/\/wp.me\/pe6lTn-ryJ","_links":{"self":[{"href":"https:\/\/www.visit-ulcinj.com\/blog\/wp-json\/wp\/v2\/posts\/105941"}],"collection":[{"href":"https:\/\/www.visit-ulcinj.com\/blog\/wp-json\/wp\/v2\/posts"}],"about":[{"href":"https:\/\/www.visit-ulcinj.com\/blog\/wp-json\/wp\/v2\/types\/post"}],"author":[{"embeddable":true,"href":"https:\/\/www.visit-ulcinj.com\/blog\/wp-json\/wp\/v2\/users\/1"}],"replies":[{"embeddable":true,"href":"https:\/\/www.visit-ulcinj.com\/blog\/wp-json\/wp\/v2\/comments?post=105941"}],"version-history":[{"count":4,"href":"https:\/\/www.visit-ulcinj.com\/blog\/wp-json\/wp\/v2\/posts\/105941\/revisions"}],"predecessor-version":[{"id":105947,"href":"https:\/\/www.visit-ulcinj.com\/blog\/wp-json\/wp\/v2\/posts\/105941\/revisions\/105947"}],"wp:attachment":[{"href":"https:\/\/www.visit-ulcinj.com\/blog\/wp-json\/wp\/v2\/media?parent=105941"}],"wp:term":[{"taxonomy":"category","embeddable":true,"href":"https:\/\/www.visit-ulcinj.com\/blog\/wp-json\/wp\/v2\/categories?post=105941"},{"taxonomy":"post_tag","embeddable":true,"href":"https:\/\/www.visit-ulcinj.com\/blog\/wp-json\/wp\/v2\/tags?post=105941"}],"curies":[{"name":"wp","href":"https:\/\/api.w.org\/{rel}","templated":true}]}}