{"id":105948,"date":"2017-07-02T19:50:24","date_gmt":"2017-07-02T18:50:24","guid":{"rendered":"http:\/\/www.visit-ulcinj.com\/blog\/?p=105948"},"modified":"2017-07-03T10:35:55","modified_gmt":"2017-07-03T09:35:55","slug":"shoqata-ora-organizoi-aksionin-e-pastrimit-te-ures-se-vjeter-te-klleznes","status":"publish","type":"post","link":"https:\/\/www.visit-ulcinj.com\/blog\/2017\/07\/02\/shoqata-ora-organizoi-aksionin-e-pastrimit-te-ures-se-vjeter-te-klleznes\/","title":{"rendered":"Shoqata \u201cOra\u201d organizoi aksionin e pastrimit t\u00eb ur\u00ebs s\u00eb vjet\u00ebr t\u00eb Kllezn\u00ebs"},"content":{"rendered":"<p><strong><a href=\"http:\/\/www.visit-ulcinj.com\/blog\/wp-content\/uploads\/2017\/07\/Shoqata-Ora-organizoi-aksionin-e-pastrimit-t\u00eb-ur\u00ebs-s\u00eb-vjet\u00ebr-t\u00eb-Kllezn\u00ebs.jpg\"><img loading=\"lazy\" class=\"alignleft wp-image-105949\" src=\"http:\/\/www.visit-ulcinj.com\/blog\/wp-content\/uploads\/2017\/07\/Shoqata-Ora-organizoi-aksionin-e-pastrimit-t\u00eb-ur\u00ebs-s\u00eb-vjet\u00ebr-t\u00eb-Kllezn\u00ebs.jpg\" alt=\"\" width=\"508\" height=\"381\" srcset=\"https:\/\/www.visit-ulcinj.com\/blog\/wp-content\/uploads\/2017\/07\/Shoqata-Ora-organizoi-aksionin-e-pastrimit-t\u00eb-ur\u00ebs-s\u00eb-vjet\u00ebr-t\u00eb-Kllezn\u00ebs.jpg 827w, https:\/\/www.visit-ulcinj.com\/blog\/wp-content\/uploads\/2017\/07\/Shoqata-Ora-organizoi-aksionin-e-pastrimit-t\u00eb-ur\u00ebs-s\u00eb-vjet\u00ebr-t\u00eb-Kllezn\u00ebs-300x225.jpg 300w, https:\/\/www.visit-ulcinj.com\/blog\/wp-content\/uploads\/2017\/07\/Shoqata-Ora-organizoi-aksionin-e-pastrimit-t\u00eb-ur\u00ebs-s\u00eb-vjet\u00ebr-t\u00eb-Kllezn\u00ebs-768x576.jpg 768w\" sizes=\"(max-width: 508px) 100vw, 508px\" \/><\/a>Shoqata \u201cOra me ndihm\u00ebn e Nd\u00ebrmarrjes Publike \u201cVeprimtarit\u00eb Komunale\u201d organizoi t\u00eb shtun\u00ebn, m\u00eb 1 korrik 2017, aksionin e pastrimit t\u00eb Ur\u00ebs s\u00eb Vjet\u00ebr t\u00eb Kllezn\u00ebs.<\/strong><\/p>\n<p>N\u00eb aksion mor\u00ebn pjes\u00eb an\u00ebtar\u00eb t\u00eb Shoqat\u00ebs, disa t\u00eb rinj nga fshati Kllez\u00ebn dhe pun\u00ebtor\u00eb t\u00eb angazhuar p\u00ebr pastrim. Aksioni ishte n\u00eb vazhd\u00ebn e aktiviteteve t\u00eb Shoqat\u00ebs \u201cOra\u201d p\u00ebr mbrojtjen dhe mir\u00ebmbajtjen e monumenteve kulturore-historike, si prioritet i \u00e7do shoq\u00ebrie. Ai u zhvillua n\u00eb fillim t\u00eb sezonit turistik dhe ka p\u00ebr q\u00ebllim nd\u00ebrgjegj\u00ebsimin e qytetar\u00ebve p\u00ebr ruajtjen e mjedisit, t\u00ebrheqjen e v\u00ebmendjes s\u00eb munguar t\u00eb institucioneve p\u00ebrgjegj\u00ebse komunale dhe shtet\u00ebrore, si dhe krijimin e kushteve p\u00ebr vendosjen e k\u00ebtij monumenti n\u00eb sh\u00ebrbim t\u00eb turizmit si pik\u00eb p\u00ebr vizitor\u00eb.<\/p>\n<p>Ura e Vjet\u00ebr e Kllezn\u00ebs p\u00ebrb\u00ebn nj\u00eb nga monumentet kulturore-historike me r\u00ebnd\u00ebsi t\u00eb ve\u00e7ant\u00eb n\u00eb Komun\u00ebn e Ulqinit. Ajo mendohet t\u00eb jet\u00eb nd\u00ebrtuar rreth vitit 1696\/1697 dhe ka sh\u00ebrbyer p\u00ebr lidhjen e Shkodr\u00ebs me Ulqinin deri n\u00eb vitin 1954, kur pran\u00eb saj u nd\u00ebrtua ura e re, me \u00e7\u2019rast Ura e Vjet\u00ebr doli jasht\u00eb p\u00ebrdorimit. Ndon\u00ebse p\u00ebrb\u00ebn nj\u00eb objekt mbi 300-vje\u00e7ar, me arkitektur\u00eb impozante dhe paraqet nj\u00eb monument unikat n\u00eb Komun\u00ebn e Ulqinit dhe n\u00eb Mal t\u00eb Zi, \u00a0fatkeq\u00ebsisht nuk ndodhet n\u00eb regjistrin e monumenteve kulturore-historike t\u00eb mbrojtura me ligj.<\/p>\n<p>Shoqata \u201cOra\u201d ka nd\u00ebrmarr\u00eb deri tani nj\u00eb s\u00ebr\u00eb nismash dhe aktivitetesh konkrete me q\u00ebllim t\u00eb mbrojtjes, konservimit, rikonstruktimit dhe valorizimit t\u00eb Ur\u00ebs s\u00eb Vjet\u00ebr t\u00eb Kllezn\u00ebs q\u00eb do t\u00eb mund\u00ebsonin futjen e saj n\u00eb agjend\u00ebn turistike.<\/p>\n<p>&nbsp;<\/p>\n<p>Ulqin, m\u00eb 1 korrik 2017<\/p>\n\n\t\t<style type=\"text\/css\">\n\t\t\t#gallery-1 {\n\t\t\t\tmargin: auto;\n\t\t\t}\n\t\t\t#gallery-1 .gallery-item {\n\t\t\t\tfloat: left;\n\t\t\t\tmargin-top: 10px;\n\t\t\t\ttext-align: center;\n\t\t\t\twidth: 33%;\n\t\t\t}\n\t\t\t#gallery-1 img {\n\t\t\t\tborder: 2px solid #cfcfcf;\n\t\t\t}\n\t\t\t#gallery-1 .gallery-caption {\n\t\t\t\tmargin-left: 0;\n\t\t\t}\n\t\t\t\/* see gallery_shortcode() in wp-includes\/media.php *\/\n\t\t<\/style>\n\t\t<div id='gallery-1' class='gallery galleryid-105948 gallery-columns-3 gallery-size-thumbnail'><dl class='gallery-item'>\n\t\t\t<dt class='gallery-icon portrait'>\n\t\t\t\t<a href='https:\/\/www.visit-ulcinj.com\/blog\/2017\/07\/02\/shoqata-ora-organizoi-aksionin-e-pastrimit-te-ures-se-vjeter-te-klleznes\/shoqata-ora-organizoi-aksionin-e-pastrimit-te-ures-se-vjeter-te-klleznes-1\/'><img width=\"150\" height=\"150\" src=\"https:\/\/www.visit-ulcinj.com\/blog\/wp-content\/uploads\/2017\/07\/Shoqata-Ora-organizoi-aksionin-e-pastrimit-t\u00eb-ur\u00ebs-s\u00eb-vjet\u00ebr-t\u00eb-Kllezn\u00ebs-1-150x150.jpg\" class=\"attachment-thumbnail size-thumbnail\" alt=\"\" loading=\"lazy\" \/><\/a>\n\t\t\t<\/dt><\/dl><dl class='gallery-item'>\n\t\t\t<dt class='gallery-icon landscape'>\n\t\t\t\t<a href='https:\/\/www.visit-ulcinj.com\/blog\/2017\/07\/02\/shoqata-ora-organizoi-aksionin-e-pastrimit-te-ures-se-vjeter-te-klleznes\/shoqata-ora-organizoi-aksionin-e-pastrimit-te-ures-se-vjeter-te-klleznes-2\/'><img width=\"150\" height=\"150\" src=\"https:\/\/www.visit-ulcinj.com\/blog\/wp-content\/uploads\/2017\/07\/Shoqata-Ora-organizoi-aksionin-e-pastrimit-t\u00eb-ur\u00ebs-s\u00eb-vjet\u00ebr-t\u00eb-Kllezn\u00ebs-2-150x150.jpg\" class=\"attachment-thumbnail size-thumbnail\" alt=\"\" loading=\"lazy\" \/><\/a>\n\t\t\t<\/dt><\/dl><dl class='gallery-item'>\n\t\t\t<dt class='gallery-icon portrait'>\n\t\t\t\t<a href='https:\/\/www.visit-ulcinj.com\/blog\/2017\/07\/02\/shoqata-ora-organizoi-aksionin-e-pastrimit-te-ures-se-vjeter-te-klleznes\/shoqata-ora-organizoi-aksionin-e-pastrimit-te-ures-se-vjeter-te-klleznes-3\/'><img width=\"150\" height=\"150\" src=\"https:\/\/www.visit-ulcinj.com\/blog\/wp-content\/uploads\/2017\/07\/Shoqata-Ora-organizoi-aksionin-e-pastrimit-t\u00eb-ur\u00ebs-s\u00eb-vjet\u00ebr-t\u00eb-Kllezn\u00ebs-3-150x150.jpg\" class=\"attachment-thumbnail size-thumbnail\" alt=\"\" loading=\"lazy\" \/><\/a>\n\t\t\t<\/dt><\/dl><br style=\"clear: both\" \/>\n\t\t<\/div>\n\n","protected":false},"excerpt":{"rendered":"<p>Shoqata \u201cOra me ndihm\u00ebn e Nd\u00ebrmarrjes Publike \u201cVeprimtarit\u00eb Komunale\u201d organizoi t\u00eb shtun\u00ebn, m\u00eb 1 korrik 2017, aksionin e pastrimit t\u00eb Ur\u00ebs s\u00eb Vjet\u00ebr t\u00eb Kllezn\u00ebs. N\u00eb aksion mor\u00ebn pjes\u00eb an\u00ebtar\u00eb t\u00eb Shoqat\u00ebs, disa t\u00eb rinj nga fshati Kllez\u00ebn dhe pun\u00ebtor\u00eb t\u00eb angazhuar p\u00ebr pastrim. Aksioni ishte n\u00eb vazhd\u00ebn e aktiviteteve t\u00eb Shoqat\u00ebs \u201cOra\u201d p\u00ebr mbrojtjen [&hellip;]<\/p>\n","protected":false},"author":1,"featured_media":0,"comment_status":"closed","ping_status":"closed","sticky":false,"template":"","format":"standard","meta":{"spay_email":"","jetpack_publicize_message":"","jetpack_is_tweetstorm":false,"jetpack_publicize_feature_enabled":true},"categories":[1,2451],"tags":[],"jetpack_publicize_connections":[],"yoast_head":"<!-- This site is optimized with the Yoast SEO plugin v19.1 - https:\/\/yoast.com\/wordpress\/plugins\/seo\/ -->\n<title>Shoqata \u201cOra\u201d organizoi aksionin e pastrimit t\u00eb ur\u00ebs s\u00eb vjet\u00ebr t\u00eb Kllezn\u00ebs - Lajme nga Ulqini<\/title>\n<meta name=\"description\" content=\"Shoqata \u201cOra me ndihm\u00ebn e Nd\u00ebrmarrjes Publike \u201cVeprimtarit\u00eb Komunale\u201d organizoi t\u00eb shtun\u00ebn, m\u00eb 1 korrik 2017, aksionin e pastrimit t\u00eb Ur\u00ebs s\u00eb Vjet\u00ebr t\u00eb\" \/>\n<meta name=\"robots\" content=\"index, follow, max-snippet:-1, max-image-preview:large, max-video-preview:-1\" \/>\n<link rel=\"canonical\" href=\"https:\/\/www.visit-ulcinj.com\/blog\/2017\/07\/02\/shoqata-ora-organizoi-aksionin-e-pastrimit-te-ures-se-vjeter-te-klleznes\/\" \/>\n<meta property=\"og:locale\" content=\"en_US\" \/>\n<meta property=\"og:type\" content=\"article\" \/>\n<meta property=\"og:title\" content=\"Shoqata \u201cOra\u201d organizoi aksionin e pastrimit t\u00eb ur\u00ebs s\u00eb vjet\u00ebr t\u00eb Kllezn\u00ebs - Lajme nga Ulqini\" \/>\n<meta property=\"og:description\" content=\"Shoqata \u201cOra me ndihm\u00ebn e Nd\u00ebrmarrjes Publike \u201cVeprimtarit\u00eb Komunale\u201d organizoi t\u00eb shtun\u00ebn, m\u00eb 1 korrik 2017, aksionin e pastrimit t\u00eb Ur\u00ebs s\u00eb Vjet\u00ebr t\u00eb\" \/>\n<meta property=\"og:url\" content=\"https:\/\/www.visit-ulcinj.com\/blog\/2017\/07\/02\/shoqata-ora-organizoi-aksionin-e-pastrimit-te-ures-se-vjeter-te-klleznes\/\" \/>\n<meta property=\"og:site_name\" content=\"Lajme nga Ulqini\" \/>\n<meta property=\"article:published_time\" content=\"2017-07-02T18:50:24+00:00\" \/>\n<meta property=\"article:modified_time\" content=\"2017-07-03T09:35:55+00:00\" \/>\n<meta property=\"og:image\" content=\"https:\/\/www.visit-ulcinj.com\/blog\/wp-content\/uploads\/2017\/07\/Shoqata-Ora-organizoi-aksionin-e-pastrimit-t\u00eb-ur\u00ebs-s\u00eb-vjet\u00ebr-t\u00eb-Kllezn\u00ebs-1-150x150.jpg\" \/>\n<meta name=\"twitter:label1\" content=\"Written by\" \/>\n\t<meta name=\"twitter:data1\" content=\"ulqini\" \/>\n\t<meta name=\"twitter:label2\" content=\"Est. reading time\" \/>\n\t<meta name=\"twitter:data2\" content=\"2 minutes\" \/>\n<script type=\"application\/ld+json\" class=\"yoast-schema-graph\">{\"@context\":\"https:\/\/schema.org\",\"@graph\":[{\"@type\":\"WebSite\",\"@id\":\"https:\/\/www.visit-ulcinj.com\/blog\/#website\",\"url\":\"https:\/\/www.visit-ulcinj.com\/blog\/\",\"name\":\"Lajme nga Ulqini\",\"description\":\"Lajme,Vijesti,Ulqini,Ulqin,Crna Gora,Mali i Zi\",\"potentialAction\":[{\"@type\":\"SearchAction\",\"target\":{\"@type\":\"EntryPoint\",\"urlTemplate\":\"https:\/\/www.visit-ulcinj.com\/blog\/?s={search_term_string}\"},\"query-input\":\"required name=search_term_string\"}],\"inLanguage\":\"en-US\"},{\"@type\":\"WebPage\",\"@id\":\"https:\/\/www.visit-ulcinj.com\/blog\/2017\/07\/02\/shoqata-ora-organizoi-aksionin-e-pastrimit-te-ures-se-vjeter-te-klleznes\/#webpage\",\"url\":\"https:\/\/www.visit-ulcinj.com\/blog\/2017\/07\/02\/shoqata-ora-organizoi-aksionin-e-pastrimit-te-ures-se-vjeter-te-klleznes\/\",\"name\":\"Shoqata \u201cOra\u201d organizoi aksionin e pastrimit t\u00eb ur\u00ebs s\u00eb vjet\u00ebr t\u00eb Kllezn\u00ebs - Lajme nga Ulqini\",\"isPartOf\":{\"@id\":\"https:\/\/www.visit-ulcinj.com\/blog\/#website\"},\"datePublished\":\"2017-07-02T18:50:24+00:00\",\"dateModified\":\"2017-07-03T09:35:55+00:00\",\"author\":{\"@id\":\"https:\/\/www.visit-ulcinj.com\/blog\/#\/schema\/person\/dcab619c614d3038751c63bc2aadc06d\"},\"description\":\"Shoqata \u201cOra me ndihm\u00ebn e Nd\u00ebrmarrjes Publike \u201cVeprimtarit\u00eb Komunale\u201d organizoi t\u00eb shtun\u00ebn, m\u00eb 1 korrik 2017, aksionin e pastrimit t\u00eb Ur\u00ebs s\u00eb Vjet\u00ebr t\u00eb\",\"breadcrumb\":{\"@id\":\"https:\/\/www.visit-ulcinj.com\/blog\/2017\/07\/02\/shoqata-ora-organizoi-aksionin-e-pastrimit-te-ures-se-vjeter-te-klleznes\/#breadcrumb\"},\"inLanguage\":\"en-US\",\"potentialAction\":[{\"@type\":\"ReadAction\",\"target\":[\"https:\/\/www.visit-ulcinj.com\/blog\/2017\/07\/02\/shoqata-ora-organizoi-aksionin-e-pastrimit-te-ures-se-vjeter-te-klleznes\/\"]}]},{\"@type\":\"BreadcrumbList\",\"@id\":\"https:\/\/www.visit-ulcinj.com\/blog\/2017\/07\/02\/shoqata-ora-organizoi-aksionin-e-pastrimit-te-ures-se-vjeter-te-klleznes\/#breadcrumb\",\"itemListElement\":[{\"@type\":\"ListItem\",\"position\":1,\"name\":\"Shoqata \u201cOra\u201d organizoi aksionin e pastrimit t\u00eb ur\u00ebs s\u00eb vjet\u00ebr t\u00eb Kllezn\u00ebs\"}]},{\"@type\":\"Person\",\"@id\":\"https:\/\/www.visit-ulcinj.com\/blog\/#\/schema\/person\/dcab619c614d3038751c63bc2aadc06d\",\"name\":\"ulqini\",\"sameAs\":[\"http:\/\/www.visit-ulcinj.com\"],\"url\":\"https:\/\/www.visit-ulcinj.com\/blog\/author\/admin\/\"}]}<\/script>\n<!-- \/ Yoast SEO plugin. -->","yoast_head_json":{"title":"Shoqata \u201cOra\u201d organizoi aksionin e pastrimit t\u00eb ur\u00ebs s\u00eb vjet\u00ebr t\u00eb Kllezn\u00ebs - Lajme nga Ulqini","description":"Shoqata \u201cOra me ndihm\u00ebn e Nd\u00ebrmarrjes Publike \u201cVeprimtarit\u00eb Komunale\u201d organizoi t\u00eb shtun\u00ebn, m\u00eb 1 korrik 2017, aksionin e pastrimit t\u00eb Ur\u00ebs s\u00eb Vjet\u00ebr t\u00eb","robots":{"index":"index","follow":"follow","max-snippet":"max-snippet:-1","max-image-preview":"max-image-preview:large","max-video-preview":"max-video-preview:-1"},"canonical":"https:\/\/www.visit-ulcinj.com\/blog\/2017\/07\/02\/shoqata-ora-organizoi-aksionin-e-pastrimit-te-ures-se-vjeter-te-klleznes\/","og_locale":"en_US","og_type":"article","og_title":"Shoqata \u201cOra\u201d organizoi aksionin e pastrimit t\u00eb ur\u00ebs s\u00eb vjet\u00ebr t\u00eb Kllezn\u00ebs - Lajme nga Ulqini","og_description":"Shoqata \u201cOra me ndihm\u00ebn e Nd\u00ebrmarrjes Publike \u201cVeprimtarit\u00eb Komunale\u201d organizoi t\u00eb shtun\u00ebn, m\u00eb 1 korrik 2017, aksionin e pastrimit t\u00eb Ur\u00ebs s\u00eb Vjet\u00ebr t\u00eb","og_url":"https:\/\/www.visit-ulcinj.com\/blog\/2017\/07\/02\/shoqata-ora-organizoi-aksionin-e-pastrimit-te-ures-se-vjeter-te-klleznes\/","og_site_name":"Lajme nga Ulqini","article_published_time":"2017-07-02T18:50:24+00:00","article_modified_time":"2017-07-03T09:35:55+00:00","og_image":[{"url":"https:\/\/www.visit-ulcinj.com\/blog\/wp-content\/uploads\/2017\/07\/Shoqata-Ora-organizoi-aksionin-e-pastrimit-t\u00eb-ur\u00ebs-s\u00eb-vjet\u00ebr-t\u00eb-Kllezn\u00ebs-1-150x150.jpg"}],"twitter_misc":{"Written by":"ulqini","Est. reading time":"2 minutes"},"schema":{"@context":"https:\/\/schema.org","@graph":[{"@type":"WebSite","@id":"https:\/\/www.visit-ulcinj.com\/blog\/#website","url":"https:\/\/www.visit-ulcinj.com\/blog\/","name":"Lajme nga Ulqini","description":"Lajme,Vijesti,Ulqini,Ulqin,Crna Gora,Mali i Zi","potentialAction":[{"@type":"SearchAction","target":{"@type":"EntryPoint","urlTemplate":"https:\/\/www.visit-ulcinj.com\/blog\/?s={search_term_string}"},"query-input":"required name=search_term_string"}],"inLanguage":"en-US"},{"@type":"WebPage","@id":"https:\/\/www.visit-ulcinj.com\/blog\/2017\/07\/02\/shoqata-ora-organizoi-aksionin-e-pastrimit-te-ures-se-vjeter-te-klleznes\/#webpage","url":"https:\/\/www.visit-ulcinj.com\/blog\/2017\/07\/02\/shoqata-ora-organizoi-aksionin-e-pastrimit-te-ures-se-vjeter-te-klleznes\/","name":"Shoqata \u201cOra\u201d organizoi aksionin e pastrimit t\u00eb ur\u00ebs s\u00eb vjet\u00ebr t\u00eb Kllezn\u00ebs - Lajme nga Ulqini","isPartOf":{"@id":"https:\/\/www.visit-ulcinj.com\/blog\/#website"},"datePublished":"2017-07-02T18:50:24+00:00","dateModified":"2017-07-03T09:35:55+00:00","author":{"@id":"https:\/\/www.visit-ulcinj.com\/blog\/#\/schema\/person\/dcab619c614d3038751c63bc2aadc06d"},"description":"Shoqata \u201cOra me ndihm\u00ebn e Nd\u00ebrmarrjes Publike \u201cVeprimtarit\u00eb Komunale\u201d organizoi t\u00eb shtun\u00ebn, m\u00eb 1 korrik 2017, aksionin e pastrimit t\u00eb Ur\u00ebs s\u00eb Vjet\u00ebr t\u00eb","breadcrumb":{"@id":"https:\/\/www.visit-ulcinj.com\/blog\/2017\/07\/02\/shoqata-ora-organizoi-aksionin-e-pastrimit-te-ures-se-vjeter-te-klleznes\/#breadcrumb"},"inLanguage":"en-US","potentialAction":[{"@type":"ReadAction","target":["https:\/\/www.visit-ulcinj.com\/blog\/2017\/07\/02\/shoqata-ora-organizoi-aksionin-e-pastrimit-te-ures-se-vjeter-te-klleznes\/"]}]},{"@type":"BreadcrumbList","@id":"https:\/\/www.visit-ulcinj.com\/blog\/2017\/07\/02\/shoqata-ora-organizoi-aksionin-e-pastrimit-te-ures-se-vjeter-te-klleznes\/#breadcrumb","itemListElement":[{"@type":"ListItem","position":1,"name":"Shoqata \u201cOra\u201d organizoi aksionin e pastrimit t\u00eb ur\u00ebs s\u00eb vjet\u00ebr t\u00eb Kllezn\u00ebs"}]},{"@type":"Person","@id":"https:\/\/www.visit-ulcinj.com\/blog\/#\/schema\/person\/dcab619c614d3038751c63bc2aadc06d","name":"ulqini","sameAs":["http:\/\/www.visit-ulcinj.com"],"url":"https:\/\/www.visit-ulcinj.com\/blog\/author\/admin\/"}]}},"jetpack_featured_media_url":"","jetpack_sharing_enabled":true,"jetpack_shortlink":"https:\/\/wp.me\/pe6lTn-ryQ","_links":{"self":[{"href":"https:\/\/www.visit-ulcinj.com\/blog\/wp-json\/wp\/v2\/posts\/105948"}],"collection":[{"href":"https:\/\/www.visit-ulcinj.com\/blog\/wp-json\/wp\/v2\/posts"}],"about":[{"href":"https:\/\/www.visit-ulcinj.com\/blog\/wp-json\/wp\/v2\/types\/post"}],"author":[{"embeddable":true,"href":"https:\/\/www.visit-ulcinj.com\/blog\/wp-json\/wp\/v2\/users\/1"}],"replies":[{"embeddable":true,"href":"https:\/\/www.visit-ulcinj.com\/blog\/wp-json\/wp\/v2\/comments?post=105948"}],"version-history":[{"count":2,"href":"https:\/\/www.visit-ulcinj.com\/blog\/wp-json\/wp\/v2\/posts\/105948\/revisions"}],"predecessor-version":[{"id":105954,"href":"https:\/\/www.visit-ulcinj.com\/blog\/wp-json\/wp\/v2\/posts\/105948\/revisions\/105954"}],"wp:attachment":[{"href":"https:\/\/www.visit-ulcinj.com\/blog\/wp-json\/wp\/v2\/media?parent=105948"}],"wp:term":[{"taxonomy":"category","embeddable":true,"href":"https:\/\/www.visit-ulcinj.com\/blog\/wp-json\/wp\/v2\/categories?post=105948"},{"taxonomy":"post_tag","embeddable":true,"href":"https:\/\/www.visit-ulcinj.com\/blog\/wp-json\/wp\/v2\/tags?post=105948"}],"curies":[{"name":"wp","href":"https:\/\/api.w.org\/{rel}","templated":true}]}}