{"id":105963,"date":"2017-07-03T18:33:26","date_gmt":"2017-07-03T17:33:26","guid":{"rendered":"http:\/\/www.visit-ulcinj.com\/blog\/?p=105963"},"modified":"2017-07-03T18:33:26","modified_gmt":"2017-07-03T17:33:26","slug":"nika-ujin-nga-ujesjellesi-regjional-qytetaret-e-ulqinit-e-blejne-qesim-dhe-e-paguajne-teveqel","status":"publish","type":"post","link":"https:\/\/www.visit-ulcinj.com\/blog\/2017\/07\/03\/nika-ujin-nga-ujesjellesi-regjional-qytetaret-e-ulqinit-e-blejne-qesim-dhe-e-paguajne-teveqel\/","title":{"rendered":"Nika: Ujin nga uj\u00ebsjell\u00ebsi regjional qytetar\u00ebt e Ulqinit e blejn\u00eb qesim dhe e paguajn\u00eb teveqel"},"content":{"rendered":"<p><strong><em><a href=\"http:\/\/www.visit-ulcinj.com\/blog\/wp-content\/uploads\/2017\/07\/matesi_i_ujit.jpg\"><img loading=\"lazy\" class=\"alignleft wp-image-105964\" src=\"http:\/\/www.visit-ulcinj.com\/blog\/wp-content\/uploads\/2017\/07\/matesi_i_ujit.jpg\" alt=\"\" width=\"508\" height=\"309\" srcset=\"https:\/\/www.visit-ulcinj.com\/blog\/wp-content\/uploads\/2017\/07\/matesi_i_ujit.jpg 860w, https:\/\/www.visit-ulcinj.com\/blog\/wp-content\/uploads\/2017\/07\/matesi_i_ujit-300x182.jpg 300w, https:\/\/www.visit-ulcinj.com\/blog\/wp-content\/uploads\/2017\/07\/matesi_i_ujit-768x467.jpg 768w\" sizes=\"(max-width: 508px) 100vw, 508px\" \/><\/a>K\u00ebshtu deklaron drejtori i uj\u00ebsjell\u00ebsit p\u00ebr TV Teut\u00eb..?!!<\/em><\/strong><\/p>\n<p><strong>Shkruan Muhamet Nika<\/strong><\/p>\n<p>P\u00ebr sa i p\u00ebrket\u00a0 konstatimit\u00a0 t\u00eb drejtorit t\u00eb komunal\u00ebs rreth bllokad\u00ebs s\u00eb mjeteve\u00a0 p\u00ebr\u00a0 borxhin\u00a0\u00a0 e\u00a0 krijuar nga mos shlyerja e detyrimit\u00a0 nga blerja e\u00a0 ujit , pam\u00eb q\u00eb ai n\u00eb nj\u00eb intervist\u00eb p\u00ebr Teut\u00eb\u00a0 \u00a0t\u00eb\u00a0 faj\u00ebsoj\u00eb\u00a0 kryetarin\u00a0 q\u00eb \u00a0si\u00e7 tha :\u201d&#8230; Po t\u00eb ishte vullneti i mir\u00eb i kryetarit t\u00eb komun\u00ebs q\u00eb nj\u00eb pjes\u00eb \u00a0t\u00eb borxhit\u00a0 i cili \u00ebsht\u00eb artificial( shih, \u00a0nuk ekziston- pra\u00a0 kryetari\u00a0 t\u00eb pagunte faturat\u00a0 teveqel, at\u00eb q\u00eb drejtori blen qesim&#8230;), puna do t\u00eb ishte FARE \u00a0n\u00eb rregull?!!!<\/p>\n<p>Ai sqaroi m\u00eb tej, \u00a0me t\u00eb tij\u00ebn, \u00a0se \u201c&#8230;Neve \u00a0uj\u00ebsjell\u00ebsi regjional , na faturon uj\u00eb, rreth 240 mij\u00eb euro , nd\u00ebrsa shfryt\u00ebzojm\u00eb\u00a0 diku rreth 80 -90 mij\u00eb euro, pjesa tjet\u00ebr \u00ebsht\u00eb humbje e kot\u00eb e mjeteve..\u201d?!!!!<\/p>\n<p>Tash ti, sipas neve , \u00a0n\u00eb k\u00ebt\u00eb k\u00ebrkes\u00eb t\u00eb drejtorit p\u00ebr kryetarin , ka shum\u00eb dilema q\u00eb nuk mund t\u00eb zgjidhen k\u00ebshtu n\u00eb m\u00ebnyr\u00eb paushale\u00a0 n\u00eb nj\u00eb emision si ky- \u00a0andaj po shtoj:<\/p>\n<p>P\u00ebr mua\u00a0 k\u00ebtu kemi\u00a0 t\u00eb b\u00ebjm\u00eb me nj\u00eb konstatim t\u00eb \u00e7uditsh\u00ebm dhe fare t\u00eb pa ligjsh\u00ebm- bile si praktik\u00eb \u00a0edhe\u00a0 t\u00eb rrezikshme sepse n\u00eb mas\u00eb t\u00eb madhe do t\u00eb\u00a0 neutralizonte\u00a0 pun\u00ebn kontrolluese\u00a0 t\u00eb pushtetit lokal- \u00a0qytetar\u00ebve-kuvendit\u00a0 rreth \u00e7mimit t\u00eb ujit.<\/p>\n<p>Andaj \u00a0edhe shtojm\u00eb\u00a0 :<\/p>\n<ul>\n<li><strong><em>Si i urdh\u00ebrohet tjetrit &#8211; themeluesit q\u00eb t\u00eb marr\u00eb p\u00ebrsip\u00ebr t\u00eb paguaj\u00eb\u00a0\u00a0 nj\u00eb shum\u00eb t\u00eb borxhit , si\u00e7 thuhet artificial- t\u00eb pa qen\u00eb , prej 50 mij\u00eb euro- uj\u00eb t\u00eb tretur..?!<\/em><\/strong><\/li>\n<\/ul>\n<p><strong><em>Po kontratat\u00a0 e borxhit ekzistues\u00a0 dhe atij paraprak nga kush u n\u00ebnshkruan, n\u00eb kuptimin a\u00a0 i \u00a0\u00a0miratoi \u00a0ata \u00a0Kuvendi i Ulqinit si institucion i ligjsh\u00ebm p\u00ebr k\u00ebt\u00eb pun\u00eb&#8230;?! \u00a0A po larg qoft\u00eb\u00a0 e b\u00ebri \u00a0k\u00ebt\u00eb , vet\u00eb drejtori kok\u00eb n\u00eb vete ose edhe\u00a0 pse jo- \u00a0bashk\u00eb \u00a0\u00a0me kryetarin e komun\u00ebs, prapa shpin\u00ebs s\u00eb kuvendit?!<\/em><\/strong><\/p>\n<p><strong><em>\u00a0N\u00eb se \u00ebsht\u00eb k\u00ebshtu, ka hap\u00ebsir\u00eb\u00a0 \u00a0edhe p\u00ebr procese hetimore sepse\u00a0 t\u00eb till\u00ebt jan\u00eb t\u00eb kufizuar n\u00eb k\u00ebt\u00eb\u00a0 \u00e7\u00ebshtje , me ligj \u00a0mund t\u00eb n\u00ebnshkruajn\u00eb fatura \u00a0vet\u00ebm deri n\u00eb \u00a0shum\u00ebn \u00a0pej 30 mij\u00eb eurove?! <\/em><\/strong><\/p>\n<ul>\n<li><strong><em>Dhe aq m\u00eb tep\u00ebr , si t\u00eb pranohet borxhi nga komuna , n\u00ebse nuk ekziston ora kontrolluese q\u00eb do duhej t\u00eb montohej nga komunalja para hyerjes n\u00eb bazen t\u00eb \u00a0ujit n\u00eb Mal \u00a0t\u00eb Bardh\u00eb?! Si mund t\u00eb ket\u00eb blerje t\u00eb di\u00e7kahit pa e matur \u00a0e peshuar ate\u00a0 dhe si t\u2019i besohet uj\u00ebsjell\u00ebsit regjional gjat\u00eb leximit\u00a0 t\u00eb or\u00ebs\u00a0 dhe \u00a0pysim : \u00a0a mos \u00a0\u00ebsht\u00eb kush\u00a0 prezent\u00eb\u00a0 si komision nga komunalja\u00a0 n\u00eb leximi \u00a0t\u00eb or\u00ebs &#8230;?!! A thua se edhe kjo pun\u00eb \u00a0\u00a0kryhet \u00a0..?!!!<\/em><\/strong><\/li>\n<li><strong><em>Po kujt i fakturohet ajo sasi e ujit q\u00eb shpenzohet\u00a0 pasi del nga ora kontrolluese\u00a0 e v\u00ebn\u00eb n\u00eb territor t\u00eb Tivarit para se hyn \u00a0n\u00eb bazen t\u00eb Malit t\u00eb Bardh- konkretisht\u00a0 \u00a0mendojm\u00eb\u00a0 p\u00ebr vendbanimin \u00a0e \u00a0Kru\u00e7it&#8230;?! Larg qoft\u00eb \u00a0nesh\u00a0 n\u00ebse\u00a0 \u00a0as para bazenit t\u00eb Malit t\u00eb Bardh\u00eb \u00a0dhe as pas&#8230; nuk paska ormat\u00ebs kontrollues p\u00ebr at\u00eb\u00a0 \u00e7ka na faturon uj\u00ebsjell\u00ebsi\u00a0 me or\u00ebn e tij &#8230;?!<\/em><\/strong><\/li>\n<li><strong><em>Andaj nuk gabojm\u00eb n\u00eb se pyesim kur shtrohet \u00e7\u00ebshtja e borxhit , se \u00a0a mos \u00ebsht\u00eb drejtori n\u00eb njohuri\u00a0 q\u00eb\u00a0 ekziston \u00a0ndonj\u00eb vendim \u00a0\u00a0i \u00a0kuvendit\u00a0 icili e autorizon kryetarin\u00a0 e \u00a0komun\u00ebs t\u00eb paguaj humjet n\u00eb uj\u00eb \u00a0t\u00eb komunal\u00ebs direkt nga buxheti i saj&#8230;?!<\/em><\/strong><\/li>\n<\/ul>\n<p><strong><em>\u00a0<\/em><\/strong><\/p>\n<ul>\n<li><strong><em>ME KUSHTETUT\u00cb DHE LIGJ\u00a0 EDHE \u00c7MIMI I UJIT NUK\u00a0 MUND T\u00cb P\u00cbRCAKTOHET\u00a0 SI N\u00cb KOH\u00cbN E BALLHUT\u00cbS &#8211; PA KUVEND \u00a0\u00a0\u00a0NGA KRYETARI I KOMUN\u00cbS DHE \u00a0KUPTOHET\u00a0 &#8211; AS T\u00cb RRITET PASTAJ SI N\u00cb RASTIN TON\u00cb \u00a0PA \u00a0KUVEND . KA T\u00cb NGJAR\u00cb\u00a0 SE EDHE \u00c7MIMI FILLESTAR\u00a0 PASKA NISUR , ME SIGURI \u00a0PA BEKIM T\u00cb KUVENDIT\u00a0 ME 27 CENT , \u00a0SI PO NA SERVOHET \u2013 E TASH PAGUAJ E MOS DRUAJ DISA HER\u00cb M\u00cb SHUM\u00cb.<\/em><\/strong><\/li>\n<\/ul>\n<p>Si do q\u00eb ta marr\u00ebsh&#8230; , qoft\u00eb \u00a0\u00a0\u00a0qesim , qoft\u00eb \u00a0teveqel , sqarojm\u00eb se \u00a0fjala \u00ebsht\u00eb\u00a0 p\u00ebr sinonime\u00a0 ( fjal\u00eb\u00a0 me\u00a0 \u00a0kuptim t\u00eb ngjash\u00ebm dhe nuk ka dallim<strong><u>), por neve\u00a0 s\u2019di\u00a0 pse , po \u00a0na p\u00eblqen \u00a0\u00a0t\u00eb themi teveqel\u00a0 sepse \u00a0\u00a0\u00a0po duket\u00a0 teveqela\u00a0 jemi edhe\u00a0 ne &#8230;?!!! <\/u><\/strong><\/p>\n","protected":false},"excerpt":{"rendered":"<p>K\u00ebshtu deklaron drejtori i uj\u00ebsjell\u00ebsit p\u00ebr TV Teut\u00eb..?!! Shkruan Muhamet Nika P\u00ebr sa i p\u00ebrket\u00a0 konstatimit\u00a0 t\u00eb drejtorit t\u00eb komunal\u00ebs rreth bllokad\u00ebs s\u00eb mjeteve\u00a0 p\u00ebr\u00a0 borxhin\u00a0\u00a0 e\u00a0 krijuar nga mos shlyerja e detyrimit\u00a0 nga blerja e\u00a0 ujit , pam\u00eb q\u00eb ai n\u00eb nj\u00eb intervist\u00eb p\u00ebr Teut\u00eb\u00a0 \u00a0t\u00eb\u00a0 faj\u00ebsoj\u00eb\u00a0 kryetarin\u00a0 q\u00eb \u00a0si\u00e7 tha :\u201d&#8230; Po t\u00eb [&hellip;]<\/p>\n","protected":false},"author":1,"featured_media":0,"comment_status":"closed","ping_status":"closed","sticky":false,"template":"","format":"standard","meta":{"spay_email":"","jetpack_publicize_message":"","jetpack_is_tweetstorm":false,"jetpack_publicize_feature_enabled":true},"categories":[14249],"tags":[],"jetpack_publicize_connections":[],"yoast_head":"<!-- This site is optimized with the Yoast SEO plugin v19.1 - https:\/\/yoast.com\/wordpress\/plugins\/seo\/ -->\n<title>Nika: Ujin nga uj\u00ebsjell\u00ebsi regjional qytetar\u00ebt e Ulqinit e blejn\u00eb qesim dhe e paguajn\u00eb teveqel - Lajme nga Ulqini<\/title>\n<meta name=\"description\" content=\"K\u00ebshtu deklaron drejtori i uj\u00ebsjell\u00ebsit p\u00ebr TV Teut\u00eb..?!! Shkruan Muhamet Nika P\u00ebr sa i p\u00ebrket\u00a0 konstatimit\u00a0 t\u00eb drejtorit t\u00eb komunal\u00ebs rreth bllokad\u00ebs s\u00eb\" \/>\n<meta name=\"robots\" content=\"index, follow, max-snippet:-1, max-image-preview:large, max-video-preview:-1\" \/>\n<link rel=\"canonical\" href=\"https:\/\/www.visit-ulcinj.com\/blog\/2017\/07\/03\/nika-ujin-nga-ujesjellesi-regjional-qytetaret-e-ulqinit-e-blejne-qesim-dhe-e-paguajne-teveqel\/\" \/>\n<meta property=\"og:locale\" content=\"en_US\" \/>\n<meta property=\"og:type\" content=\"article\" \/>\n<meta property=\"og:title\" content=\"Nika: Ujin nga uj\u00ebsjell\u00ebsi regjional qytetar\u00ebt e Ulqinit e blejn\u00eb qesim dhe e paguajn\u00eb teveqel - Lajme nga Ulqini\" \/>\n<meta property=\"og:description\" content=\"K\u00ebshtu deklaron drejtori i uj\u00ebsjell\u00ebsit p\u00ebr TV Teut\u00eb..?!! Shkruan Muhamet Nika P\u00ebr sa i p\u00ebrket\u00a0 konstatimit\u00a0 t\u00eb drejtorit t\u00eb komunal\u00ebs rreth bllokad\u00ebs s\u00eb\" \/>\n<meta property=\"og:url\" content=\"https:\/\/www.visit-ulcinj.com\/blog\/2017\/07\/03\/nika-ujin-nga-ujesjellesi-regjional-qytetaret-e-ulqinit-e-blejne-qesim-dhe-e-paguajne-teveqel\/\" \/>\n<meta property=\"og:site_name\" content=\"Lajme nga Ulqini\" \/>\n<meta property=\"article:published_time\" content=\"2017-07-03T17:33:26+00:00\" \/>\n<meta property=\"og:image\" content=\"http:\/\/www.visit-ulcinj.com\/blog\/wp-content\/uploads\/2017\/07\/matesi_i_ujit.jpg\" \/>\n<meta name=\"twitter:label1\" content=\"Written by\" \/>\n\t<meta name=\"twitter:data1\" content=\"ulqini\" \/>\n\t<meta name=\"twitter:label2\" content=\"Est. reading time\" \/>\n\t<meta name=\"twitter:data2\" content=\"3 minutes\" \/>\n<script type=\"application\/ld+json\" class=\"yoast-schema-graph\">{\"@context\":\"https:\/\/schema.org\",\"@graph\":[{\"@type\":\"WebSite\",\"@id\":\"https:\/\/www.visit-ulcinj.com\/blog\/#website\",\"url\":\"https:\/\/www.visit-ulcinj.com\/blog\/\",\"name\":\"Lajme nga Ulqini\",\"description\":\"Lajme,Vijesti,Ulqini,Ulqin,Crna Gora,Mali i Zi\",\"potentialAction\":[{\"@type\":\"SearchAction\",\"target\":{\"@type\":\"EntryPoint\",\"urlTemplate\":\"https:\/\/www.visit-ulcinj.com\/blog\/?s={search_term_string}\"},\"query-input\":\"required name=search_term_string\"}],\"inLanguage\":\"en-US\"},{\"@type\":\"ImageObject\",\"inLanguage\":\"en-US\",\"@id\":\"https:\/\/www.visit-ulcinj.com\/blog\/2017\/07\/03\/nika-ujin-nga-ujesjellesi-regjional-qytetaret-e-ulqinit-e-blejne-qesim-dhe-e-paguajne-teveqel\/#primaryimage\",\"url\":\"https:\/\/www.visit-ulcinj.com\/blog\/wp-content\/uploads\/2017\/07\/matesi_i_ujit.jpg\",\"contentUrl\":\"https:\/\/www.visit-ulcinj.com\/blog\/wp-content\/uploads\/2017\/07\/matesi_i_ujit.jpg\",\"width\":860,\"height\":523},{\"@type\":\"WebPage\",\"@id\":\"https:\/\/www.visit-ulcinj.com\/blog\/2017\/07\/03\/nika-ujin-nga-ujesjellesi-regjional-qytetaret-e-ulqinit-e-blejne-qesim-dhe-e-paguajne-teveqel\/#webpage\",\"url\":\"https:\/\/www.visit-ulcinj.com\/blog\/2017\/07\/03\/nika-ujin-nga-ujesjellesi-regjional-qytetaret-e-ulqinit-e-blejne-qesim-dhe-e-paguajne-teveqel\/\",\"name\":\"Nika: Ujin nga uj\u00ebsjell\u00ebsi regjional qytetar\u00ebt e Ulqinit e blejn\u00eb qesim dhe e paguajn\u00eb teveqel - Lajme nga Ulqini\",\"isPartOf\":{\"@id\":\"https:\/\/www.visit-ulcinj.com\/blog\/#website\"},\"primaryImageOfPage\":{\"@id\":\"https:\/\/www.visit-ulcinj.com\/blog\/2017\/07\/03\/nika-ujin-nga-ujesjellesi-regjional-qytetaret-e-ulqinit-e-blejne-qesim-dhe-e-paguajne-teveqel\/#primaryimage\"},\"datePublished\":\"2017-07-03T17:33:26+00:00\",\"dateModified\":\"2017-07-03T17:33:26+00:00\",\"author\":{\"@id\":\"https:\/\/www.visit-ulcinj.com\/blog\/#\/schema\/person\/dcab619c614d3038751c63bc2aadc06d\"},\"description\":\"K\u00ebshtu deklaron drejtori i uj\u00ebsjell\u00ebsit p\u00ebr TV Teut\u00eb..?!! Shkruan Muhamet Nika P\u00ebr sa i p\u00ebrket\u00a0 konstatimit\u00a0 t\u00eb drejtorit t\u00eb komunal\u00ebs rreth bllokad\u00ebs s\u00eb\",\"breadcrumb\":{\"@id\":\"https:\/\/www.visit-ulcinj.com\/blog\/2017\/07\/03\/nika-ujin-nga-ujesjellesi-regjional-qytetaret-e-ulqinit-e-blejne-qesim-dhe-e-paguajne-teveqel\/#breadcrumb\"},\"inLanguage\":\"en-US\",\"potentialAction\":[{\"@type\":\"ReadAction\",\"target\":[\"https:\/\/www.visit-ulcinj.com\/blog\/2017\/07\/03\/nika-ujin-nga-ujesjellesi-regjional-qytetaret-e-ulqinit-e-blejne-qesim-dhe-e-paguajne-teveqel\/\"]}]},{\"@type\":\"BreadcrumbList\",\"@id\":\"https:\/\/www.visit-ulcinj.com\/blog\/2017\/07\/03\/nika-ujin-nga-ujesjellesi-regjional-qytetaret-e-ulqinit-e-blejne-qesim-dhe-e-paguajne-teveqel\/#breadcrumb\",\"itemListElement\":[{\"@type\":\"ListItem\",\"position\":1,\"name\":\"Nika: Ujin nga uj\u00ebsjell\u00ebsi regjional qytetar\u00ebt e Ulqinit e blejn\u00eb qesim dhe e paguajn\u00eb teveqel\"}]},{\"@type\":\"Person\",\"@id\":\"https:\/\/www.visit-ulcinj.com\/blog\/#\/schema\/person\/dcab619c614d3038751c63bc2aadc06d\",\"name\":\"ulqini\",\"sameAs\":[\"http:\/\/www.visit-ulcinj.com\"],\"url\":\"https:\/\/www.visit-ulcinj.com\/blog\/author\/admin\/\"}]}<\/script>\n<!-- \/ Yoast SEO plugin. -->","yoast_head_json":{"title":"Nika: Ujin nga uj\u00ebsjell\u00ebsi regjional qytetar\u00ebt e Ulqinit e blejn\u00eb qesim dhe e paguajn\u00eb teveqel - Lajme nga Ulqini","description":"K\u00ebshtu deklaron drejtori i uj\u00ebsjell\u00ebsit p\u00ebr TV Teut\u00eb..?!! Shkruan Muhamet Nika P\u00ebr sa i p\u00ebrket\u00a0 konstatimit\u00a0 t\u00eb drejtorit t\u00eb komunal\u00ebs rreth bllokad\u00ebs s\u00eb","robots":{"index":"index","follow":"follow","max-snippet":"max-snippet:-1","max-image-preview":"max-image-preview:large","max-video-preview":"max-video-preview:-1"},"canonical":"https:\/\/www.visit-ulcinj.com\/blog\/2017\/07\/03\/nika-ujin-nga-ujesjellesi-regjional-qytetaret-e-ulqinit-e-blejne-qesim-dhe-e-paguajne-teveqel\/","og_locale":"en_US","og_type":"article","og_title":"Nika: Ujin nga uj\u00ebsjell\u00ebsi regjional qytetar\u00ebt e Ulqinit e blejn\u00eb qesim dhe e paguajn\u00eb teveqel - Lajme nga Ulqini","og_description":"K\u00ebshtu deklaron drejtori i uj\u00ebsjell\u00ebsit p\u00ebr TV Teut\u00eb..?!! Shkruan Muhamet Nika P\u00ebr sa i p\u00ebrket\u00a0 konstatimit\u00a0 t\u00eb drejtorit t\u00eb komunal\u00ebs rreth bllokad\u00ebs s\u00eb","og_url":"https:\/\/www.visit-ulcinj.com\/blog\/2017\/07\/03\/nika-ujin-nga-ujesjellesi-regjional-qytetaret-e-ulqinit-e-blejne-qesim-dhe-e-paguajne-teveqel\/","og_site_name":"Lajme nga Ulqini","article_published_time":"2017-07-03T17:33:26+00:00","og_image":[{"url":"http:\/\/www.visit-ulcinj.com\/blog\/wp-content\/uploads\/2017\/07\/matesi_i_ujit.jpg"}],"twitter_misc":{"Written by":"ulqini","Est. reading time":"3 minutes"},"schema":{"@context":"https:\/\/schema.org","@graph":[{"@type":"WebSite","@id":"https:\/\/www.visit-ulcinj.com\/blog\/#website","url":"https:\/\/www.visit-ulcinj.com\/blog\/","name":"Lajme nga Ulqini","description":"Lajme,Vijesti,Ulqini,Ulqin,Crna Gora,Mali i Zi","potentialAction":[{"@type":"SearchAction","target":{"@type":"EntryPoint","urlTemplate":"https:\/\/www.visit-ulcinj.com\/blog\/?s={search_term_string}"},"query-input":"required name=search_term_string"}],"inLanguage":"en-US"},{"@type":"ImageObject","inLanguage":"en-US","@id":"https:\/\/www.visit-ulcinj.com\/blog\/2017\/07\/03\/nika-ujin-nga-ujesjellesi-regjional-qytetaret-e-ulqinit-e-blejne-qesim-dhe-e-paguajne-teveqel\/#primaryimage","url":"https:\/\/www.visit-ulcinj.com\/blog\/wp-content\/uploads\/2017\/07\/matesi_i_ujit.jpg","contentUrl":"https:\/\/www.visit-ulcinj.com\/blog\/wp-content\/uploads\/2017\/07\/matesi_i_ujit.jpg","width":860,"height":523},{"@type":"WebPage","@id":"https:\/\/www.visit-ulcinj.com\/blog\/2017\/07\/03\/nika-ujin-nga-ujesjellesi-regjional-qytetaret-e-ulqinit-e-blejne-qesim-dhe-e-paguajne-teveqel\/#webpage","url":"https:\/\/www.visit-ulcinj.com\/blog\/2017\/07\/03\/nika-ujin-nga-ujesjellesi-regjional-qytetaret-e-ulqinit-e-blejne-qesim-dhe-e-paguajne-teveqel\/","name":"Nika: Ujin nga uj\u00ebsjell\u00ebsi regjional qytetar\u00ebt e Ulqinit e blejn\u00eb qesim dhe e paguajn\u00eb teveqel - Lajme nga Ulqini","isPartOf":{"@id":"https:\/\/www.visit-ulcinj.com\/blog\/#website"},"primaryImageOfPage":{"@id":"https:\/\/www.visit-ulcinj.com\/blog\/2017\/07\/03\/nika-ujin-nga-ujesjellesi-regjional-qytetaret-e-ulqinit-e-blejne-qesim-dhe-e-paguajne-teveqel\/#primaryimage"},"datePublished":"2017-07-03T17:33:26+00:00","dateModified":"2017-07-03T17:33:26+00:00","author":{"@id":"https:\/\/www.visit-ulcinj.com\/blog\/#\/schema\/person\/dcab619c614d3038751c63bc2aadc06d"},"description":"K\u00ebshtu deklaron drejtori i uj\u00ebsjell\u00ebsit p\u00ebr TV Teut\u00eb..?!! Shkruan Muhamet Nika P\u00ebr sa i p\u00ebrket\u00a0 konstatimit\u00a0 t\u00eb drejtorit t\u00eb komunal\u00ebs rreth bllokad\u00ebs s\u00eb","breadcrumb":{"@id":"https:\/\/www.visit-ulcinj.com\/blog\/2017\/07\/03\/nika-ujin-nga-ujesjellesi-regjional-qytetaret-e-ulqinit-e-blejne-qesim-dhe-e-paguajne-teveqel\/#breadcrumb"},"inLanguage":"en-US","potentialAction":[{"@type":"ReadAction","target":["https:\/\/www.visit-ulcinj.com\/blog\/2017\/07\/03\/nika-ujin-nga-ujesjellesi-regjional-qytetaret-e-ulqinit-e-blejne-qesim-dhe-e-paguajne-teveqel\/"]}]},{"@type":"BreadcrumbList","@id":"https:\/\/www.visit-ulcinj.com\/blog\/2017\/07\/03\/nika-ujin-nga-ujesjellesi-regjional-qytetaret-e-ulqinit-e-blejne-qesim-dhe-e-paguajne-teveqel\/#breadcrumb","itemListElement":[{"@type":"ListItem","position":1,"name":"Nika: Ujin nga uj\u00ebsjell\u00ebsi regjional qytetar\u00ebt e Ulqinit e blejn\u00eb qesim dhe e paguajn\u00eb teveqel"}]},{"@type":"Person","@id":"https:\/\/www.visit-ulcinj.com\/blog\/#\/schema\/person\/dcab619c614d3038751c63bc2aadc06d","name":"ulqini","sameAs":["http:\/\/www.visit-ulcinj.com"],"url":"https:\/\/www.visit-ulcinj.com\/blog\/author\/admin\/"}]}},"jetpack_featured_media_url":"","jetpack_sharing_enabled":true,"jetpack_shortlink":"https:\/\/wp.me\/pe6lTn-rz5","_links":{"self":[{"href":"https:\/\/www.visit-ulcinj.com\/blog\/wp-json\/wp\/v2\/posts\/105963"}],"collection":[{"href":"https:\/\/www.visit-ulcinj.com\/blog\/wp-json\/wp\/v2\/posts"}],"about":[{"href":"https:\/\/www.visit-ulcinj.com\/blog\/wp-json\/wp\/v2\/types\/post"}],"author":[{"embeddable":true,"href":"https:\/\/www.visit-ulcinj.com\/blog\/wp-json\/wp\/v2\/users\/1"}],"replies":[{"embeddable":true,"href":"https:\/\/www.visit-ulcinj.com\/blog\/wp-json\/wp\/v2\/comments?post=105963"}],"version-history":[{"count":1,"href":"https:\/\/www.visit-ulcinj.com\/blog\/wp-json\/wp\/v2\/posts\/105963\/revisions"}],"predecessor-version":[{"id":105965,"href":"https:\/\/www.visit-ulcinj.com\/blog\/wp-json\/wp\/v2\/posts\/105963\/revisions\/105965"}],"wp:attachment":[{"href":"https:\/\/www.visit-ulcinj.com\/blog\/wp-json\/wp\/v2\/media?parent=105963"}],"wp:term":[{"taxonomy":"category","embeddable":true,"href":"https:\/\/www.visit-ulcinj.com\/blog\/wp-json\/wp\/v2\/categories?post=105963"},{"taxonomy":"post_tag","embeddable":true,"href":"https:\/\/www.visit-ulcinj.com\/blog\/wp-json\/wp\/v2\/tags?post=105963"}],"curies":[{"name":"wp","href":"https:\/\/api.w.org\/{rel}","templated":true}]}}