{"id":105966,"date":"2017-07-04T13:02:28","date_gmt":"2017-07-04T12:02:28","guid":{"rendered":"http:\/\/www.visit-ulcinj.com\/blog\/?p=105966"},"modified":"2017-07-04T13:02:28","modified_gmt":"2017-07-04T12:02:28","slug":"blokiran-racun-ulcinjskom-vodovodu-opstina-dovodi-sezonu-u-pitanje","status":"publish","type":"post","link":"https:\/\/www.visit-ulcinj.com\/blog\/2017\/07\/04\/blokiran-racun-ulcinjskom-vodovodu-opstina-dovodi-sezonu-u-pitanje\/","title":{"rendered":"Blokiran ra\u010dun Ulcinjskom Vodovodu: &#8220;Op\u0161tina dovodi sezonu u pitanje&#8221;"},"content":{"rendered":"<p><strong><a href=\"http:\/\/www.visit-ulcinj.com\/blog\/wp-content\/uploads\/2017\/06\/Fehim-Avdiu.jpg\"><img loading=\"lazy\" class=\"alignleft wp-image-105796\" src=\"http:\/\/www.visit-ulcinj.com\/blog\/wp-content\/uploads\/2017\/06\/Fehim-Avdiu.jpg\" alt=\"\" width=\"508\" height=\"292\" srcset=\"https:\/\/www.visit-ulcinj.com\/blog\/wp-content\/uploads\/2017\/06\/Fehim-Avdiu.jpg 547w, https:\/\/www.visit-ulcinj.com\/blog\/wp-content\/uploads\/2017\/06\/Fehim-Avdiu-300x172.jpg 300w\" sizes=\"(max-width: 508px) 100vw, 508px\" \/><\/a>Do sada, sa ra\u010duna Vodovoda skinuto je oko 170 hiljada eura, a zbog blokade, firmi su isklju\u010deni telefoni, internet&#8230;<\/strong><\/p>\n<p><span class=\"credits__author\"> <strong>Autor:<\/strong> <a href=\"http:\/\/www.vijesti.me\/autori\/samir-adrovic-85\/profil\"><strong>Samir Adrovi\u0107<\/strong><\/a> <\/span><\/p>\n<p>Prvi put poslije nekoliko godina, Ulcinj se ove sezone mo\u017ee suo\u010diti sa nedostatkom vode, ukoliko\u00a0potraje\u00a0blokada ra\u010duna lokalnog Vodovoda, koju je prije mjesec uveo Regionalni vodovod zbog duga od 247 hiljada eura.<\/p>\n<p>To je potvrdio direktor Vodovoda\u00a0Fehmi Avdiu, rekav\u0161i da je preduze\u0107e od prvog juna u potpunoj blokadi.<\/p>\n<p>\u201cSa lokalnih izvori\u0161ta ve\u0107 sada crpimo vodu kao u avgustu pro\u0161le godine. Zbog nedostatka sredstava, nijesmo jo\u0161 u mogu\u0107nosti da izvr\u0161imo neophodna ulaganja u bunare i sisteme, tako da se pla\u0161im da \u0107emo imati problema sa vodosnadbijevanjem grada ukoliko blokada\u00a0\u00a0potraje\u00a0\u201d, kazao je Avdiu.<\/p>\n<p>Do sada, sa ra\u010duna Vodovoda skinuto je oko 170 hiljada eura, a zbog blokade, firmi su isklju\u010deni telefoni, internet&#8230; Uprkos blokadi, Vodovod i dalje kupuje vodu od Regionalnog.<\/p>\n<p>\u201cSada je to 15 litara u sekundi, u julu \u0107e biti 25, a u avgustu 45 sekundnih litara\u201d, kazao je Avdiu.<\/p>\n<p>Optu\u017eio je Op\u0161tinu da, svjesno ili ne, opstruira rad Vodovoda i dovodi sezonu u pitanje.<\/p>\n<p>\u201cJo\u0161 nijesu preuzeli \u0161est radnika Vodovoda, \u0161to je bio jedan od uslova KHW banke za kredit od 20 miliona eura koji nam je neophodan za investicije u vodovodnoj i kanalizacionoj mre\u017ei. Ne znam za\u0161to to rade, ali znam da je u pitanju klasi\u010dna neodgovornost \u010delnika Op\u0161tine\u201d, kazao je Avdiu.<\/p>\n<p>U Vodovodu je bilo ranije 230 zaposlenih, sada ih je 126 a do kraja godine broj mora biti sveden na 120, kako su to precizirali njema\u010dki bankari.<\/p>\n<p>\u201cI tih 20 trebalo je da bude zaposleno u Parking servisu ali ni od toga jo\u0161 uvijek nema ni\u0161ta.<\/p>\n<p>Zbog takvog odnosa Op\u0161tine, mi smo u minusu oko 750 hiljada eura, \u0161to bi nam bilo vi\u0161e nego dovoljno da servisiramo sve svoje obaveze\u201d, istakao je Avdiu.<\/p>\n<p><strong>Avdiu: Ne\u0107u dati otkaz nikome<\/strong><\/p>\n<p>Avdiu\u00a0je podvukao da mu ne pada na pamet da bilo kome od radnika da otkaz.<\/p>\n<p>\u201cSa 230, stigli smo na 126. Nemam vi\u0161e obraza da bilo kojeg radnika ostavim na ulici, pa oni kako ho\u0107e. Da je bilo dobre volje, mi bismo ve\u0107 sada imali broj zaposlenih koji su projektovali u KHW banci\u201d, kazao je\u00a0\u00a0Avdiu\u00a0. Predsjednik Op\u0161tine\u00a0Nazif Cungu\u00a0ranije je rekao \u201cVijestima\u201d da je dug Vodovoda prema Regionalnom interna stvar izme\u0111u dva privredna subjekta i da Op\u0161tina sa tim nema veze. Tako\u0111e je naveo da je u toku procedura da Op\u0161tina i JP \u010cisto\u0107a preuzmu po tri radnika Vodovoda. \u201cTako pri\u010daju od februara\u201d, kazao je\u00a0\u00a0Avdiu\u00a0.<\/p>\n<p><strong>Izvor: Vijesti Online<\/strong><\/p>\n","protected":false},"excerpt":{"rendered":"<p>Do sada, sa ra\u010duna Vodovoda skinuto je oko 170 hiljada eura, a zbog blokade, firmi su isklju\u010deni telefoni, internet&#8230; Autor: Samir Adrovi\u0107 Prvi put poslije nekoliko godina, Ulcinj se ove sezone mo\u017ee suo\u010diti sa nedostatkom vode, ukoliko\u00a0potraje\u00a0blokada ra\u010duna lokalnog Vodovoda, koju je prije mjesec uveo Regionalni vodovod zbog duga od 247 hiljada eura. To je [&hellip;]<\/p>\n","protected":false},"author":1,"featured_media":0,"comment_status":"closed","ping_status":"closed","sticky":false,"template":"","format":"standard","meta":{"spay_email":"","jetpack_publicize_message":"","jetpack_is_tweetstorm":false,"jetpack_publicize_feature_enabled":true},"categories":[8337],"tags":[],"jetpack_publicize_connections":[],"yoast_head":"<!-- This site is optimized with the Yoast SEO plugin v19.1 - https:\/\/yoast.com\/wordpress\/plugins\/seo\/ -->\n<title>Blokiran ra\u010dun Ulcinjskom Vodovodu: &quot;Op\u0161tina dovodi sezonu u pitanje&quot; - Lajme nga Ulqini<\/title>\n<meta name=\"description\" content=\"Do sada, sa ra\u010duna Vodovoda skinuto je oko 170 hiljada eura, a zbog blokade, firmi su isklju\u010deni telefoni, internet... Autor: Samir Adrovi\u0107 Prvi put\" \/>\n<meta name=\"robots\" content=\"index, follow, max-snippet:-1, max-image-preview:large, max-video-preview:-1\" \/>\n<link rel=\"canonical\" href=\"https:\/\/www.visit-ulcinj.com\/blog\/2017\/07\/04\/blokiran-racun-ulcinjskom-vodovodu-opstina-dovodi-sezonu-u-pitanje\/\" \/>\n<meta property=\"og:locale\" content=\"en_US\" \/>\n<meta property=\"og:type\" content=\"article\" \/>\n<meta property=\"og:title\" content=\"Blokiran ra\u010dun Ulcinjskom Vodovodu: &quot;Op\u0161tina dovodi sezonu u pitanje&quot; - Lajme nga Ulqini\" \/>\n<meta property=\"og:description\" content=\"Do sada, sa ra\u010duna Vodovoda skinuto je oko 170 hiljada eura, a zbog blokade, firmi su isklju\u010deni telefoni, internet... Autor: Samir Adrovi\u0107 Prvi put\" \/>\n<meta property=\"og:url\" content=\"https:\/\/www.visit-ulcinj.com\/blog\/2017\/07\/04\/blokiran-racun-ulcinjskom-vodovodu-opstina-dovodi-sezonu-u-pitanje\/\" \/>\n<meta property=\"og:site_name\" content=\"Lajme nga Ulqini\" \/>\n<meta property=\"article:published_time\" content=\"2017-07-04T12:02:28+00:00\" \/>\n<meta property=\"og:image\" content=\"http:\/\/www.visit-ulcinj.com\/blog\/wp-content\/uploads\/2017\/06\/Fehim-Avdiu.jpg\" \/>\n<meta name=\"twitter:label1\" content=\"Written by\" \/>\n\t<meta name=\"twitter:data1\" content=\"ulqini\" \/>\n\t<meta name=\"twitter:label2\" content=\"Est. reading time\" \/>\n\t<meta name=\"twitter:data2\" content=\"2 minutes\" \/>\n<script type=\"application\/ld+json\" class=\"yoast-schema-graph\">{\"@context\":\"https:\/\/schema.org\",\"@graph\":[{\"@type\":\"WebSite\",\"@id\":\"https:\/\/www.visit-ulcinj.com\/blog\/#website\",\"url\":\"https:\/\/www.visit-ulcinj.com\/blog\/\",\"name\":\"Lajme nga Ulqini\",\"description\":\"Lajme,Vijesti,Ulqini,Ulqin,Crna Gora,Mali i Zi\",\"potentialAction\":[{\"@type\":\"SearchAction\",\"target\":{\"@type\":\"EntryPoint\",\"urlTemplate\":\"https:\/\/www.visit-ulcinj.com\/blog\/?s={search_term_string}\"},\"query-input\":\"required name=search_term_string\"}],\"inLanguage\":\"en-US\"},{\"@type\":\"ImageObject\",\"inLanguage\":\"en-US\",\"@id\":\"https:\/\/www.visit-ulcinj.com\/blog\/2017\/07\/04\/blokiran-racun-ulcinjskom-vodovodu-opstina-dovodi-sezonu-u-pitanje\/#primaryimage\",\"url\":\"https:\/\/www.visit-ulcinj.com\/blog\/wp-content\/uploads\/2017\/06\/Fehim-Avdiu.jpg\",\"contentUrl\":\"https:\/\/www.visit-ulcinj.com\/blog\/wp-content\/uploads\/2017\/06\/Fehim-Avdiu.jpg\",\"width\":547,\"height\":314},{\"@type\":\"WebPage\",\"@id\":\"https:\/\/www.visit-ulcinj.com\/blog\/2017\/07\/04\/blokiran-racun-ulcinjskom-vodovodu-opstina-dovodi-sezonu-u-pitanje\/#webpage\",\"url\":\"https:\/\/www.visit-ulcinj.com\/blog\/2017\/07\/04\/blokiran-racun-ulcinjskom-vodovodu-opstina-dovodi-sezonu-u-pitanje\/\",\"name\":\"Blokiran ra\u010dun Ulcinjskom Vodovodu: \\\"Op\u0161tina dovodi sezonu u pitanje\\\" - Lajme nga Ulqini\",\"isPartOf\":{\"@id\":\"https:\/\/www.visit-ulcinj.com\/blog\/#website\"},\"primaryImageOfPage\":{\"@id\":\"https:\/\/www.visit-ulcinj.com\/blog\/2017\/07\/04\/blokiran-racun-ulcinjskom-vodovodu-opstina-dovodi-sezonu-u-pitanje\/#primaryimage\"},\"datePublished\":\"2017-07-04T12:02:28+00:00\",\"dateModified\":\"2017-07-04T12:02:28+00:00\",\"author\":{\"@id\":\"https:\/\/www.visit-ulcinj.com\/blog\/#\/schema\/person\/dcab619c614d3038751c63bc2aadc06d\"},\"description\":\"Do sada, sa ra\u010duna Vodovoda skinuto je oko 170 hiljada eura, a zbog blokade, firmi su isklju\u010deni telefoni, internet... Autor: Samir Adrovi\u0107 Prvi put\",\"breadcrumb\":{\"@id\":\"https:\/\/www.visit-ulcinj.com\/blog\/2017\/07\/04\/blokiran-racun-ulcinjskom-vodovodu-opstina-dovodi-sezonu-u-pitanje\/#breadcrumb\"},\"inLanguage\":\"en-US\",\"potentialAction\":[{\"@type\":\"ReadAction\",\"target\":[\"https:\/\/www.visit-ulcinj.com\/blog\/2017\/07\/04\/blokiran-racun-ulcinjskom-vodovodu-opstina-dovodi-sezonu-u-pitanje\/\"]}]},{\"@type\":\"BreadcrumbList\",\"@id\":\"https:\/\/www.visit-ulcinj.com\/blog\/2017\/07\/04\/blokiran-racun-ulcinjskom-vodovodu-opstina-dovodi-sezonu-u-pitanje\/#breadcrumb\",\"itemListElement\":[{\"@type\":\"ListItem\",\"position\":1,\"name\":\"Blokiran ra\u010dun Ulcinjskom Vodovodu: &#8220;Op\u0161tina dovodi sezonu u pitanje&#8221;\"}]},{\"@type\":\"Person\",\"@id\":\"https:\/\/www.visit-ulcinj.com\/blog\/#\/schema\/person\/dcab619c614d3038751c63bc2aadc06d\",\"name\":\"ulqini\",\"sameAs\":[\"http:\/\/www.visit-ulcinj.com\"],\"url\":\"https:\/\/www.visit-ulcinj.com\/blog\/author\/admin\/\"}]}<\/script>\n<!-- \/ Yoast SEO plugin. -->","yoast_head_json":{"title":"Blokiran ra\u010dun Ulcinjskom Vodovodu: \"Op\u0161tina dovodi sezonu u pitanje\" - Lajme nga Ulqini","description":"Do sada, sa ra\u010duna Vodovoda skinuto je oko 170 hiljada eura, a zbog blokade, firmi su isklju\u010deni telefoni, internet... Autor: Samir Adrovi\u0107 Prvi put","robots":{"index":"index","follow":"follow","max-snippet":"max-snippet:-1","max-image-preview":"max-image-preview:large","max-video-preview":"max-video-preview:-1"},"canonical":"https:\/\/www.visit-ulcinj.com\/blog\/2017\/07\/04\/blokiran-racun-ulcinjskom-vodovodu-opstina-dovodi-sezonu-u-pitanje\/","og_locale":"en_US","og_type":"article","og_title":"Blokiran ra\u010dun Ulcinjskom Vodovodu: \"Op\u0161tina dovodi sezonu u pitanje\" - Lajme nga Ulqini","og_description":"Do sada, sa ra\u010duna Vodovoda skinuto je oko 170 hiljada eura, a zbog blokade, firmi su isklju\u010deni telefoni, internet... Autor: Samir Adrovi\u0107 Prvi put","og_url":"https:\/\/www.visit-ulcinj.com\/blog\/2017\/07\/04\/blokiran-racun-ulcinjskom-vodovodu-opstina-dovodi-sezonu-u-pitanje\/","og_site_name":"Lajme nga Ulqini","article_published_time":"2017-07-04T12:02:28+00:00","og_image":[{"url":"http:\/\/www.visit-ulcinj.com\/blog\/wp-content\/uploads\/2017\/06\/Fehim-Avdiu.jpg"}],"twitter_misc":{"Written by":"ulqini","Est. reading time":"2 minutes"},"schema":{"@context":"https:\/\/schema.org","@graph":[{"@type":"WebSite","@id":"https:\/\/www.visit-ulcinj.com\/blog\/#website","url":"https:\/\/www.visit-ulcinj.com\/blog\/","name":"Lajme nga Ulqini","description":"Lajme,Vijesti,Ulqini,Ulqin,Crna Gora,Mali i Zi","potentialAction":[{"@type":"SearchAction","target":{"@type":"EntryPoint","urlTemplate":"https:\/\/www.visit-ulcinj.com\/blog\/?s={search_term_string}"},"query-input":"required name=search_term_string"}],"inLanguage":"en-US"},{"@type":"ImageObject","inLanguage":"en-US","@id":"https:\/\/www.visit-ulcinj.com\/blog\/2017\/07\/04\/blokiran-racun-ulcinjskom-vodovodu-opstina-dovodi-sezonu-u-pitanje\/#primaryimage","url":"https:\/\/www.visit-ulcinj.com\/blog\/wp-content\/uploads\/2017\/06\/Fehim-Avdiu.jpg","contentUrl":"https:\/\/www.visit-ulcinj.com\/blog\/wp-content\/uploads\/2017\/06\/Fehim-Avdiu.jpg","width":547,"height":314},{"@type":"WebPage","@id":"https:\/\/www.visit-ulcinj.com\/blog\/2017\/07\/04\/blokiran-racun-ulcinjskom-vodovodu-opstina-dovodi-sezonu-u-pitanje\/#webpage","url":"https:\/\/www.visit-ulcinj.com\/blog\/2017\/07\/04\/blokiran-racun-ulcinjskom-vodovodu-opstina-dovodi-sezonu-u-pitanje\/","name":"Blokiran ra\u010dun Ulcinjskom Vodovodu: \"Op\u0161tina dovodi sezonu u pitanje\" - Lajme nga Ulqini","isPartOf":{"@id":"https:\/\/www.visit-ulcinj.com\/blog\/#website"},"primaryImageOfPage":{"@id":"https:\/\/www.visit-ulcinj.com\/blog\/2017\/07\/04\/blokiran-racun-ulcinjskom-vodovodu-opstina-dovodi-sezonu-u-pitanje\/#primaryimage"},"datePublished":"2017-07-04T12:02:28+00:00","dateModified":"2017-07-04T12:02:28+00:00","author":{"@id":"https:\/\/www.visit-ulcinj.com\/blog\/#\/schema\/person\/dcab619c614d3038751c63bc2aadc06d"},"description":"Do sada, sa ra\u010duna Vodovoda skinuto je oko 170 hiljada eura, a zbog blokade, firmi su isklju\u010deni telefoni, internet... Autor: Samir Adrovi\u0107 Prvi put","breadcrumb":{"@id":"https:\/\/www.visit-ulcinj.com\/blog\/2017\/07\/04\/blokiran-racun-ulcinjskom-vodovodu-opstina-dovodi-sezonu-u-pitanje\/#breadcrumb"},"inLanguage":"en-US","potentialAction":[{"@type":"ReadAction","target":["https:\/\/www.visit-ulcinj.com\/blog\/2017\/07\/04\/blokiran-racun-ulcinjskom-vodovodu-opstina-dovodi-sezonu-u-pitanje\/"]}]},{"@type":"BreadcrumbList","@id":"https:\/\/www.visit-ulcinj.com\/blog\/2017\/07\/04\/blokiran-racun-ulcinjskom-vodovodu-opstina-dovodi-sezonu-u-pitanje\/#breadcrumb","itemListElement":[{"@type":"ListItem","position":1,"name":"Blokiran ra\u010dun Ulcinjskom Vodovodu: &#8220;Op\u0161tina dovodi sezonu u pitanje&#8221;"}]},{"@type":"Person","@id":"https:\/\/www.visit-ulcinj.com\/blog\/#\/schema\/person\/dcab619c614d3038751c63bc2aadc06d","name":"ulqini","sameAs":["http:\/\/www.visit-ulcinj.com"],"url":"https:\/\/www.visit-ulcinj.com\/blog\/author\/admin\/"}]}},"jetpack_featured_media_url":"","jetpack_sharing_enabled":true,"jetpack_shortlink":"https:\/\/wp.me\/pe6lTn-rz8","_links":{"self":[{"href":"https:\/\/www.visit-ulcinj.com\/blog\/wp-json\/wp\/v2\/posts\/105966"}],"collection":[{"href":"https:\/\/www.visit-ulcinj.com\/blog\/wp-json\/wp\/v2\/posts"}],"about":[{"href":"https:\/\/www.visit-ulcinj.com\/blog\/wp-json\/wp\/v2\/types\/post"}],"author":[{"embeddable":true,"href":"https:\/\/www.visit-ulcinj.com\/blog\/wp-json\/wp\/v2\/users\/1"}],"replies":[{"embeddable":true,"href":"https:\/\/www.visit-ulcinj.com\/blog\/wp-json\/wp\/v2\/comments?post=105966"}],"version-history":[{"count":1,"href":"https:\/\/www.visit-ulcinj.com\/blog\/wp-json\/wp\/v2\/posts\/105966\/revisions"}],"predecessor-version":[{"id":105967,"href":"https:\/\/www.visit-ulcinj.com\/blog\/wp-json\/wp\/v2\/posts\/105966\/revisions\/105967"}],"wp:attachment":[{"href":"https:\/\/www.visit-ulcinj.com\/blog\/wp-json\/wp\/v2\/media?parent=105966"}],"wp:term":[{"taxonomy":"category","embeddable":true,"href":"https:\/\/www.visit-ulcinj.com\/blog\/wp-json\/wp\/v2\/categories?post=105966"},{"taxonomy":"post_tag","embeddable":true,"href":"https:\/\/www.visit-ulcinj.com\/blog\/wp-json\/wp\/v2\/tags?post=105966"}],"curies":[{"name":"wp","href":"https:\/\/api.w.org\/{rel}","templated":true}]}}