{"id":105968,"date":"2017-07-04T13:11:24","date_gmt":"2017-07-04T12:11:24","guid":{"rendered":"http:\/\/www.visit-ulcinj.com\/blog\/?p=105968"},"modified":"2017-07-05T08:40:03","modified_gmt":"2017-07-05T07:40:03","slug":"tallat-xheferi-takon-kryetarin-e-ulqinit-nazif-cungun","status":"publish","type":"post","link":"https:\/\/www.visit-ulcinj.com\/blog\/2017\/07\/04\/tallat-xheferi-takon-kryetarin-e-ulqinit-nazif-cungun\/","title":{"rendered":"Talat Xheferi takon kryetarin e Ulqinit Nazif Cungun"},"content":{"rendered":"<p><a href=\"http:\/\/www.visit-ulcinj.com\/blog\/wp-content\/uploads\/2017\/07\/Tallat-Xhaferi-Nazif-Cungu-Ulqin.jpg\"><img loading=\"lazy\" class=\"alignleft wp-image-105969\" src=\"http:\/\/www.visit-ulcinj.com\/blog\/wp-content\/uploads\/2017\/07\/Tallat-Xhaferi-Nazif-Cungu-Ulqin.jpg\" alt=\"\" width=\"508\" height=\"339\" srcset=\"https:\/\/www.visit-ulcinj.com\/blog\/wp-content\/uploads\/2017\/07\/Tallat-Xhaferi-Nazif-Cungu-Ulqin.jpg 960w, https:\/\/www.visit-ulcinj.com\/blog\/wp-content\/uploads\/2017\/07\/Tallat-Xhaferi-Nazif-Cungu-Ulqin-300x200.jpg 300w, https:\/\/www.visit-ulcinj.com\/blog\/wp-content\/uploads\/2017\/07\/Tallat-Xhaferi-Nazif-Cungu-Ulqin-768x512.jpg 768w\" sizes=\"(max-width: 508px) 100vw, 508px\" \/><\/a>N\u00eb vazhdim\u00ebsi t\u00eb vizit\u00ebs s\u00eb par\u00eb zyrtare t\u00eb Kryetarit t\u00eb Kuvendit t\u00eb Republik\u00ebs s\u00eb Maqedonis\u00eb dhe Delegacionit n\u00eb Mal t\u00eb Zi, Kryetari Xhaferi dhe deputet\u00ebt Dimitrievski dhe Ademi u takuan n\u00eb Ulqin me Kryetarin e komun\u00ebs, Z. Nazif Cungu dhe me p\u00ebrfaq\u00ebsuesit e komun\u00ebs. Gjat\u00eb takimit ishte konfirmuar bashk\u00ebpunimi i shk\u00eblqyer nd\u00ebrmjet dy vendeve dhe se i nj\u00ebjti vet\u00ebm duhet edhe m\u00eb tutje t\u00eb thellohet dhe t\u00eb mbind\u00ebrtohet n\u00eb fush\u00ebn e bashk\u00ebpunimit ekonomik, duke e <span class=\"text_exposed_show\">marr\u00eb parasysh faktin se nuk ka \u00e7\u00ebshtje t\u00eb hapura. <\/span><\/p>\n<div class=\"text_exposed_show\">\n<p>Z. Cungu p\u00ebrzem\u00ebrsisht uroi p\u00ebr formimin e Qeveris\u00eb s\u00eb re, me \u00e7&#8217;rast konstatoi se stabiliteti i Republik\u00ebs s\u00eb Maqedonis\u00eb ndikon mbi stabilitetin e t\u00ebr\u00eb rajonit. Gjithashtu, kryetari i komun\u00ebs informoi se pas aderimit t\u00eb Malit t\u00eb Zi n\u00eb NATO, n\u00eb m\u00ebnyr\u00eb t\u00eb dukshme \u00ebsht\u00eb rritur interesi p\u00ebr investime t\u00eb huaja nga ana e kompanive t\u00eb famshme bot\u00ebrore. Bashk\u00ebbiseduesit k\u00ebmbyen mendime p\u00ebr aspektet juridike, administrative dhe fiskale t\u00eb decentralizimit. U k\u00ebmbyen edhe p\u00ebrvojat pozitive p\u00ebr integrimin n\u00eb mjediset multietnike.<\/p>\n<p>Me vizit\u00ebn e Ulqinit dhe pas deklaratave t\u00eb dh\u00ebna nga ana e Kryetarit t\u00eb Kuvendit t\u00eb Republik\u00ebs s\u00eb Maqedonis\u00eb dhe Kryetarit t\u00eb komun\u00ebs, Z. Cungu, Delegacioni i paraprir\u00eb nga Kryetari Talat Xhaferi e rrumbullakon vizit\u00ebn zyrtare n\u00eb Mal t\u00eb Zi.<\/p>\n<p><a href=\"http:\/\/www.visit-ulcinj.com\/blog\/wp-content\/uploads\/2017\/07\/Tallat-Xhaferi-Nazif-Cungu-Ulqin-2.jpg\"><img loading=\"lazy\" class=\"alignleft wp-image-105970\" src=\"http:\/\/www.visit-ulcinj.com\/blog\/wp-content\/uploads\/2017\/07\/Tallat-Xhaferi-Nazif-Cungu-Ulqin-2.jpg\" alt=\"\" width=\"508\" height=\"458\" srcset=\"https:\/\/www.visit-ulcinj.com\/blog\/wp-content\/uploads\/2017\/07\/Tallat-Xhaferi-Nazif-Cungu-Ulqin-2.jpg 852w, https:\/\/www.visit-ulcinj.com\/blog\/wp-content\/uploads\/2017\/07\/Tallat-Xhaferi-Nazif-Cungu-Ulqin-2-300x270.jpg 300w, https:\/\/www.visit-ulcinj.com\/blog\/wp-content\/uploads\/2017\/07\/Tallat-Xhaferi-Nazif-Cungu-Ulqin-2-768x692.jpg 768w\" sizes=\"(max-width: 508px) 100vw, 508px\" \/><\/a> <a href=\"http:\/\/www.visit-ulcinj.com\/blog\/wp-content\/uploads\/2017\/07\/Tallat-Xhaferi-Nazif-Cungu-Ulqin-1.jpg\"><img loading=\"lazy\" class=\"alignleft wp-image-105971\" src=\"http:\/\/www.visit-ulcinj.com\/blog\/wp-content\/uploads\/2017\/07\/Tallat-Xhaferi-Nazif-Cungu-Ulqin-1.jpg\" alt=\"\" width=\"508\" height=\"339\" srcset=\"https:\/\/www.visit-ulcinj.com\/blog\/wp-content\/uploads\/2017\/07\/Tallat-Xhaferi-Nazif-Cungu-Ulqin-1.jpg 960w, https:\/\/www.visit-ulcinj.com\/blog\/wp-content\/uploads\/2017\/07\/Tallat-Xhaferi-Nazif-Cungu-Ulqin-1-300x200.jpg 300w, https:\/\/www.visit-ulcinj.com\/blog\/wp-content\/uploads\/2017\/07\/Tallat-Xhaferi-Nazif-Cungu-Ulqin-1-768x512.jpg 768w\" sizes=\"(max-width: 508px) 100vw, 508px\" \/><\/a><\/p>\n<\/div>\n","protected":false},"excerpt":{"rendered":"<p>N\u00eb vazhdim\u00ebsi t\u00eb vizit\u00ebs s\u00eb par\u00eb zyrtare t\u00eb Kryetarit t\u00eb Kuvendit t\u00eb Republik\u00ebs s\u00eb Maqedonis\u00eb dhe Delegacionit n\u00eb Mal t\u00eb Zi, Kryetari Xhaferi dhe deputet\u00ebt Dimitrievski dhe Ademi u takuan n\u00eb Ulqin me Kryetarin e komun\u00ebs, Z. Nazif Cungu dhe me p\u00ebrfaq\u00ebsuesit e komun\u00ebs. Gjat\u00eb takimit ishte konfirmuar bashk\u00ebpunimi i shk\u00eblqyer nd\u00ebrmjet dy vendeve dhe [&hellip;]<\/p>\n","protected":false},"author":1,"featured_media":0,"comment_status":"closed","ping_status":"closed","sticky":false,"template":"","format":"standard","meta":{"spay_email":"","jetpack_publicize_message":"","jetpack_is_tweetstorm":false,"jetpack_publicize_feature_enabled":true},"categories":[1,12],"tags":[],"jetpack_publicize_connections":[],"yoast_head":"<!-- This site is optimized with the Yoast SEO plugin v19.1 - https:\/\/yoast.com\/wordpress\/plugins\/seo\/ -->\n<title>Talat Xheferi takon kryetarin e Ulqinit Nazif Cungun - Lajme nga Ulqini<\/title>\n<meta name=\"description\" content=\"N\u00eb vazhdim\u00ebsi t\u00eb vizit\u00ebs s\u00eb par\u00eb zyrtare t\u00eb Kryetarit t\u00eb Kuvendit t\u00eb Republik\u00ebs s\u00eb Maqedonis\u00eb dhe Delegacionit n\u00eb Mal t\u00eb Zi, Kryetari Xhaferi dhe\" \/>\n<meta name=\"robots\" content=\"index, follow, max-snippet:-1, max-image-preview:large, max-video-preview:-1\" \/>\n<link rel=\"canonical\" href=\"https:\/\/www.visit-ulcinj.com\/blog\/2017\/07\/04\/tallat-xheferi-takon-kryetarin-e-ulqinit-nazif-cungun\/\" \/>\n<meta property=\"og:locale\" content=\"en_US\" \/>\n<meta property=\"og:type\" content=\"article\" \/>\n<meta property=\"og:title\" content=\"Talat Xheferi takon kryetarin e Ulqinit Nazif Cungun - Lajme nga Ulqini\" \/>\n<meta property=\"og:description\" content=\"N\u00eb vazhdim\u00ebsi t\u00eb vizit\u00ebs s\u00eb par\u00eb zyrtare t\u00eb Kryetarit t\u00eb Kuvendit t\u00eb Republik\u00ebs s\u00eb Maqedonis\u00eb dhe Delegacionit n\u00eb Mal t\u00eb Zi, Kryetari Xhaferi dhe\" \/>\n<meta property=\"og:url\" content=\"https:\/\/www.visit-ulcinj.com\/blog\/2017\/07\/04\/tallat-xheferi-takon-kryetarin-e-ulqinit-nazif-cungun\/\" \/>\n<meta property=\"og:site_name\" content=\"Lajme nga Ulqini\" \/>\n<meta property=\"article:published_time\" content=\"2017-07-04T12:11:24+00:00\" \/>\n<meta property=\"article:modified_time\" content=\"2017-07-05T07:40:03+00:00\" \/>\n<meta property=\"og:image\" content=\"http:\/\/www.visit-ulcinj.com\/blog\/wp-content\/uploads\/2017\/07\/Tallat-Xhaferi-Nazif-Cungu-Ulqin.jpg\" \/>\n<meta name=\"twitter:label1\" content=\"Written by\" \/>\n\t<meta name=\"twitter:data1\" content=\"ulqini\" \/>\n\t<meta name=\"twitter:label2\" content=\"Est. reading time\" \/>\n\t<meta name=\"twitter:data2\" content=\"1 minute\" \/>\n<script type=\"application\/ld+json\" class=\"yoast-schema-graph\">{\"@context\":\"https:\/\/schema.org\",\"@graph\":[{\"@type\":\"WebSite\",\"@id\":\"https:\/\/www.visit-ulcinj.com\/blog\/#website\",\"url\":\"https:\/\/www.visit-ulcinj.com\/blog\/\",\"name\":\"Lajme nga Ulqini\",\"description\":\"Lajme,Vijesti,Ulqini,Ulqin,Crna Gora,Mali i Zi\",\"potentialAction\":[{\"@type\":\"SearchAction\",\"target\":{\"@type\":\"EntryPoint\",\"urlTemplate\":\"https:\/\/www.visit-ulcinj.com\/blog\/?s={search_term_string}\"},\"query-input\":\"required name=search_term_string\"}],\"inLanguage\":\"en-US\"},{\"@type\":\"ImageObject\",\"inLanguage\":\"en-US\",\"@id\":\"https:\/\/www.visit-ulcinj.com\/blog\/2017\/07\/04\/tallat-xheferi-takon-kryetarin-e-ulqinit-nazif-cungun\/#primaryimage\",\"url\":\"https:\/\/www.visit-ulcinj.com\/blog\/wp-content\/uploads\/2017\/07\/Tallat-Xhaferi-Nazif-Cungu-Ulqin.jpg\",\"contentUrl\":\"https:\/\/www.visit-ulcinj.com\/blog\/wp-content\/uploads\/2017\/07\/Tallat-Xhaferi-Nazif-Cungu-Ulqin.jpg\",\"width\":960,\"height\":640},{\"@type\":\"WebPage\",\"@id\":\"https:\/\/www.visit-ulcinj.com\/blog\/2017\/07\/04\/tallat-xheferi-takon-kryetarin-e-ulqinit-nazif-cungun\/#webpage\",\"url\":\"https:\/\/www.visit-ulcinj.com\/blog\/2017\/07\/04\/tallat-xheferi-takon-kryetarin-e-ulqinit-nazif-cungun\/\",\"name\":\"Talat Xheferi takon kryetarin e Ulqinit Nazif Cungun - Lajme nga Ulqini\",\"isPartOf\":{\"@id\":\"https:\/\/www.visit-ulcinj.com\/blog\/#website\"},\"primaryImageOfPage\":{\"@id\":\"https:\/\/www.visit-ulcinj.com\/blog\/2017\/07\/04\/tallat-xheferi-takon-kryetarin-e-ulqinit-nazif-cungun\/#primaryimage\"},\"datePublished\":\"2017-07-04T12:11:24+00:00\",\"dateModified\":\"2017-07-05T07:40:03+00:00\",\"author\":{\"@id\":\"https:\/\/www.visit-ulcinj.com\/blog\/#\/schema\/person\/dcab619c614d3038751c63bc2aadc06d\"},\"description\":\"N\u00eb vazhdim\u00ebsi t\u00eb vizit\u00ebs s\u00eb par\u00eb zyrtare t\u00eb Kryetarit t\u00eb Kuvendit t\u00eb Republik\u00ebs s\u00eb Maqedonis\u00eb dhe Delegacionit n\u00eb Mal t\u00eb Zi, Kryetari Xhaferi dhe\",\"breadcrumb\":{\"@id\":\"https:\/\/www.visit-ulcinj.com\/blog\/2017\/07\/04\/tallat-xheferi-takon-kryetarin-e-ulqinit-nazif-cungun\/#breadcrumb\"},\"inLanguage\":\"en-US\",\"potentialAction\":[{\"@type\":\"ReadAction\",\"target\":[\"https:\/\/www.visit-ulcinj.com\/blog\/2017\/07\/04\/tallat-xheferi-takon-kryetarin-e-ulqinit-nazif-cungun\/\"]}]},{\"@type\":\"BreadcrumbList\",\"@id\":\"https:\/\/www.visit-ulcinj.com\/blog\/2017\/07\/04\/tallat-xheferi-takon-kryetarin-e-ulqinit-nazif-cungun\/#breadcrumb\",\"itemListElement\":[{\"@type\":\"ListItem\",\"position\":1,\"name\":\"Talat Xheferi takon kryetarin e Ulqinit Nazif Cungun\"}]},{\"@type\":\"Person\",\"@id\":\"https:\/\/www.visit-ulcinj.com\/blog\/#\/schema\/person\/dcab619c614d3038751c63bc2aadc06d\",\"name\":\"ulqini\",\"sameAs\":[\"http:\/\/www.visit-ulcinj.com\"],\"url\":\"https:\/\/www.visit-ulcinj.com\/blog\/author\/admin\/\"}]}<\/script>\n<!-- \/ Yoast SEO plugin. -->","yoast_head_json":{"title":"Talat Xheferi takon kryetarin e Ulqinit Nazif Cungun - Lajme nga Ulqini","description":"N\u00eb vazhdim\u00ebsi t\u00eb vizit\u00ebs s\u00eb par\u00eb zyrtare t\u00eb Kryetarit t\u00eb Kuvendit t\u00eb Republik\u00ebs s\u00eb Maqedonis\u00eb dhe Delegacionit n\u00eb Mal t\u00eb Zi, Kryetari Xhaferi dhe","robots":{"index":"index","follow":"follow","max-snippet":"max-snippet:-1","max-image-preview":"max-image-preview:large","max-video-preview":"max-video-preview:-1"},"canonical":"https:\/\/www.visit-ulcinj.com\/blog\/2017\/07\/04\/tallat-xheferi-takon-kryetarin-e-ulqinit-nazif-cungun\/","og_locale":"en_US","og_type":"article","og_title":"Talat Xheferi takon kryetarin e Ulqinit Nazif Cungun - Lajme nga Ulqini","og_description":"N\u00eb vazhdim\u00ebsi t\u00eb vizit\u00ebs s\u00eb par\u00eb zyrtare t\u00eb Kryetarit t\u00eb Kuvendit t\u00eb Republik\u00ebs s\u00eb Maqedonis\u00eb dhe Delegacionit n\u00eb Mal t\u00eb Zi, Kryetari Xhaferi dhe","og_url":"https:\/\/www.visit-ulcinj.com\/blog\/2017\/07\/04\/tallat-xheferi-takon-kryetarin-e-ulqinit-nazif-cungun\/","og_site_name":"Lajme nga Ulqini","article_published_time":"2017-07-04T12:11:24+00:00","article_modified_time":"2017-07-05T07:40:03+00:00","og_image":[{"url":"http:\/\/www.visit-ulcinj.com\/blog\/wp-content\/uploads\/2017\/07\/Tallat-Xhaferi-Nazif-Cungu-Ulqin.jpg"}],"twitter_misc":{"Written by":"ulqini","Est. reading time":"1 minute"},"schema":{"@context":"https:\/\/schema.org","@graph":[{"@type":"WebSite","@id":"https:\/\/www.visit-ulcinj.com\/blog\/#website","url":"https:\/\/www.visit-ulcinj.com\/blog\/","name":"Lajme nga Ulqini","description":"Lajme,Vijesti,Ulqini,Ulqin,Crna Gora,Mali i Zi","potentialAction":[{"@type":"SearchAction","target":{"@type":"EntryPoint","urlTemplate":"https:\/\/www.visit-ulcinj.com\/blog\/?s={search_term_string}"},"query-input":"required name=search_term_string"}],"inLanguage":"en-US"},{"@type":"ImageObject","inLanguage":"en-US","@id":"https:\/\/www.visit-ulcinj.com\/blog\/2017\/07\/04\/tallat-xheferi-takon-kryetarin-e-ulqinit-nazif-cungun\/#primaryimage","url":"https:\/\/www.visit-ulcinj.com\/blog\/wp-content\/uploads\/2017\/07\/Tallat-Xhaferi-Nazif-Cungu-Ulqin.jpg","contentUrl":"https:\/\/www.visit-ulcinj.com\/blog\/wp-content\/uploads\/2017\/07\/Tallat-Xhaferi-Nazif-Cungu-Ulqin.jpg","width":960,"height":640},{"@type":"WebPage","@id":"https:\/\/www.visit-ulcinj.com\/blog\/2017\/07\/04\/tallat-xheferi-takon-kryetarin-e-ulqinit-nazif-cungun\/#webpage","url":"https:\/\/www.visit-ulcinj.com\/blog\/2017\/07\/04\/tallat-xheferi-takon-kryetarin-e-ulqinit-nazif-cungun\/","name":"Talat Xheferi takon kryetarin e Ulqinit Nazif Cungun - Lajme nga Ulqini","isPartOf":{"@id":"https:\/\/www.visit-ulcinj.com\/blog\/#website"},"primaryImageOfPage":{"@id":"https:\/\/www.visit-ulcinj.com\/blog\/2017\/07\/04\/tallat-xheferi-takon-kryetarin-e-ulqinit-nazif-cungun\/#primaryimage"},"datePublished":"2017-07-04T12:11:24+00:00","dateModified":"2017-07-05T07:40:03+00:00","author":{"@id":"https:\/\/www.visit-ulcinj.com\/blog\/#\/schema\/person\/dcab619c614d3038751c63bc2aadc06d"},"description":"N\u00eb vazhdim\u00ebsi t\u00eb vizit\u00ebs s\u00eb par\u00eb zyrtare t\u00eb Kryetarit t\u00eb Kuvendit t\u00eb Republik\u00ebs s\u00eb Maqedonis\u00eb dhe Delegacionit n\u00eb Mal t\u00eb Zi, Kryetari Xhaferi dhe","breadcrumb":{"@id":"https:\/\/www.visit-ulcinj.com\/blog\/2017\/07\/04\/tallat-xheferi-takon-kryetarin-e-ulqinit-nazif-cungun\/#breadcrumb"},"inLanguage":"en-US","potentialAction":[{"@type":"ReadAction","target":["https:\/\/www.visit-ulcinj.com\/blog\/2017\/07\/04\/tallat-xheferi-takon-kryetarin-e-ulqinit-nazif-cungun\/"]}]},{"@type":"BreadcrumbList","@id":"https:\/\/www.visit-ulcinj.com\/blog\/2017\/07\/04\/tallat-xheferi-takon-kryetarin-e-ulqinit-nazif-cungun\/#breadcrumb","itemListElement":[{"@type":"ListItem","position":1,"name":"Talat Xheferi takon kryetarin e Ulqinit Nazif Cungun"}]},{"@type":"Person","@id":"https:\/\/www.visit-ulcinj.com\/blog\/#\/schema\/person\/dcab619c614d3038751c63bc2aadc06d","name":"ulqini","sameAs":["http:\/\/www.visit-ulcinj.com"],"url":"https:\/\/www.visit-ulcinj.com\/blog\/author\/admin\/"}]}},"jetpack_featured_media_url":"","jetpack_sharing_enabled":true,"jetpack_shortlink":"https:\/\/wp.me\/pe6lTn-rza","_links":{"self":[{"href":"https:\/\/www.visit-ulcinj.com\/blog\/wp-json\/wp\/v2\/posts\/105968"}],"collection":[{"href":"https:\/\/www.visit-ulcinj.com\/blog\/wp-json\/wp\/v2\/posts"}],"about":[{"href":"https:\/\/www.visit-ulcinj.com\/blog\/wp-json\/wp\/v2\/types\/post"}],"author":[{"embeddable":true,"href":"https:\/\/www.visit-ulcinj.com\/blog\/wp-json\/wp\/v2\/users\/1"}],"replies":[{"embeddable":true,"href":"https:\/\/www.visit-ulcinj.com\/blog\/wp-json\/wp\/v2\/comments?post=105968"}],"version-history":[{"count":2,"href":"https:\/\/www.visit-ulcinj.com\/blog\/wp-json\/wp\/v2\/posts\/105968\/revisions"}],"predecessor-version":[{"id":105996,"href":"https:\/\/www.visit-ulcinj.com\/blog\/wp-json\/wp\/v2\/posts\/105968\/revisions\/105996"}],"wp:attachment":[{"href":"https:\/\/www.visit-ulcinj.com\/blog\/wp-json\/wp\/v2\/media?parent=105968"}],"wp:term":[{"taxonomy":"category","embeddable":true,"href":"https:\/\/www.visit-ulcinj.com\/blog\/wp-json\/wp\/v2\/categories?post=105968"},{"taxonomy":"post_tag","embeddable":true,"href":"https:\/\/www.visit-ulcinj.com\/blog\/wp-json\/wp\/v2\/tags?post=105968"}],"curies":[{"name":"wp","href":"https:\/\/api.w.org\/{rel}","templated":true}]}}