{"id":105978,"date":"2017-07-04T14:03:11","date_gmt":"2017-07-04T13:03:11","guid":{"rendered":"http:\/\/www.visit-ulcinj.com\/blog\/?p=105978"},"modified":"2017-07-04T14:12:01","modified_gmt":"2017-07-04T13:12:01","slug":"ky-eshte-vendi-ku-po-pushon-kida-ne-ulqin-video","status":"publish","type":"post","link":"https:\/\/www.visit-ulcinj.com\/blog\/2017\/07\/04\/ky-eshte-vendi-ku-po-pushon-kida-ne-ulqin-video\/","title":{"rendered":"Ky \u00ebsht\u00eb vendi ku po pushon Kida n\u00eb Ulqin &#8211; Video"},"content":{"rendered":"<p>Pas angazhimeve n\u00eb muzik\u00eb, k\u00ebng\u00ebtarja, Orhidea Latifi e njohur si\u00a0Kida, ka vendosur q\u00eb t\u2019i jap\u00eb vetes pak pushim n\u00eb hotelin <span title=\"Modifi\u00e9\"><a class=\"notranslate\" href=\"https:\/\/www.facebook.com\/profile.php?id=100017085964463\"><strong>Golden Inn<\/strong>,\u00a0<\/a><\/span><span class=\"st\">sapo ka \u00e7elur dyert <\/span>p\u00ebr VIP &#8211; at n\u00eb Ulqin.<\/p>\n<p>Kida e veshur me bikini, ajo ekspozon linjat super hot dhe seksi t\u00eb trupit, pran pishin\u00ebs n\u00eb hotelin <span title=\"Modifi\u00e9\"><a class=\"notranslate\" href=\"https:\/\/www.facebook.com\/profile.php?id=100017085964463\"><strong>Golden Inn<\/strong><\/a><\/span>.<\/p>\n<p>Ajo prap\u00eb se prap\u00eb ka dashuri t\u00eb madhe p\u00ebr Ulqinin, kjo \u00ebsht\u00eb dhe arsyeja q\u00eb p\u00eblqen t\u00eb vij\u00eb shpesh n\u00eb pushime.\/Lajme nga Ulqini<\/p>\n<p>&nbsp;<\/p>\n","protected":false},"excerpt":{"rendered":"<p>Pas angazhimeve n\u00eb muzik\u00eb, k\u00ebng\u00ebtarja, Orhidea Latifi e njohur si\u00a0Kida, ka vendosur q\u00eb t\u2019i jap\u00eb vetes pak pushim n\u00eb hotelin Golden Inn,\u00a0sapo ka \u00e7elur dyert p\u00ebr VIP &#8211; at n\u00eb Ulqin. Kida e veshur me bikini, ajo ekspozon linjat super hot dhe seksi t\u00eb trupit, pran pishin\u00ebs n\u00eb hotelin Golden Inn. Ajo prap\u00eb se prap\u00eb [&hellip;]<\/p>\n","protected":false},"author":1,"featured_media":0,"comment_status":"closed","ping_status":"closed","sticky":false,"template":"","format":"standard","meta":{"spay_email":"","jetpack_publicize_message":"","jetpack_is_tweetstorm":false,"jetpack_publicize_feature_enabled":true},"categories":[1],"tags":[],"jetpack_publicize_connections":[],"yoast_head":"<!-- This site is optimized with the Yoast SEO plugin v19.1 - https:\/\/yoast.com\/wordpress\/plugins\/seo\/ -->\n<title>Ky \u00ebsht\u00eb vendi ku po pushon Kida n\u00eb Ulqin - Video - Lajme nga Ulqini<\/title>\n<meta name=\"description\" content=\"Pas angazhimeve n\u00eb muzik\u00eb, k\u00ebng\u00ebtarja, Orhidea Latifi e njohur si\u00a0Kida, ka vendosur q\u00eb t\u2019i jap\u00eb vetes pak pushim n\u00eb hotelin Golden Inn,\u00a0sapo ka \u00e7elur\" \/>\n<meta name=\"robots\" content=\"index, follow, max-snippet:-1, max-image-preview:large, max-video-preview:-1\" \/>\n<link rel=\"canonical\" href=\"https:\/\/www.visit-ulcinj.com\/blog\/2017\/07\/04\/ky-eshte-vendi-ku-po-pushon-kida-ne-ulqin-video\/\" \/>\n<meta property=\"og:locale\" content=\"en_US\" \/>\n<meta property=\"og:type\" content=\"article\" \/>\n<meta property=\"og:title\" content=\"Ky \u00ebsht\u00eb vendi ku po pushon Kida n\u00eb Ulqin - Video - Lajme nga Ulqini\" \/>\n<meta property=\"og:description\" content=\"Pas angazhimeve n\u00eb muzik\u00eb, k\u00ebng\u00ebtarja, Orhidea Latifi e njohur si\u00a0Kida, ka vendosur q\u00eb t\u2019i jap\u00eb vetes pak pushim n\u00eb hotelin Golden Inn,\u00a0sapo ka \u00e7elur\" \/>\n<meta property=\"og:url\" content=\"https:\/\/www.visit-ulcinj.com\/blog\/2017\/07\/04\/ky-eshte-vendi-ku-po-pushon-kida-ne-ulqin-video\/\" \/>\n<meta property=\"og:site_name\" content=\"Lajme nga Ulqini\" \/>\n<meta property=\"article:published_time\" content=\"2017-07-04T13:03:11+00:00\" \/>\n<meta property=\"article:modified_time\" content=\"2017-07-04T13:12:01+00:00\" \/>\n<meta name=\"twitter:label1\" content=\"Written by\" \/>\n\t<meta name=\"twitter:data1\" content=\"ulqini\" \/>\n\t<meta name=\"twitter:label2\" content=\"Est. reading time\" \/>\n\t<meta name=\"twitter:data2\" content=\"1 minute\" \/>\n<script type=\"application\/ld+json\" class=\"yoast-schema-graph\">{\"@context\":\"https:\/\/schema.org\",\"@graph\":[{\"@type\":\"WebSite\",\"@id\":\"https:\/\/www.visit-ulcinj.com\/blog\/#website\",\"url\":\"https:\/\/www.visit-ulcinj.com\/blog\/\",\"name\":\"Lajme nga Ulqini\",\"description\":\"Lajme,Vijesti,Ulqini,Ulqin,Crna Gora,Mali i Zi\",\"potentialAction\":[{\"@type\":\"SearchAction\",\"target\":{\"@type\":\"EntryPoint\",\"urlTemplate\":\"https:\/\/www.visit-ulcinj.com\/blog\/?s={search_term_string}\"},\"query-input\":\"required name=search_term_string\"}],\"inLanguage\":\"en-US\"},{\"@type\":\"WebPage\",\"@id\":\"https:\/\/www.visit-ulcinj.com\/blog\/2017\/07\/04\/ky-eshte-vendi-ku-po-pushon-kida-ne-ulqin-video\/#webpage\",\"url\":\"https:\/\/www.visit-ulcinj.com\/blog\/2017\/07\/04\/ky-eshte-vendi-ku-po-pushon-kida-ne-ulqin-video\/\",\"name\":\"Ky \u00ebsht\u00eb vendi ku po pushon Kida n\u00eb Ulqin - Video - Lajme nga Ulqini\",\"isPartOf\":{\"@id\":\"https:\/\/www.visit-ulcinj.com\/blog\/#website\"},\"datePublished\":\"2017-07-04T13:03:11+00:00\",\"dateModified\":\"2017-07-04T13:12:01+00:00\",\"author\":{\"@id\":\"https:\/\/www.visit-ulcinj.com\/blog\/#\/schema\/person\/dcab619c614d3038751c63bc2aadc06d\"},\"description\":\"Pas angazhimeve n\u00eb muzik\u00eb, k\u00ebng\u00ebtarja, Orhidea Latifi e njohur si\u00a0Kida, ka vendosur q\u00eb t\u2019i jap\u00eb vetes pak pushim n\u00eb hotelin Golden Inn,\u00a0sapo ka \u00e7elur\",\"breadcrumb\":{\"@id\":\"https:\/\/www.visit-ulcinj.com\/blog\/2017\/07\/04\/ky-eshte-vendi-ku-po-pushon-kida-ne-ulqin-video\/#breadcrumb\"},\"inLanguage\":\"en-US\",\"potentialAction\":[{\"@type\":\"ReadAction\",\"target\":[\"https:\/\/www.visit-ulcinj.com\/blog\/2017\/07\/04\/ky-eshte-vendi-ku-po-pushon-kida-ne-ulqin-video\/\"]}]},{\"@type\":\"BreadcrumbList\",\"@id\":\"https:\/\/www.visit-ulcinj.com\/blog\/2017\/07\/04\/ky-eshte-vendi-ku-po-pushon-kida-ne-ulqin-video\/#breadcrumb\",\"itemListElement\":[{\"@type\":\"ListItem\",\"position\":1,\"name\":\"Ky \u00ebsht\u00eb vendi ku po pushon Kida n\u00eb Ulqin &#8211; Video\"}]},{\"@type\":\"Person\",\"@id\":\"https:\/\/www.visit-ulcinj.com\/blog\/#\/schema\/person\/dcab619c614d3038751c63bc2aadc06d\",\"name\":\"ulqini\",\"sameAs\":[\"http:\/\/www.visit-ulcinj.com\"],\"url\":\"https:\/\/www.visit-ulcinj.com\/blog\/author\/admin\/\"}]}<\/script>\n<!-- \/ Yoast SEO plugin. -->","yoast_head_json":{"title":"Ky \u00ebsht\u00eb vendi ku po pushon Kida n\u00eb Ulqin - Video - Lajme nga Ulqini","description":"Pas angazhimeve n\u00eb muzik\u00eb, k\u00ebng\u00ebtarja, Orhidea Latifi e njohur si\u00a0Kida, ka vendosur q\u00eb t\u2019i jap\u00eb vetes pak pushim n\u00eb hotelin Golden Inn,\u00a0sapo ka \u00e7elur","robots":{"index":"index","follow":"follow","max-snippet":"max-snippet:-1","max-image-preview":"max-image-preview:large","max-video-preview":"max-video-preview:-1"},"canonical":"https:\/\/www.visit-ulcinj.com\/blog\/2017\/07\/04\/ky-eshte-vendi-ku-po-pushon-kida-ne-ulqin-video\/","og_locale":"en_US","og_type":"article","og_title":"Ky \u00ebsht\u00eb vendi ku po pushon Kida n\u00eb Ulqin - Video - Lajme nga Ulqini","og_description":"Pas angazhimeve n\u00eb muzik\u00eb, k\u00ebng\u00ebtarja, Orhidea Latifi e njohur si\u00a0Kida, ka vendosur q\u00eb t\u2019i jap\u00eb vetes pak pushim n\u00eb hotelin Golden Inn,\u00a0sapo ka \u00e7elur","og_url":"https:\/\/www.visit-ulcinj.com\/blog\/2017\/07\/04\/ky-eshte-vendi-ku-po-pushon-kida-ne-ulqin-video\/","og_site_name":"Lajme nga Ulqini","article_published_time":"2017-07-04T13:03:11+00:00","article_modified_time":"2017-07-04T13:12:01+00:00","twitter_misc":{"Written by":"ulqini","Est. reading time":"1 minute"},"schema":{"@context":"https:\/\/schema.org","@graph":[{"@type":"WebSite","@id":"https:\/\/www.visit-ulcinj.com\/blog\/#website","url":"https:\/\/www.visit-ulcinj.com\/blog\/","name":"Lajme nga Ulqini","description":"Lajme,Vijesti,Ulqini,Ulqin,Crna Gora,Mali i Zi","potentialAction":[{"@type":"SearchAction","target":{"@type":"EntryPoint","urlTemplate":"https:\/\/www.visit-ulcinj.com\/blog\/?s={search_term_string}"},"query-input":"required name=search_term_string"}],"inLanguage":"en-US"},{"@type":"WebPage","@id":"https:\/\/www.visit-ulcinj.com\/blog\/2017\/07\/04\/ky-eshte-vendi-ku-po-pushon-kida-ne-ulqin-video\/#webpage","url":"https:\/\/www.visit-ulcinj.com\/blog\/2017\/07\/04\/ky-eshte-vendi-ku-po-pushon-kida-ne-ulqin-video\/","name":"Ky \u00ebsht\u00eb vendi ku po pushon Kida n\u00eb Ulqin - Video - Lajme nga Ulqini","isPartOf":{"@id":"https:\/\/www.visit-ulcinj.com\/blog\/#website"},"datePublished":"2017-07-04T13:03:11+00:00","dateModified":"2017-07-04T13:12:01+00:00","author":{"@id":"https:\/\/www.visit-ulcinj.com\/blog\/#\/schema\/person\/dcab619c614d3038751c63bc2aadc06d"},"description":"Pas angazhimeve n\u00eb muzik\u00eb, k\u00ebng\u00ebtarja, Orhidea Latifi e njohur si\u00a0Kida, ka vendosur q\u00eb t\u2019i jap\u00eb vetes pak pushim n\u00eb hotelin Golden Inn,\u00a0sapo ka \u00e7elur","breadcrumb":{"@id":"https:\/\/www.visit-ulcinj.com\/blog\/2017\/07\/04\/ky-eshte-vendi-ku-po-pushon-kida-ne-ulqin-video\/#breadcrumb"},"inLanguage":"en-US","potentialAction":[{"@type":"ReadAction","target":["https:\/\/www.visit-ulcinj.com\/blog\/2017\/07\/04\/ky-eshte-vendi-ku-po-pushon-kida-ne-ulqin-video\/"]}]},{"@type":"BreadcrumbList","@id":"https:\/\/www.visit-ulcinj.com\/blog\/2017\/07\/04\/ky-eshte-vendi-ku-po-pushon-kida-ne-ulqin-video\/#breadcrumb","itemListElement":[{"@type":"ListItem","position":1,"name":"Ky \u00ebsht\u00eb vendi ku po pushon Kida n\u00eb Ulqin &#8211; Video"}]},{"@type":"Person","@id":"https:\/\/www.visit-ulcinj.com\/blog\/#\/schema\/person\/dcab619c614d3038751c63bc2aadc06d","name":"ulqini","sameAs":["http:\/\/www.visit-ulcinj.com"],"url":"https:\/\/www.visit-ulcinj.com\/blog\/author\/admin\/"}]}},"jetpack_featured_media_url":"","jetpack_sharing_enabled":true,"jetpack_shortlink":"https:\/\/wp.me\/pe6lTn-rzk","_links":{"self":[{"href":"https:\/\/www.visit-ulcinj.com\/blog\/wp-json\/wp\/v2\/posts\/105978"}],"collection":[{"href":"https:\/\/www.visit-ulcinj.com\/blog\/wp-json\/wp\/v2\/posts"}],"about":[{"href":"https:\/\/www.visit-ulcinj.com\/blog\/wp-json\/wp\/v2\/types\/post"}],"author":[{"embeddable":true,"href":"https:\/\/www.visit-ulcinj.com\/blog\/wp-json\/wp\/v2\/users\/1"}],"replies":[{"embeddable":true,"href":"https:\/\/www.visit-ulcinj.com\/blog\/wp-json\/wp\/v2\/comments?post=105978"}],"version-history":[{"count":3,"href":"https:\/\/www.visit-ulcinj.com\/blog\/wp-json\/wp\/v2\/posts\/105978\/revisions"}],"predecessor-version":[{"id":105982,"href":"https:\/\/www.visit-ulcinj.com\/blog\/wp-json\/wp\/v2\/posts\/105978\/revisions\/105982"}],"wp:attachment":[{"href":"https:\/\/www.visit-ulcinj.com\/blog\/wp-json\/wp\/v2\/media?parent=105978"}],"wp:term":[{"taxonomy":"category","embeddable":true,"href":"https:\/\/www.visit-ulcinj.com\/blog\/wp-json\/wp\/v2\/categories?post=105978"},{"taxonomy":"post_tag","embeddable":true,"href":"https:\/\/www.visit-ulcinj.com\/blog\/wp-json\/wp\/v2\/tags?post=105978"}],"curies":[{"name":"wp","href":"https:\/\/api.w.org\/{rel}","templated":true}]}}